{"id":15740,"date":"2021-08-20T10:53:51","date_gmt":"2021-08-20T10:53:51","guid":{"rendered":"http:\/\/www.ppdelugo.com\/o-pp-pide-unha-normativa-municipal-sobre-a-colocacion-do-mobiliario-urbano-nos-pasos-de-peons-para-garantir-a-visibilidade-e-a-seguridade\/"},"modified":"2021-08-20T10:54:25","modified_gmt":"2021-08-20T10:54:25","slug":"o-pp-pide-unha-normativa-municipal-sobre-a-colocacion-do-mobiliario-urbano-nos-pasos-de-peons-para-garantir-a-visibilidade-e-a-seguridade","status":"publish","type":"post","link":"https:\/\/www.ppdelugo.com\/es\/o-pp-pide-unha-normativa-municipal-sobre-a-colocacion-do-mobiliario-urbano-nos-pasos-de-peons-para-garantir-a-visibilidade-e-a-seguridade\/","title":{"rendered":"El PP pide una normativa municipal sobre la colocaci\u00f3n del mobiliario urbano en los pasos de cebra para garantizar la visibilidad y la seguridad"},"content":{"rendered":"<p>El vicevoceiro del Grupo Municipal del PP Antonio Ameijide explica que en muchos puntos de la ciudad hay colectores de la basura antes de los pasos de cebra que impiden a los conductores ver a los peones antes de llegar al paso, por lo que con la colocaci\u00f3n de estos elementos a continuaci\u00f3n de la zona de paso, o en otros puntos, ser\u00eda suficiente para mejorar la visibilidad<\/p>\n<p><!--more--><\/p>\n<p>O vicevoceiro do Grupo Municipal do Partido Popular no Concello de Lugo, Antonio Ameijide, p\u00eddelle ao goberno local a elaboraci\u00f3n dunha normativa municipal ou establecer unha serie de criterios municipais para a localizaci\u00f3n do mobiliario urbano e as\u00ed garantir a visibilidade nas inmediaci\u00f3ns dos pasos de pe\u00f3ns e cruces da cidade, de cara a mellorar a seguridade viaria, tanto para pe\u00f3ns como para condutores.<\/p>\n<p>Antonio Ameijide explica que se ve na obriga de pedir esta normativa xa que no municipio hai moitos puntos nos que a visibilidade \u201c\u00e9 practicamente nula\u201d nas inmediaci\u00f3ns dos pasos de pe\u00f3ns xa que se permite o aparcamento ou a colocaci\u00f3n de colectores do lixo xusto antes do paso, polo que os condutores te\u00f1en moi dif\u00edcil ver se hai pe\u00f3ns dispostos a cruzar, do mesmo xeito que os pe\u00f3ns non poden ver se hai veh\u00edculos circulando.<\/p>\n<p>O concelleiro popular reclama algo tan sinxelo como que se elabore unha normativa municipal con criterios de localizaci\u00f3n para o mobiliario urbano ou outro tipo de elementos, as\u00ed como para garantir a visibilidade previa a pasos de pe\u00f3n e cruces, para evitar que se permita o estacionamento de veh\u00edculos de grandes dimensi\u00f3ns xusto antes dun paso de pe\u00f3ns ou que os colectores do lixo se coloquen xusto a continuaci\u00f3n do paso para evitar que impidan a visi\u00f3n aos condutores e aos pe\u00f3ns.<\/p>\n<p>Outra das soluci\u00f3ns que se poder\u00eda adoptar ser\u00eda que xusto antes dos pasos de pe\u00f3ns se establecesen as zonas destinadas para o aparcamento de motos, veh\u00edculos de pequeno tama\u00f1o que non impiden a visi\u00f3n. \u201cTr\u00e1tase de evitar que veh\u00edculos ou elementos de grandes dimensi\u00f3ns impidan a visi\u00f3n tanto a pe\u00f3ns coma condutores\u201d, explicou.<\/p>\n<p>Estes criterios deber\u00edan de estar reflectidos nunha normativa municipal para que \u00e1 hora de realizar repintados, colocar novos colectores ou habilitar zonas de carga e descarga \u201cnon se incorra de novo nestas situaci\u00f3ns\u201d que elevan o nivel de perigo no referente \u00e1 seguridade viaria, xa que, recorda o popular, \u00e9 preciso po\u00f1er todos os medios que temos ao alcance para po\u00f1er freo aos atropelos no casco urbano, xa que, segundo os \u00faltimos datos aos que tivemos acceso, preto do 80% dos atropelos en Lugo te\u00f1en lugar nas inmediaci\u00f3ns dun paso de pe\u00f3ns.<\/p>\n","protected":false},"excerpt":{"rendered":"<p>El vicevoceiro del Grupo Municipal del PP Antonio Ameijide explica que en muchos puntos de la ciudad hay colectores de la basura antes de los pasos de cebra que impiden&#8230;<\/p>\n","protected":false},"author":2,"featured_media":15738,"comment_status":"open","ping_status":"closed","sticky":false,"template":"","format":"standard","meta":{"footnotes":""},"categories":[38],"tags":[],"class_list":{"0":"post-15740","1":"post","2":"type-post","3":"status-publish","4":"format-standard","5":"has-post-thumbnail","7":"category-trafico-es"},"yoast_head":"<!-- This site is optimized with the Yoast SEO plugin v27.4 - https:\/\/yoast.com\/product\/yoast-seo-wordpress\/ -->\n<title>El PP pide una normativa municipal sobre la colocaci\u00f3n del mobiliario urbano en los pasos de cebra para garantizar la visibilidad y la seguridad - Grupo Municipal Partido Popular de Lugo<\/title>\n<meta name=\"robots\" content=\"index, follow, max-snippet:-1, max-image-preview:large, max-video-preview:-1\" \/>\n<link rel=\"canonical\" href=\"https:\/\/www.ppdelugo.com\/es\/o-pp-pide-unha-normativa-municipal-sobre-a-colocacion-do-mobiliario-urbano-nos-pasos-de-peons-para-garantir-a-visibilidade-e-a-seguridade\/\" \/>\n<meta property=\"og:locale\" content=\"es_ES\" \/>\n<meta property=\"og:type\" content=\"article\" \/>\n<meta property=\"og:title\" content=\"El PP pide una normativa municipal sobre la colocaci\u00f3n del mobiliario urbano en los pasos de cebra para garantizar la visibilidad y la seguridad - Grupo Municipal Partido Popular de Lugo\" \/>\n<meta property=\"og:description\" content=\"El vicevoceiro del Grupo Municipal del PP Antonio Ameijide explica que en muchos puntos de la ciudad hay colectores de la basura antes de los pasos de cebra que impiden...\" \/>\n<meta property=\"og:url\" content=\"https:\/\/www.ppdelugo.com\/es\/o-pp-pide-unha-normativa-municipal-sobre-a-colocacion-do-mobiliario-urbano-nos-pasos-de-peons-para-garantir-a-visibilidade-e-a-seguridade\/\" \/>\n<meta property=\"og:site_name\" content=\"Grupo Municipal Partido Popular de Lugo\" \/>\n<meta property=\"article:published_time\" content=\"2021-08-20T10:53:51+00:00\" \/>\n<meta property=\"article:modified_time\" content=\"2021-08-20T10:54:25+00:00\" \/>\n<meta property=\"og:image\" content=\"https:\/\/www.ppdelugo.com\/wp-content\/uploads\/2021\/08\/Exemplo-mobiliario-trafico-min-scaled.jpg\" \/>\n\t<meta property=\"og:image:width\" content=\"2560\" \/>\n\t<meta property=\"og:image:height\" content=\"1920\" \/>\n\t<meta property=\"og:image:type\" content=\"image\/jpeg\" \/>\n<meta name=\"author\" content=\"PP\" \/>\n<meta name=\"twitter:card\" content=\"summary_large_image\" \/>\n<meta name=\"twitter:label1\" content=\"Escrito por\" \/>\n\t<meta name=\"twitter:data1\" content=\"PP\" \/>\n\t<meta name=\"twitter:label2\" content=\"Tiempo de lectura\" \/>\n\t<meta name=\"twitter:data2\" content=\"2 minutos\" \/>\n<script type=\"application\/ld+json\" class=\"yoast-schema-graph\">{\"@context\":\"https:\\\/\\\/schema.org\",\"@graph\":[{\"@type\":\"Article\",\"@id\":\"https:\\\/\\\/www.ppdelugo.com\\\/es\\\/o-pp-pide-unha-normativa-municipal-sobre-a-colocacion-do-mobiliario-urbano-nos-pasos-de-peons-para-garantir-a-visibilidade-e-a-seguridade\\\/#article\",\"isPartOf\":{\"@id\":\"https:\\\/\\\/www.ppdelugo.com\\\/es\\\/o-pp-pide-unha-normativa-municipal-sobre-a-colocacion-do-mobiliario-urbano-nos-pasos-de-peons-para-garantir-a-visibilidade-e-a-seguridade\\\/\"},\"author\":{\"name\":\"PP\",\"@id\":\"https:\\\/\\\/www.ppdelugo.com\\\/es\\\/#\\\/schema\\\/person\\\/a847ea797b54208d374f6a8953571050\"},\"headline\":\"El PP pide una normativa municipal sobre la colocaci\u00f3n del mobiliario urbano en los pasos de cebra para garantizar la visibilidad y la seguridad\",\"datePublished\":\"2021-08-20T10:53:51+00:00\",\"dateModified\":\"2021-08-20T10:54:25+00:00\",\"mainEntityOfPage\":{\"@id\":\"https:\\\/\\\/www.ppdelugo.com\\\/es\\\/o-pp-pide-unha-normativa-municipal-sobre-a-colocacion-do-mobiliario-urbano-nos-pasos-de-peons-para-garantir-a-visibilidade-e-a-seguridade\\\/\"},\"wordCount\":499,\"commentCount\":0,\"image\":{\"@id\":\"https:\\\/\\\/www.ppdelugo.com\\\/es\\\/o-pp-pide-unha-normativa-municipal-sobre-a-colocacion-do-mobiliario-urbano-nos-pasos-de-peons-para-garantir-a-visibilidade-e-a-seguridade\\\/#primaryimage\"},\"thumbnailUrl\":\"https:\\\/\\\/www.ppdelugo.com\\\/wp-content\\\/uploads\\\/2021\\\/08\\\/Exemplo-mobiliario-trafico-min-scaled.jpg\",\"articleSection\":[\"Tr\u00e1fico\"],\"inLanguage\":\"es\",\"potentialAction\":[{\"@type\":\"CommentAction\",\"name\":\"Comment\",\"target\":[\"https:\\\/\\\/www.ppdelugo.com\\\/es\\\/o-pp-pide-unha-normativa-municipal-sobre-a-colocacion-do-mobiliario-urbano-nos-pasos-de-peons-para-garantir-a-visibilidade-e-a-seguridade\\\/#respond\"]}]},{\"@type\":\"WebPage\",\"@id\":\"https:\\\/\\\/www.ppdelugo.com\\\/es\\\/o-pp-pide-unha-normativa-municipal-sobre-a-colocacion-do-mobiliario-urbano-nos-pasos-de-peons-para-garantir-a-visibilidade-e-a-seguridade\\\/\",\"url\":\"https:\\\/\\\/www.ppdelugo.com\\\/es\\\/o-pp-pide-unha-normativa-municipal-sobre-a-colocacion-do-mobiliario-urbano-nos-pasos-de-peons-para-garantir-a-visibilidade-e-a-seguridade\\\/\",\"name\":\"El PP pide una normativa municipal sobre la colocaci\u00f3n del mobiliario urbano en los pasos de cebra para garantizar la visibilidad y la seguridad - Grupo Municipal Partido Popular de Lugo\",\"isPartOf\":{\"@id\":\"https:\\\/\\\/www.ppdelugo.com\\\/es\\\/#website\"},\"primaryImageOfPage\":{\"@id\":\"https:\\\/\\\/www.ppdelugo.com\\\/es\\\/o-pp-pide-unha-normativa-municipal-sobre-a-colocacion-do-mobiliario-urbano-nos-pasos-de-peons-para-garantir-a-visibilidade-e-a-seguridade\\\/#primaryimage\"},\"image\":{\"@id\":\"https:\\\/\\\/www.ppdelugo.com\\\/es\\\/o-pp-pide-unha-normativa-municipal-sobre-a-colocacion-do-mobiliario-urbano-nos-pasos-de-peons-para-garantir-a-visibilidade-e-a-seguridade\\\/#primaryimage\"},\"thumbnailUrl\":\"https:\\\/\\\/www.ppdelugo.com\\\/wp-content\\\/uploads\\\/2021\\\/08\\\/Exemplo-mobiliario-trafico-min-scaled.jpg\",\"datePublished\":\"2021-08-20T10:53:51+00:00\",\"dateModified\":\"2021-08-20T10:54:25+00:00\",\"author\":{\"@id\":\"https:\\\/\\\/www.ppdelugo.com\\\/es\\\/#\\\/schema\\\/person\\\/a847ea797b54208d374f6a8953571050\"},\"breadcrumb\":{\"@id\":\"https:\\\/\\\/www.ppdelugo.com\\\/es\\\/o-pp-pide-unha-normativa-municipal-sobre-a-colocacion-do-mobiliario-urbano-nos-pasos-de-peons-para-garantir-a-visibilidade-e-a-seguridade\\\/#breadcrumb\"},\"inLanguage\":\"es\",\"potentialAction\":[{\"@type\":\"ReadAction\",\"target\":[\"https:\\\/\\\/www.ppdelugo.com\\\/es\\\/o-pp-pide-unha-normativa-municipal-sobre-a-colocacion-do-mobiliario-urbano-nos-pasos-de-peons-para-garantir-a-visibilidade-e-a-seguridade\\\/\"]}]},{\"@type\":\"ImageObject\",\"inLanguage\":\"es\",\"@id\":\"https:\\\/\\\/www.ppdelugo.com\\\/es\\\/o-pp-pide-unha-normativa-municipal-sobre-a-colocacion-do-mobiliario-urbano-nos-pasos-de-peons-para-garantir-a-visibilidade-e-a-seguridade\\\/#primaryimage\",\"url\":\"https:\\\/\\\/www.ppdelugo.com\\\/wp-content\\\/uploads\\\/2021\\\/08\\\/Exemplo-mobiliario-trafico-min-scaled.jpg\",\"contentUrl\":\"https:\\\/\\\/www.ppdelugo.com\\\/wp-content\\\/uploads\\\/2021\\\/08\\\/Exemplo-mobiliario-trafico-min-scaled.jpg\",\"width\":2560,\"height\":1920},{\"@type\":\"BreadcrumbList\",\"@id\":\"https:\\\/\\\/www.ppdelugo.com\\\/es\\\/o-pp-pide-unha-normativa-municipal-sobre-a-colocacion-do-mobiliario-urbano-nos-pasos-de-peons-para-garantir-a-visibilidade-e-a-seguridade\\\/#breadcrumb\",\"itemListElement\":[{\"@type\":\"ListItem\",\"position\":1,\"name\":\"Portada\",\"item\":\"https:\\\/\\\/www.ppdelugo.com\\\/es\\\/\"},{\"@type\":\"ListItem\",\"position\":2,\"name\":\"El PP pide una normativa municipal sobre la colocaci\u00f3n del mobiliario urbano en los pasos de cebra para garantizar la visibilidad y la seguridad\"}]},{\"@type\":\"WebSite\",\"@id\":\"https:\\\/\\\/www.ppdelugo.com\\\/es\\\/#website\",\"url\":\"https:\\\/\\\/www.ppdelugo.com\\\/es\\\/\",\"name\":\"Grupo Municipal Partido Popular de Lugo\",\"description\":\"Web del Grupo Municipal del Partido Popular en el Ayuntamiento de Lugo, con informaci\u00f3n sobre Lugo y fomento de la participaci\u00f3n ciudadana\",\"potentialAction\":[{\"@type\":\"SearchAction\",\"target\":{\"@type\":\"EntryPoint\",\"urlTemplate\":\"https:\\\/\\\/www.ppdelugo.com\\\/es\\\/?s={search_term_string}\"},\"query-input\":{\"@type\":\"PropertyValueSpecification\",\"valueRequired\":true,\"valueName\":\"search_term_string\"}}],\"inLanguage\":\"es\"},{\"@type\":\"Person\",\"@id\":\"https:\\\/\\\/www.ppdelugo.com\\\/es\\\/#\\\/schema\\\/person\\\/a847ea797b54208d374f6a8953571050\",\"name\":\"PP\",\"url\":\"https:\\\/\\\/www.ppdelugo.com\\\/es\\\/author\\\/ppdelugo\\\/\"}]}<\/script>\n<!-- \/ Yoast SEO plugin. -->","yoast_head_json":{"title":"El PP pide una normativa municipal sobre la colocaci\u00f3n del mobiliario urbano en los pasos de cebra para garantizar la visibilidad y la seguridad - Grupo Municipal Partido Popular de Lugo","robots":{"index":"index","follow":"follow","max-snippet":"max-snippet:-1","max-image-preview":"max-image-preview:large","max-video-preview":"max-video-preview:-1"},"canonical":"https:\/\/www.ppdelugo.com\/es\/o-pp-pide-unha-normativa-municipal-sobre-a-colocacion-do-mobiliario-urbano-nos-pasos-de-peons-para-garantir-a-visibilidade-e-a-seguridade\/","og_locale":"es_ES","og_type":"article","og_title":"El PP pide una normativa municipal sobre la colocaci\u00f3n del mobiliario urbano en los pasos de cebra para garantizar la visibilidad y la seguridad - Grupo Municipal Partido Popular de Lugo","og_description":"El vicevoceiro del Grupo Municipal del PP Antonio Ameijide explica que en muchos puntos de la ciudad hay colectores de la basura antes de los pasos de cebra que impiden...","og_url":"https:\/\/www.ppdelugo.com\/es\/o-pp-pide-unha-normativa-municipal-sobre-a-colocacion-do-mobiliario-urbano-nos-pasos-de-peons-para-garantir-a-visibilidade-e-a-seguridade\/","og_site_name":"Grupo Municipal Partido Popular de Lugo","article_published_time":"2021-08-20T10:53:51+00:00","article_modified_time":"2021-08-20T10:54:25+00:00","og_image":[{"width":2560,"height":1920,"url":"https:\/\/www.ppdelugo.com\/wp-content\/uploads\/2021\/08\/Exemplo-mobiliario-trafico-min-scaled.jpg","type":"image\/jpeg"}],"author":"PP","twitter_card":"summary_large_image","twitter_misc":{"Escrito por":"PP","Tiempo de lectura":"2 minutos"},"schema":{"@context":"https:\/\/schema.org","@graph":[{"@type":"Article","@id":"https:\/\/www.ppdelugo.com\/es\/o-pp-pide-unha-normativa-municipal-sobre-a-colocacion-do-mobiliario-urbano-nos-pasos-de-peons-para-garantir-a-visibilidade-e-a-seguridade\/#article","isPartOf":{"@id":"https:\/\/www.ppdelugo.com\/es\/o-pp-pide-unha-normativa-municipal-sobre-a-colocacion-do-mobiliario-urbano-nos-pasos-de-peons-para-garantir-a-visibilidade-e-a-seguridade\/"},"author":{"name":"PP","@id":"https:\/\/www.ppdelugo.com\/es\/#\/schema\/person\/a847ea797b54208d374f6a8953571050"},"headline":"El PP pide una normativa municipal sobre la colocaci\u00f3n del mobiliario urbano en los pasos de cebra para garantizar la visibilidad y la seguridad","datePublished":"2021-08-20T10:53:51+00:00","dateModified":"2021-08-20T10:54:25+00:00","mainEntityOfPage":{"@id":"https:\/\/www.ppdelugo.com\/es\/o-pp-pide-unha-normativa-municipal-sobre-a-colocacion-do-mobiliario-urbano-nos-pasos-de-peons-para-garantir-a-visibilidade-e-a-seguridade\/"},"wordCount":499,"commentCount":0,"image":{"@id":"https:\/\/www.ppdelugo.com\/es\/o-pp-pide-unha-normativa-municipal-sobre-a-colocacion-do-mobiliario-urbano-nos-pasos-de-peons-para-garantir-a-visibilidade-e-a-seguridade\/#primaryimage"},"thumbnailUrl":"https:\/\/www.ppdelugo.com\/wp-content\/uploads\/2021\/08\/Exemplo-mobiliario-trafico-min-scaled.jpg","articleSection":["Tr\u00e1fico"],"inLanguage":"es","potentialAction":[{"@type":"CommentAction","name":"Comment","target":["https:\/\/www.ppdelugo.com\/es\/o-pp-pide-unha-normativa-municipal-sobre-a-colocacion-do-mobiliario-urbano-nos-pasos-de-peons-para-garantir-a-visibilidade-e-a-seguridade\/#respond"]}]},{"@type":"WebPage","@id":"https:\/\/www.ppdelugo.com\/es\/o-pp-pide-unha-normativa-municipal-sobre-a-colocacion-do-mobiliario-urbano-nos-pasos-de-peons-para-garantir-a-visibilidade-e-a-seguridade\/","url":"https:\/\/www.ppdelugo.com\/es\/o-pp-pide-unha-normativa-municipal-sobre-a-colocacion-do-mobiliario-urbano-nos-pasos-de-peons-para-garantir-a-visibilidade-e-a-seguridade\/","name":"El PP pide una normativa municipal sobre la colocaci\u00f3n del mobiliario urbano en los pasos de cebra para garantizar la visibilidad y la seguridad - Grupo Municipal Partido Popular de Lugo","isPartOf":{"@id":"https:\/\/www.ppdelugo.com\/es\/#website"},"primaryImageOfPage":{"@id":"https:\/\/www.ppdelugo.com\/es\/o-pp-pide-unha-normativa-municipal-sobre-a-colocacion-do-mobiliario-urbano-nos-pasos-de-peons-para-garantir-a-visibilidade-e-a-seguridade\/#primaryimage"},"image":{"@id":"https:\/\/www.ppdelugo.com\/es\/o-pp-pide-unha-normativa-municipal-sobre-a-colocacion-do-mobiliario-urbano-nos-pasos-de-peons-para-garantir-a-visibilidade-e-a-seguridade\/#primaryimage"},"thumbnailUrl":"https:\/\/www.ppdelugo.com\/wp-content\/uploads\/2021\/08\/Exemplo-mobiliario-trafico-min-scaled.jpg","datePublished":"2021-08-20T10:53:51+00:00","dateModified":"2021-08-20T10:54:25+00:00","author":{"@id":"https:\/\/www.ppdelugo.com\/es\/#\/schema\/person\/a847ea797b54208d374f6a8953571050"},"breadcrumb":{"@id":"https:\/\/www.ppdelugo.com\/es\/o-pp-pide-unha-normativa-municipal-sobre-a-colocacion-do-mobiliario-urbano-nos-pasos-de-peons-para-garantir-a-visibilidade-e-a-seguridade\/#breadcrumb"},"inLanguage":"es","potentialAction":[{"@type":"ReadAction","target":["https:\/\/www.ppdelugo.com\/es\/o-pp-pide-unha-normativa-municipal-sobre-a-colocacion-do-mobiliario-urbano-nos-pasos-de-peons-para-garantir-a-visibilidade-e-a-seguridade\/"]}]},{"@type":"ImageObject","inLanguage":"es","@id":"https:\/\/www.ppdelugo.com\/es\/o-pp-pide-unha-normativa-municipal-sobre-a-colocacion-do-mobiliario-urbano-nos-pasos-de-peons-para-garantir-a-visibilidade-e-a-seguridade\/#primaryimage","url":"https:\/\/www.ppdelugo.com\/wp-content\/uploads\/2021\/08\/Exemplo-mobiliario-trafico-min-scaled.jpg","contentUrl":"https:\/\/www.ppdelugo.com\/wp-content\/uploads\/2021\/08\/Exemplo-mobiliario-trafico-min-scaled.jpg","width":2560,"height":1920},{"@type":"BreadcrumbList","@id":"https:\/\/www.ppdelugo.com\/es\/o-pp-pide-unha-normativa-municipal-sobre-a-colocacion-do-mobiliario-urbano-nos-pasos-de-peons-para-garantir-a-visibilidade-e-a-seguridade\/#breadcrumb","itemListElement":[{"@type":"ListItem","position":1,"name":"Portada","item":"https:\/\/www.ppdelugo.com\/es\/"},{"@type":"ListItem","position":2,"name":"El PP pide una normativa municipal sobre la colocaci\u00f3n del mobiliario urbano en los pasos de cebra para garantizar la visibilidad y la seguridad"}]},{"@type":"WebSite","@id":"https:\/\/www.ppdelugo.com\/es\/#website","url":"https:\/\/www.ppdelugo.com\/es\/","name":"Grupo Municipal Partido Popular de Lugo","description":"Web del Grupo Municipal del Partido Popular en el Ayuntamiento de Lugo, con informaci\u00f3n sobre Lugo y fomento de la participaci\u00f3n ciudadana","potentialAction":[{"@type":"SearchAction","target":{"@type":"EntryPoint","urlTemplate":"https:\/\/www.ppdelugo.com\/es\/?s={search_term_string}"},"query-input":{"@type":"PropertyValueSpecification","valueRequired":true,"valueName":"search_term_string"}}],"inLanguage":"es"},{"@type":"Person","@id":"https:\/\/www.ppdelugo.com\/es\/#\/schema\/person\/a847ea797b54208d374f6a8953571050","name":"PP","url":"https:\/\/www.ppdelugo.com\/es\/author\/ppdelugo\/"}]}},"_links":{"self":[{"href":"https:\/\/www.ppdelugo.com\/es\/wp-json\/wp\/v2\/posts\/15740","targetHints":{"allow":["GET"]}}],"collection":[{"href":"https:\/\/www.ppdelugo.com\/es\/wp-json\/wp\/v2\/posts"}],"about":[{"href":"https:\/\/www.ppdelugo.com\/es\/wp-json\/wp\/v2\/types\/post"}],"author":[{"embeddable":true,"href":"https:\/\/www.ppdelugo.com\/es\/wp-json\/wp\/v2\/users\/2"}],"replies":[{"embeddable":true,"href":"https:\/\/www.ppdelugo.com\/es\/wp-json\/wp\/v2\/comments?post=15740"}],"version-history":[{"count":2,"href":"https:\/\/www.ppdelugo.com\/es\/wp-json\/wp\/v2\/posts\/15740\/revisions"}],"predecessor-version":[{"id":15742,"href":"https:\/\/www.ppdelugo.com\/es\/wp-json\/wp\/v2\/posts\/15740\/revisions\/15742"}],"wp:featuredmedia":[{"embeddable":true,"href":"https:\/\/www.ppdelugo.com\/es\/wp-json\/wp\/v2\/media\/15738"}],"wp:attachment":[{"href":"https:\/\/www.ppdelugo.com\/es\/wp-json\/wp\/v2\/media?parent=15740"}],"wp:term":[{"taxonomy":"category","embeddable":true,"href":"https:\/\/www.ppdelugo.com\/es\/wp-json\/wp\/v2\/categories?post=15740"},{"taxonomy":"post_tag","embeddable":true,"href":"https:\/\/www.ppdelugo.com\/es\/wp-json\/wp\/v2\/tags?post=15740"}],"curies":[{"name":"wp","href":"https:\/\/api.w.org\/{rel}","templated":true}]}}