{"id":15733,"date":"2021-08-19T11:25:12","date_gmt":"2021-08-19T11:25:12","guid":{"rendered":"http:\/\/www.ppdelugo.com\/o-pp-afirma-que-o-goberno-local-manten-as-cacicadas-no-rural-ao-marxinar-aos-vecinos-de-santa-eufemia\/"},"modified":"2021-08-19T11:25:47","modified_gmt":"2021-08-19T11:25:47","slug":"o-pp-afirma-que-o-goberno-local-manten-as-cacicadas-no-rural-ao-marxinar-aos-vecinos-de-santa-eufemia","status":"publish","type":"post","link":"https:\/\/www.ppdelugo.com\/es\/o-pp-afirma-que-o-goberno-local-manten-as-cacicadas-no-rural-ao-marxinar-aos-vecinos-de-santa-eufemia\/","title":{"rendered":"El PP afirma que el gobierno local mantiene las cacicadas en el rural al marginar a los vecinos de Santa Eufemia"},"content":{"rendered":"<p>El concejal del Grupo Municipal del PP Manuel L\u00f3pez critica al responsable municipal de la zona rural despu\u00e9s de ver como la promesa que hizo Miguel Fern\u00e1ndez de arreglar esta pista en Santa Eufemia, a la altura de Calde, no se cumple a pesar de que los vecinos llevan m\u00e1s de un a\u00f1o pidiendo el arreglo de la misma<\/p>\n<p><!--more--><\/p>\n<p>O concelleiro do Grupo Municipal do Partido Popular no Concello de Lugo, Manuel L\u00f3pez, pregunta ao responsable municipal da zona rural se \u201cvolveron as cacicadas a s\u00faa conceller\u00eda\u201d despois de comprobar como os veci\u00f1os de Santa Eufemia seguen sen ter arranxada a pista que da acceso as s\u00faas vivendas, algo que levan demandando dende hai un ano.<\/p>\n<p>Manuel L\u00f3pez esixe a Miguel Fern\u00e1ndez que cumpra os compromisos adquiridos \u201ce se deixe de escusas\u201d e se po\u00f1a a traballar para que a brigada vaia a arranxar de inmediato esta pista, algo ao que o propio Miguel Fern\u00e1ndez se comprometeu no mes de xu\u00f1o, despois de moitos meses de reclamaci\u00f3ns por parte dos veci\u00f1os e do Grupo Municipal do Partido Popular.<\/p>\n<p>O 30 de setembro de 2020 os veci\u00f1os de Santa Eufemia presentaron no Rexistro do Concello de Lugo un expediente no que fac\u00edan constar sinaturas dos veci\u00f1os solicitando o arranxo da pista, fotos do lamentable estado da v\u00eda e pedindo o arranxo da mesma.<\/p>\n<p>Unha solicitude que tivo como resposta unha xuntanza con Miguel Fern\u00e1ndez o 19 de outubro de 2020, na que o responsable municipal da zona rural se comprometeu a inspeccionar a v\u00eda, pero que, dende ent\u00f3n non tivo m\u00e1is respostas para os veci\u00f1os.<\/p>\n<p>Como pasaba o tempo e non sab\u00edan nada, o 6 de novembro de 2020 remitiron un email \u00e1 conceller\u00eda da zona rural, correo electr\u00f3nico que a d\u00eda de hoxe segue sen resposta.<\/p>\n<p>Explica Manuel L\u00f3pez que ante o silencio dado polo concelleiro e o goberno local, dende o Grupo Municipal do Partido Popular, despois de manter unha xuntanza cons veci\u00f1os, presentamos preguntas en comisi\u00f3n para comprobar os avances realizados por Miguel Fern\u00e1ndez, que tiveron como resposta o compromiso do concelleiro da zona rural, \u201cun compromiso que caeu en saco roto\u201d xa que nada m\u00e1is se soubo.<\/p>\n<p>Ante esta situaci\u00f3n, os veci\u00f1os afirman sentirse \u201cenganados\u201d por Miguel Fern\u00e1ndez, que prometeu soluci\u00f3ns pero que non chegan, polo que xa non poden m\u00e1is e a s\u00faa paciencia se vai esgotando.<\/p>\n<p>A pista en cuesti\u00f3n est\u00e1 en moi mal estado. Da acceso a varias vivendas dende a N-540, en Calde, e os veci\u00f1os xa non poden agardar m\u00e1is xa que ademais das numerosas fochancas, o principal problema \u00e9 a grava solta por toda a pista e a area e a terra que principalmente compo\u00f1en agora a pista e que se converte nunha verdadeira lameira en canto chove un pouco, ao que se engade que nin sequera lles desbrozan a pista.<\/p>\n<p>Unha situaci\u00f3n ante a que o concelleiro popular reitera a pregunta \u201ccando se van a rematar as cacicadas na zona rural\u201d algo que dende o Grupo Municipal Popular levamos tempo denunciando, con casos concretos como Cardoso en San Mamede dos Anxos, Bocamaos, Piugos\u00a0 e un longo etc\u00e9tera. \u201cUrxe que este goberno local trate a todos os veci\u00f1os por igual en lugar de priorizar as actuaci\u00f3ns en funci\u00f3n do ped\u00e1neo que as pida o da afinidade pol\u00edtica do veci\u00f1o que a solicite ao concelleiro de turno\u201d, sentenciou.<\/p>\n","protected":false},"excerpt":{"rendered":"<p>El concejal del Grupo Municipal del PP Manuel L\u00f3pez critica al responsable municipal de la zona rural despu\u00e9s de ver como la promesa que hizo Miguel Fern\u00e1ndez de arreglar esta&#8230;<\/p>\n","protected":false},"author":2,"featured_media":15731,"comment_status":"open","ping_status":"closed","sticky":false,"template":"","format":"standard","meta":{"footnotes":""},"categories":[44],"tags":[],"class_list":{"0":"post-15733","1":"post","2":"type-post","3":"status-publish","4":"format-standard","5":"has-post-thumbnail","7":"category-zona-rural-es"},"yoast_head":"<!-- This site is optimized with the Yoast SEO plugin v27.4 - https:\/\/yoast.com\/product\/yoast-seo-wordpress\/ -->\n<title>El PP afirma que el gobierno local mantiene las cacicadas en el rural al marginar a los vecinos de Santa Eufemia - Grupo Municipal Partido Popular de Lugo<\/title>\n<meta name=\"robots\" content=\"index, follow, max-snippet:-1, max-image-preview:large, max-video-preview:-1\" \/>\n<link rel=\"canonical\" href=\"https:\/\/www.ppdelugo.com\/es\/o-pp-afirma-que-o-goberno-local-manten-as-cacicadas-no-rural-ao-marxinar-aos-vecinos-de-santa-eufemia\/\" \/>\n<meta property=\"og:locale\" content=\"es_ES\" \/>\n<meta property=\"og:type\" content=\"article\" \/>\n<meta property=\"og:title\" content=\"El PP afirma que el gobierno local mantiene las cacicadas en el rural al marginar a los vecinos de Santa Eufemia - Grupo Municipal Partido Popular de Lugo\" \/>\n<meta property=\"og:description\" content=\"El concejal del Grupo Municipal del PP Manuel L\u00f3pez critica al responsable municipal de la zona rural despu\u00e9s de ver como la promesa que hizo Miguel Fern\u00e1ndez de arreglar esta...\" \/>\n<meta property=\"og:url\" content=\"https:\/\/www.ppdelugo.com\/es\/o-pp-afirma-que-o-goberno-local-manten-as-cacicadas-no-rural-ao-marxinar-aos-vecinos-de-santa-eufemia\/\" \/>\n<meta property=\"og:site_name\" content=\"Grupo Municipal Partido Popular de Lugo\" \/>\n<meta property=\"article:published_time\" content=\"2021-08-19T11:25:12+00:00\" \/>\n<meta property=\"article:modified_time\" content=\"2021-08-19T11:25:47+00:00\" \/>\n<meta property=\"og:image\" content=\"https:\/\/www.ppdelugo.com\/wp-content\/uploads\/2021\/08\/Santa-Eufemia-min-scaled.jpg\" \/>\n\t<meta property=\"og:image:width\" content=\"2560\" \/>\n\t<meta property=\"og:image:height\" content=\"1920\" \/>\n\t<meta property=\"og:image:type\" content=\"image\/jpeg\" \/>\n<meta name=\"author\" content=\"PP\" \/>\n<meta name=\"twitter:card\" content=\"summary_large_image\" \/>\n<meta name=\"twitter:label1\" content=\"Escrito por\" \/>\n\t<meta name=\"twitter:data1\" content=\"PP\" \/>\n\t<meta name=\"twitter:label2\" content=\"Tiempo de lectura\" \/>\n\t<meta name=\"twitter:data2\" content=\"3 minutos\" \/>\n<script type=\"application\/ld+json\" class=\"yoast-schema-graph\">{\"@context\":\"https:\\\/\\\/schema.org\",\"@graph\":[{\"@type\":\"Article\",\"@id\":\"https:\\\/\\\/www.ppdelugo.com\\\/es\\\/o-pp-afirma-que-o-goberno-local-manten-as-cacicadas-no-rural-ao-marxinar-aos-vecinos-de-santa-eufemia\\\/#article\",\"isPartOf\":{\"@id\":\"https:\\\/\\\/www.ppdelugo.com\\\/es\\\/o-pp-afirma-que-o-goberno-local-manten-as-cacicadas-no-rural-ao-marxinar-aos-vecinos-de-santa-eufemia\\\/\"},\"author\":{\"name\":\"PP\",\"@id\":\"https:\\\/\\\/www.ppdelugo.com\\\/es\\\/#\\\/schema\\\/person\\\/a847ea797b54208d374f6a8953571050\"},\"headline\":\"El PP afirma que el gobierno local mantiene las cacicadas en el rural al marginar a los vecinos de Santa Eufemia\",\"datePublished\":\"2021-08-19T11:25:12+00:00\",\"dateModified\":\"2021-08-19T11:25:47+00:00\",\"mainEntityOfPage\":{\"@id\":\"https:\\\/\\\/www.ppdelugo.com\\\/es\\\/o-pp-afirma-que-o-goberno-local-manten-as-cacicadas-no-rural-ao-marxinar-aos-vecinos-de-santa-eufemia\\\/\"},\"wordCount\":622,\"commentCount\":0,\"image\":{\"@id\":\"https:\\\/\\\/www.ppdelugo.com\\\/es\\\/o-pp-afirma-que-o-goberno-local-manten-as-cacicadas-no-rural-ao-marxinar-aos-vecinos-de-santa-eufemia\\\/#primaryimage\"},\"thumbnailUrl\":\"https:\\\/\\\/www.ppdelugo.com\\\/wp-content\\\/uploads\\\/2021\\\/08\\\/Santa-Eufemia-min-scaled.jpg\",\"articleSection\":[\"Zona Rural\"],\"inLanguage\":\"es\",\"potentialAction\":[{\"@type\":\"CommentAction\",\"name\":\"Comment\",\"target\":[\"https:\\\/\\\/www.ppdelugo.com\\\/es\\\/o-pp-afirma-que-o-goberno-local-manten-as-cacicadas-no-rural-ao-marxinar-aos-vecinos-de-santa-eufemia\\\/#respond\"]}]},{\"@type\":\"WebPage\",\"@id\":\"https:\\\/\\\/www.ppdelugo.com\\\/es\\\/o-pp-afirma-que-o-goberno-local-manten-as-cacicadas-no-rural-ao-marxinar-aos-vecinos-de-santa-eufemia\\\/\",\"url\":\"https:\\\/\\\/www.ppdelugo.com\\\/es\\\/o-pp-afirma-que-o-goberno-local-manten-as-cacicadas-no-rural-ao-marxinar-aos-vecinos-de-santa-eufemia\\\/\",\"name\":\"El PP afirma que el gobierno local mantiene las cacicadas en el rural al marginar a los vecinos de Santa Eufemia - Grupo Municipal Partido Popular de Lugo\",\"isPartOf\":{\"@id\":\"https:\\\/\\\/www.ppdelugo.com\\\/es\\\/#website\"},\"primaryImageOfPage\":{\"@id\":\"https:\\\/\\\/www.ppdelugo.com\\\/es\\\/o-pp-afirma-que-o-goberno-local-manten-as-cacicadas-no-rural-ao-marxinar-aos-vecinos-de-santa-eufemia\\\/#primaryimage\"},\"image\":{\"@id\":\"https:\\\/\\\/www.ppdelugo.com\\\/es\\\/o-pp-afirma-que-o-goberno-local-manten-as-cacicadas-no-rural-ao-marxinar-aos-vecinos-de-santa-eufemia\\\/#primaryimage\"},\"thumbnailUrl\":\"https:\\\/\\\/www.ppdelugo.com\\\/wp-content\\\/uploads\\\/2021\\\/08\\\/Santa-Eufemia-min-scaled.jpg\",\"datePublished\":\"2021-08-19T11:25:12+00:00\",\"dateModified\":\"2021-08-19T11:25:47+00:00\",\"author\":{\"@id\":\"https:\\\/\\\/www.ppdelugo.com\\\/es\\\/#\\\/schema\\\/person\\\/a847ea797b54208d374f6a8953571050\"},\"breadcrumb\":{\"@id\":\"https:\\\/\\\/www.ppdelugo.com\\\/es\\\/o-pp-afirma-que-o-goberno-local-manten-as-cacicadas-no-rural-ao-marxinar-aos-vecinos-de-santa-eufemia\\\/#breadcrumb\"},\"inLanguage\":\"es\",\"potentialAction\":[{\"@type\":\"ReadAction\",\"target\":[\"https:\\\/\\\/www.ppdelugo.com\\\/es\\\/o-pp-afirma-que-o-goberno-local-manten-as-cacicadas-no-rural-ao-marxinar-aos-vecinos-de-santa-eufemia\\\/\"]}]},{\"@type\":\"ImageObject\",\"inLanguage\":\"es\",\"@id\":\"https:\\\/\\\/www.ppdelugo.com\\\/es\\\/o-pp-afirma-que-o-goberno-local-manten-as-cacicadas-no-rural-ao-marxinar-aos-vecinos-de-santa-eufemia\\\/#primaryimage\",\"url\":\"https:\\\/\\\/www.ppdelugo.com\\\/wp-content\\\/uploads\\\/2021\\\/08\\\/Santa-Eufemia-min-scaled.jpg\",\"contentUrl\":\"https:\\\/\\\/www.ppdelugo.com\\\/wp-content\\\/uploads\\\/2021\\\/08\\\/Santa-Eufemia-min-scaled.jpg\",\"width\":2560,\"height\":1920},{\"@type\":\"BreadcrumbList\",\"@id\":\"https:\\\/\\\/www.ppdelugo.com\\\/es\\\/o-pp-afirma-que-o-goberno-local-manten-as-cacicadas-no-rural-ao-marxinar-aos-vecinos-de-santa-eufemia\\\/#breadcrumb\",\"itemListElement\":[{\"@type\":\"ListItem\",\"position\":1,\"name\":\"Portada\",\"item\":\"https:\\\/\\\/www.ppdelugo.com\\\/es\\\/\"},{\"@type\":\"ListItem\",\"position\":2,\"name\":\"El PP afirma que el gobierno local mantiene las cacicadas en el rural al marginar a los vecinos de Santa Eufemia\"}]},{\"@type\":\"WebSite\",\"@id\":\"https:\\\/\\\/www.ppdelugo.com\\\/es\\\/#website\",\"url\":\"https:\\\/\\\/www.ppdelugo.com\\\/es\\\/\",\"name\":\"Grupo Municipal Partido Popular de Lugo\",\"description\":\"Web del Grupo Municipal del Partido Popular en el Ayuntamiento de Lugo, con informaci\u00f3n sobre Lugo y fomento de la participaci\u00f3n ciudadana\",\"potentialAction\":[{\"@type\":\"SearchAction\",\"target\":{\"@type\":\"EntryPoint\",\"urlTemplate\":\"https:\\\/\\\/www.ppdelugo.com\\\/es\\\/?s={search_term_string}\"},\"query-input\":{\"@type\":\"PropertyValueSpecification\",\"valueRequired\":true,\"valueName\":\"search_term_string\"}}],\"inLanguage\":\"es\"},{\"@type\":\"Person\",\"@id\":\"https:\\\/\\\/www.ppdelugo.com\\\/es\\\/#\\\/schema\\\/person\\\/a847ea797b54208d374f6a8953571050\",\"name\":\"PP\",\"url\":\"https:\\\/\\\/www.ppdelugo.com\\\/es\\\/author\\\/ppdelugo\\\/\"}]}<\/script>\n<!-- \/ Yoast SEO plugin. -->","yoast_head_json":{"title":"El PP afirma que el gobierno local mantiene las cacicadas en el rural al marginar a los vecinos de Santa Eufemia - Grupo Municipal Partido Popular de Lugo","robots":{"index":"index","follow":"follow","max-snippet":"max-snippet:-1","max-image-preview":"max-image-preview:large","max-video-preview":"max-video-preview:-1"},"canonical":"https:\/\/www.ppdelugo.com\/es\/o-pp-afirma-que-o-goberno-local-manten-as-cacicadas-no-rural-ao-marxinar-aos-vecinos-de-santa-eufemia\/","og_locale":"es_ES","og_type":"article","og_title":"El PP afirma que el gobierno local mantiene las cacicadas en el rural al marginar a los vecinos de Santa Eufemia - Grupo Municipal Partido Popular de Lugo","og_description":"El concejal del Grupo Municipal del PP Manuel L\u00f3pez critica al responsable municipal de la zona rural despu\u00e9s de ver como la promesa que hizo Miguel Fern\u00e1ndez de arreglar esta...","og_url":"https:\/\/www.ppdelugo.com\/es\/o-pp-afirma-que-o-goberno-local-manten-as-cacicadas-no-rural-ao-marxinar-aos-vecinos-de-santa-eufemia\/","og_site_name":"Grupo Municipal Partido Popular de Lugo","article_published_time":"2021-08-19T11:25:12+00:00","article_modified_time":"2021-08-19T11:25:47+00:00","og_image":[{"width":2560,"height":1920,"url":"https:\/\/www.ppdelugo.com\/wp-content\/uploads\/2021\/08\/Santa-Eufemia-min-scaled.jpg","type":"image\/jpeg"}],"author":"PP","twitter_card":"summary_large_image","twitter_misc":{"Escrito por":"PP","Tiempo de lectura":"3 minutos"},"schema":{"@context":"https:\/\/schema.org","@graph":[{"@type":"Article","@id":"https:\/\/www.ppdelugo.com\/es\/o-pp-afirma-que-o-goberno-local-manten-as-cacicadas-no-rural-ao-marxinar-aos-vecinos-de-santa-eufemia\/#article","isPartOf":{"@id":"https:\/\/www.ppdelugo.com\/es\/o-pp-afirma-que-o-goberno-local-manten-as-cacicadas-no-rural-ao-marxinar-aos-vecinos-de-santa-eufemia\/"},"author":{"name":"PP","@id":"https:\/\/www.ppdelugo.com\/es\/#\/schema\/person\/a847ea797b54208d374f6a8953571050"},"headline":"El PP afirma que el gobierno local mantiene las cacicadas en el rural al marginar a los vecinos de Santa Eufemia","datePublished":"2021-08-19T11:25:12+00:00","dateModified":"2021-08-19T11:25:47+00:00","mainEntityOfPage":{"@id":"https:\/\/www.ppdelugo.com\/es\/o-pp-afirma-que-o-goberno-local-manten-as-cacicadas-no-rural-ao-marxinar-aos-vecinos-de-santa-eufemia\/"},"wordCount":622,"commentCount":0,"image":{"@id":"https:\/\/www.ppdelugo.com\/es\/o-pp-afirma-que-o-goberno-local-manten-as-cacicadas-no-rural-ao-marxinar-aos-vecinos-de-santa-eufemia\/#primaryimage"},"thumbnailUrl":"https:\/\/www.ppdelugo.com\/wp-content\/uploads\/2021\/08\/Santa-Eufemia-min-scaled.jpg","articleSection":["Zona Rural"],"inLanguage":"es","potentialAction":[{"@type":"CommentAction","name":"Comment","target":["https:\/\/www.ppdelugo.com\/es\/o-pp-afirma-que-o-goberno-local-manten-as-cacicadas-no-rural-ao-marxinar-aos-vecinos-de-santa-eufemia\/#respond"]}]},{"@type":"WebPage","@id":"https:\/\/www.ppdelugo.com\/es\/o-pp-afirma-que-o-goberno-local-manten-as-cacicadas-no-rural-ao-marxinar-aos-vecinos-de-santa-eufemia\/","url":"https:\/\/www.ppdelugo.com\/es\/o-pp-afirma-que-o-goberno-local-manten-as-cacicadas-no-rural-ao-marxinar-aos-vecinos-de-santa-eufemia\/","name":"El PP afirma que el gobierno local mantiene las cacicadas en el rural al marginar a los vecinos de Santa Eufemia - Grupo Municipal Partido Popular de Lugo","isPartOf":{"@id":"https:\/\/www.ppdelugo.com\/es\/#website"},"primaryImageOfPage":{"@id":"https:\/\/www.ppdelugo.com\/es\/o-pp-afirma-que-o-goberno-local-manten-as-cacicadas-no-rural-ao-marxinar-aos-vecinos-de-santa-eufemia\/#primaryimage"},"image":{"@id":"https:\/\/www.ppdelugo.com\/es\/o-pp-afirma-que-o-goberno-local-manten-as-cacicadas-no-rural-ao-marxinar-aos-vecinos-de-santa-eufemia\/#primaryimage"},"thumbnailUrl":"https:\/\/www.ppdelugo.com\/wp-content\/uploads\/2021\/08\/Santa-Eufemia-min-scaled.jpg","datePublished":"2021-08-19T11:25:12+00:00","dateModified":"2021-08-19T11:25:47+00:00","author":{"@id":"https:\/\/www.ppdelugo.com\/es\/#\/schema\/person\/a847ea797b54208d374f6a8953571050"},"breadcrumb":{"@id":"https:\/\/www.ppdelugo.com\/es\/o-pp-afirma-que-o-goberno-local-manten-as-cacicadas-no-rural-ao-marxinar-aos-vecinos-de-santa-eufemia\/#breadcrumb"},"inLanguage":"es","potentialAction":[{"@type":"ReadAction","target":["https:\/\/www.ppdelugo.com\/es\/o-pp-afirma-que-o-goberno-local-manten-as-cacicadas-no-rural-ao-marxinar-aos-vecinos-de-santa-eufemia\/"]}]},{"@type":"ImageObject","inLanguage":"es","@id":"https:\/\/www.ppdelugo.com\/es\/o-pp-afirma-que-o-goberno-local-manten-as-cacicadas-no-rural-ao-marxinar-aos-vecinos-de-santa-eufemia\/#primaryimage","url":"https:\/\/www.ppdelugo.com\/wp-content\/uploads\/2021\/08\/Santa-Eufemia-min-scaled.jpg","contentUrl":"https:\/\/www.ppdelugo.com\/wp-content\/uploads\/2021\/08\/Santa-Eufemia-min-scaled.jpg","width":2560,"height":1920},{"@type":"BreadcrumbList","@id":"https:\/\/www.ppdelugo.com\/es\/o-pp-afirma-que-o-goberno-local-manten-as-cacicadas-no-rural-ao-marxinar-aos-vecinos-de-santa-eufemia\/#breadcrumb","itemListElement":[{"@type":"ListItem","position":1,"name":"Portada","item":"https:\/\/www.ppdelugo.com\/es\/"},{"@type":"ListItem","position":2,"name":"El PP afirma que el gobierno local mantiene las cacicadas en el rural al marginar a los vecinos de Santa Eufemia"}]},{"@type":"WebSite","@id":"https:\/\/www.ppdelugo.com\/es\/#website","url":"https:\/\/www.ppdelugo.com\/es\/","name":"Grupo Municipal Partido Popular de Lugo","description":"Web del Grupo Municipal del Partido Popular en el Ayuntamiento de Lugo, con informaci\u00f3n sobre Lugo y fomento de la participaci\u00f3n ciudadana","potentialAction":[{"@type":"SearchAction","target":{"@type":"EntryPoint","urlTemplate":"https:\/\/www.ppdelugo.com\/es\/?s={search_term_string}"},"query-input":{"@type":"PropertyValueSpecification","valueRequired":true,"valueName":"search_term_string"}}],"inLanguage":"es"},{"@type":"Person","@id":"https:\/\/www.ppdelugo.com\/es\/#\/schema\/person\/a847ea797b54208d374f6a8953571050","name":"PP","url":"https:\/\/www.ppdelugo.com\/es\/author\/ppdelugo\/"}]}},"_links":{"self":[{"href":"https:\/\/www.ppdelugo.com\/es\/wp-json\/wp\/v2\/posts\/15733","targetHints":{"allow":["GET"]}}],"collection":[{"href":"https:\/\/www.ppdelugo.com\/es\/wp-json\/wp\/v2\/posts"}],"about":[{"href":"https:\/\/www.ppdelugo.com\/es\/wp-json\/wp\/v2\/types\/post"}],"author":[{"embeddable":true,"href":"https:\/\/www.ppdelugo.com\/es\/wp-json\/wp\/v2\/users\/2"}],"replies":[{"embeddable":true,"href":"https:\/\/www.ppdelugo.com\/es\/wp-json\/wp\/v2\/comments?post=15733"}],"version-history":[{"count":2,"href":"https:\/\/www.ppdelugo.com\/es\/wp-json\/wp\/v2\/posts\/15733\/revisions"}],"predecessor-version":[{"id":15735,"href":"https:\/\/www.ppdelugo.com\/es\/wp-json\/wp\/v2\/posts\/15733\/revisions\/15735"}],"wp:featuredmedia":[{"embeddable":true,"href":"https:\/\/www.ppdelugo.com\/es\/wp-json\/wp\/v2\/media\/15731"}],"wp:attachment":[{"href":"https:\/\/www.ppdelugo.com\/es\/wp-json\/wp\/v2\/media?parent=15733"}],"wp:term":[{"taxonomy":"category","embeddable":true,"href":"https:\/\/www.ppdelugo.com\/es\/wp-json\/wp\/v2\/categories?post=15733"},{"taxonomy":"post_tag","embeddable":true,"href":"https:\/\/www.ppdelugo.com\/es\/wp-json\/wp\/v2\/tags?post=15733"}],"curies":[{"name":"wp","href":"https:\/\/api.w.org\/{rel}","templated":true}]}}