{"id":15706,"date":"2021-08-15T09:30:25","date_gmt":"2021-08-15T09:30:25","guid":{"rendered":"http:\/\/www.ppdelugo.com\/o-pp-critica-ao-bigobierno-polo-desproposito-de-tardar-8-anos-en-resolver-a-peticion-de-licenza-da-nova-para-unha-rampla-de-acceso-que-agora-denegan\/"},"modified":"2021-08-15T09:31:02","modified_gmt":"2021-08-15T09:31:02","slug":"o-pp-critica-ao-bigobierno-polo-desproposito-de-tardar-8-anos-en-resolver-a-peticion-de-licenza-da-nova-para-unha-rampla-de-acceso-que-agora-denegan","status":"publish","type":"post","link":"https:\/\/www.ppdelugo.com\/es\/o-pp-critica-ao-bigobierno-polo-desproposito-de-tardar-8-anos-en-resolver-a-peticion-de-licenza-da-nova-para-unha-rampla-de-acceso-que-agora-denegan\/","title":{"rendered":"El PP critica al bigobierno por el desprop\u00f3sito de tardar 8 a\u00f1os en resolver la petici\u00f3n de licencia de A Nova para una rampa de acceso que ahora deniegan"},"content":{"rendered":"<p>El viceportavoz municipal Antonio Ameijide considera \u201cinadmisible\u201d tanto la demora en la resoluci\u00f3n de la licencia, ya que la solicitud se present\u00f3 el 4 de noviembre de 2013, como la denegaci\u00f3n ya que est\u00e1 impidiendo la posibilidad de hacer accesible un edificio emblem\u00e1tico pese a que los promotores adaptaron el proyecto a todas las exigencias que se formularon desde el concello durante estos 8 a\u00f1os<\/p>\n<p><!--more--><\/p>\n<p>Despu\u00e9s de 8 a\u00f1os esperando por una respuesta, los rectores de la iglesia de A Nova ya tienen una respuesta a su solicitud de licencia para colocar una rampa desmontable que facilite la accesibilidad al templo a personas con movilidad reducida, respuesta que es negativa.<\/p>\n<p>Antonio Ameijide critica tanto a M\u00e9ndez como a Arroxo por denegar la accesibilidad de A Nova, como tambi\u00e9n por la demora en la resoluci\u00f3n del expediente, ocho a\u00f1os, a pesar de que no hace mucho, el pasado 6 de agosto, desde el gobierno local filtraron a los medios de comunicaci\u00f3n que se dar\u00eda el visto bueno al proyecto para la colocaci\u00f3n de esa rampa.<\/p>\n<p>Los rectores de A Nova presentaron la solicitud para instalar la rampa el 4 de noviembre de 2013. Desde entonces realizaron todos los tr\u00e1mites y correcciones exigidas por parte del gobierno local, pero \u201cno sirvi\u00f3 de nada\u201d ya que deniegan la instalaci\u00f3n. Incluso, el 8 de septiembre de 2015 presentan de nuevo el proyecto, incluyendo todas las modificaciones exigidas por parte del concello, pero lo \u00fanico que han hecho durante todo este tiempo desde el gobierno local es \u201cdilatar la denegaci\u00f3n\u201d. \u201cVemos como dos alcaldes y cuatro concejales de urbanismo no han sido capaces de dar la cara en ning\u00fan momento y decir que no desde el principio, a pesar de que todas las trabas puestas por parte del gobierno local fueron solucionadas desde A Nova ya que aceptaron todas las imposiciones que les hicieron llegar, por lo que no se entiende ahora la denegaci\u00f3n del permiso\u201d, lamenta.<\/p>\n<p>Antonio Ameijide explica que no se entiende la denegaci\u00f3n, que se basa en los supuestos inconvenientes que puede producir esta rampa en la r\u00faa San Pedro, a pesar de que se trata de una rampa desmontable, que se colocar\u00eda cuando sea necesaria. \u201cEn el proyecto b\u00e1sico y de ejecuci\u00f3n de la rampa consta que todos sus elementos son desmontables, incluso los pelda\u00f1os perimetrales que ir\u00e1n dispuestos sobre el pavimento, sin sujeci\u00f3n al mismo\u201d, explica.<\/p>\n<p>Ante esta situaci\u00f3n, el Grupo Municipal Popular pedir\u00e1 explicaciones sobre los motivos por los que PSOE y BNG no conceden la licencia a este proyecto que cuenta con la aprobaci\u00f3n previa de Patrimonio de la Xunta y con un informe favorable del Gabinete municipal de accesibilidad del 30 de abril de 2015.<\/p>\n","protected":false},"excerpt":{"rendered":"<p>El viceportavoz municipal Antonio Ameijide considera \u201cinadmisible\u201d tanto la demora en la resoluci\u00f3n de la licencia, ya que la solicitud se present\u00f3 el 4 de noviembre de 2013, como la&#8230;<\/p>\n","protected":false},"author":2,"featured_media":15704,"comment_status":"open","ping_status":"closed","sticky":false,"template":"","format":"standard","meta":{"footnotes":""},"categories":[60,42],"tags":[],"class_list":{"0":"post-15706","1":"post","2":"type-post","3":"status-publish","4":"format-standard","5":"has-post-thumbnail","7":"category-accesibilidad-es","8":"category-urbanismo-es"},"yoast_head":"<!-- This site is optimized with the Yoast SEO plugin v27.4 - https:\/\/yoast.com\/product\/yoast-seo-wordpress\/ -->\n<title>El PP critica al bigobierno por el desprop\u00f3sito de tardar 8 a\u00f1os en resolver la petici\u00f3n de licencia de A Nova para una rampa de acceso que ahora deniegan - Grupo Municipal Partido Popular de Lugo<\/title>\n<meta name=\"robots\" content=\"index, follow, max-snippet:-1, max-image-preview:large, max-video-preview:-1\" \/>\n<link rel=\"canonical\" href=\"https:\/\/www.ppdelugo.com\/es\/o-pp-critica-ao-bigobierno-polo-desproposito-de-tardar-8-anos-en-resolver-a-peticion-de-licenza-da-nova-para-unha-rampla-de-acceso-que-agora-denegan\/\" \/>\n<meta property=\"og:locale\" content=\"es_ES\" \/>\n<meta property=\"og:type\" content=\"article\" \/>\n<meta property=\"og:title\" content=\"El PP critica al bigobierno por el desprop\u00f3sito de tardar 8 a\u00f1os en resolver la petici\u00f3n de licencia de A Nova para una rampa de acceso que ahora deniegan - Grupo Municipal Partido Popular de Lugo\" \/>\n<meta property=\"og:description\" content=\"El viceportavoz municipal Antonio Ameijide considera \u201cinadmisible\u201d tanto la demora en la resoluci\u00f3n de la licencia, ya que la solicitud se present\u00f3 el 4 de noviembre de 2013, como la...\" \/>\n<meta property=\"og:url\" content=\"https:\/\/www.ppdelugo.com\/es\/o-pp-critica-ao-bigobierno-polo-desproposito-de-tardar-8-anos-en-resolver-a-peticion-de-licenza-da-nova-para-unha-rampla-de-acceso-que-agora-denegan\/\" \/>\n<meta property=\"og:site_name\" content=\"Grupo Municipal Partido Popular de Lugo\" \/>\n<meta property=\"article:published_time\" content=\"2021-08-15T09:30:25+00:00\" \/>\n<meta property=\"article:modified_time\" content=\"2021-08-15T09:31:02+00:00\" \/>\n<meta property=\"og:image\" content=\"https:\/\/www.ppdelugo.com\/wp-content\/uploads\/2021\/08\/Foto-rampa-A-Nova-min-scaled.jpg\" \/>\n\t<meta property=\"og:image:width\" content=\"2560\" \/>\n\t<meta property=\"og:image:height\" content=\"1862\" \/>\n\t<meta property=\"og:image:type\" content=\"image\/jpeg\" \/>\n<meta name=\"author\" content=\"PP\" \/>\n<meta name=\"twitter:card\" content=\"summary_large_image\" \/>\n<meta name=\"twitter:label1\" content=\"Escrito por\" \/>\n\t<meta name=\"twitter:data1\" content=\"PP\" \/>\n\t<meta name=\"twitter:label2\" content=\"Tiempo de lectura\" \/>\n\t<meta name=\"twitter:data2\" content=\"2 minutos\" \/>\n<script type=\"application\/ld+json\" class=\"yoast-schema-graph\">{\"@context\":\"https:\\\/\\\/schema.org\",\"@graph\":[{\"@type\":\"Article\",\"@id\":\"https:\\\/\\\/www.ppdelugo.com\\\/es\\\/o-pp-critica-ao-bigobierno-polo-desproposito-de-tardar-8-anos-en-resolver-a-peticion-de-licenza-da-nova-para-unha-rampla-de-acceso-que-agora-denegan\\\/#article\",\"isPartOf\":{\"@id\":\"https:\\\/\\\/www.ppdelugo.com\\\/es\\\/o-pp-critica-ao-bigobierno-polo-desproposito-de-tardar-8-anos-en-resolver-a-peticion-de-licenza-da-nova-para-unha-rampla-de-acceso-que-agora-denegan\\\/\"},\"author\":{\"name\":\"PP\",\"@id\":\"https:\\\/\\\/www.ppdelugo.com\\\/es\\\/#\\\/schema\\\/person\\\/a847ea797b54208d374f6a8953571050\"},\"headline\":\"El PP critica al bigobierno por el desprop\u00f3sito de tardar 8 a\u00f1os en resolver la petici\u00f3n de licencia de A Nova para una rampa de acceso que ahora deniegan\",\"datePublished\":\"2021-08-15T09:30:25+00:00\",\"dateModified\":\"2021-08-15T09:31:02+00:00\",\"mainEntityOfPage\":{\"@id\":\"https:\\\/\\\/www.ppdelugo.com\\\/es\\\/o-pp-critica-ao-bigobierno-polo-desproposito-de-tardar-8-anos-en-resolver-a-peticion-de-licenza-da-nova-para-unha-rampla-de-acceso-que-agora-denegan\\\/\"},\"wordCount\":496,\"commentCount\":0,\"image\":{\"@id\":\"https:\\\/\\\/www.ppdelugo.com\\\/es\\\/o-pp-critica-ao-bigobierno-polo-desproposito-de-tardar-8-anos-en-resolver-a-peticion-de-licenza-da-nova-para-unha-rampla-de-acceso-que-agora-denegan\\\/#primaryimage\"},\"thumbnailUrl\":\"https:\\\/\\\/www.ppdelugo.com\\\/wp-content\\\/uploads\\\/2021\\\/08\\\/Foto-rampa-A-Nova-min-scaled.jpg\",\"articleSection\":[\"Accesibilidad\",\"Urbanismo\"],\"inLanguage\":\"es\",\"potentialAction\":[{\"@type\":\"CommentAction\",\"name\":\"Comment\",\"target\":[\"https:\\\/\\\/www.ppdelugo.com\\\/es\\\/o-pp-critica-ao-bigobierno-polo-desproposito-de-tardar-8-anos-en-resolver-a-peticion-de-licenza-da-nova-para-unha-rampla-de-acceso-que-agora-denegan\\\/#respond\"]}]},{\"@type\":\"WebPage\",\"@id\":\"https:\\\/\\\/www.ppdelugo.com\\\/es\\\/o-pp-critica-ao-bigobierno-polo-desproposito-de-tardar-8-anos-en-resolver-a-peticion-de-licenza-da-nova-para-unha-rampla-de-acceso-que-agora-denegan\\\/\",\"url\":\"https:\\\/\\\/www.ppdelugo.com\\\/es\\\/o-pp-critica-ao-bigobierno-polo-desproposito-de-tardar-8-anos-en-resolver-a-peticion-de-licenza-da-nova-para-unha-rampla-de-acceso-que-agora-denegan\\\/\",\"name\":\"El PP critica al bigobierno por el desprop\u00f3sito de tardar 8 a\u00f1os en resolver la petici\u00f3n de licencia de A Nova para una rampa de acceso que ahora deniegan - Grupo Municipal Partido Popular de Lugo\",\"isPartOf\":{\"@id\":\"https:\\\/\\\/www.ppdelugo.com\\\/es\\\/#website\"},\"primaryImageOfPage\":{\"@id\":\"https:\\\/\\\/www.ppdelugo.com\\\/es\\\/o-pp-critica-ao-bigobierno-polo-desproposito-de-tardar-8-anos-en-resolver-a-peticion-de-licenza-da-nova-para-unha-rampla-de-acceso-que-agora-denegan\\\/#primaryimage\"},\"image\":{\"@id\":\"https:\\\/\\\/www.ppdelugo.com\\\/es\\\/o-pp-critica-ao-bigobierno-polo-desproposito-de-tardar-8-anos-en-resolver-a-peticion-de-licenza-da-nova-para-unha-rampla-de-acceso-que-agora-denegan\\\/#primaryimage\"},\"thumbnailUrl\":\"https:\\\/\\\/www.ppdelugo.com\\\/wp-content\\\/uploads\\\/2021\\\/08\\\/Foto-rampa-A-Nova-min-scaled.jpg\",\"datePublished\":\"2021-08-15T09:30:25+00:00\",\"dateModified\":\"2021-08-15T09:31:02+00:00\",\"author\":{\"@id\":\"https:\\\/\\\/www.ppdelugo.com\\\/es\\\/#\\\/schema\\\/person\\\/a847ea797b54208d374f6a8953571050\"},\"breadcrumb\":{\"@id\":\"https:\\\/\\\/www.ppdelugo.com\\\/es\\\/o-pp-critica-ao-bigobierno-polo-desproposito-de-tardar-8-anos-en-resolver-a-peticion-de-licenza-da-nova-para-unha-rampla-de-acceso-que-agora-denegan\\\/#breadcrumb\"},\"inLanguage\":\"es\",\"potentialAction\":[{\"@type\":\"ReadAction\",\"target\":[\"https:\\\/\\\/www.ppdelugo.com\\\/es\\\/o-pp-critica-ao-bigobierno-polo-desproposito-de-tardar-8-anos-en-resolver-a-peticion-de-licenza-da-nova-para-unha-rampla-de-acceso-que-agora-denegan\\\/\"]}]},{\"@type\":\"ImageObject\",\"inLanguage\":\"es\",\"@id\":\"https:\\\/\\\/www.ppdelugo.com\\\/es\\\/o-pp-critica-ao-bigobierno-polo-desproposito-de-tardar-8-anos-en-resolver-a-peticion-de-licenza-da-nova-para-unha-rampla-de-acceso-que-agora-denegan\\\/#primaryimage\",\"url\":\"https:\\\/\\\/www.ppdelugo.com\\\/wp-content\\\/uploads\\\/2021\\\/08\\\/Foto-rampa-A-Nova-min-scaled.jpg\",\"contentUrl\":\"https:\\\/\\\/www.ppdelugo.com\\\/wp-content\\\/uploads\\\/2021\\\/08\\\/Foto-rampa-A-Nova-min-scaled.jpg\",\"width\":2560,\"height\":1862},{\"@type\":\"BreadcrumbList\",\"@id\":\"https:\\\/\\\/www.ppdelugo.com\\\/es\\\/o-pp-critica-ao-bigobierno-polo-desproposito-de-tardar-8-anos-en-resolver-a-peticion-de-licenza-da-nova-para-unha-rampla-de-acceso-que-agora-denegan\\\/#breadcrumb\",\"itemListElement\":[{\"@type\":\"ListItem\",\"position\":1,\"name\":\"Portada\",\"item\":\"https:\\\/\\\/www.ppdelugo.com\\\/es\\\/\"},{\"@type\":\"ListItem\",\"position\":2,\"name\":\"El PP critica al bigobierno por el desprop\u00f3sito de tardar 8 a\u00f1os en resolver la petici\u00f3n de licencia de A Nova para una rampa de acceso que ahora deniegan\"}]},{\"@type\":\"WebSite\",\"@id\":\"https:\\\/\\\/www.ppdelugo.com\\\/es\\\/#website\",\"url\":\"https:\\\/\\\/www.ppdelugo.com\\\/es\\\/\",\"name\":\"Grupo Municipal Partido Popular de Lugo\",\"description\":\"Web del Grupo Municipal del Partido Popular en el Ayuntamiento de Lugo, con informaci\u00f3n sobre Lugo y fomento de la participaci\u00f3n ciudadana\",\"potentialAction\":[{\"@type\":\"SearchAction\",\"target\":{\"@type\":\"EntryPoint\",\"urlTemplate\":\"https:\\\/\\\/www.ppdelugo.com\\\/es\\\/?s={search_term_string}\"},\"query-input\":{\"@type\":\"PropertyValueSpecification\",\"valueRequired\":true,\"valueName\":\"search_term_string\"}}],\"inLanguage\":\"es\"},{\"@type\":\"Person\",\"@id\":\"https:\\\/\\\/www.ppdelugo.com\\\/es\\\/#\\\/schema\\\/person\\\/a847ea797b54208d374f6a8953571050\",\"name\":\"PP\",\"url\":\"https:\\\/\\\/www.ppdelugo.com\\\/es\\\/author\\\/ppdelugo\\\/\"}]}<\/script>\n<!-- \/ Yoast SEO plugin. -->","yoast_head_json":{"title":"El PP critica al bigobierno por el desprop\u00f3sito de tardar 8 a\u00f1os en resolver la petici\u00f3n de licencia de A Nova para una rampa de acceso que ahora deniegan - Grupo Municipal Partido Popular de Lugo","robots":{"index":"index","follow":"follow","max-snippet":"max-snippet:-1","max-image-preview":"max-image-preview:large","max-video-preview":"max-video-preview:-1"},"canonical":"https:\/\/www.ppdelugo.com\/es\/o-pp-critica-ao-bigobierno-polo-desproposito-de-tardar-8-anos-en-resolver-a-peticion-de-licenza-da-nova-para-unha-rampla-de-acceso-que-agora-denegan\/","og_locale":"es_ES","og_type":"article","og_title":"El PP critica al bigobierno por el desprop\u00f3sito de tardar 8 a\u00f1os en resolver la petici\u00f3n de licencia de A Nova para una rampa de acceso que ahora deniegan - Grupo Municipal Partido Popular de Lugo","og_description":"El viceportavoz municipal Antonio Ameijide considera \u201cinadmisible\u201d tanto la demora en la resoluci\u00f3n de la licencia, ya que la solicitud se present\u00f3 el 4 de noviembre de 2013, como la...","og_url":"https:\/\/www.ppdelugo.com\/es\/o-pp-critica-ao-bigobierno-polo-desproposito-de-tardar-8-anos-en-resolver-a-peticion-de-licenza-da-nova-para-unha-rampla-de-acceso-que-agora-denegan\/","og_site_name":"Grupo Municipal Partido Popular de Lugo","article_published_time":"2021-08-15T09:30:25+00:00","article_modified_time":"2021-08-15T09:31:02+00:00","og_image":[{"width":2560,"height":1862,"url":"https:\/\/www.ppdelugo.com\/wp-content\/uploads\/2021\/08\/Foto-rampa-A-Nova-min-scaled.jpg","type":"image\/jpeg"}],"author":"PP","twitter_card":"summary_large_image","twitter_misc":{"Escrito por":"PP","Tiempo de lectura":"2 minutos"},"schema":{"@context":"https:\/\/schema.org","@graph":[{"@type":"Article","@id":"https:\/\/www.ppdelugo.com\/es\/o-pp-critica-ao-bigobierno-polo-desproposito-de-tardar-8-anos-en-resolver-a-peticion-de-licenza-da-nova-para-unha-rampla-de-acceso-que-agora-denegan\/#article","isPartOf":{"@id":"https:\/\/www.ppdelugo.com\/es\/o-pp-critica-ao-bigobierno-polo-desproposito-de-tardar-8-anos-en-resolver-a-peticion-de-licenza-da-nova-para-unha-rampla-de-acceso-que-agora-denegan\/"},"author":{"name":"PP","@id":"https:\/\/www.ppdelugo.com\/es\/#\/schema\/person\/a847ea797b54208d374f6a8953571050"},"headline":"El PP critica al bigobierno por el desprop\u00f3sito de tardar 8 a\u00f1os en resolver la petici\u00f3n de licencia de A Nova para una rampa de acceso que ahora deniegan","datePublished":"2021-08-15T09:30:25+00:00","dateModified":"2021-08-15T09:31:02+00:00","mainEntityOfPage":{"@id":"https:\/\/www.ppdelugo.com\/es\/o-pp-critica-ao-bigobierno-polo-desproposito-de-tardar-8-anos-en-resolver-a-peticion-de-licenza-da-nova-para-unha-rampla-de-acceso-que-agora-denegan\/"},"wordCount":496,"commentCount":0,"image":{"@id":"https:\/\/www.ppdelugo.com\/es\/o-pp-critica-ao-bigobierno-polo-desproposito-de-tardar-8-anos-en-resolver-a-peticion-de-licenza-da-nova-para-unha-rampla-de-acceso-que-agora-denegan\/#primaryimage"},"thumbnailUrl":"https:\/\/www.ppdelugo.com\/wp-content\/uploads\/2021\/08\/Foto-rampa-A-Nova-min-scaled.jpg","articleSection":["Accesibilidad","Urbanismo"],"inLanguage":"es","potentialAction":[{"@type":"CommentAction","name":"Comment","target":["https:\/\/www.ppdelugo.com\/es\/o-pp-critica-ao-bigobierno-polo-desproposito-de-tardar-8-anos-en-resolver-a-peticion-de-licenza-da-nova-para-unha-rampla-de-acceso-que-agora-denegan\/#respond"]}]},{"@type":"WebPage","@id":"https:\/\/www.ppdelugo.com\/es\/o-pp-critica-ao-bigobierno-polo-desproposito-de-tardar-8-anos-en-resolver-a-peticion-de-licenza-da-nova-para-unha-rampla-de-acceso-que-agora-denegan\/","url":"https:\/\/www.ppdelugo.com\/es\/o-pp-critica-ao-bigobierno-polo-desproposito-de-tardar-8-anos-en-resolver-a-peticion-de-licenza-da-nova-para-unha-rampla-de-acceso-que-agora-denegan\/","name":"El PP critica al bigobierno por el desprop\u00f3sito de tardar 8 a\u00f1os en resolver la petici\u00f3n de licencia de A Nova para una rampa de acceso que ahora deniegan - Grupo Municipal Partido Popular de Lugo","isPartOf":{"@id":"https:\/\/www.ppdelugo.com\/es\/#website"},"primaryImageOfPage":{"@id":"https:\/\/www.ppdelugo.com\/es\/o-pp-critica-ao-bigobierno-polo-desproposito-de-tardar-8-anos-en-resolver-a-peticion-de-licenza-da-nova-para-unha-rampla-de-acceso-que-agora-denegan\/#primaryimage"},"image":{"@id":"https:\/\/www.ppdelugo.com\/es\/o-pp-critica-ao-bigobierno-polo-desproposito-de-tardar-8-anos-en-resolver-a-peticion-de-licenza-da-nova-para-unha-rampla-de-acceso-que-agora-denegan\/#primaryimage"},"thumbnailUrl":"https:\/\/www.ppdelugo.com\/wp-content\/uploads\/2021\/08\/Foto-rampa-A-Nova-min-scaled.jpg","datePublished":"2021-08-15T09:30:25+00:00","dateModified":"2021-08-15T09:31:02+00:00","author":{"@id":"https:\/\/www.ppdelugo.com\/es\/#\/schema\/person\/a847ea797b54208d374f6a8953571050"},"breadcrumb":{"@id":"https:\/\/www.ppdelugo.com\/es\/o-pp-critica-ao-bigobierno-polo-desproposito-de-tardar-8-anos-en-resolver-a-peticion-de-licenza-da-nova-para-unha-rampla-de-acceso-que-agora-denegan\/#breadcrumb"},"inLanguage":"es","potentialAction":[{"@type":"ReadAction","target":["https:\/\/www.ppdelugo.com\/es\/o-pp-critica-ao-bigobierno-polo-desproposito-de-tardar-8-anos-en-resolver-a-peticion-de-licenza-da-nova-para-unha-rampla-de-acceso-que-agora-denegan\/"]}]},{"@type":"ImageObject","inLanguage":"es","@id":"https:\/\/www.ppdelugo.com\/es\/o-pp-critica-ao-bigobierno-polo-desproposito-de-tardar-8-anos-en-resolver-a-peticion-de-licenza-da-nova-para-unha-rampla-de-acceso-que-agora-denegan\/#primaryimage","url":"https:\/\/www.ppdelugo.com\/wp-content\/uploads\/2021\/08\/Foto-rampa-A-Nova-min-scaled.jpg","contentUrl":"https:\/\/www.ppdelugo.com\/wp-content\/uploads\/2021\/08\/Foto-rampa-A-Nova-min-scaled.jpg","width":2560,"height":1862},{"@type":"BreadcrumbList","@id":"https:\/\/www.ppdelugo.com\/es\/o-pp-critica-ao-bigobierno-polo-desproposito-de-tardar-8-anos-en-resolver-a-peticion-de-licenza-da-nova-para-unha-rampla-de-acceso-que-agora-denegan\/#breadcrumb","itemListElement":[{"@type":"ListItem","position":1,"name":"Portada","item":"https:\/\/www.ppdelugo.com\/es\/"},{"@type":"ListItem","position":2,"name":"El PP critica al bigobierno por el desprop\u00f3sito de tardar 8 a\u00f1os en resolver la petici\u00f3n de licencia de A Nova para una rampa de acceso que ahora deniegan"}]},{"@type":"WebSite","@id":"https:\/\/www.ppdelugo.com\/es\/#website","url":"https:\/\/www.ppdelugo.com\/es\/","name":"Grupo Municipal Partido Popular de Lugo","description":"Web del Grupo Municipal del Partido Popular en el Ayuntamiento de Lugo, con informaci\u00f3n sobre Lugo y fomento de la participaci\u00f3n ciudadana","potentialAction":[{"@type":"SearchAction","target":{"@type":"EntryPoint","urlTemplate":"https:\/\/www.ppdelugo.com\/es\/?s={search_term_string}"},"query-input":{"@type":"PropertyValueSpecification","valueRequired":true,"valueName":"search_term_string"}}],"inLanguage":"es"},{"@type":"Person","@id":"https:\/\/www.ppdelugo.com\/es\/#\/schema\/person\/a847ea797b54208d374f6a8953571050","name":"PP","url":"https:\/\/www.ppdelugo.com\/es\/author\/ppdelugo\/"}]}},"_links":{"self":[{"href":"https:\/\/www.ppdelugo.com\/es\/wp-json\/wp\/v2\/posts\/15706","targetHints":{"allow":["GET"]}}],"collection":[{"href":"https:\/\/www.ppdelugo.com\/es\/wp-json\/wp\/v2\/posts"}],"about":[{"href":"https:\/\/www.ppdelugo.com\/es\/wp-json\/wp\/v2\/types\/post"}],"author":[{"embeddable":true,"href":"https:\/\/www.ppdelugo.com\/es\/wp-json\/wp\/v2\/users\/2"}],"replies":[{"embeddable":true,"href":"https:\/\/www.ppdelugo.com\/es\/wp-json\/wp\/v2\/comments?post=15706"}],"version-history":[{"count":2,"href":"https:\/\/www.ppdelugo.com\/es\/wp-json\/wp\/v2\/posts\/15706\/revisions"}],"predecessor-version":[{"id":15708,"href":"https:\/\/www.ppdelugo.com\/es\/wp-json\/wp\/v2\/posts\/15706\/revisions\/15708"}],"wp:featuredmedia":[{"embeddable":true,"href":"https:\/\/www.ppdelugo.com\/es\/wp-json\/wp\/v2\/media\/15704"}],"wp:attachment":[{"href":"https:\/\/www.ppdelugo.com\/es\/wp-json\/wp\/v2\/media?parent=15706"}],"wp:term":[{"taxonomy":"category","embeddable":true,"href":"https:\/\/www.ppdelugo.com\/es\/wp-json\/wp\/v2\/categories?post=15706"},{"taxonomy":"post_tag","embeddable":true,"href":"https:\/\/www.ppdelugo.com\/es\/wp-json\/wp\/v2\/tags?post=15706"}],"curies":[{"name":"wp","href":"https:\/\/api.w.org\/{rel}","templated":true}]}}