{"id":15174,"date":"2021-05-31T10:59:22","date_gmt":"2021-05-31T10:59:22","guid":{"rendered":"http:\/\/www.ppdelugo.com\/o-pp-solicita-a-convocatoria-extraordinaria-da-comision-de-sostibilidade-urbana-para-que-santos-aclare-os-avances-que-anuncia-do-pxom\/"},"modified":"2021-05-31T10:59:55","modified_gmt":"2021-05-31T10:59:55","slug":"o-pp-solicita-a-convocatoria-extraordinaria-da-comision-de-sostibilidade-urbana-para-que-santos-aclare-os-avances-que-anuncia-do-pxom","status":"publish","type":"post","link":"https:\/\/www.ppdelugo.com\/es\/o-pp-solicita-a-convocatoria-extraordinaria-da-comision-de-sostibilidade-urbana-para-que-santos-aclare-os-avances-que-anuncia-do-pxom\/","title":{"rendered":"El PP solicita la convocatoria extraordinaria de la comisi\u00f3n de sostenibilidad urbana para que Santos aclare los avances que anuncia del PXOM"},"content":{"rendered":"<p>El vicevoceiro del Grupo Municipal del PP Antonio Ameijide se mostr\u00f3 muy preocupado por las palabras de \u00c1lvaro Santos ya que en ning\u00fan momento explic\u00f3 los \u201csupuestos avances\u201d del gobierno local para alcanzar la aprobaci\u00f3n del documento urban\u00edstico m\u00e1s importante del ayuntamiento<\/p>\n<p><!--more--><\/p>\n<p>O vicevoceiro do Grupo Municipal do Partido Popular no Concello de Lugo, Antonio Ameijide, pide a \u00c1lvaro Santos a convocatoria extraordinaria da comisi\u00f3n de sostibilidade urbana para que o responsable de Urbanismo explique aos grupos municipais os \u201csupostos avances\u201d do goberno local para acadar a aprobaci\u00f3n definitiva do PXOM, avances que non foi capaz de explicar nos medios de comunicaci\u00f3n.<\/p>\n<p>Antonio Ameijide amosouse preocupado ante as declaraci\u00f3n de \u00c1lvaro Santos nos medios de comunicaci\u00f3n, xa que o responsable de Urbanismo non foi capaz de explicar eses avances que o goberno local realizou para acadar a aprobaci\u00f3n definitiva do 5% do PXOM. \u201cComo non dixo nada concreto nos medios de comunicaci\u00f3n queremos que o explique aos grupos municipais xa que estamos moi preocupados\u201d, sinalou.<\/p>\n<p>Os concelleiros populares est\u00e1n preocupados xa que o Concello de Lugo a\u00ednda non resolveu as deficiencias que sinalaba o informe da Xunta, remitido en outubro de 2016, e que eran as mesmas que lle comunicara no ano 2013, onde se ped\u00eda ao concello corrixir os aspectos reflectidos na orde de aprobaci\u00f3n definitiva do 95% do PXOM en 2011 e que, posteriormente, se lle volveu a demandar en 2020.<\/p>\n<p>Ameijide lamenta as formas do novo responsable de Urbanismo xa que, en lugar de po\u00f1erse ao d\u00eda da situaci\u00f3n desta \u00e1rea, evitou falar co anterior responsable, Miguel Couto, para co\u00f1ecer os pormenores dos principais asuntos enquistados neste departamento, polo que moito nos tememos que neste mandato tampouco se aprobar\u00e1 o 5% restante do PXOM.<\/p>\n","protected":false},"excerpt":{"rendered":"<p>El vicevoceiro del Grupo Municipal del PP Antonio Ameijide se mostr\u00f3 muy preocupado por las palabras de \u00c1lvaro Santos ya que en ning\u00fan momento explic\u00f3 los \u201csupuestos avances\u201d del gobierno&#8230;<\/p>\n","protected":false},"author":2,"featured_media":15172,"comment_status":"open","ping_status":"closed","sticky":false,"template":"","format":"standard","meta":{"footnotes":""},"categories":[42,44],"tags":[],"class_list":{"0":"post-15174","1":"post","2":"type-post","3":"status-publish","4":"format-standard","5":"has-post-thumbnail","7":"category-urbanismo-es","8":"category-zona-rural-es"},"yoast_head":"<!-- This site is optimized with the Yoast SEO plugin v27.4 - https:\/\/yoast.com\/product\/yoast-seo-wordpress\/ -->\n<title>El PP solicita la convocatoria extraordinaria de la comisi\u00f3n de sostenibilidad urbana para que Santos aclare los avances que anuncia del PXOM - Grupo Municipal Partido Popular de Lugo<\/title>\n<meta name=\"robots\" content=\"index, follow, max-snippet:-1, max-image-preview:large, max-video-preview:-1\" \/>\n<link rel=\"canonical\" href=\"https:\/\/www.ppdelugo.com\/es\/o-pp-solicita-a-convocatoria-extraordinaria-da-comision-de-sostibilidade-urbana-para-que-santos-aclare-os-avances-que-anuncia-do-pxom\/\" \/>\n<meta property=\"og:locale\" content=\"es_ES\" \/>\n<meta property=\"og:type\" content=\"article\" \/>\n<meta property=\"og:title\" content=\"El PP solicita la convocatoria extraordinaria de la comisi\u00f3n de sostenibilidad urbana para que Santos aclare los avances que anuncia del PXOM - Grupo Municipal Partido Popular de Lugo\" \/>\n<meta property=\"og:description\" content=\"El vicevoceiro del Grupo Municipal del PP Antonio Ameijide se mostr\u00f3 muy preocupado por las palabras de \u00c1lvaro Santos ya que en ning\u00fan momento explic\u00f3 los \u201csupuestos avances\u201d del gobierno...\" \/>\n<meta property=\"og:url\" content=\"https:\/\/www.ppdelugo.com\/es\/o-pp-solicita-a-convocatoria-extraordinaria-da-comision-de-sostibilidade-urbana-para-que-santos-aclare-os-avances-que-anuncia-do-pxom\/\" \/>\n<meta property=\"og:site_name\" content=\"Grupo Municipal Partido Popular de Lugo\" \/>\n<meta property=\"article:published_time\" content=\"2021-05-31T10:59:22+00:00\" \/>\n<meta property=\"article:modified_time\" content=\"2021-05-31T10:59:55+00:00\" \/>\n<meta property=\"og:image\" content=\"https:\/\/www.ppdelugo.com\/wp-content\/uploads\/2021\/05\/IMG_5885-min-scaled.jpg\" \/>\n\t<meta property=\"og:image:width\" content=\"2560\" \/>\n\t<meta property=\"og:image:height\" content=\"1920\" \/>\n\t<meta property=\"og:image:type\" content=\"image\/jpeg\" \/>\n<meta name=\"author\" content=\"PP\" \/>\n<meta name=\"twitter:card\" content=\"summary_large_image\" \/>\n<meta name=\"twitter:label1\" content=\"Escrito por\" \/>\n\t<meta name=\"twitter:data1\" content=\"PP\" \/>\n\t<meta name=\"twitter:label2\" content=\"Tiempo de lectura\" \/>\n\t<meta name=\"twitter:data2\" content=\"2 minutos\" \/>\n<script type=\"application\/ld+json\" class=\"yoast-schema-graph\">{\"@context\":\"https:\\\/\\\/schema.org\",\"@graph\":[{\"@type\":\"Article\",\"@id\":\"https:\\\/\\\/www.ppdelugo.com\\\/es\\\/o-pp-solicita-a-convocatoria-extraordinaria-da-comision-de-sostibilidade-urbana-para-que-santos-aclare-os-avances-que-anuncia-do-pxom\\\/#article\",\"isPartOf\":{\"@id\":\"https:\\\/\\\/www.ppdelugo.com\\\/es\\\/o-pp-solicita-a-convocatoria-extraordinaria-da-comision-de-sostibilidade-urbana-para-que-santos-aclare-os-avances-que-anuncia-do-pxom\\\/\"},\"author\":{\"name\":\"PP\",\"@id\":\"https:\\\/\\\/www.ppdelugo.com\\\/es\\\/#\\\/schema\\\/person\\\/a847ea797b54208d374f6a8953571050\"},\"headline\":\"El PP solicita la convocatoria extraordinaria de la comisi\u00f3n de sostenibilidad urbana para que Santos aclare los avances que anuncia del PXOM\",\"datePublished\":\"2021-05-31T10:59:22+00:00\",\"dateModified\":\"2021-05-31T10:59:55+00:00\",\"mainEntityOfPage\":{\"@id\":\"https:\\\/\\\/www.ppdelugo.com\\\/es\\\/o-pp-solicita-a-convocatoria-extraordinaria-da-comision-de-sostibilidade-urbana-para-que-santos-aclare-os-avances-que-anuncia-do-pxom\\\/\"},\"wordCount\":322,\"commentCount\":0,\"image\":{\"@id\":\"https:\\\/\\\/www.ppdelugo.com\\\/es\\\/o-pp-solicita-a-convocatoria-extraordinaria-da-comision-de-sostibilidade-urbana-para-que-santos-aclare-os-avances-que-anuncia-do-pxom\\\/#primaryimage\"},\"thumbnailUrl\":\"https:\\\/\\\/www.ppdelugo.com\\\/wp-content\\\/uploads\\\/2021\\\/05\\\/IMG_5885-min-scaled.jpg\",\"articleSection\":[\"Urbanismo\",\"Zona Rural\"],\"inLanguage\":\"es\",\"potentialAction\":[{\"@type\":\"CommentAction\",\"name\":\"Comment\",\"target\":[\"https:\\\/\\\/www.ppdelugo.com\\\/es\\\/o-pp-solicita-a-convocatoria-extraordinaria-da-comision-de-sostibilidade-urbana-para-que-santos-aclare-os-avances-que-anuncia-do-pxom\\\/#respond\"]}]},{\"@type\":\"WebPage\",\"@id\":\"https:\\\/\\\/www.ppdelugo.com\\\/es\\\/o-pp-solicita-a-convocatoria-extraordinaria-da-comision-de-sostibilidade-urbana-para-que-santos-aclare-os-avances-que-anuncia-do-pxom\\\/\",\"url\":\"https:\\\/\\\/www.ppdelugo.com\\\/es\\\/o-pp-solicita-a-convocatoria-extraordinaria-da-comision-de-sostibilidade-urbana-para-que-santos-aclare-os-avances-que-anuncia-do-pxom\\\/\",\"name\":\"El PP solicita la convocatoria extraordinaria de la comisi\u00f3n de sostenibilidad urbana para que Santos aclare los avances que anuncia del PXOM - Grupo Municipal Partido Popular de Lugo\",\"isPartOf\":{\"@id\":\"https:\\\/\\\/www.ppdelugo.com\\\/es\\\/#website\"},\"primaryImageOfPage\":{\"@id\":\"https:\\\/\\\/www.ppdelugo.com\\\/es\\\/o-pp-solicita-a-convocatoria-extraordinaria-da-comision-de-sostibilidade-urbana-para-que-santos-aclare-os-avances-que-anuncia-do-pxom\\\/#primaryimage\"},\"image\":{\"@id\":\"https:\\\/\\\/www.ppdelugo.com\\\/es\\\/o-pp-solicita-a-convocatoria-extraordinaria-da-comision-de-sostibilidade-urbana-para-que-santos-aclare-os-avances-que-anuncia-do-pxom\\\/#primaryimage\"},\"thumbnailUrl\":\"https:\\\/\\\/www.ppdelugo.com\\\/wp-content\\\/uploads\\\/2021\\\/05\\\/IMG_5885-min-scaled.jpg\",\"datePublished\":\"2021-05-31T10:59:22+00:00\",\"dateModified\":\"2021-05-31T10:59:55+00:00\",\"author\":{\"@id\":\"https:\\\/\\\/www.ppdelugo.com\\\/es\\\/#\\\/schema\\\/person\\\/a847ea797b54208d374f6a8953571050\"},\"breadcrumb\":{\"@id\":\"https:\\\/\\\/www.ppdelugo.com\\\/es\\\/o-pp-solicita-a-convocatoria-extraordinaria-da-comision-de-sostibilidade-urbana-para-que-santos-aclare-os-avances-que-anuncia-do-pxom\\\/#breadcrumb\"},\"inLanguage\":\"es\",\"potentialAction\":[{\"@type\":\"ReadAction\",\"target\":[\"https:\\\/\\\/www.ppdelugo.com\\\/es\\\/o-pp-solicita-a-convocatoria-extraordinaria-da-comision-de-sostibilidade-urbana-para-que-santos-aclare-os-avances-que-anuncia-do-pxom\\\/\"]}]},{\"@type\":\"ImageObject\",\"inLanguage\":\"es\",\"@id\":\"https:\\\/\\\/www.ppdelugo.com\\\/es\\\/o-pp-solicita-a-convocatoria-extraordinaria-da-comision-de-sostibilidade-urbana-para-que-santos-aclare-os-avances-que-anuncia-do-pxom\\\/#primaryimage\",\"url\":\"https:\\\/\\\/www.ppdelugo.com\\\/wp-content\\\/uploads\\\/2021\\\/05\\\/IMG_5885-min-scaled.jpg\",\"contentUrl\":\"https:\\\/\\\/www.ppdelugo.com\\\/wp-content\\\/uploads\\\/2021\\\/05\\\/IMG_5885-min-scaled.jpg\",\"width\":2560,\"height\":1920},{\"@type\":\"BreadcrumbList\",\"@id\":\"https:\\\/\\\/www.ppdelugo.com\\\/es\\\/o-pp-solicita-a-convocatoria-extraordinaria-da-comision-de-sostibilidade-urbana-para-que-santos-aclare-os-avances-que-anuncia-do-pxom\\\/#breadcrumb\",\"itemListElement\":[{\"@type\":\"ListItem\",\"position\":1,\"name\":\"Portada\",\"item\":\"https:\\\/\\\/www.ppdelugo.com\\\/es\\\/\"},{\"@type\":\"ListItem\",\"position\":2,\"name\":\"El PP solicita la convocatoria extraordinaria de la comisi\u00f3n de sostenibilidad urbana para que Santos aclare los avances que anuncia del PXOM\"}]},{\"@type\":\"WebSite\",\"@id\":\"https:\\\/\\\/www.ppdelugo.com\\\/es\\\/#website\",\"url\":\"https:\\\/\\\/www.ppdelugo.com\\\/es\\\/\",\"name\":\"Grupo Municipal Partido Popular de Lugo\",\"description\":\"Web del Grupo Municipal del Partido Popular en el Ayuntamiento de Lugo, con informaci\u00f3n sobre Lugo y fomento de la participaci\u00f3n ciudadana\",\"potentialAction\":[{\"@type\":\"SearchAction\",\"target\":{\"@type\":\"EntryPoint\",\"urlTemplate\":\"https:\\\/\\\/www.ppdelugo.com\\\/es\\\/?s={search_term_string}\"},\"query-input\":{\"@type\":\"PropertyValueSpecification\",\"valueRequired\":true,\"valueName\":\"search_term_string\"}}],\"inLanguage\":\"es\"},{\"@type\":\"Person\",\"@id\":\"https:\\\/\\\/www.ppdelugo.com\\\/es\\\/#\\\/schema\\\/person\\\/a847ea797b54208d374f6a8953571050\",\"name\":\"PP\",\"url\":\"https:\\\/\\\/www.ppdelugo.com\\\/es\\\/author\\\/ppdelugo\\\/\"}]}<\/script>\n<!-- \/ Yoast SEO plugin. -->","yoast_head_json":{"title":"El PP solicita la convocatoria extraordinaria de la comisi\u00f3n de sostenibilidad urbana para que Santos aclare los avances que anuncia del PXOM - Grupo Municipal Partido Popular de Lugo","robots":{"index":"index","follow":"follow","max-snippet":"max-snippet:-1","max-image-preview":"max-image-preview:large","max-video-preview":"max-video-preview:-1"},"canonical":"https:\/\/www.ppdelugo.com\/es\/o-pp-solicita-a-convocatoria-extraordinaria-da-comision-de-sostibilidade-urbana-para-que-santos-aclare-os-avances-que-anuncia-do-pxom\/","og_locale":"es_ES","og_type":"article","og_title":"El PP solicita la convocatoria extraordinaria de la comisi\u00f3n de sostenibilidad urbana para que Santos aclare los avances que anuncia del PXOM - Grupo Municipal Partido Popular de Lugo","og_description":"El vicevoceiro del Grupo Municipal del PP Antonio Ameijide se mostr\u00f3 muy preocupado por las palabras de \u00c1lvaro Santos ya que en ning\u00fan momento explic\u00f3 los \u201csupuestos avances\u201d del gobierno...","og_url":"https:\/\/www.ppdelugo.com\/es\/o-pp-solicita-a-convocatoria-extraordinaria-da-comision-de-sostibilidade-urbana-para-que-santos-aclare-os-avances-que-anuncia-do-pxom\/","og_site_name":"Grupo Municipal Partido Popular de Lugo","article_published_time":"2021-05-31T10:59:22+00:00","article_modified_time":"2021-05-31T10:59:55+00:00","og_image":[{"width":2560,"height":1920,"url":"https:\/\/www.ppdelugo.com\/wp-content\/uploads\/2021\/05\/IMG_5885-min-scaled.jpg","type":"image\/jpeg"}],"author":"PP","twitter_card":"summary_large_image","twitter_misc":{"Escrito por":"PP","Tiempo de lectura":"2 minutos"},"schema":{"@context":"https:\/\/schema.org","@graph":[{"@type":"Article","@id":"https:\/\/www.ppdelugo.com\/es\/o-pp-solicita-a-convocatoria-extraordinaria-da-comision-de-sostibilidade-urbana-para-que-santos-aclare-os-avances-que-anuncia-do-pxom\/#article","isPartOf":{"@id":"https:\/\/www.ppdelugo.com\/es\/o-pp-solicita-a-convocatoria-extraordinaria-da-comision-de-sostibilidade-urbana-para-que-santos-aclare-os-avances-que-anuncia-do-pxom\/"},"author":{"name":"PP","@id":"https:\/\/www.ppdelugo.com\/es\/#\/schema\/person\/a847ea797b54208d374f6a8953571050"},"headline":"El PP solicita la convocatoria extraordinaria de la comisi\u00f3n de sostenibilidad urbana para que Santos aclare los avances que anuncia del PXOM","datePublished":"2021-05-31T10:59:22+00:00","dateModified":"2021-05-31T10:59:55+00:00","mainEntityOfPage":{"@id":"https:\/\/www.ppdelugo.com\/es\/o-pp-solicita-a-convocatoria-extraordinaria-da-comision-de-sostibilidade-urbana-para-que-santos-aclare-os-avances-que-anuncia-do-pxom\/"},"wordCount":322,"commentCount":0,"image":{"@id":"https:\/\/www.ppdelugo.com\/es\/o-pp-solicita-a-convocatoria-extraordinaria-da-comision-de-sostibilidade-urbana-para-que-santos-aclare-os-avances-que-anuncia-do-pxom\/#primaryimage"},"thumbnailUrl":"https:\/\/www.ppdelugo.com\/wp-content\/uploads\/2021\/05\/IMG_5885-min-scaled.jpg","articleSection":["Urbanismo","Zona Rural"],"inLanguage":"es","potentialAction":[{"@type":"CommentAction","name":"Comment","target":["https:\/\/www.ppdelugo.com\/es\/o-pp-solicita-a-convocatoria-extraordinaria-da-comision-de-sostibilidade-urbana-para-que-santos-aclare-os-avances-que-anuncia-do-pxom\/#respond"]}]},{"@type":"WebPage","@id":"https:\/\/www.ppdelugo.com\/es\/o-pp-solicita-a-convocatoria-extraordinaria-da-comision-de-sostibilidade-urbana-para-que-santos-aclare-os-avances-que-anuncia-do-pxom\/","url":"https:\/\/www.ppdelugo.com\/es\/o-pp-solicita-a-convocatoria-extraordinaria-da-comision-de-sostibilidade-urbana-para-que-santos-aclare-os-avances-que-anuncia-do-pxom\/","name":"El PP solicita la convocatoria extraordinaria de la comisi\u00f3n de sostenibilidad urbana para que Santos aclare los avances que anuncia del PXOM - Grupo Municipal Partido Popular de Lugo","isPartOf":{"@id":"https:\/\/www.ppdelugo.com\/es\/#website"},"primaryImageOfPage":{"@id":"https:\/\/www.ppdelugo.com\/es\/o-pp-solicita-a-convocatoria-extraordinaria-da-comision-de-sostibilidade-urbana-para-que-santos-aclare-os-avances-que-anuncia-do-pxom\/#primaryimage"},"image":{"@id":"https:\/\/www.ppdelugo.com\/es\/o-pp-solicita-a-convocatoria-extraordinaria-da-comision-de-sostibilidade-urbana-para-que-santos-aclare-os-avances-que-anuncia-do-pxom\/#primaryimage"},"thumbnailUrl":"https:\/\/www.ppdelugo.com\/wp-content\/uploads\/2021\/05\/IMG_5885-min-scaled.jpg","datePublished":"2021-05-31T10:59:22+00:00","dateModified":"2021-05-31T10:59:55+00:00","author":{"@id":"https:\/\/www.ppdelugo.com\/es\/#\/schema\/person\/a847ea797b54208d374f6a8953571050"},"breadcrumb":{"@id":"https:\/\/www.ppdelugo.com\/es\/o-pp-solicita-a-convocatoria-extraordinaria-da-comision-de-sostibilidade-urbana-para-que-santos-aclare-os-avances-que-anuncia-do-pxom\/#breadcrumb"},"inLanguage":"es","potentialAction":[{"@type":"ReadAction","target":["https:\/\/www.ppdelugo.com\/es\/o-pp-solicita-a-convocatoria-extraordinaria-da-comision-de-sostibilidade-urbana-para-que-santos-aclare-os-avances-que-anuncia-do-pxom\/"]}]},{"@type":"ImageObject","inLanguage":"es","@id":"https:\/\/www.ppdelugo.com\/es\/o-pp-solicita-a-convocatoria-extraordinaria-da-comision-de-sostibilidade-urbana-para-que-santos-aclare-os-avances-que-anuncia-do-pxom\/#primaryimage","url":"https:\/\/www.ppdelugo.com\/wp-content\/uploads\/2021\/05\/IMG_5885-min-scaled.jpg","contentUrl":"https:\/\/www.ppdelugo.com\/wp-content\/uploads\/2021\/05\/IMG_5885-min-scaled.jpg","width":2560,"height":1920},{"@type":"BreadcrumbList","@id":"https:\/\/www.ppdelugo.com\/es\/o-pp-solicita-a-convocatoria-extraordinaria-da-comision-de-sostibilidade-urbana-para-que-santos-aclare-os-avances-que-anuncia-do-pxom\/#breadcrumb","itemListElement":[{"@type":"ListItem","position":1,"name":"Portada","item":"https:\/\/www.ppdelugo.com\/es\/"},{"@type":"ListItem","position":2,"name":"El PP solicita la convocatoria extraordinaria de la comisi\u00f3n de sostenibilidad urbana para que Santos aclare los avances que anuncia del PXOM"}]},{"@type":"WebSite","@id":"https:\/\/www.ppdelugo.com\/es\/#website","url":"https:\/\/www.ppdelugo.com\/es\/","name":"Grupo Municipal Partido Popular de Lugo","description":"Web del Grupo Municipal del Partido Popular en el Ayuntamiento de Lugo, con informaci\u00f3n sobre Lugo y fomento de la participaci\u00f3n ciudadana","potentialAction":[{"@type":"SearchAction","target":{"@type":"EntryPoint","urlTemplate":"https:\/\/www.ppdelugo.com\/es\/?s={search_term_string}"},"query-input":{"@type":"PropertyValueSpecification","valueRequired":true,"valueName":"search_term_string"}}],"inLanguage":"es"},{"@type":"Person","@id":"https:\/\/www.ppdelugo.com\/es\/#\/schema\/person\/a847ea797b54208d374f6a8953571050","name":"PP","url":"https:\/\/www.ppdelugo.com\/es\/author\/ppdelugo\/"}]}},"_links":{"self":[{"href":"https:\/\/www.ppdelugo.com\/es\/wp-json\/wp\/v2\/posts\/15174","targetHints":{"allow":["GET"]}}],"collection":[{"href":"https:\/\/www.ppdelugo.com\/es\/wp-json\/wp\/v2\/posts"}],"about":[{"href":"https:\/\/www.ppdelugo.com\/es\/wp-json\/wp\/v2\/types\/post"}],"author":[{"embeddable":true,"href":"https:\/\/www.ppdelugo.com\/es\/wp-json\/wp\/v2\/users\/2"}],"replies":[{"embeddable":true,"href":"https:\/\/www.ppdelugo.com\/es\/wp-json\/wp\/v2\/comments?post=15174"}],"version-history":[{"count":2,"href":"https:\/\/www.ppdelugo.com\/es\/wp-json\/wp\/v2\/posts\/15174\/revisions"}],"predecessor-version":[{"id":15176,"href":"https:\/\/www.ppdelugo.com\/es\/wp-json\/wp\/v2\/posts\/15174\/revisions\/15176"}],"wp:featuredmedia":[{"embeddable":true,"href":"https:\/\/www.ppdelugo.com\/es\/wp-json\/wp\/v2\/media\/15172"}],"wp:attachment":[{"href":"https:\/\/www.ppdelugo.com\/es\/wp-json\/wp\/v2\/media?parent=15174"}],"wp:term":[{"taxonomy":"category","embeddable":true,"href":"https:\/\/www.ppdelugo.com\/es\/wp-json\/wp\/v2\/categories?post=15174"},{"taxonomy":"post_tag","embeddable":true,"href":"https:\/\/www.ppdelugo.com\/es\/wp-json\/wp\/v2\/tags?post=15174"}],"curies":[{"name":"wp","href":"https:\/\/api.w.org\/{rel}","templated":true}]}}