{"id":1489,"date":"2015-10-29T09:19:48","date_gmt":"2015-10-29T09:19:48","guid":{"rendered":"http:\/\/www.ppdelugo.com\/es\/castineira-a-votacion-da-ora-reflicte-a-soidade-e-a-desesperacion-do-goberno\/"},"modified":"2016-01-29T12:52:23","modified_gmt":"2016-01-29T12:52:23","slug":"castineira-a-votacion-da-ora-reflicte-a-soidade-e-a-desesperacion-do-goberno","status":"publish","type":"post","link":"https:\/\/www.ppdelugo.com\/es\/castineira-a-votacion-da-ora-reflicte-a-soidade-e-a-desesperacion-do-goberno\/","title":{"rendered":"Casti\u00f1eira: \u201cla votaci\u00f3n de la ORA refleja la soledad y la desesperaci\u00f3n del gobierno\u201d"},"content":{"rendered":"[vc_row type=\u00bbin_container\u00bb scene_position=\u00bbcenter\u00bb text_color=\u00bbdark\u00bb text_align=\u00bbleft\u00bb top_padding=\u00bb-10&#8243;][vc_column column_padding=\u00bbno-extra-padding\u00bb column_padding_position=\u00bball\u00bb background_color_opacity=\u00bb1&#8243; background_hover_color_opacity=\u00bb1&#8243; width=\u00bb1\/1&#8243;][vc_column_text]\n<p>El portavoz popular Jaime Casti\u00f1eira asegura que en el\u00a0pleno de hoy ha quedado \u201cpatente\u201d el \u201cnaufragio del gobierno\u201d, del que se escapan \u201ctanto los propios concejales socialistas como alguno de los partidos que en su d\u00eda auparon al PSOE a la alcald\u00eda\u201d<\/p>\n<p><!--more--><\/p>\n<p>O voceiro do Grupo Municipal do Partido Popular, Jaime Casti\u00f1eira, afirma que \u201cas votaci\u00f3ns da ORA no pleno de hoxe reflicten a soidade e a desesperaci\u00f3n dun goberno minoritario e en clara desbandada\u201d.<\/p>\n<p>Nesa li\u00f1a, o popular considera que \u201cno pleno deste xoves volveu quedar patente, quizais de xeito m\u00e1is n\u00edtido ca nunca, o naufraxio dos socialistas\u201d, do que \u201cse est\u00e1n escapando non s\u00f3 outros dous concelleiros sen\u00f3n tam\u00e9n que est\u00e1n renegando parte das forzas que auparon ao goberno ao PSOE\u201d. \u201cO problema non \u00e9 que o goberno leve perdido tres concelleiros en catro meses, sen\u00f3n que o problema \u00e9 todo o que perdemos os lucenses por ter un goberno en franca descomposici\u00f3n e que est\u00e1 \u00e1 deriva e nunha ca\u00edda libre en picado\u201d, apunta Casti\u00f1eira, quen tam\u00e9n destacou na s\u00faa intervenci\u00f3n en pleno que \u201cnin sequera fai falta que haxa ningunha estratexia de acoso e derribo, como cre que existe o voceiro socialista, sen\u00f3n que o propio PSOE xa se derriba s\u00f3 porque parece que un dos que o apuntalaron (en referencia ao BNG) sac\u00e1ronlle o puntal e os outros (a respecto de LugoNovo) non se sabe se soben ou se baixan).<\/p>\n<p>As\u00ed mesmo, para os populares \u201co pleno de hoxe tam\u00e9n serviu para confirmar que o novo goberno continuar\u00e1 ao mil\u00edmetro o furor privatizador emprendido nos 16 anos de gobernos de L\u00f3pez Orozco, nos que se multiplicaron por catro os servizos que se deixaron en mans de empresas privadas sen preocuparse por saber se esta f\u00f3rmula era m\u00e1is cara ou reportaba algunha vantaxe\u201d. Nese senso, Casti\u00f1eira subli\u00f1a que \u201cnon podemos entender a postura de empecinamento dos socialistas porque ou algo lle deben a algu\u00e9n ou \u00e9 absurdo que se empe\u00f1en en manter, tal cal est\u00e1, a ORA en mans dunha empresa privada\u201d. As\u00ed, critica que \u201co goberno sexa incapaz de aproveitar o elevado grao de coincidencia que hai entre todos os grupos da oposici\u00f3n para iniciar un cambio claro de modelo de cidade cara a un Lugo m\u00e1is humano e m\u00e1is pensado para as persoas, que \u00e9 unha decisi\u00f3n claramente pol\u00edtica para acadar un Lugo mellor\u201d.<\/p>\n<p><strong>Equipamento da ORA e dobre traballo.-<\/strong><\/p>\n<p>Polo demais, o voceiro popular no seu discurso avogou por recuperar para o Concello \u201co que \u00e9 noso\u201d, en alusi\u00f3n \u00e1s m\u00e1quinas e equipos da anterior concesionaria da ORA, \u201cque xa levan uns 680.000 euros deste equipamento amortizado\u201d, polo que instou aos socialistas a \u201cdefender o que \u00e9 de todos os lucenses\u201d.<\/p>\n<p>Por \u00faltimo, criticou que \u201co que pretend\u00eda coa s\u00faa proposici\u00f3n o goberno era duplicar os traballos, obrigando a traballar sobre catro ordenanzas en lugar de d\u00faas\u201d, porque \u201co \u00fanico obxectivo parece que era que seguise pasando o tempo coa ORA en mans de Vendex\u201d. \u201cPrimeiro f\u00edxoo Orozco, cando estivo dende maio de 2011 sen tomar ningunha medida e agora o novo goberno tam\u00e9n quer\u00eda seguir blindando a esta empresa\u201d, conclu\u00edu, dado que \u201cesta firma privada, no centro da Operaci\u00f3n <em>Pokemon<\/em>, xogar\u00eda con vantaxe nunha hipot\u00e9tica nova licitaci\u00f3n\u201d.\u00a0[\/vc_column_text][\/vc_column][\/vc_row][vc_row type=\u00bbin_container\u00bb scene_position=\u00bbcenter\u00bb text_color=\u00bbdark\u00bb text_align=\u00bbleft\u00bb][vc_column column_padding=\u00bbno-extra-padding\u00bb column_padding_position=\u00bball\u00bb background_color_opacity=\u00bb1&#8243; background_hover_color_opacity=\u00bb1&#8243; width=\u00bb1\/1&#8243;][vc_column_text]\n<audio class=\"wp-audio-shortcode\" id=\"audio-1489-1\" preload=\"none\" style=\"width: 100%;\" controls=\"controls\"><source type=\"audio\/mpeg\" src=\"http:\/\/www.ppdelugo.com\/wp-content\/uploads\/2016\/01\/CORTE-CASTI\u00d1EIRA-PREVISION-PLENO-28-10-151.mp3?_=1\" \/><a href=\"http:\/\/www.ppdelugo.com\/wp-content\/uploads\/2016\/01\/CORTE-CASTI\u00d1EIRA-PREVISION-PLENO-28-10-151.mp3\">http:\/\/www.ppdelugo.com\/wp-content\/uploads\/2016\/01\/CORTE-CASTI\u00d1EIRA-PREVISION-PLENO-28-10-151.mp3<\/a><\/audio>\n[\/vc_column_text][\/vc_column][\/vc_row]\n","protected":false},"excerpt":{"rendered":"<p>[vc_row type=\u00bbin_container\u00bb scene_position=\u00bbcenter\u00bb text_color=\u00bbdark\u00bb text_align=\u00bbleft\u00bb top_padding=\u00bb-10&#8243;][vc_column column_padding=\u00bbno-extra-padding\u00bb column_padding_position=\u00bball\u00bb background_color_opacity=\u00bb1&#8243; background_hover_color_opacity=\u00bb1&#8243; width=\u00bb1\/1&#8243;][vc_column_text] El portavoz popular Jaime Casti\u00f1eira asegura que en el\u00a0pleno de hoy ha quedado \u201cpatente\u201d el \u201cnaufragio del gobierno\u201d, del&#8230;<\/p>\n","protected":false},"author":8,"featured_media":818,"comment_status":"closed","ping_status":"closed","sticky":false,"template":"","format":"standard","meta":{"footnotes":""},"categories":[43],"tags":[],"class_list":{"0":"post-1489","1":"post","2":"type-post","3":"status-publish","4":"format-standard","5":"has-post-thumbnail","7":"category-zona-ora-es"},"yoast_head":"<!-- This site is optimized with the Yoast SEO plugin v27.4 - https:\/\/yoast.com\/product\/yoast-seo-wordpress\/ -->\n<title>Casti\u00f1eira: \u201cla votaci\u00f3n de la ORA refleja la soledad y la desesperaci\u00f3n del gobierno\u201d - Grupo Municipal Partido Popular de Lugo<\/title>\n<meta name=\"robots\" content=\"index, follow, max-snippet:-1, max-image-preview:large, max-video-preview:-1\" \/>\n<link rel=\"canonical\" href=\"https:\/\/www.ppdelugo.com\/es\/castineira-a-votacion-da-ora-reflicte-a-soidade-e-a-desesperacion-do-goberno\/\" \/>\n<meta property=\"og:locale\" content=\"es_ES\" \/>\n<meta property=\"og:type\" content=\"article\" \/>\n<meta property=\"og:title\" content=\"Casti\u00f1eira: \u201cla votaci\u00f3n de la ORA refleja la soledad y la desesperaci\u00f3n del gobierno\u201d - Grupo Municipal Partido Popular de Lugo\" \/>\n<meta property=\"og:description\" content=\"[vc_row type=\u00bbin_container\u00bb scene_position=\u00bbcenter\u00bb text_color=\u00bbdark\u00bb text_align=\u00bbleft\u00bb top_padding=\u00bb-10&#8243;][vc_column column_padding=\u00bbno-extra-padding\u00bb column_padding_position=\u00bball\u00bb background_color_opacity=\u00bb1&#8243; background_hover_color_opacity=\u00bb1&#8243; width=\u00bb1\/1&#8243;][vc_column_text] El portavoz popular Jaime Casti\u00f1eira asegura que en el\u00a0pleno de hoy ha quedado \u201cpatente\u201d el \u201cnaufragio del gobierno\u201d, del...\" \/>\n<meta property=\"og:url\" content=\"https:\/\/www.ppdelugo.com\/es\/castineira-a-votacion-da-ora-reflicte-a-soidade-e-a-desesperacion-do-goberno\/\" \/>\n<meta property=\"og:site_name\" content=\"Grupo Municipal Partido Popular de Lugo\" \/>\n<meta property=\"article:published_time\" content=\"2015-10-29T09:19:48+00:00\" \/>\n<meta property=\"article:modified_time\" content=\"2016-01-29T12:52:23+00:00\" \/>\n<meta property=\"og:image\" content=\"https:\/\/www.ppdelugo.com\/wp-content\/uploads\/2015\/10\/DSC01916-1024x768.jpg\" \/>\n\t<meta property=\"og:image:width\" content=\"1024\" \/>\n\t<meta property=\"og:image:height\" content=\"768\" \/>\n\t<meta property=\"og:image:type\" content=\"image\/jpeg\" \/>\n<meta name=\"author\" content=\"ppdelugo\" \/>\n<meta name=\"twitter:card\" content=\"summary_large_image\" \/>\n<meta name=\"twitter:label1\" content=\"Escrito por\" \/>\n\t<meta name=\"twitter:data1\" content=\"ppdelugo\" \/>\n\t<meta name=\"twitter:label2\" content=\"Tiempo de lectura\" \/>\n\t<meta name=\"twitter:data2\" content=\"3 minutos\" \/>\n<script type=\"application\/ld+json\" class=\"yoast-schema-graph\">{\"@context\":\"https:\\\/\\\/schema.org\",\"@graph\":[{\"@type\":\"Article\",\"@id\":\"https:\\\/\\\/www.ppdelugo.com\\\/es\\\/castineira-a-votacion-da-ora-reflicte-a-soidade-e-a-desesperacion-do-goberno\\\/#article\",\"isPartOf\":{\"@id\":\"https:\\\/\\\/www.ppdelugo.com\\\/es\\\/castineira-a-votacion-da-ora-reflicte-a-soidade-e-a-desesperacion-do-goberno\\\/\"},\"author\":{\"name\":\"ppdelugo\",\"@id\":\"https:\\\/\\\/www.ppdelugo.com\\\/es\\\/#\\\/schema\\\/person\\\/4fa17dd371813e2c389a4417775cec48\"},\"headline\":\"Casti\u00f1eira: \u201cla votaci\u00f3n de la ORA refleja la soledad y la desesperaci\u00f3n del gobierno\u201d\",\"datePublished\":\"2015-10-29T09:19:48+00:00\",\"dateModified\":\"2016-01-29T12:52:23+00:00\",\"mainEntityOfPage\":{\"@id\":\"https:\\\/\\\/www.ppdelugo.com\\\/es\\\/castineira-a-votacion-da-ora-reflicte-a-soidade-e-a-desesperacion-do-goberno\\\/\"},\"wordCount\":693,\"image\":{\"@id\":\"https:\\\/\\\/www.ppdelugo.com\\\/es\\\/castineira-a-votacion-da-ora-reflicte-a-soidade-e-a-desesperacion-do-goberno\\\/#primaryimage\"},\"thumbnailUrl\":\"https:\\\/\\\/www.ppdelugo.com\\\/wp-content\\\/uploads\\\/2015\\\/10\\\/DSC01916.jpg\",\"articleSection\":[\"Zona ORA\"],\"inLanguage\":\"es\"},{\"@type\":\"WebPage\",\"@id\":\"https:\\\/\\\/www.ppdelugo.com\\\/es\\\/castineira-a-votacion-da-ora-reflicte-a-soidade-e-a-desesperacion-do-goberno\\\/\",\"url\":\"https:\\\/\\\/www.ppdelugo.com\\\/es\\\/castineira-a-votacion-da-ora-reflicte-a-soidade-e-a-desesperacion-do-goberno\\\/\",\"name\":\"Casti\u00f1eira: \u201cla votaci\u00f3n de la ORA refleja la soledad y la desesperaci\u00f3n del gobierno\u201d - Grupo Municipal Partido Popular de Lugo\",\"isPartOf\":{\"@id\":\"https:\\\/\\\/www.ppdelugo.com\\\/es\\\/#website\"},\"primaryImageOfPage\":{\"@id\":\"https:\\\/\\\/www.ppdelugo.com\\\/es\\\/castineira-a-votacion-da-ora-reflicte-a-soidade-e-a-desesperacion-do-goberno\\\/#primaryimage\"},\"image\":{\"@id\":\"https:\\\/\\\/www.ppdelugo.com\\\/es\\\/castineira-a-votacion-da-ora-reflicte-a-soidade-e-a-desesperacion-do-goberno\\\/#primaryimage\"},\"thumbnailUrl\":\"https:\\\/\\\/www.ppdelugo.com\\\/wp-content\\\/uploads\\\/2015\\\/10\\\/DSC01916.jpg\",\"datePublished\":\"2015-10-29T09:19:48+00:00\",\"dateModified\":\"2016-01-29T12:52:23+00:00\",\"author\":{\"@id\":\"https:\\\/\\\/www.ppdelugo.com\\\/es\\\/#\\\/schema\\\/person\\\/4fa17dd371813e2c389a4417775cec48\"},\"breadcrumb\":{\"@id\":\"https:\\\/\\\/www.ppdelugo.com\\\/es\\\/castineira-a-votacion-da-ora-reflicte-a-soidade-e-a-desesperacion-do-goberno\\\/#breadcrumb\"},\"inLanguage\":\"es\",\"potentialAction\":[{\"@type\":\"ReadAction\",\"target\":[\"https:\\\/\\\/www.ppdelugo.com\\\/es\\\/castineira-a-votacion-da-ora-reflicte-a-soidade-e-a-desesperacion-do-goberno\\\/\"]}]},{\"@type\":\"ImageObject\",\"inLanguage\":\"es\",\"@id\":\"https:\\\/\\\/www.ppdelugo.com\\\/es\\\/castineira-a-votacion-da-ora-reflicte-a-soidade-e-a-desesperacion-do-goberno\\\/#primaryimage\",\"url\":\"https:\\\/\\\/www.ppdelugo.com\\\/wp-content\\\/uploads\\\/2015\\\/10\\\/DSC01916.jpg\",\"contentUrl\":\"https:\\\/\\\/www.ppdelugo.com\\\/wp-content\\\/uploads\\\/2015\\\/10\\\/DSC01916.jpg\",\"width\":3648,\"height\":2736},{\"@type\":\"BreadcrumbList\",\"@id\":\"https:\\\/\\\/www.ppdelugo.com\\\/es\\\/castineira-a-votacion-da-ora-reflicte-a-soidade-e-a-desesperacion-do-goberno\\\/#breadcrumb\",\"itemListElement\":[{\"@type\":\"ListItem\",\"position\":1,\"name\":\"Portada\",\"item\":\"https:\\\/\\\/www.ppdelugo.com\\\/es\\\/\"},{\"@type\":\"ListItem\",\"position\":2,\"name\":\"Casti\u00f1eira: \u201cla votaci\u00f3n de la ORA refleja la soledad y la desesperaci\u00f3n del gobierno\u201d\"}]},{\"@type\":\"WebSite\",\"@id\":\"https:\\\/\\\/www.ppdelugo.com\\\/es\\\/#website\",\"url\":\"https:\\\/\\\/www.ppdelugo.com\\\/es\\\/\",\"name\":\"Grupo Municipal Partido Popular de Lugo\",\"description\":\"Web del Grupo Municipal del Partido Popular en el Ayuntamiento de Lugo, con informaci\u00f3n sobre Lugo y fomento de la participaci\u00f3n ciudadana\",\"potentialAction\":[{\"@type\":\"SearchAction\",\"target\":{\"@type\":\"EntryPoint\",\"urlTemplate\":\"https:\\\/\\\/www.ppdelugo.com\\\/es\\\/?s={search_term_string}\"},\"query-input\":{\"@type\":\"PropertyValueSpecification\",\"valueRequired\":true,\"valueName\":\"search_term_string\"}}],\"inLanguage\":\"es\"},{\"@type\":\"Person\",\"@id\":\"https:\\\/\\\/www.ppdelugo.com\\\/es\\\/#\\\/schema\\\/person\\\/4fa17dd371813e2c389a4417775cec48\",\"name\":\"ppdelugo\",\"url\":\"https:\\\/\\\/www.ppdelugo.com\\\/es\\\/author\\\/admin-2\\\/\"}]}<\/script>\n<!-- \/ Yoast SEO plugin. -->","yoast_head_json":{"title":"Casti\u00f1eira: \u201cla votaci\u00f3n de la ORA refleja la soledad y la desesperaci\u00f3n del gobierno\u201d - Grupo Municipal Partido Popular de Lugo","robots":{"index":"index","follow":"follow","max-snippet":"max-snippet:-1","max-image-preview":"max-image-preview:large","max-video-preview":"max-video-preview:-1"},"canonical":"https:\/\/www.ppdelugo.com\/es\/castineira-a-votacion-da-ora-reflicte-a-soidade-e-a-desesperacion-do-goberno\/","og_locale":"es_ES","og_type":"article","og_title":"Casti\u00f1eira: \u201cla votaci\u00f3n de la ORA refleja la soledad y la desesperaci\u00f3n del gobierno\u201d - Grupo Municipal Partido Popular de Lugo","og_description":"[vc_row type=\u00bbin_container\u00bb scene_position=\u00bbcenter\u00bb text_color=\u00bbdark\u00bb text_align=\u00bbleft\u00bb top_padding=\u00bb-10&#8243;][vc_column column_padding=\u00bbno-extra-padding\u00bb column_padding_position=\u00bball\u00bb background_color_opacity=\u00bb1&#8243; background_hover_color_opacity=\u00bb1&#8243; width=\u00bb1\/1&#8243;][vc_column_text] El portavoz popular Jaime Casti\u00f1eira asegura que en el\u00a0pleno de hoy ha quedado \u201cpatente\u201d el \u201cnaufragio del gobierno\u201d, del...","og_url":"https:\/\/www.ppdelugo.com\/es\/castineira-a-votacion-da-ora-reflicte-a-soidade-e-a-desesperacion-do-goberno\/","og_site_name":"Grupo Municipal Partido Popular de Lugo","article_published_time":"2015-10-29T09:19:48+00:00","article_modified_time":"2016-01-29T12:52:23+00:00","og_image":[{"width":1024,"height":768,"url":"https:\/\/www.ppdelugo.com\/wp-content\/uploads\/2015\/10\/DSC01916-1024x768.jpg","type":"image\/jpeg"}],"author":"ppdelugo","twitter_card":"summary_large_image","twitter_misc":{"Escrito por":"ppdelugo","Tiempo de lectura":"3 minutos"},"schema":{"@context":"https:\/\/schema.org","@graph":[{"@type":"Article","@id":"https:\/\/www.ppdelugo.com\/es\/castineira-a-votacion-da-ora-reflicte-a-soidade-e-a-desesperacion-do-goberno\/#article","isPartOf":{"@id":"https:\/\/www.ppdelugo.com\/es\/castineira-a-votacion-da-ora-reflicte-a-soidade-e-a-desesperacion-do-goberno\/"},"author":{"name":"ppdelugo","@id":"https:\/\/www.ppdelugo.com\/es\/#\/schema\/person\/4fa17dd371813e2c389a4417775cec48"},"headline":"Casti\u00f1eira: \u201cla votaci\u00f3n de la ORA refleja la soledad y la desesperaci\u00f3n del gobierno\u201d","datePublished":"2015-10-29T09:19:48+00:00","dateModified":"2016-01-29T12:52:23+00:00","mainEntityOfPage":{"@id":"https:\/\/www.ppdelugo.com\/es\/castineira-a-votacion-da-ora-reflicte-a-soidade-e-a-desesperacion-do-goberno\/"},"wordCount":693,"image":{"@id":"https:\/\/www.ppdelugo.com\/es\/castineira-a-votacion-da-ora-reflicte-a-soidade-e-a-desesperacion-do-goberno\/#primaryimage"},"thumbnailUrl":"https:\/\/www.ppdelugo.com\/wp-content\/uploads\/2015\/10\/DSC01916.jpg","articleSection":["Zona ORA"],"inLanguage":"es"},{"@type":"WebPage","@id":"https:\/\/www.ppdelugo.com\/es\/castineira-a-votacion-da-ora-reflicte-a-soidade-e-a-desesperacion-do-goberno\/","url":"https:\/\/www.ppdelugo.com\/es\/castineira-a-votacion-da-ora-reflicte-a-soidade-e-a-desesperacion-do-goberno\/","name":"Casti\u00f1eira: \u201cla votaci\u00f3n de la ORA refleja la soledad y la desesperaci\u00f3n del gobierno\u201d - Grupo Municipal Partido Popular de Lugo","isPartOf":{"@id":"https:\/\/www.ppdelugo.com\/es\/#website"},"primaryImageOfPage":{"@id":"https:\/\/www.ppdelugo.com\/es\/castineira-a-votacion-da-ora-reflicte-a-soidade-e-a-desesperacion-do-goberno\/#primaryimage"},"image":{"@id":"https:\/\/www.ppdelugo.com\/es\/castineira-a-votacion-da-ora-reflicte-a-soidade-e-a-desesperacion-do-goberno\/#primaryimage"},"thumbnailUrl":"https:\/\/www.ppdelugo.com\/wp-content\/uploads\/2015\/10\/DSC01916.jpg","datePublished":"2015-10-29T09:19:48+00:00","dateModified":"2016-01-29T12:52:23+00:00","author":{"@id":"https:\/\/www.ppdelugo.com\/es\/#\/schema\/person\/4fa17dd371813e2c389a4417775cec48"},"breadcrumb":{"@id":"https:\/\/www.ppdelugo.com\/es\/castineira-a-votacion-da-ora-reflicte-a-soidade-e-a-desesperacion-do-goberno\/#breadcrumb"},"inLanguage":"es","potentialAction":[{"@type":"ReadAction","target":["https:\/\/www.ppdelugo.com\/es\/castineira-a-votacion-da-ora-reflicte-a-soidade-e-a-desesperacion-do-goberno\/"]}]},{"@type":"ImageObject","inLanguage":"es","@id":"https:\/\/www.ppdelugo.com\/es\/castineira-a-votacion-da-ora-reflicte-a-soidade-e-a-desesperacion-do-goberno\/#primaryimage","url":"https:\/\/www.ppdelugo.com\/wp-content\/uploads\/2015\/10\/DSC01916.jpg","contentUrl":"https:\/\/www.ppdelugo.com\/wp-content\/uploads\/2015\/10\/DSC01916.jpg","width":3648,"height":2736},{"@type":"BreadcrumbList","@id":"https:\/\/www.ppdelugo.com\/es\/castineira-a-votacion-da-ora-reflicte-a-soidade-e-a-desesperacion-do-goberno\/#breadcrumb","itemListElement":[{"@type":"ListItem","position":1,"name":"Portada","item":"https:\/\/www.ppdelugo.com\/es\/"},{"@type":"ListItem","position":2,"name":"Casti\u00f1eira: \u201cla votaci\u00f3n de la ORA refleja la soledad y la desesperaci\u00f3n del gobierno\u201d"}]},{"@type":"WebSite","@id":"https:\/\/www.ppdelugo.com\/es\/#website","url":"https:\/\/www.ppdelugo.com\/es\/","name":"Grupo Municipal Partido Popular de Lugo","description":"Web del Grupo Municipal del Partido Popular en el Ayuntamiento de Lugo, con informaci\u00f3n sobre Lugo y fomento de la participaci\u00f3n ciudadana","potentialAction":[{"@type":"SearchAction","target":{"@type":"EntryPoint","urlTemplate":"https:\/\/www.ppdelugo.com\/es\/?s={search_term_string}"},"query-input":{"@type":"PropertyValueSpecification","valueRequired":true,"valueName":"search_term_string"}}],"inLanguage":"es"},{"@type":"Person","@id":"https:\/\/www.ppdelugo.com\/es\/#\/schema\/person\/4fa17dd371813e2c389a4417775cec48","name":"ppdelugo","url":"https:\/\/www.ppdelugo.com\/es\/author\/admin-2\/"}]}},"_links":{"self":[{"href":"https:\/\/www.ppdelugo.com\/es\/wp-json\/wp\/v2\/posts\/1489","targetHints":{"allow":["GET"]}}],"collection":[{"href":"https:\/\/www.ppdelugo.com\/es\/wp-json\/wp\/v2\/posts"}],"about":[{"href":"https:\/\/www.ppdelugo.com\/es\/wp-json\/wp\/v2\/types\/post"}],"author":[{"embeddable":true,"href":"https:\/\/www.ppdelugo.com\/es\/wp-json\/wp\/v2\/users\/8"}],"replies":[{"embeddable":true,"href":"https:\/\/www.ppdelugo.com\/es\/wp-json\/wp\/v2\/comments?post=1489"}],"version-history":[{"count":0,"href":"https:\/\/www.ppdelugo.com\/es\/wp-json\/wp\/v2\/posts\/1489\/revisions"}],"wp:featuredmedia":[{"embeddable":true,"href":"https:\/\/www.ppdelugo.com\/es\/wp-json\/wp\/v2\/media\/818"}],"wp:attachment":[{"href":"https:\/\/www.ppdelugo.com\/es\/wp-json\/wp\/v2\/media?parent=1489"}],"wp:term":[{"taxonomy":"category","embeddable":true,"href":"https:\/\/www.ppdelugo.com\/es\/wp-json\/wp\/v2\/categories?post=1489"},{"taxonomy":"post_tag","embeddable":true,"href":"https:\/\/www.ppdelugo.com\/es\/wp-json\/wp\/v2\/tags?post=1489"}],"curies":[{"name":"wp","href":"https:\/\/api.w.org\/{rel}","templated":true}]}}