{"id":1423,"date":"2015-11-24T10:15:47","date_gmt":"2015-11-24T10:15:47","guid":{"rendered":"http:\/\/www.ppdelugo.com\/es\/o-pp-critica-os-continuos-bandazos-do-goberno-local\/"},"modified":"2016-01-29T11:31:59","modified_gmt":"2016-01-29T11:31:59","slug":"o-pp-critica-os-continuos-bandazos-do-goberno-local","status":"publish","type":"post","link":"https:\/\/www.ppdelugo.com\/es\/o-pp-critica-os-continuos-bandazos-do-goberno-local\/","title":{"rendered":"El PP critica los \u201ccontinuos bandazos\u201d del gobierno local"},"content":{"rendered":"[vc_row type=\u00bbin_container\u00bb scene_position=\u00bbcenter\u00bb text_color=\u00bbdark\u00bb text_align=\u00bbleft\u00bb top_padding=\u00bb-10&#8243;][vc_column column_padding=\u00bbno-extra-padding\u00bb column_padding_position=\u00bball\u00bb background_color_opacity=\u00bb1&#8243; background_hover_color_opacity=\u00bb1&#8243; width=\u00bb1\/1&#8243;][vc_column_text]\n<p>Antonio Ameijide ve \u201cllamativo\u201d el \u201ccambio de criterio\u201d de los socialistas, que \u201cahora hacen aquello a lo que en abril se opusieron\u201d, en relaci\u00f3n a la modificaci\u00f3n del tr\u00e1fico en Infanta Elena, haciendo bidireccional el tramo entre la calle Monforte y rotonda de Paradai<\/p>\n<p><!--more--><\/p>\n<p>O concelleiro do Grupo Municipal do Partido Popular Antonio Ameijide critica os \u201ccontinuos bandazos\u201d do novo goberno municipal, en referencia \u00e1 obra que est\u00e1 a executar o Concello de Lugo no treito de Infanta Elena, entre a rotonda da r\u00faa Monforte e a nova de Paradai.<\/p>\n<p>Nesa li\u00f1a, o popular lembra que \u201ca\u00ednda que lle damos a benvida ao novo goberno a esta preocupaci\u00f3n, que tantas veces temos trasladado dende o Grupo Municipal do Partido Popular, o que si temos que lamentar que non se tivera realizado esta obra de xeito simult\u00e1neo \u00e1 que executou a Xunta de Galicia, por importe duns 3,5 mill\u00f3ns de euros, na construci\u00f3n da ponte\u201d. Deste xeito, Ameijide indica que \u201cde telo feito as\u00ed, non s\u00f3 os veci\u00f1os de Lugo poder\u00edamos levar xa varios meses disfrutando desta intervenci\u00f3n, sen\u00f3n que se minimizar\u00edan as molestias que se lles causa aos lugueses e mesmo se pod\u00eda ter conseguido un aforro econ\u00f3mico importante\u201d.<\/p>\n<p>O edil responsable de Tr\u00e1fico e Mobilidade do Grupo Municipal do Partido Popular explica que \u201cresulta incomprensible que o PSOE en abril, en id\u00e9ntica situaci\u00f3n \u00e1 actual de forza minoritaria nun goberno en desbandada, non apoiara unha proposta plenaria do GMPP na que se ped\u00eda precisamente esta obra para mellorar a seguridade vial e o tr\u00e1fico, de xieto que se puidese reducir o tr\u00e1fico na intersecci\u00f3n entre r\u00edo Sil e r\u00faa Conde, unha das m\u00e1is conflitivas do casco urbano\u201d. \u201cEstamos a falar dunha zona na que confl\u00fae o tr\u00e1fico de d\u00faas das entradas e sa\u00eddas principais de Lugo, polo que non ti\u00f1a ning\u00fan sentido non ter executado con anterioridade esta intervenci\u00f3n para desconxestionar a circulaci\u00f3n\u201d, insiste o popular.<\/p>\n<p>Por \u00faltimo, Ameijide critica que \u201cnon \u00e9 a primeira vez que se produce un cambio de criterio e un bandazo que, dende logo, non \u00e9 tranquilizador para os lucenses\u201d, xa que \u201cao desplante que lle fixo a nova alcaldesa a Orozco en relaci\u00f3n ao repintado de prazas de estacionamento en bater\u00eda no entorno do HULA, tal como o PP tam\u00e9n pedira en pleno e ao que o anterior alcalde se opuxera, agora eng\u00e1dese outro novo caso de desplante do que todos somos v\u00edtimas\u201d.<\/p>\n[\/vc_column_text][\/vc_column][\/vc_row][vc_row type=\u00bbin_container\u00bb scene_position=\u00bbcenter\u00bb text_color=\u00bbdark\u00bb text_align=\u00bbleft\u00bb][vc_column column_padding=\u00bbno-extra-padding\u00bb column_padding_position=\u00bball\u00bb background_color_opacity=\u00bb1&#8243; background_hover_color_opacity=\u00bb1&#8243; width=\u00bb1\/1&#8243;][vc_column_text]\n[\/vc_column_text][\/vc_column][\/vc_row]\n","protected":false},"excerpt":{"rendered":"<p>[vc_row type=\u00bbin_container\u00bb scene_position=\u00bbcenter\u00bb text_color=\u00bbdark\u00bb text_align=\u00bbleft\u00bb top_padding=\u00bb-10&#8243;][vc_column column_padding=\u00bbno-extra-padding\u00bb column_padding_position=\u00bball\u00bb background_color_opacity=\u00bb1&#8243; background_hover_color_opacity=\u00bb1&#8243; width=\u00bb1\/1&#8243;][vc_column_text] Antonio Ameijide ve \u201cllamativo\u201d el \u201ccambio de criterio\u201d de los socialistas, que \u201cahora hacen aquello a lo que en&#8230;<\/p>\n","protected":false},"author":8,"featured_media":508,"comment_status":"closed","ping_status":"closed","sticky":false,"template":"","format":"standard","meta":{"footnotes":""},"categories":[34,38],"tags":[],"class_list":{"0":"post-1423","1":"post","2":"type-post","3":"status-publish","4":"format-standard","5":"has-post-thumbnail","7":"category-obras-es","8":"category-trafico-es"},"yoast_head":"<!-- This site is optimized with the Yoast SEO plugin v27.4 - https:\/\/yoast.com\/product\/yoast-seo-wordpress\/ -->\n<title>El PP critica los \u201ccontinuos bandazos\u201d del gobierno local - Grupo Municipal Partido Popular de Lugo<\/title>\n<meta name=\"robots\" content=\"index, follow, max-snippet:-1, max-image-preview:large, max-video-preview:-1\" \/>\n<link rel=\"canonical\" href=\"https:\/\/www.ppdelugo.com\/es\/o-pp-critica-os-continuos-bandazos-do-goberno-local\/\" \/>\n<meta property=\"og:locale\" content=\"es_ES\" \/>\n<meta property=\"og:type\" content=\"article\" \/>\n<meta property=\"og:title\" content=\"El PP critica los \u201ccontinuos bandazos\u201d del gobierno local - Grupo Municipal Partido Popular de Lugo\" \/>\n<meta property=\"og:description\" content=\"[vc_row type=\u00bbin_container\u00bb scene_position=\u00bbcenter\u00bb text_color=\u00bbdark\u00bb text_align=\u00bbleft\u00bb top_padding=\u00bb-10&#8243;][vc_column column_padding=\u00bbno-extra-padding\u00bb column_padding_position=\u00bball\u00bb background_color_opacity=\u00bb1&#8243; background_hover_color_opacity=\u00bb1&#8243; width=\u00bb1\/1&#8243;][vc_column_text] Antonio Ameijide ve \u201cllamativo\u201d el \u201ccambio de criterio\u201d de los socialistas, que \u201cahora hacen aquello a lo que en...\" \/>\n<meta property=\"og:url\" content=\"https:\/\/www.ppdelugo.com\/es\/o-pp-critica-os-continuos-bandazos-do-goberno-local\/\" \/>\n<meta property=\"og:site_name\" content=\"Grupo Municipal Partido Popular de Lugo\" \/>\n<meta property=\"article:published_time\" content=\"2015-11-24T10:15:47+00:00\" \/>\n<meta property=\"article:modified_time\" content=\"2016-01-29T11:31:59+00:00\" \/>\n<meta property=\"og:image\" content=\"https:\/\/www.ppdelugo.com\/wp-content\/uploads\/2015\/12\/FOTO-INFANTA-ELENA.jpg\" \/>\n\t<meta property=\"og:image:width\" content=\"640\" \/>\n\t<meta property=\"og:image:height\" content=\"480\" \/>\n\t<meta property=\"og:image:type\" content=\"image\/jpeg\" \/>\n<meta name=\"author\" content=\"ppdelugo\" \/>\n<meta name=\"twitter:card\" content=\"summary_large_image\" \/>\n<meta name=\"twitter:label1\" content=\"Escrito por\" \/>\n\t<meta name=\"twitter:data1\" content=\"ppdelugo\" \/>\n\t<meta name=\"twitter:label2\" content=\"Tiempo de lectura\" \/>\n\t<meta name=\"twitter:data2\" content=\"3 minutos\" \/>\n<script type=\"application\/ld+json\" class=\"yoast-schema-graph\">{\"@context\":\"https:\\\/\\\/schema.org\",\"@graph\":[{\"@type\":\"Article\",\"@id\":\"https:\\\/\\\/www.ppdelugo.com\\\/es\\\/o-pp-critica-os-continuos-bandazos-do-goberno-local\\\/#article\",\"isPartOf\":{\"@id\":\"https:\\\/\\\/www.ppdelugo.com\\\/es\\\/o-pp-critica-os-continuos-bandazos-do-goberno-local\\\/\"},\"author\":{\"name\":\"ppdelugo\",\"@id\":\"https:\\\/\\\/www.ppdelugo.com\\\/es\\\/#\\\/schema\\\/person\\\/4fa17dd371813e2c389a4417775cec48\"},\"headline\":\"El PP critica los \u201ccontinuos bandazos\u201d del gobierno local\",\"datePublished\":\"2015-11-24T10:15:47+00:00\",\"dateModified\":\"2016-01-29T11:31:59+00:00\",\"mainEntityOfPage\":{\"@id\":\"https:\\\/\\\/www.ppdelugo.com\\\/es\\\/o-pp-critica-os-continuos-bandazos-do-goberno-local\\\/\"},\"wordCount\":528,\"image\":{\"@id\":\"https:\\\/\\\/www.ppdelugo.com\\\/es\\\/o-pp-critica-os-continuos-bandazos-do-goberno-local\\\/#primaryimage\"},\"thumbnailUrl\":\"https:\\\/\\\/www.ppdelugo.com\\\/wp-content\\\/uploads\\\/2015\\\/12\\\/FOTO-INFANTA-ELENA.jpg\",\"articleSection\":[\"Obras\",\"Tr\u00e1fico\"],\"inLanguage\":\"es\"},{\"@type\":\"WebPage\",\"@id\":\"https:\\\/\\\/www.ppdelugo.com\\\/es\\\/o-pp-critica-os-continuos-bandazos-do-goberno-local\\\/\",\"url\":\"https:\\\/\\\/www.ppdelugo.com\\\/es\\\/o-pp-critica-os-continuos-bandazos-do-goberno-local\\\/\",\"name\":\"El PP critica los \u201ccontinuos bandazos\u201d del gobierno local - Grupo Municipal Partido Popular de Lugo\",\"isPartOf\":{\"@id\":\"https:\\\/\\\/www.ppdelugo.com\\\/es\\\/#website\"},\"primaryImageOfPage\":{\"@id\":\"https:\\\/\\\/www.ppdelugo.com\\\/es\\\/o-pp-critica-os-continuos-bandazos-do-goberno-local\\\/#primaryimage\"},\"image\":{\"@id\":\"https:\\\/\\\/www.ppdelugo.com\\\/es\\\/o-pp-critica-os-continuos-bandazos-do-goberno-local\\\/#primaryimage\"},\"thumbnailUrl\":\"https:\\\/\\\/www.ppdelugo.com\\\/wp-content\\\/uploads\\\/2015\\\/12\\\/FOTO-INFANTA-ELENA.jpg\",\"datePublished\":\"2015-11-24T10:15:47+00:00\",\"dateModified\":\"2016-01-29T11:31:59+00:00\",\"author\":{\"@id\":\"https:\\\/\\\/www.ppdelugo.com\\\/es\\\/#\\\/schema\\\/person\\\/4fa17dd371813e2c389a4417775cec48\"},\"breadcrumb\":{\"@id\":\"https:\\\/\\\/www.ppdelugo.com\\\/es\\\/o-pp-critica-os-continuos-bandazos-do-goberno-local\\\/#breadcrumb\"},\"inLanguage\":\"es\",\"potentialAction\":[{\"@type\":\"ReadAction\",\"target\":[\"https:\\\/\\\/www.ppdelugo.com\\\/es\\\/o-pp-critica-os-continuos-bandazos-do-goberno-local\\\/\"]}]},{\"@type\":\"ImageObject\",\"inLanguage\":\"es\",\"@id\":\"https:\\\/\\\/www.ppdelugo.com\\\/es\\\/o-pp-critica-os-continuos-bandazos-do-goberno-local\\\/#primaryimage\",\"url\":\"https:\\\/\\\/www.ppdelugo.com\\\/wp-content\\\/uploads\\\/2015\\\/12\\\/FOTO-INFANTA-ELENA.jpg\",\"contentUrl\":\"https:\\\/\\\/www.ppdelugo.com\\\/wp-content\\\/uploads\\\/2015\\\/12\\\/FOTO-INFANTA-ELENA.jpg\",\"width\":640,\"height\":480},{\"@type\":\"BreadcrumbList\",\"@id\":\"https:\\\/\\\/www.ppdelugo.com\\\/es\\\/o-pp-critica-os-continuos-bandazos-do-goberno-local\\\/#breadcrumb\",\"itemListElement\":[{\"@type\":\"ListItem\",\"position\":1,\"name\":\"Portada\",\"item\":\"https:\\\/\\\/www.ppdelugo.com\\\/es\\\/\"},{\"@type\":\"ListItem\",\"position\":2,\"name\":\"El PP critica los \u201ccontinuos bandazos\u201d del gobierno local\"}]},{\"@type\":\"WebSite\",\"@id\":\"https:\\\/\\\/www.ppdelugo.com\\\/es\\\/#website\",\"url\":\"https:\\\/\\\/www.ppdelugo.com\\\/es\\\/\",\"name\":\"Grupo Municipal Partido Popular de Lugo\",\"description\":\"Web del Grupo Municipal del Partido Popular en el Ayuntamiento de Lugo, con informaci\u00f3n sobre Lugo y fomento de la participaci\u00f3n ciudadana\",\"potentialAction\":[{\"@type\":\"SearchAction\",\"target\":{\"@type\":\"EntryPoint\",\"urlTemplate\":\"https:\\\/\\\/www.ppdelugo.com\\\/es\\\/?s={search_term_string}\"},\"query-input\":{\"@type\":\"PropertyValueSpecification\",\"valueRequired\":true,\"valueName\":\"search_term_string\"}}],\"inLanguage\":\"es\"},{\"@type\":\"Person\",\"@id\":\"https:\\\/\\\/www.ppdelugo.com\\\/es\\\/#\\\/schema\\\/person\\\/4fa17dd371813e2c389a4417775cec48\",\"name\":\"ppdelugo\",\"url\":\"https:\\\/\\\/www.ppdelugo.com\\\/es\\\/author\\\/admin-2\\\/\"}]}<\/script>\n<!-- \/ Yoast SEO plugin. -->","yoast_head_json":{"title":"El PP critica los \u201ccontinuos bandazos\u201d del gobierno local - Grupo Municipal Partido Popular de Lugo","robots":{"index":"index","follow":"follow","max-snippet":"max-snippet:-1","max-image-preview":"max-image-preview:large","max-video-preview":"max-video-preview:-1"},"canonical":"https:\/\/www.ppdelugo.com\/es\/o-pp-critica-os-continuos-bandazos-do-goberno-local\/","og_locale":"es_ES","og_type":"article","og_title":"El PP critica los \u201ccontinuos bandazos\u201d del gobierno local - Grupo Municipal Partido Popular de Lugo","og_description":"[vc_row type=\u00bbin_container\u00bb scene_position=\u00bbcenter\u00bb text_color=\u00bbdark\u00bb text_align=\u00bbleft\u00bb top_padding=\u00bb-10&#8243;][vc_column column_padding=\u00bbno-extra-padding\u00bb column_padding_position=\u00bball\u00bb background_color_opacity=\u00bb1&#8243; background_hover_color_opacity=\u00bb1&#8243; width=\u00bb1\/1&#8243;][vc_column_text] Antonio Ameijide ve \u201cllamativo\u201d el \u201ccambio de criterio\u201d de los socialistas, que \u201cahora hacen aquello a lo que en...","og_url":"https:\/\/www.ppdelugo.com\/es\/o-pp-critica-os-continuos-bandazos-do-goberno-local\/","og_site_name":"Grupo Municipal Partido Popular de Lugo","article_published_time":"2015-11-24T10:15:47+00:00","article_modified_time":"2016-01-29T11:31:59+00:00","og_image":[{"width":640,"height":480,"url":"https:\/\/www.ppdelugo.com\/wp-content\/uploads\/2015\/12\/FOTO-INFANTA-ELENA.jpg","type":"image\/jpeg"}],"author":"ppdelugo","twitter_card":"summary_large_image","twitter_misc":{"Escrito por":"ppdelugo","Tiempo de lectura":"3 minutos"},"schema":{"@context":"https:\/\/schema.org","@graph":[{"@type":"Article","@id":"https:\/\/www.ppdelugo.com\/es\/o-pp-critica-os-continuos-bandazos-do-goberno-local\/#article","isPartOf":{"@id":"https:\/\/www.ppdelugo.com\/es\/o-pp-critica-os-continuos-bandazos-do-goberno-local\/"},"author":{"name":"ppdelugo","@id":"https:\/\/www.ppdelugo.com\/es\/#\/schema\/person\/4fa17dd371813e2c389a4417775cec48"},"headline":"El PP critica los \u201ccontinuos bandazos\u201d del gobierno local","datePublished":"2015-11-24T10:15:47+00:00","dateModified":"2016-01-29T11:31:59+00:00","mainEntityOfPage":{"@id":"https:\/\/www.ppdelugo.com\/es\/o-pp-critica-os-continuos-bandazos-do-goberno-local\/"},"wordCount":528,"image":{"@id":"https:\/\/www.ppdelugo.com\/es\/o-pp-critica-os-continuos-bandazos-do-goberno-local\/#primaryimage"},"thumbnailUrl":"https:\/\/www.ppdelugo.com\/wp-content\/uploads\/2015\/12\/FOTO-INFANTA-ELENA.jpg","articleSection":["Obras","Tr\u00e1fico"],"inLanguage":"es"},{"@type":"WebPage","@id":"https:\/\/www.ppdelugo.com\/es\/o-pp-critica-os-continuos-bandazos-do-goberno-local\/","url":"https:\/\/www.ppdelugo.com\/es\/o-pp-critica-os-continuos-bandazos-do-goberno-local\/","name":"El PP critica los \u201ccontinuos bandazos\u201d del gobierno local - Grupo Municipal Partido Popular de Lugo","isPartOf":{"@id":"https:\/\/www.ppdelugo.com\/es\/#website"},"primaryImageOfPage":{"@id":"https:\/\/www.ppdelugo.com\/es\/o-pp-critica-os-continuos-bandazos-do-goberno-local\/#primaryimage"},"image":{"@id":"https:\/\/www.ppdelugo.com\/es\/o-pp-critica-os-continuos-bandazos-do-goberno-local\/#primaryimage"},"thumbnailUrl":"https:\/\/www.ppdelugo.com\/wp-content\/uploads\/2015\/12\/FOTO-INFANTA-ELENA.jpg","datePublished":"2015-11-24T10:15:47+00:00","dateModified":"2016-01-29T11:31:59+00:00","author":{"@id":"https:\/\/www.ppdelugo.com\/es\/#\/schema\/person\/4fa17dd371813e2c389a4417775cec48"},"breadcrumb":{"@id":"https:\/\/www.ppdelugo.com\/es\/o-pp-critica-os-continuos-bandazos-do-goberno-local\/#breadcrumb"},"inLanguage":"es","potentialAction":[{"@type":"ReadAction","target":["https:\/\/www.ppdelugo.com\/es\/o-pp-critica-os-continuos-bandazos-do-goberno-local\/"]}]},{"@type":"ImageObject","inLanguage":"es","@id":"https:\/\/www.ppdelugo.com\/es\/o-pp-critica-os-continuos-bandazos-do-goberno-local\/#primaryimage","url":"https:\/\/www.ppdelugo.com\/wp-content\/uploads\/2015\/12\/FOTO-INFANTA-ELENA.jpg","contentUrl":"https:\/\/www.ppdelugo.com\/wp-content\/uploads\/2015\/12\/FOTO-INFANTA-ELENA.jpg","width":640,"height":480},{"@type":"BreadcrumbList","@id":"https:\/\/www.ppdelugo.com\/es\/o-pp-critica-os-continuos-bandazos-do-goberno-local\/#breadcrumb","itemListElement":[{"@type":"ListItem","position":1,"name":"Portada","item":"https:\/\/www.ppdelugo.com\/es\/"},{"@type":"ListItem","position":2,"name":"El PP critica los \u201ccontinuos bandazos\u201d del gobierno local"}]},{"@type":"WebSite","@id":"https:\/\/www.ppdelugo.com\/es\/#website","url":"https:\/\/www.ppdelugo.com\/es\/","name":"Grupo Municipal Partido Popular de Lugo","description":"Web del Grupo Municipal del Partido Popular en el Ayuntamiento de Lugo, con informaci\u00f3n sobre Lugo y fomento de la participaci\u00f3n ciudadana","potentialAction":[{"@type":"SearchAction","target":{"@type":"EntryPoint","urlTemplate":"https:\/\/www.ppdelugo.com\/es\/?s={search_term_string}"},"query-input":{"@type":"PropertyValueSpecification","valueRequired":true,"valueName":"search_term_string"}}],"inLanguage":"es"},{"@type":"Person","@id":"https:\/\/www.ppdelugo.com\/es\/#\/schema\/person\/4fa17dd371813e2c389a4417775cec48","name":"ppdelugo","url":"https:\/\/www.ppdelugo.com\/es\/author\/admin-2\/"}]}},"_links":{"self":[{"href":"https:\/\/www.ppdelugo.com\/es\/wp-json\/wp\/v2\/posts\/1423","targetHints":{"allow":["GET"]}}],"collection":[{"href":"https:\/\/www.ppdelugo.com\/es\/wp-json\/wp\/v2\/posts"}],"about":[{"href":"https:\/\/www.ppdelugo.com\/es\/wp-json\/wp\/v2\/types\/post"}],"author":[{"embeddable":true,"href":"https:\/\/www.ppdelugo.com\/es\/wp-json\/wp\/v2\/users\/8"}],"replies":[{"embeddable":true,"href":"https:\/\/www.ppdelugo.com\/es\/wp-json\/wp\/v2\/comments?post=1423"}],"version-history":[{"count":0,"href":"https:\/\/www.ppdelugo.com\/es\/wp-json\/wp\/v2\/posts\/1423\/revisions"}],"wp:featuredmedia":[{"embeddable":true,"href":"https:\/\/www.ppdelugo.com\/es\/wp-json\/wp\/v2\/media\/508"}],"wp:attachment":[{"href":"https:\/\/www.ppdelugo.com\/es\/wp-json\/wp\/v2\/media?parent=1423"}],"wp:term":[{"taxonomy":"category","embeddable":true,"href":"https:\/\/www.ppdelugo.com\/es\/wp-json\/wp\/v2\/categories?post=1423"},{"taxonomy":"post_tag","embeddable":true,"href":"https:\/\/www.ppdelugo.com\/es\/wp-json\/wp\/v2\/tags?post=1423"}],"curies":[{"name":"wp","href":"https:\/\/api.w.org\/{rel}","templated":true}]}}