{"id":13800,"date":"2020-11-09T15:33:22","date_gmt":"2020-11-09T15:33:22","guid":{"rendered":"http:\/\/www.ppdelugo.com\/o-pp-propon-medidas-para-apoiar-a-hostalaria-e-ao-pequeno-comercio-de-lugo-afectado-polo-peche-da-covid\/"},"modified":"2020-11-09T15:34:45","modified_gmt":"2020-11-09T15:34:45","slug":"o-pp-propon-medidas-para-apoiar-a-hostalaria-e-ao-pequeno-comercio-de-lugo-afectado-polo-peche-da-covid","status":"publish","type":"post","link":"https:\/\/www.ppdelugo.com\/es\/o-pp-propon-medidas-para-apoiar-a-hostalaria-e-ao-pequeno-comercio-de-lugo-afectado-polo-peche-da-covid\/","title":{"rendered":"El PP propone medidas para apoyar la hosteler\u00eda y al peque\u00f1o comercio de Lugo afectado por el cierre de la Covid"},"content":{"rendered":"<p>El portavoz del PP asegura que la administraci\u00f3n m\u00e1s cercana tiene instrumentos para colaborar con los aut\u00f3nomos y empresas vinculadas a la hosteler\u00eda, distribuidores, comercio local y otras actividades que acrediten p\u00e9rdidas a consecuencia de la pandemia sugiriendo \u201creducir, hasta el 100% en caso alguno, la tasa de residuos, agua y alcantarillas, prolongar la exenci\u00f3n del pagado de terrazas durante 2021 y bonificar el IBI anual a los locales comerciales o hosteleros\u201d<\/p>\n<p><!--more--><\/p>\n<p>O Partido Popular presentar\u00e1 unha iniciativa cun Plan de medidas para apoiar a hostalar\u00eda, distribucci\u00f3n, pequeno comercio de Lugo e outras actividades que acrediten p\u00e9rdidas como consecuencia da pandemia. O voceiro popular Ram\u00f3n Carballo prop\u00f3n rebaixar \u00a0impostos como por exemplo o da recollida de lixo \u201cqueremos que non se lles cobre a parte proporcional da cuota dos d\u00edas que peche tanto por decreto como por se ten que baixar a persiana por un positivo de covid que obrigue ao peche do negocio\u201d.<\/p>\n<p>Outra medida \u00e9 a relativa ao uso de espacio p\u00fablico por terraza. O PP ao contrario que o goberno de Lara, que prop\u00f3n empezar a cobrar e subir as taxas en xaneiro, prop\u00f3n que os hostaleiros est\u00e9n exentos deste imposto ata o ver\u00e1n de 2021. Como terceira medida o Grupo Popular reclama bonificaci\u00f3ns, proporcionais co peche, no IBI anual aos locais comerciais ou hostaleiros con actividade.<\/p>\n<p>O voceiro popular xustificaba estas propostas manifestando que \u201csen d\u00fabida, o impacto desta crise est\u00e1 a ser enorme nun dos sectores m\u00e1is importantes da nosa cidade e os traballadores e responsables dos comercios, bares e restaurantes que tiveron que pechar as s\u00faas portas\u00a0 est\u00e1n sen ingresos, con todo o que esto conleva\u201d.<\/p>\n<p>Carballo tam\u00e9n lembrou como unha das prioridades do seu Grupo, e que xa plantexou nas achegas para elaborar os orzamentos de 2021, \u00e9 a creaci\u00f3n dun Fondo Covid 19 de 5M\u20ac para os sectores econ\u00f3micos m\u00e1is castigados pola crise con axudas directas para pagar seguros sociais, gastos fixos ou o pago de pr\u00e9stamos, aplicable segundo o tama\u00f1o da empresa e para perdas de m\u00e1is do 50% dende marzo de 2020<\/p>\n<p>Outro aspecto que a xuizo do PP, neste momento, \u00e9 m\u00e1is necesario que nunca \u00e9 a potenciaci\u00f3n da Mesa Local de Comercio para que funcione como unha canle eficaz de intercambio de informaci\u00f3n e propostas cos representantes do comercio. \u201c\u00c9 imprescindible manter un contacto directo con comerciantes e hostaleiros, escoitalos e definir conxuntamente acci\u00f3ns para colaborar co sector de cara a campa\u00f1a de Nadal e para estar preparados para cando volva a normalidade\u201d.<\/p>\n<p>O Partido Popular presenta este paquete de acci\u00f3ns para un sector que viu como a s\u00faa actividade se reduc\u00eda por mor da pandemia \u201cos meses de confinamento, a baixada\u00a0 dos aforos nos negocios e as limitaci\u00f3ns de mobilidade imped\u00eda acceder aos clientes aos seus establecementos. Por po\u00f1er un exemplo un local de hostalar\u00eda, de entre 200 a 400 m2, pagar\u00e1 por tres trimestres de lixo e auga 871\u20ac aos que hai que sumar o IBI. Nun caso similar est\u00e1 un local de ocio nocturno que pagar\u00eda 943,50\u20ac de lixo e auga e a maiores o IBI do local. Carballo explicaba que \u201cos cartos que recibiron do Plan Reanima de Lara M\u00e9ndez non lles cubren nin as taxas municipais. O que ingresaron do Concello se lles volve a ir pagando impostos municipais\u201d.<\/p>\n","protected":false},"excerpt":{"rendered":"<p>El portavoz del PP asegura que la administraci\u00f3n m\u00e1s cercana tiene instrumentos para colaborar con los aut\u00f3nomos y empresas vinculadas a la hosteler\u00eda, distribuidores, comercio local y otras actividades que&#8230;<\/p>\n","protected":false},"author":8,"featured_media":8954,"comment_status":"open","ping_status":"closed","sticky":false,"template":"","format":"standard","meta":{"footnotes":""},"categories":[31],"tags":[],"class_list":{"0":"post-13800","1":"post","2":"type-post","3":"status-publish","4":"format-standard","5":"has-post-thumbnail","7":"category-economia-es"},"yoast_head":"<!-- This site is optimized with the Yoast SEO plugin v27.5 - https:\/\/yoast.com\/product\/yoast-seo-wordpress\/ -->\n<title>El PP propone medidas para apoyar la hosteler\u00eda y al peque\u00f1o comercio de Lugo afectado por el cierre de la Covid - Grupo Municipal Partido Popular de Lugo<\/title>\n<meta name=\"robots\" content=\"index, follow, max-snippet:-1, max-image-preview:large, max-video-preview:-1\" \/>\n<link rel=\"canonical\" href=\"https:\/\/www.ppdelugo.com\/es\/o-pp-propon-medidas-para-apoiar-a-hostalaria-e-ao-pequeno-comercio-de-lugo-afectado-polo-peche-da-covid\/\" \/>\n<meta property=\"og:locale\" content=\"es_ES\" \/>\n<meta property=\"og:type\" content=\"article\" \/>\n<meta property=\"og:title\" content=\"El PP propone medidas para apoyar la hosteler\u00eda y al peque\u00f1o comercio de Lugo afectado por el cierre de la Covid - Grupo Municipal Partido Popular de Lugo\" \/>\n<meta property=\"og:description\" content=\"El portavoz del PP asegura que la administraci\u00f3n m\u00e1s cercana tiene instrumentos para colaborar con los aut\u00f3nomos y empresas vinculadas a la hosteler\u00eda, distribuidores, comercio local y otras actividades que...\" \/>\n<meta property=\"og:url\" content=\"https:\/\/www.ppdelugo.com\/es\/o-pp-propon-medidas-para-apoiar-a-hostalaria-e-ao-pequeno-comercio-de-lugo-afectado-polo-peche-da-covid\/\" \/>\n<meta property=\"og:site_name\" content=\"Grupo Municipal Partido Popular de Lugo\" \/>\n<meta property=\"article:published_time\" content=\"2020-11-09T15:33:22+00:00\" \/>\n<meta property=\"article:modified_time\" content=\"2020-11-09T15:34:45+00:00\" \/>\n<meta property=\"og:image\" content=\"https:\/\/www.ppdelugo.com\/wp-content\/uploads\/2016\/11\/Fachada-concello-1024x768.jpg\" \/>\n\t<meta property=\"og:image:width\" content=\"1024\" \/>\n\t<meta property=\"og:image:height\" content=\"768\" \/>\n\t<meta property=\"og:image:type\" content=\"image\/jpeg\" \/>\n<meta name=\"author\" content=\"ppdelugo\" \/>\n<meta name=\"twitter:card\" content=\"summary_large_image\" \/>\n<meta name=\"twitter:label1\" content=\"Escrito por\" \/>\n\t<meta name=\"twitter:data1\" content=\"ppdelugo\" \/>\n\t<meta name=\"twitter:label2\" content=\"Tiempo de lectura\" \/>\n\t<meta name=\"twitter:data2\" content=\"3 minutos\" \/>\n<script type=\"application\/ld+json\" class=\"yoast-schema-graph\">{\"@context\":\"https:\\\/\\\/schema.org\",\"@graph\":[{\"@type\":\"Article\",\"@id\":\"https:\\\/\\\/www.ppdelugo.com\\\/es\\\/o-pp-propon-medidas-para-apoiar-a-hostalaria-e-ao-pequeno-comercio-de-lugo-afectado-polo-peche-da-covid\\\/#article\",\"isPartOf\":{\"@id\":\"https:\\\/\\\/www.ppdelugo.com\\\/es\\\/o-pp-propon-medidas-para-apoiar-a-hostalaria-e-ao-pequeno-comercio-de-lugo-afectado-polo-peche-da-covid\\\/\"},\"author\":{\"name\":\"ppdelugo\",\"@id\":\"https:\\\/\\\/www.ppdelugo.com\\\/es\\\/#\\\/schema\\\/person\\\/4fa17dd371813e2c389a4417775cec48\"},\"headline\":\"El PP propone medidas para apoyar la hosteler\u00eda y al peque\u00f1o comercio de Lugo afectado por el cierre de la Covid\",\"datePublished\":\"2020-11-09T15:33:22+00:00\",\"dateModified\":\"2020-11-09T15:34:45+00:00\",\"mainEntityOfPage\":{\"@id\":\"https:\\\/\\\/www.ppdelugo.com\\\/es\\\/o-pp-propon-medidas-para-apoiar-a-hostalaria-e-ao-pequeno-comercio-de-lugo-afectado-polo-peche-da-covid\\\/\"},\"wordCount\":596,\"commentCount\":0,\"image\":{\"@id\":\"https:\\\/\\\/www.ppdelugo.com\\\/es\\\/o-pp-propon-medidas-para-apoiar-a-hostalaria-e-ao-pequeno-comercio-de-lugo-afectado-polo-peche-da-covid\\\/#primaryimage\"},\"thumbnailUrl\":\"https:\\\/\\\/www.ppdelugo.com\\\/wp-content\\\/uploads\\\/2016\\\/11\\\/Fachada-concello.jpg\",\"articleSection\":[\"Econom\u00eda\"],\"inLanguage\":\"es\",\"potentialAction\":[{\"@type\":\"CommentAction\",\"name\":\"Comment\",\"target\":[\"https:\\\/\\\/www.ppdelugo.com\\\/es\\\/o-pp-propon-medidas-para-apoiar-a-hostalaria-e-ao-pequeno-comercio-de-lugo-afectado-polo-peche-da-covid\\\/#respond\"]}]},{\"@type\":\"WebPage\",\"@id\":\"https:\\\/\\\/www.ppdelugo.com\\\/es\\\/o-pp-propon-medidas-para-apoiar-a-hostalaria-e-ao-pequeno-comercio-de-lugo-afectado-polo-peche-da-covid\\\/\",\"url\":\"https:\\\/\\\/www.ppdelugo.com\\\/es\\\/o-pp-propon-medidas-para-apoiar-a-hostalaria-e-ao-pequeno-comercio-de-lugo-afectado-polo-peche-da-covid\\\/\",\"name\":\"El PP propone medidas para apoyar la hosteler\u00eda y al peque\u00f1o comercio de Lugo afectado por el cierre de la Covid - Grupo Municipal Partido Popular de Lugo\",\"isPartOf\":{\"@id\":\"https:\\\/\\\/www.ppdelugo.com\\\/es\\\/#website\"},\"primaryImageOfPage\":{\"@id\":\"https:\\\/\\\/www.ppdelugo.com\\\/es\\\/o-pp-propon-medidas-para-apoiar-a-hostalaria-e-ao-pequeno-comercio-de-lugo-afectado-polo-peche-da-covid\\\/#primaryimage\"},\"image\":{\"@id\":\"https:\\\/\\\/www.ppdelugo.com\\\/es\\\/o-pp-propon-medidas-para-apoiar-a-hostalaria-e-ao-pequeno-comercio-de-lugo-afectado-polo-peche-da-covid\\\/#primaryimage\"},\"thumbnailUrl\":\"https:\\\/\\\/www.ppdelugo.com\\\/wp-content\\\/uploads\\\/2016\\\/11\\\/Fachada-concello.jpg\",\"datePublished\":\"2020-11-09T15:33:22+00:00\",\"dateModified\":\"2020-11-09T15:34:45+00:00\",\"author\":{\"@id\":\"https:\\\/\\\/www.ppdelugo.com\\\/es\\\/#\\\/schema\\\/person\\\/4fa17dd371813e2c389a4417775cec48\"},\"breadcrumb\":{\"@id\":\"https:\\\/\\\/www.ppdelugo.com\\\/es\\\/o-pp-propon-medidas-para-apoiar-a-hostalaria-e-ao-pequeno-comercio-de-lugo-afectado-polo-peche-da-covid\\\/#breadcrumb\"},\"inLanguage\":\"es\",\"potentialAction\":[{\"@type\":\"ReadAction\",\"target\":[\"https:\\\/\\\/www.ppdelugo.com\\\/es\\\/o-pp-propon-medidas-para-apoiar-a-hostalaria-e-ao-pequeno-comercio-de-lugo-afectado-polo-peche-da-covid\\\/\"]}]},{\"@type\":\"ImageObject\",\"inLanguage\":\"es\",\"@id\":\"https:\\\/\\\/www.ppdelugo.com\\\/es\\\/o-pp-propon-medidas-para-apoiar-a-hostalaria-e-ao-pequeno-comercio-de-lugo-afectado-polo-peche-da-covid\\\/#primaryimage\",\"url\":\"https:\\\/\\\/www.ppdelugo.com\\\/wp-content\\\/uploads\\\/2016\\\/11\\\/Fachada-concello.jpg\",\"contentUrl\":\"https:\\\/\\\/www.ppdelugo.com\\\/wp-content\\\/uploads\\\/2016\\\/11\\\/Fachada-concello.jpg\",\"width\":3648,\"height\":2736},{\"@type\":\"BreadcrumbList\",\"@id\":\"https:\\\/\\\/www.ppdelugo.com\\\/es\\\/o-pp-propon-medidas-para-apoiar-a-hostalaria-e-ao-pequeno-comercio-de-lugo-afectado-polo-peche-da-covid\\\/#breadcrumb\",\"itemListElement\":[{\"@type\":\"ListItem\",\"position\":1,\"name\":\"Portada\",\"item\":\"https:\\\/\\\/www.ppdelugo.com\\\/es\\\/\"},{\"@type\":\"ListItem\",\"position\":2,\"name\":\"El PP propone medidas para apoyar la hosteler\u00eda y al peque\u00f1o comercio de Lugo afectado por el cierre de la Covid\"}]},{\"@type\":\"WebSite\",\"@id\":\"https:\\\/\\\/www.ppdelugo.com\\\/es\\\/#website\",\"url\":\"https:\\\/\\\/www.ppdelugo.com\\\/es\\\/\",\"name\":\"Grupo Municipal Partido Popular de Lugo\",\"description\":\"Web del Grupo Municipal del Partido Popular en el Ayuntamiento de Lugo, con informaci\u00f3n sobre Lugo y fomento de la participaci\u00f3n ciudadana\",\"potentialAction\":[{\"@type\":\"SearchAction\",\"target\":{\"@type\":\"EntryPoint\",\"urlTemplate\":\"https:\\\/\\\/www.ppdelugo.com\\\/es\\\/?s={search_term_string}\"},\"query-input\":{\"@type\":\"PropertyValueSpecification\",\"valueRequired\":true,\"valueName\":\"search_term_string\"}}],\"inLanguage\":\"es\"},{\"@type\":\"Person\",\"@id\":\"https:\\\/\\\/www.ppdelugo.com\\\/es\\\/#\\\/schema\\\/person\\\/4fa17dd371813e2c389a4417775cec48\",\"name\":\"ppdelugo\",\"url\":\"https:\\\/\\\/www.ppdelugo.com\\\/es\\\/author\\\/admin-2\\\/\"}]}<\/script>\n<!-- \/ Yoast SEO plugin. -->","yoast_head_json":{"title":"El PP propone medidas para apoyar la hosteler\u00eda y al peque\u00f1o comercio de Lugo afectado por el cierre de la Covid - Grupo Municipal Partido Popular de Lugo","robots":{"index":"index","follow":"follow","max-snippet":"max-snippet:-1","max-image-preview":"max-image-preview:large","max-video-preview":"max-video-preview:-1"},"canonical":"https:\/\/www.ppdelugo.com\/es\/o-pp-propon-medidas-para-apoiar-a-hostalaria-e-ao-pequeno-comercio-de-lugo-afectado-polo-peche-da-covid\/","og_locale":"es_ES","og_type":"article","og_title":"El PP propone medidas para apoyar la hosteler\u00eda y al peque\u00f1o comercio de Lugo afectado por el cierre de la Covid - Grupo Municipal Partido Popular de Lugo","og_description":"El portavoz del PP asegura que la administraci\u00f3n m\u00e1s cercana tiene instrumentos para colaborar con los aut\u00f3nomos y empresas vinculadas a la hosteler\u00eda, distribuidores, comercio local y otras actividades que...","og_url":"https:\/\/www.ppdelugo.com\/es\/o-pp-propon-medidas-para-apoiar-a-hostalaria-e-ao-pequeno-comercio-de-lugo-afectado-polo-peche-da-covid\/","og_site_name":"Grupo Municipal Partido Popular de Lugo","article_published_time":"2020-11-09T15:33:22+00:00","article_modified_time":"2020-11-09T15:34:45+00:00","og_image":[{"width":1024,"height":768,"url":"https:\/\/www.ppdelugo.com\/wp-content\/uploads\/2016\/11\/Fachada-concello-1024x768.jpg","type":"image\/jpeg"}],"author":"ppdelugo","twitter_card":"summary_large_image","twitter_misc":{"Escrito por":"ppdelugo","Tiempo de lectura":"3 minutos"},"schema":{"@context":"https:\/\/schema.org","@graph":[{"@type":"Article","@id":"https:\/\/www.ppdelugo.com\/es\/o-pp-propon-medidas-para-apoiar-a-hostalaria-e-ao-pequeno-comercio-de-lugo-afectado-polo-peche-da-covid\/#article","isPartOf":{"@id":"https:\/\/www.ppdelugo.com\/es\/o-pp-propon-medidas-para-apoiar-a-hostalaria-e-ao-pequeno-comercio-de-lugo-afectado-polo-peche-da-covid\/"},"author":{"name":"ppdelugo","@id":"https:\/\/www.ppdelugo.com\/es\/#\/schema\/person\/4fa17dd371813e2c389a4417775cec48"},"headline":"El PP propone medidas para apoyar la hosteler\u00eda y al peque\u00f1o comercio de Lugo afectado por el cierre de la Covid","datePublished":"2020-11-09T15:33:22+00:00","dateModified":"2020-11-09T15:34:45+00:00","mainEntityOfPage":{"@id":"https:\/\/www.ppdelugo.com\/es\/o-pp-propon-medidas-para-apoiar-a-hostalaria-e-ao-pequeno-comercio-de-lugo-afectado-polo-peche-da-covid\/"},"wordCount":596,"commentCount":0,"image":{"@id":"https:\/\/www.ppdelugo.com\/es\/o-pp-propon-medidas-para-apoiar-a-hostalaria-e-ao-pequeno-comercio-de-lugo-afectado-polo-peche-da-covid\/#primaryimage"},"thumbnailUrl":"https:\/\/www.ppdelugo.com\/wp-content\/uploads\/2016\/11\/Fachada-concello.jpg","articleSection":["Econom\u00eda"],"inLanguage":"es","potentialAction":[{"@type":"CommentAction","name":"Comment","target":["https:\/\/www.ppdelugo.com\/es\/o-pp-propon-medidas-para-apoiar-a-hostalaria-e-ao-pequeno-comercio-de-lugo-afectado-polo-peche-da-covid\/#respond"]}]},{"@type":"WebPage","@id":"https:\/\/www.ppdelugo.com\/es\/o-pp-propon-medidas-para-apoiar-a-hostalaria-e-ao-pequeno-comercio-de-lugo-afectado-polo-peche-da-covid\/","url":"https:\/\/www.ppdelugo.com\/es\/o-pp-propon-medidas-para-apoiar-a-hostalaria-e-ao-pequeno-comercio-de-lugo-afectado-polo-peche-da-covid\/","name":"El PP propone medidas para apoyar la hosteler\u00eda y al peque\u00f1o comercio de Lugo afectado por el cierre de la Covid - Grupo Municipal Partido Popular de Lugo","isPartOf":{"@id":"https:\/\/www.ppdelugo.com\/es\/#website"},"primaryImageOfPage":{"@id":"https:\/\/www.ppdelugo.com\/es\/o-pp-propon-medidas-para-apoiar-a-hostalaria-e-ao-pequeno-comercio-de-lugo-afectado-polo-peche-da-covid\/#primaryimage"},"image":{"@id":"https:\/\/www.ppdelugo.com\/es\/o-pp-propon-medidas-para-apoiar-a-hostalaria-e-ao-pequeno-comercio-de-lugo-afectado-polo-peche-da-covid\/#primaryimage"},"thumbnailUrl":"https:\/\/www.ppdelugo.com\/wp-content\/uploads\/2016\/11\/Fachada-concello.jpg","datePublished":"2020-11-09T15:33:22+00:00","dateModified":"2020-11-09T15:34:45+00:00","author":{"@id":"https:\/\/www.ppdelugo.com\/es\/#\/schema\/person\/4fa17dd371813e2c389a4417775cec48"},"breadcrumb":{"@id":"https:\/\/www.ppdelugo.com\/es\/o-pp-propon-medidas-para-apoiar-a-hostalaria-e-ao-pequeno-comercio-de-lugo-afectado-polo-peche-da-covid\/#breadcrumb"},"inLanguage":"es","potentialAction":[{"@type":"ReadAction","target":["https:\/\/www.ppdelugo.com\/es\/o-pp-propon-medidas-para-apoiar-a-hostalaria-e-ao-pequeno-comercio-de-lugo-afectado-polo-peche-da-covid\/"]}]},{"@type":"ImageObject","inLanguage":"es","@id":"https:\/\/www.ppdelugo.com\/es\/o-pp-propon-medidas-para-apoiar-a-hostalaria-e-ao-pequeno-comercio-de-lugo-afectado-polo-peche-da-covid\/#primaryimage","url":"https:\/\/www.ppdelugo.com\/wp-content\/uploads\/2016\/11\/Fachada-concello.jpg","contentUrl":"https:\/\/www.ppdelugo.com\/wp-content\/uploads\/2016\/11\/Fachada-concello.jpg","width":3648,"height":2736},{"@type":"BreadcrumbList","@id":"https:\/\/www.ppdelugo.com\/es\/o-pp-propon-medidas-para-apoiar-a-hostalaria-e-ao-pequeno-comercio-de-lugo-afectado-polo-peche-da-covid\/#breadcrumb","itemListElement":[{"@type":"ListItem","position":1,"name":"Portada","item":"https:\/\/www.ppdelugo.com\/es\/"},{"@type":"ListItem","position":2,"name":"El PP propone medidas para apoyar la hosteler\u00eda y al peque\u00f1o comercio de Lugo afectado por el cierre de la Covid"}]},{"@type":"WebSite","@id":"https:\/\/www.ppdelugo.com\/es\/#website","url":"https:\/\/www.ppdelugo.com\/es\/","name":"Grupo Municipal Partido Popular de Lugo","description":"Web del Grupo Municipal del Partido Popular en el Ayuntamiento de Lugo, con informaci\u00f3n sobre Lugo y fomento de la participaci\u00f3n ciudadana","potentialAction":[{"@type":"SearchAction","target":{"@type":"EntryPoint","urlTemplate":"https:\/\/www.ppdelugo.com\/es\/?s={search_term_string}"},"query-input":{"@type":"PropertyValueSpecification","valueRequired":true,"valueName":"search_term_string"}}],"inLanguage":"es"},{"@type":"Person","@id":"https:\/\/www.ppdelugo.com\/es\/#\/schema\/person\/4fa17dd371813e2c389a4417775cec48","name":"ppdelugo","url":"https:\/\/www.ppdelugo.com\/es\/author\/admin-2\/"}]}},"_links":{"self":[{"href":"https:\/\/www.ppdelugo.com\/es\/wp-json\/wp\/v2\/posts\/13800","targetHints":{"allow":["GET"]}}],"collection":[{"href":"https:\/\/www.ppdelugo.com\/es\/wp-json\/wp\/v2\/posts"}],"about":[{"href":"https:\/\/www.ppdelugo.com\/es\/wp-json\/wp\/v2\/types\/post"}],"author":[{"embeddable":true,"href":"https:\/\/www.ppdelugo.com\/es\/wp-json\/wp\/v2\/users\/8"}],"replies":[{"embeddable":true,"href":"https:\/\/www.ppdelugo.com\/es\/wp-json\/wp\/v2\/comments?post=13800"}],"version-history":[{"count":2,"href":"https:\/\/www.ppdelugo.com\/es\/wp-json\/wp\/v2\/posts\/13800\/revisions"}],"predecessor-version":[{"id":13802,"href":"https:\/\/www.ppdelugo.com\/es\/wp-json\/wp\/v2\/posts\/13800\/revisions\/13802"}],"wp:featuredmedia":[{"embeddable":true,"href":"https:\/\/www.ppdelugo.com\/es\/wp-json\/wp\/v2\/media\/8954"}],"wp:attachment":[{"href":"https:\/\/www.ppdelugo.com\/es\/wp-json\/wp\/v2\/media?parent=13800"}],"wp:term":[{"taxonomy":"category","embeddable":true,"href":"https:\/\/www.ppdelugo.com\/es\/wp-json\/wp\/v2\/categories?post=13800"},{"taxonomy":"post_tag","embeddable":true,"href":"https:\/\/www.ppdelugo.com\/es\/wp-json\/wp\/v2\/tags?post=13800"}],"curies":[{"name":"wp","href":"https:\/\/api.w.org\/{rel}","templated":true}]}}