{"id":13794,"date":"2020-11-06T12:52:08","date_gmt":"2020-11-06T12:52:08","guid":{"rendered":"http:\/\/www.ppdelugo.com\/o-pp-critica-a-oportunidade-perdida-para-a-difusion-da-marca-lugo-e-o-escaso-rendemento-dos-15-000e-pagados-por-ser-saida-dunha-etapa-da-volta\/"},"modified":"2020-11-06T12:53:02","modified_gmt":"2020-11-06T12:53:02","slug":"o-pp-critica-a-oportunidade-perdida-para-a-difusion-da-marca-lugo-e-o-escaso-rendemento-dos-15-000e-pagados-por-ser-saida-dunha-etapa-da-volta","status":"publish","type":"post","link":"https:\/\/www.ppdelugo.com\/es\/o-pp-critica-a-oportunidade-perdida-para-a-difusion-da-marca-lugo-e-o-escaso-rendemento-dos-15-000e-pagados-por-ser-saida-dunha-etapa-da-volta\/","title":{"rendered":"El PP critica la oportunidad perdida para la difusi\u00f3n de la marca Lugo y el escaso rendimiento de los 15.000\u20ac pagados por ser salida de una etapa de la Vuelta"},"content":{"rendered":"<p>El concejal del Grupo Municipal del PP \u00d3scar Poy explica que pese la que la ciudad fue lugar de salida de la decimocuarta etapa de la Vuelta ciclista a Espa\u00f1a, algo para lo cual el Ayuntamiento de Lugo tuvo que realizar una aportaci\u00f3n econ\u00f3mica, no se vio pr\u00e1cticamente ninguna imagen de Lugo o de los ciclistas circulando por la ciudad o a un lado de la Muralla, un bien patrimonio de la humanidad<\/p>\n<p><!--more--><\/p>\n<p>O concelleiro do Grupo Municipal do Partido Popular no Concello de Lugo, \u00d3scar Poy, critica \u201cos paos de cego\u201d que segue a dar o goberno local en materia de turismo, despois de co\u00f1ecer que o Concello de Lugo gastou 15.000\u20ac para que Lugo fose sa\u00edda da d\u00e9cimo cuarta etapa da Volta ciclista a Espa\u00f1a pero non se obtivese \u201cunha difusi\u00f3n axeitada\u201d \u00e1 inversi\u00f3n realizada.<\/p>\n<p>\u00d3scar Poy explica que pese a que a repercusi\u00f3n econ\u00f3mica na cidade foi boa, a imaxe de Lugo non tivo difusi\u00f3n algunha xa que \u201cnon apareceu ningunha da cidade nin dos ciclistas circulando xunto a Muralla, un Patrimonio da Humanidade\u201d.<\/p>\n<p>Neste senso, incide o concelleiro popular en que o goberno local segue a deixar pasar grandes oportunidades para a promoci\u00f3n tur\u00edstica de Lugo xa que se desaproveito de forma clamorosa o feito de que a Volta \u00e9 unha das tres grandes e ten unha repercusi\u00f3n mundial.<\/p>\n<p>Unha situaci\u00f3n que segue a repetirse, xa que a difusi\u00f3n do patrimonio cultural do Concello \u201c\u00e9 nula\u201d, xa que nin se promocionan os museos e hai uns d\u00edas vimos como o goberno local devolveu unha subvenci\u00f3n de 43.000\u20ac para a promoci\u00f3n da Muralla por non querer investir 37.000\u20ac. \u201cO goberno local segue a tropezar nas mesmas pedras e non aprenden dos erros, semella que cada vez imos a peor e rexeitan a promoci\u00f3n da cidade para centrarse na s\u00faa promoci\u00f3n propia\u201d, explicou.<\/p>\n<p>Para o concelleiro popular a situaci\u00f3n foi tan esperp\u00e9ntica que Lara M\u00e9ndez declinou participar nos actos previos \u00e1 sa\u00edda da etapa, como a corta de cinta protocolaria, polo que optou por enviar no seu lugar ao concelleiro de Deportes, que foi o que finalmente se fixo a foto na sa\u00edda.<\/p>\n<p>Ante esta situaci\u00f3n, \u00d3scar Poy afirma que se presentar\u00e1 unha iniciativa para co\u00f1ecer m\u00e1is detalles sobre o protocolo de colaboraci\u00f3n asinado entre o Concello de Lugo e a organizaci\u00f3n da Volta ciclista a Espa\u00f1a e as\u00ed obter m\u00e1is datos sobre a actuaci\u00f3n do goberno local.<\/p>\n","protected":false},"excerpt":{"rendered":"<p>El concejal del Grupo Municipal del PP \u00d3scar Poy explica que pese la que la ciudad fue lugar de salida de la decimocuarta etapa de la Vuelta ciclista a Espa\u00f1a,&#8230;<\/p>\n","protected":false},"author":8,"featured_media":13792,"comment_status":"open","ping_status":"closed","sticky":false,"template":"","format":"standard","meta":{"footnotes":""},"categories":[51,41],"tags":[],"class_list":{"0":"post-13794","1":"post","2":"type-post","3":"status-publish","4":"format-standard","5":"has-post-thumbnail","7":"category-deportes","8":"category-turismo-es"},"yoast_head":"<!-- This site is optimized with the Yoast SEO plugin v27.4 - https:\/\/yoast.com\/product\/yoast-seo-wordpress\/ -->\n<title>El PP critica la oportunidad perdida para la difusi\u00f3n de la marca Lugo y el escaso rendimiento de los 15.000\u20ac pagados por ser salida de una etapa de la Vuelta - Grupo Municipal Partido Popular de Lugo<\/title>\n<meta name=\"robots\" content=\"index, follow, max-snippet:-1, max-image-preview:large, max-video-preview:-1\" \/>\n<link rel=\"canonical\" href=\"https:\/\/www.ppdelugo.com\/es\/o-pp-critica-a-oportunidade-perdida-para-a-difusion-da-marca-lugo-e-o-escaso-rendemento-dos-15-000e-pagados-por-ser-saida-dunha-etapa-da-volta\/\" \/>\n<meta property=\"og:locale\" content=\"es_ES\" \/>\n<meta property=\"og:type\" content=\"article\" \/>\n<meta property=\"og:title\" content=\"El PP critica la oportunidad perdida para la difusi\u00f3n de la marca Lugo y el escaso rendimiento de los 15.000\u20ac pagados por ser salida de una etapa de la Vuelta - Grupo Municipal Partido Popular de Lugo\" \/>\n<meta property=\"og:description\" content=\"El concejal del Grupo Municipal del PP \u00d3scar Poy explica que pese la que la ciudad fue lugar de salida de la decimocuarta etapa de la Vuelta ciclista a Espa\u00f1a,...\" \/>\n<meta property=\"og:url\" content=\"https:\/\/www.ppdelugo.com\/es\/o-pp-critica-a-oportunidade-perdida-para-a-difusion-da-marca-lugo-e-o-escaso-rendemento-dos-15-000e-pagados-por-ser-saida-dunha-etapa-da-volta\/\" \/>\n<meta property=\"og:site_name\" content=\"Grupo Municipal Partido Popular de Lugo\" \/>\n<meta property=\"article:published_time\" content=\"2020-11-06T12:52:08+00:00\" \/>\n<meta property=\"article:modified_time\" content=\"2020-11-06T12:53:02+00:00\" \/>\n<meta property=\"og:image\" content=\"https:\/\/www.ppdelugo.com\/wp-content\/uploads\/2020\/11\/Ver-fotos-recientes.jpg\" \/>\n\t<meta property=\"og:image:width\" content=\"1334\" \/>\n\t<meta property=\"og:image:height\" content=\"750\" \/>\n\t<meta property=\"og:image:type\" content=\"image\/jpeg\" \/>\n<meta name=\"author\" content=\"ppdelugo\" \/>\n<meta name=\"twitter:card\" content=\"summary_large_image\" \/>\n<meta name=\"twitter:label1\" content=\"Escrito por\" \/>\n\t<meta name=\"twitter:data1\" content=\"ppdelugo\" \/>\n\t<meta name=\"twitter:label2\" content=\"Tiempo de lectura\" \/>\n\t<meta name=\"twitter:data2\" content=\"2 minutos\" \/>\n<script type=\"application\/ld+json\" class=\"yoast-schema-graph\">{\"@context\":\"https:\\\/\\\/schema.org\",\"@graph\":[{\"@type\":\"Article\",\"@id\":\"https:\\\/\\\/www.ppdelugo.com\\\/es\\\/o-pp-critica-a-oportunidade-perdida-para-a-difusion-da-marca-lugo-e-o-escaso-rendemento-dos-15-000e-pagados-por-ser-saida-dunha-etapa-da-volta\\\/#article\",\"isPartOf\":{\"@id\":\"https:\\\/\\\/www.ppdelugo.com\\\/es\\\/o-pp-critica-a-oportunidade-perdida-para-a-difusion-da-marca-lugo-e-o-escaso-rendemento-dos-15-000e-pagados-por-ser-saida-dunha-etapa-da-volta\\\/\"},\"author\":{\"name\":\"ppdelugo\",\"@id\":\"https:\\\/\\\/www.ppdelugo.com\\\/es\\\/#\\\/schema\\\/person\\\/4fa17dd371813e2c389a4417775cec48\"},\"headline\":\"El PP critica la oportunidad perdida para la difusi\u00f3n de la marca Lugo y el escaso rendimiento de los 15.000\u20ac pagados por ser salida de una etapa de la Vuelta\",\"datePublished\":\"2020-11-06T12:52:08+00:00\",\"dateModified\":\"2020-11-06T12:53:02+00:00\",\"mainEntityOfPage\":{\"@id\":\"https:\\\/\\\/www.ppdelugo.com\\\/es\\\/o-pp-critica-a-oportunidade-perdida-para-a-difusion-da-marca-lugo-e-o-escaso-rendemento-dos-15-000e-pagados-por-ser-saida-dunha-etapa-da-volta\\\/\"},\"wordCount\":460,\"commentCount\":0,\"image\":{\"@id\":\"https:\\\/\\\/www.ppdelugo.com\\\/es\\\/o-pp-critica-a-oportunidade-perdida-para-a-difusion-da-marca-lugo-e-o-escaso-rendemento-dos-15-000e-pagados-por-ser-saida-dunha-etapa-da-volta\\\/#primaryimage\"},\"thumbnailUrl\":\"https:\\\/\\\/www.ppdelugo.com\\\/wp-content\\\/uploads\\\/2020\\\/11\\\/Ver-fotos-recientes.jpg\",\"articleSection\":[\"Deportes\",\"Turismo\"],\"inLanguage\":\"es\",\"potentialAction\":[{\"@type\":\"CommentAction\",\"name\":\"Comment\",\"target\":[\"https:\\\/\\\/www.ppdelugo.com\\\/es\\\/o-pp-critica-a-oportunidade-perdida-para-a-difusion-da-marca-lugo-e-o-escaso-rendemento-dos-15-000e-pagados-por-ser-saida-dunha-etapa-da-volta\\\/#respond\"]}]},{\"@type\":\"WebPage\",\"@id\":\"https:\\\/\\\/www.ppdelugo.com\\\/es\\\/o-pp-critica-a-oportunidade-perdida-para-a-difusion-da-marca-lugo-e-o-escaso-rendemento-dos-15-000e-pagados-por-ser-saida-dunha-etapa-da-volta\\\/\",\"url\":\"https:\\\/\\\/www.ppdelugo.com\\\/es\\\/o-pp-critica-a-oportunidade-perdida-para-a-difusion-da-marca-lugo-e-o-escaso-rendemento-dos-15-000e-pagados-por-ser-saida-dunha-etapa-da-volta\\\/\",\"name\":\"El PP critica la oportunidad perdida para la difusi\u00f3n de la marca Lugo y el escaso rendimiento de los 15.000\u20ac pagados por ser salida de una etapa de la Vuelta - Grupo Municipal Partido Popular de Lugo\",\"isPartOf\":{\"@id\":\"https:\\\/\\\/www.ppdelugo.com\\\/es\\\/#website\"},\"primaryImageOfPage\":{\"@id\":\"https:\\\/\\\/www.ppdelugo.com\\\/es\\\/o-pp-critica-a-oportunidade-perdida-para-a-difusion-da-marca-lugo-e-o-escaso-rendemento-dos-15-000e-pagados-por-ser-saida-dunha-etapa-da-volta\\\/#primaryimage\"},\"image\":{\"@id\":\"https:\\\/\\\/www.ppdelugo.com\\\/es\\\/o-pp-critica-a-oportunidade-perdida-para-a-difusion-da-marca-lugo-e-o-escaso-rendemento-dos-15-000e-pagados-por-ser-saida-dunha-etapa-da-volta\\\/#primaryimage\"},\"thumbnailUrl\":\"https:\\\/\\\/www.ppdelugo.com\\\/wp-content\\\/uploads\\\/2020\\\/11\\\/Ver-fotos-recientes.jpg\",\"datePublished\":\"2020-11-06T12:52:08+00:00\",\"dateModified\":\"2020-11-06T12:53:02+00:00\",\"author\":{\"@id\":\"https:\\\/\\\/www.ppdelugo.com\\\/es\\\/#\\\/schema\\\/person\\\/4fa17dd371813e2c389a4417775cec48\"},\"breadcrumb\":{\"@id\":\"https:\\\/\\\/www.ppdelugo.com\\\/es\\\/o-pp-critica-a-oportunidade-perdida-para-a-difusion-da-marca-lugo-e-o-escaso-rendemento-dos-15-000e-pagados-por-ser-saida-dunha-etapa-da-volta\\\/#breadcrumb\"},\"inLanguage\":\"es\",\"potentialAction\":[{\"@type\":\"ReadAction\",\"target\":[\"https:\\\/\\\/www.ppdelugo.com\\\/es\\\/o-pp-critica-a-oportunidade-perdida-para-a-difusion-da-marca-lugo-e-o-escaso-rendemento-dos-15-000e-pagados-por-ser-saida-dunha-etapa-da-volta\\\/\"]}]},{\"@type\":\"ImageObject\",\"inLanguage\":\"es\",\"@id\":\"https:\\\/\\\/www.ppdelugo.com\\\/es\\\/o-pp-critica-a-oportunidade-perdida-para-a-difusion-da-marca-lugo-e-o-escaso-rendemento-dos-15-000e-pagados-por-ser-saida-dunha-etapa-da-volta\\\/#primaryimage\",\"url\":\"https:\\\/\\\/www.ppdelugo.com\\\/wp-content\\\/uploads\\\/2020\\\/11\\\/Ver-fotos-recientes.jpg\",\"contentUrl\":\"https:\\\/\\\/www.ppdelugo.com\\\/wp-content\\\/uploads\\\/2020\\\/11\\\/Ver-fotos-recientes.jpg\",\"width\":1334,\"height\":750},{\"@type\":\"BreadcrumbList\",\"@id\":\"https:\\\/\\\/www.ppdelugo.com\\\/es\\\/o-pp-critica-a-oportunidade-perdida-para-a-difusion-da-marca-lugo-e-o-escaso-rendemento-dos-15-000e-pagados-por-ser-saida-dunha-etapa-da-volta\\\/#breadcrumb\",\"itemListElement\":[{\"@type\":\"ListItem\",\"position\":1,\"name\":\"Portada\",\"item\":\"https:\\\/\\\/www.ppdelugo.com\\\/es\\\/\"},{\"@type\":\"ListItem\",\"position\":2,\"name\":\"El PP critica la oportunidad perdida para la difusi\u00f3n de la marca Lugo y el escaso rendimiento de los 15.000\u20ac pagados por ser salida de una etapa de la Vuelta\"}]},{\"@type\":\"WebSite\",\"@id\":\"https:\\\/\\\/www.ppdelugo.com\\\/es\\\/#website\",\"url\":\"https:\\\/\\\/www.ppdelugo.com\\\/es\\\/\",\"name\":\"Grupo Municipal Partido Popular de Lugo\",\"description\":\"Web del Grupo Municipal del Partido Popular en el Ayuntamiento de Lugo, con informaci\u00f3n sobre Lugo y fomento de la participaci\u00f3n ciudadana\",\"potentialAction\":[{\"@type\":\"SearchAction\",\"target\":{\"@type\":\"EntryPoint\",\"urlTemplate\":\"https:\\\/\\\/www.ppdelugo.com\\\/es\\\/?s={search_term_string}\"},\"query-input\":{\"@type\":\"PropertyValueSpecification\",\"valueRequired\":true,\"valueName\":\"search_term_string\"}}],\"inLanguage\":\"es\"},{\"@type\":\"Person\",\"@id\":\"https:\\\/\\\/www.ppdelugo.com\\\/es\\\/#\\\/schema\\\/person\\\/4fa17dd371813e2c389a4417775cec48\",\"name\":\"ppdelugo\",\"url\":\"https:\\\/\\\/www.ppdelugo.com\\\/es\\\/author\\\/admin-2\\\/\"}]}<\/script>\n<!-- \/ Yoast SEO plugin. -->","yoast_head_json":{"title":"El PP critica la oportunidad perdida para la difusi\u00f3n de la marca Lugo y el escaso rendimiento de los 15.000\u20ac pagados por ser salida de una etapa de la Vuelta - Grupo Municipal Partido Popular de Lugo","robots":{"index":"index","follow":"follow","max-snippet":"max-snippet:-1","max-image-preview":"max-image-preview:large","max-video-preview":"max-video-preview:-1"},"canonical":"https:\/\/www.ppdelugo.com\/es\/o-pp-critica-a-oportunidade-perdida-para-a-difusion-da-marca-lugo-e-o-escaso-rendemento-dos-15-000e-pagados-por-ser-saida-dunha-etapa-da-volta\/","og_locale":"es_ES","og_type":"article","og_title":"El PP critica la oportunidad perdida para la difusi\u00f3n de la marca Lugo y el escaso rendimiento de los 15.000\u20ac pagados por ser salida de una etapa de la Vuelta - Grupo Municipal Partido Popular de Lugo","og_description":"El concejal del Grupo Municipal del PP \u00d3scar Poy explica que pese la que la ciudad fue lugar de salida de la decimocuarta etapa de la Vuelta ciclista a Espa\u00f1a,...","og_url":"https:\/\/www.ppdelugo.com\/es\/o-pp-critica-a-oportunidade-perdida-para-a-difusion-da-marca-lugo-e-o-escaso-rendemento-dos-15-000e-pagados-por-ser-saida-dunha-etapa-da-volta\/","og_site_name":"Grupo Municipal Partido Popular de Lugo","article_published_time":"2020-11-06T12:52:08+00:00","article_modified_time":"2020-11-06T12:53:02+00:00","og_image":[{"width":1334,"height":750,"url":"https:\/\/www.ppdelugo.com\/wp-content\/uploads\/2020\/11\/Ver-fotos-recientes.jpg","type":"image\/jpeg"}],"author":"ppdelugo","twitter_card":"summary_large_image","twitter_misc":{"Escrito por":"ppdelugo","Tiempo de lectura":"2 minutos"},"schema":{"@context":"https:\/\/schema.org","@graph":[{"@type":"Article","@id":"https:\/\/www.ppdelugo.com\/es\/o-pp-critica-a-oportunidade-perdida-para-a-difusion-da-marca-lugo-e-o-escaso-rendemento-dos-15-000e-pagados-por-ser-saida-dunha-etapa-da-volta\/#article","isPartOf":{"@id":"https:\/\/www.ppdelugo.com\/es\/o-pp-critica-a-oportunidade-perdida-para-a-difusion-da-marca-lugo-e-o-escaso-rendemento-dos-15-000e-pagados-por-ser-saida-dunha-etapa-da-volta\/"},"author":{"name":"ppdelugo","@id":"https:\/\/www.ppdelugo.com\/es\/#\/schema\/person\/4fa17dd371813e2c389a4417775cec48"},"headline":"El PP critica la oportunidad perdida para la difusi\u00f3n de la marca Lugo y el escaso rendimiento de los 15.000\u20ac pagados por ser salida de una etapa de la Vuelta","datePublished":"2020-11-06T12:52:08+00:00","dateModified":"2020-11-06T12:53:02+00:00","mainEntityOfPage":{"@id":"https:\/\/www.ppdelugo.com\/es\/o-pp-critica-a-oportunidade-perdida-para-a-difusion-da-marca-lugo-e-o-escaso-rendemento-dos-15-000e-pagados-por-ser-saida-dunha-etapa-da-volta\/"},"wordCount":460,"commentCount":0,"image":{"@id":"https:\/\/www.ppdelugo.com\/es\/o-pp-critica-a-oportunidade-perdida-para-a-difusion-da-marca-lugo-e-o-escaso-rendemento-dos-15-000e-pagados-por-ser-saida-dunha-etapa-da-volta\/#primaryimage"},"thumbnailUrl":"https:\/\/www.ppdelugo.com\/wp-content\/uploads\/2020\/11\/Ver-fotos-recientes.jpg","articleSection":["Deportes","Turismo"],"inLanguage":"es","potentialAction":[{"@type":"CommentAction","name":"Comment","target":["https:\/\/www.ppdelugo.com\/es\/o-pp-critica-a-oportunidade-perdida-para-a-difusion-da-marca-lugo-e-o-escaso-rendemento-dos-15-000e-pagados-por-ser-saida-dunha-etapa-da-volta\/#respond"]}]},{"@type":"WebPage","@id":"https:\/\/www.ppdelugo.com\/es\/o-pp-critica-a-oportunidade-perdida-para-a-difusion-da-marca-lugo-e-o-escaso-rendemento-dos-15-000e-pagados-por-ser-saida-dunha-etapa-da-volta\/","url":"https:\/\/www.ppdelugo.com\/es\/o-pp-critica-a-oportunidade-perdida-para-a-difusion-da-marca-lugo-e-o-escaso-rendemento-dos-15-000e-pagados-por-ser-saida-dunha-etapa-da-volta\/","name":"El PP critica la oportunidad perdida para la difusi\u00f3n de la marca Lugo y el escaso rendimiento de los 15.000\u20ac pagados por ser salida de una etapa de la Vuelta - Grupo Municipal Partido Popular de Lugo","isPartOf":{"@id":"https:\/\/www.ppdelugo.com\/es\/#website"},"primaryImageOfPage":{"@id":"https:\/\/www.ppdelugo.com\/es\/o-pp-critica-a-oportunidade-perdida-para-a-difusion-da-marca-lugo-e-o-escaso-rendemento-dos-15-000e-pagados-por-ser-saida-dunha-etapa-da-volta\/#primaryimage"},"image":{"@id":"https:\/\/www.ppdelugo.com\/es\/o-pp-critica-a-oportunidade-perdida-para-a-difusion-da-marca-lugo-e-o-escaso-rendemento-dos-15-000e-pagados-por-ser-saida-dunha-etapa-da-volta\/#primaryimage"},"thumbnailUrl":"https:\/\/www.ppdelugo.com\/wp-content\/uploads\/2020\/11\/Ver-fotos-recientes.jpg","datePublished":"2020-11-06T12:52:08+00:00","dateModified":"2020-11-06T12:53:02+00:00","author":{"@id":"https:\/\/www.ppdelugo.com\/es\/#\/schema\/person\/4fa17dd371813e2c389a4417775cec48"},"breadcrumb":{"@id":"https:\/\/www.ppdelugo.com\/es\/o-pp-critica-a-oportunidade-perdida-para-a-difusion-da-marca-lugo-e-o-escaso-rendemento-dos-15-000e-pagados-por-ser-saida-dunha-etapa-da-volta\/#breadcrumb"},"inLanguage":"es","potentialAction":[{"@type":"ReadAction","target":["https:\/\/www.ppdelugo.com\/es\/o-pp-critica-a-oportunidade-perdida-para-a-difusion-da-marca-lugo-e-o-escaso-rendemento-dos-15-000e-pagados-por-ser-saida-dunha-etapa-da-volta\/"]}]},{"@type":"ImageObject","inLanguage":"es","@id":"https:\/\/www.ppdelugo.com\/es\/o-pp-critica-a-oportunidade-perdida-para-a-difusion-da-marca-lugo-e-o-escaso-rendemento-dos-15-000e-pagados-por-ser-saida-dunha-etapa-da-volta\/#primaryimage","url":"https:\/\/www.ppdelugo.com\/wp-content\/uploads\/2020\/11\/Ver-fotos-recientes.jpg","contentUrl":"https:\/\/www.ppdelugo.com\/wp-content\/uploads\/2020\/11\/Ver-fotos-recientes.jpg","width":1334,"height":750},{"@type":"BreadcrumbList","@id":"https:\/\/www.ppdelugo.com\/es\/o-pp-critica-a-oportunidade-perdida-para-a-difusion-da-marca-lugo-e-o-escaso-rendemento-dos-15-000e-pagados-por-ser-saida-dunha-etapa-da-volta\/#breadcrumb","itemListElement":[{"@type":"ListItem","position":1,"name":"Portada","item":"https:\/\/www.ppdelugo.com\/es\/"},{"@type":"ListItem","position":2,"name":"El PP critica la oportunidad perdida para la difusi\u00f3n de la marca Lugo y el escaso rendimiento de los 15.000\u20ac pagados por ser salida de una etapa de la Vuelta"}]},{"@type":"WebSite","@id":"https:\/\/www.ppdelugo.com\/es\/#website","url":"https:\/\/www.ppdelugo.com\/es\/","name":"Grupo Municipal Partido Popular de Lugo","description":"Web del Grupo Municipal del Partido Popular en el Ayuntamiento de Lugo, con informaci\u00f3n sobre Lugo y fomento de la participaci\u00f3n ciudadana","potentialAction":[{"@type":"SearchAction","target":{"@type":"EntryPoint","urlTemplate":"https:\/\/www.ppdelugo.com\/es\/?s={search_term_string}"},"query-input":{"@type":"PropertyValueSpecification","valueRequired":true,"valueName":"search_term_string"}}],"inLanguage":"es"},{"@type":"Person","@id":"https:\/\/www.ppdelugo.com\/es\/#\/schema\/person\/4fa17dd371813e2c389a4417775cec48","name":"ppdelugo","url":"https:\/\/www.ppdelugo.com\/es\/author\/admin-2\/"}]}},"_links":{"self":[{"href":"https:\/\/www.ppdelugo.com\/es\/wp-json\/wp\/v2\/posts\/13794","targetHints":{"allow":["GET"]}}],"collection":[{"href":"https:\/\/www.ppdelugo.com\/es\/wp-json\/wp\/v2\/posts"}],"about":[{"href":"https:\/\/www.ppdelugo.com\/es\/wp-json\/wp\/v2\/types\/post"}],"author":[{"embeddable":true,"href":"https:\/\/www.ppdelugo.com\/es\/wp-json\/wp\/v2\/users\/8"}],"replies":[{"embeddable":true,"href":"https:\/\/www.ppdelugo.com\/es\/wp-json\/wp\/v2\/comments?post=13794"}],"version-history":[{"count":2,"href":"https:\/\/www.ppdelugo.com\/es\/wp-json\/wp\/v2\/posts\/13794\/revisions"}],"predecessor-version":[{"id":13796,"href":"https:\/\/www.ppdelugo.com\/es\/wp-json\/wp\/v2\/posts\/13794\/revisions\/13796"}],"wp:featuredmedia":[{"embeddable":true,"href":"https:\/\/www.ppdelugo.com\/es\/wp-json\/wp\/v2\/media\/13792"}],"wp:attachment":[{"href":"https:\/\/www.ppdelugo.com\/es\/wp-json\/wp\/v2\/media?parent=13794"}],"wp:term":[{"taxonomy":"category","embeddable":true,"href":"https:\/\/www.ppdelugo.com\/es\/wp-json\/wp\/v2\/categories?post=13794"},{"taxonomy":"post_tag","embeddable":true,"href":"https:\/\/www.ppdelugo.com\/es\/wp-json\/wp\/v2\/tags?post=13794"}],"curies":[{"name":"wp","href":"https:\/\/api.w.org\/{rel}","templated":true}]}}