{"id":13787,"date":"2020-11-05T12:55:12","date_gmt":"2020-11-05T12:55:12","guid":{"rendered":"http:\/\/www.ppdelugo.com\/o-pp-pide-que-os-orzamentos-municipais-para-2021-sexan-sensibles-coa-situacion-de-pandemia-e-axude-a-poder-sair-dela\/"},"modified":"2020-11-05T15:12:04","modified_gmt":"2020-11-05T15:12:04","slug":"o-pp-pide-que-os-orzamentos-municipais-para-2021-sexan-sensibles-coa-situacion-de-pandemia-e-axude-a-poder-sair-dela","status":"publish","type":"post","link":"https:\/\/www.ppdelugo.com\/es\/o-pp-pide-que-os-orzamentos-municipais-para-2021-sexan-sensibles-coa-situacion-de-pandemia-e-axude-a-poder-sair-dela\/","title":{"rendered":"El PP pide que los presupuestos municipales para 2021 sean sensibles con la situaci\u00f3n de pandemia y ayude a poder salir de ella"},"content":{"rendered":"<p>El portavoz popular Ram\u00f3n Carballo presenta una bater\u00eda de 47 propuestas destacando aquellas relativas a apoyar a los sectores m\u00e1s afectados por la pandemia, as\u00ed como reservas de partidas para cuestiones relacionadas con la protecci\u00f3n social para que \u201cnadie quede fuera\u201d<\/p>\n<p><!--more--><\/p>\n<p>O Grupo Municipal do Partido Popular presenta 47 propostas para inclu\u00edlas nos Orzamentos municipais do ano 2021 e as\u00ed axudar a adaptalo \u00e1 situaci\u00f3n actual de crise social e econ\u00f3mica provocada pola pandemia da Covid. \u201cSomos conscientes de que ser\u00e1n un dos orzamentos m\u00e1is complexos que o resto dos que se fixeron aqu\u00ed en d\u00e9cadas\u201d aseguraba o voceiro popular.<\/p>\n<p>\u201cPresentamos arestora estas propostas para demostrar a importancia do consenso pol\u00edtico nestes momentos\u201d afirmou Ram\u00f3n Carballo, quen lembrou como os pasados anos o PSOE pechou as contas municipais co BNG desoindo as achegas presentadas polo PP. \u201cQueremos evitar que o goberno local volva a pasar o rodillo e que mude de actitude porque Lugo merece un cambio de postura\u201d apuntaba.<\/p>\n<p>&nbsp;<\/p>\n<p><strong>Reactivaci\u00f3n econ\u00f3mica<\/strong><\/p>\n<p>&#8211; Creaci\u00f3n dun Fondo Covid 19 de\u00a0 5M\u20ac para os sectores econ\u00f3micos m\u00e1is castigados pola crise como son o comercio e a hostaler\u00eda con axudas diretas para pagar seguros sociais, gastos fixos ou o pago de intereses de pr\u00e9stamos, aplicable segundo o tama\u00f1o da empresa e para perdas de m\u00e1is do 50% dende marzo de 2020.<\/p>\n<ul>\n<li>Reserva dunha partida para a creaci\u00f3n dun plan de captaci\u00f3n de investimentos, empresas e xeraci\u00f3n de emprego.<\/li>\n<li>Reserva de fondos para reforzar os proxectos municipais de emprendemento.<\/li>\n<li>Reserva dunha partida para a renovaci\u00f3n e modernizaci\u00f3n do pequeno comercio mediante a implantaci\u00f3n das novas tecnolox\u00edas.<\/li>\n<li>Reforzar as partidas para facer fronte \u00e1 renovaci\u00f3n dos contratos caducados no Concello de Lugo para adaptalos \u00e1 realidade da cidade.<\/li>\n<li>Reserva dunha partida para incentivar a creaci\u00f3n de novas empresas vinculadas aos cami\u00f1o primitivo.<\/li>\n<\/ul>\n<p><strong>\u00a0<\/strong><\/p>\n<p><strong>Protecci\u00f3n Social<\/strong><\/p>\n<ul>\n<li>Incluir unha partida orzamentaria para financiar os gastos extraordinarios aos que te\u00f1en que facer fronte as entidades sociais nos centros e programas ocasionados pola crise sanitaria da Covid.<\/li>\n<li>Dispositivos de auxilio para persoas maiores que vivan soas. Implantar un servizo de teleasistencia avanzada que env\u00eda un sinal de aviso a un servizo de emerxencias<\/li>\n<li>Reserva dunha partida para mellorar a conciliaci\u00f3n laboral e familiar dos lucenses, a trav\u00e9s do compromiso do Concello de Lugo dunha aportaci\u00f3n de 100 \u20ac ao mes polo nacemento de un fillo durante o primeiro ano de vida.<\/li>\n<li>Reserva dunha partida orzamentaria para o incremento das axudas municipais ao aluguer.<\/li>\n<li>Reserva dunha partida para ampliar as axudas de emerxencia social.<\/li>\n<li>Reserva de partidas orzamentarias destinadas a garantir a atenci\u00f3n na casa da muller 24 horas.<\/li>\n<\/ul>\n<p>&nbsp;<\/p>\n<p><strong>Urbanismo<\/strong><\/p>\n<ul>\n<li>Reserva dunha partida para contratar un estudo para a actualizaci\u00f3n do PEPRI.<\/li>\n<li>Reserva das partidas necesarias para realizar unha revisi\u00f3n integral do PXOM.<\/li>\n<li>Reserva das partidas necesarias para adaptar o PXOM \u00e1 nova Lei do Solo.<\/li>\n<li>Reserva partidas necesarias para o desenvolvemento urban\u00edstico do barrio do Carme<\/li>\n<li>Reserva dunha partida para afrontar os posibles gastos derivados da sentenza de reposici\u00f3n da legalidade do Gara\u00f1\u00f3n.<\/li>\n<li>Partida econ\u00f3mica para avanzar no Paseo Interior da Muralla<\/li>\n<li>Reserva dunha partida para a adquisici\u00f3n dos terreos necesarios e para desenvolver o proxecto da uni\u00f3n dos parques do Mi\u00f1o e do Rato para pechar o cinto verde de Lugo.<\/li>\n<li>Reserva dunha partida para o estudo, dese\u00f1o e construci\u00f3n dunha zona de ba\u00f1o gratu\u00edta no Mi\u00f1o.<\/li>\n<li>Intervenci\u00f3n para mellorar a mobilidade vertical actuando en puntos como a escalinata do barrio da estaci\u00f3n ou na zona de Volta da Vi\u00f1a.<\/li>\n<li>Reserva partida para soterramento cableado que afea o casco hist\u00f3rico<\/li>\n<li>Reserva dunha partida para a mellora e humanizaci\u00f3n da entrada pola Fervedoira da Avenida Adolfo Su\u00e1rez.<\/li>\n<li>Partida para acondicionar un parque infantil na traseira do cuartel de San Fernando<\/li>\n<li>Plan de recuperaci\u00f3n de edificios abandonados sin uso (f\u00e1brica da luz, matadoiro, vella depuradora&#8230;)<\/li>\n<\/ul>\n<p>&nbsp;<\/p>\n<p><strong>Mobilidade<\/strong><\/p>\n<ul>\n<li>Estudo, dese\u00f1o e construci\u00f3n de aparcadoiros disuasorios no entorno do Casco Hist\u00f3rico e resto da cidade en parcelas de titularidade p\u00fablica ou asinando convenios cos propietarios de solares sen uso.<\/li>\n<li>Reserva dunha partida para o dese\u00f1o e posta en funcionamento dun novo sistema rotatorio gratu\u00edto de aparcamento.<\/li>\n<li>Estudo, dese\u00f1o e construci\u00f3n dun aparcamento no barrio da Ponte na zona que linda co Paseo do Mi\u00f1o.<\/li>\n<li>Reserva de partidas para a posta en marcha dun plan integral de protecci\u00f3n ao pe\u00f3n a trav\u00e9s do reforzo da sinalizaci\u00f3n led con detectores de presenza nos pasos de pe\u00f3ns m\u00e1is transitados e perigosos do municipio.<\/li>\n<\/ul>\n<p>&nbsp;<\/p>\n<p><strong>Cultura e Cami\u00f1o Primitivo<\/strong><\/p>\n<ul>\n<li>Apertura do novo Auditorio de Magoi<\/li>\n<li>Elemento escult\u00f3rico na Praza do Cami\u00f1o (Fonti\u00f1as) para difundir idea entre peregrinos de Lugo como punto de partida do Cami\u00f1o<\/li>\n<li>Mellorar da sinalizaci\u00f3n no tramo urbano do Cami\u00f1o Primitivo (colocaci\u00f3n de paneis nas estaci\u00f3ns de autobuses e ferrocarril; humanizaci\u00f3n das zonas como escaleiras de San Eufrasio con Fonti\u00f1as; confluencia Carril das Flores con Ronda da Muralla e pasos soterrados na Calzada da Ponte e Louzaneta)<\/li>\n<li>Reservar unha partida para impulsar unha campa\u00f1a de difusi\u00f3n da marca Lugo e os seus patrimonios da humanidade como reclamo tur\u00edstico para xerar emprego e dinamizar a actividade econ\u00f3mica do municipio.<\/li>\n<\/ul>\n<p>&nbsp;<\/p>\n<p><strong>Seguridade<\/strong><\/p>\n<ul>\n<li>Creaci\u00f3n dunha oficina de asesoramento para os cidad\u00e1ns afectados por ocupaci\u00f3ns ilegais de vivendas<\/li>\n<li>Implantaci\u00f3n sistema videovixilancia no entorno dos monumentos hist\u00f3ricos do municipio e nos puntos m\u00e1is emblem\u00e1ticos e conflictivos da cidade<\/li>\n<li>Posta en marcha dunha nova delegaci\u00f3n da polic\u00eda local na zona norte.<\/li>\n<\/ul>\n<p><strong>\u00a0<\/strong><\/p>\n<p><strong>Deportes<\/strong><\/p>\n<ul>\n<li>Novo pavill\u00f3n polideportivo multidisciplinar e unha nova piscina municipal<\/li>\n<li>Pista de motocross en terreos municipais<\/li>\n<li>Cobertura dunha das pistas de tenis do Palomar<\/li>\n<\/ul>\n<p><strong>\u00a0<\/strong><\/p>\n<p><strong>Rural<\/strong><\/p>\n<ul>\n<li>Reservar as partidas necesarias para o estudo, dese\u00f1o e dotaci\u00f3n de abastecemento e saneamento nas parroquias do rural.<\/li>\n<li>Reservar partidas orzamentarias para dese\u00f1ar programas de recuperaci\u00f3n, mantemento e conservaci\u00f3n de pistas e cami\u00f1os rurais.<\/li>\n<li>Reserva dunha partida orzamentaria para a creaci\u00f3n dun programa plurianual para o asfaltado e aglomerado en quente das pistas das parroquias.<\/li>\n<li>Reserva dunha partida para a creaci\u00f3n dun programa plurianual de limpeza de cunetas.<\/li>\n<li>Reserva dunha partida para crear un programa de mobilizaci\u00f3n de terras.<\/li>\n<li>Reserva de partidas orzamentarias para implantar novos puntos limpos m\u00f3biles e para a recollida de aceites.<\/li>\n<\/ul>\n","protected":false},"excerpt":{"rendered":"<p>El portavoz popular Ram\u00f3n Carballo presenta una bater\u00eda de 47 propuestas destacando aquellas relativas a apoyar a los sectores m\u00e1s afectados por la pandemia, as\u00ed como reservas de partidas para&#8230;<\/p>\n","protected":false},"author":8,"featured_media":8954,"comment_status":"open","ping_status":"closed","sticky":false,"template":"","format":"standard","meta":{"footnotes":""},"categories":[31],"tags":[],"class_list":{"0":"post-13787","1":"post","2":"type-post","3":"status-publish","4":"format-standard","5":"has-post-thumbnail","7":"category-economia-es"},"yoast_head":"<!-- This site is optimized with the Yoast SEO plugin v27.4 - https:\/\/yoast.com\/product\/yoast-seo-wordpress\/ -->\n<title>El PP pide que los presupuestos municipales para 2021 sean sensibles con la situaci\u00f3n de pandemia y ayude a poder salir de ella - Grupo Municipal Partido Popular de Lugo<\/title>\n<meta name=\"robots\" content=\"index, follow, max-snippet:-1, max-image-preview:large, max-video-preview:-1\" \/>\n<link rel=\"canonical\" href=\"https:\/\/www.ppdelugo.com\/es\/o-pp-pide-que-os-orzamentos-municipais-para-2021-sexan-sensibles-coa-situacion-de-pandemia-e-axude-a-poder-sair-dela\/\" \/>\n<meta property=\"og:locale\" content=\"es_ES\" \/>\n<meta property=\"og:type\" content=\"article\" \/>\n<meta property=\"og:title\" content=\"El PP pide que los presupuestos municipales para 2021 sean sensibles con la situaci\u00f3n de pandemia y ayude a poder salir de ella - Grupo Municipal Partido Popular de Lugo\" \/>\n<meta property=\"og:description\" content=\"El portavoz popular Ram\u00f3n Carballo presenta una bater\u00eda de 47 propuestas destacando aquellas relativas a apoyar a los sectores m\u00e1s afectados por la pandemia, as\u00ed como reservas de partidas para...\" \/>\n<meta property=\"og:url\" content=\"https:\/\/www.ppdelugo.com\/es\/o-pp-pide-que-os-orzamentos-municipais-para-2021-sexan-sensibles-coa-situacion-de-pandemia-e-axude-a-poder-sair-dela\/\" \/>\n<meta property=\"og:site_name\" content=\"Grupo Municipal Partido Popular de Lugo\" \/>\n<meta property=\"article:published_time\" content=\"2020-11-05T12:55:12+00:00\" \/>\n<meta property=\"article:modified_time\" content=\"2020-11-05T15:12:04+00:00\" \/>\n<meta property=\"og:image\" content=\"https:\/\/www.ppdelugo.com\/wp-content\/uploads\/2016\/11\/Fachada-concello-1024x768.jpg\" \/>\n\t<meta property=\"og:image:width\" content=\"1024\" \/>\n\t<meta property=\"og:image:height\" content=\"768\" \/>\n\t<meta property=\"og:image:type\" content=\"image\/jpeg\" \/>\n<meta name=\"author\" content=\"ppdelugo\" \/>\n<meta name=\"twitter:card\" content=\"summary_large_image\" \/>\n<meta name=\"twitter:label1\" content=\"Escrito por\" \/>\n\t<meta name=\"twitter:data1\" content=\"ppdelugo\" \/>\n\t<meta name=\"twitter:label2\" content=\"Tiempo de lectura\" \/>\n\t<meta name=\"twitter:data2\" content=\"6 minutos\" \/>\n<script type=\"application\/ld+json\" class=\"yoast-schema-graph\">{\"@context\":\"https:\\\/\\\/schema.org\",\"@graph\":[{\"@type\":\"Article\",\"@id\":\"https:\\\/\\\/www.ppdelugo.com\\\/es\\\/o-pp-pide-que-os-orzamentos-municipais-para-2021-sexan-sensibles-coa-situacion-de-pandemia-e-axude-a-poder-sair-dela\\\/#article\",\"isPartOf\":{\"@id\":\"https:\\\/\\\/www.ppdelugo.com\\\/es\\\/o-pp-pide-que-os-orzamentos-municipais-para-2021-sexan-sensibles-coa-situacion-de-pandemia-e-axude-a-poder-sair-dela\\\/\"},\"author\":{\"name\":\"ppdelugo\",\"@id\":\"https:\\\/\\\/www.ppdelugo.com\\\/es\\\/#\\\/schema\\\/person\\\/4fa17dd371813e2c389a4417775cec48\"},\"headline\":\"El PP pide que los presupuestos municipales para 2021 sean sensibles con la situaci\u00f3n de pandemia y ayude a poder salir de ella\",\"datePublished\":\"2020-11-05T12:55:12+00:00\",\"dateModified\":\"2020-11-05T15:12:04+00:00\",\"mainEntityOfPage\":{\"@id\":\"https:\\\/\\\/www.ppdelugo.com\\\/es\\\/o-pp-pide-que-os-orzamentos-municipais-para-2021-sexan-sensibles-coa-situacion-de-pandemia-e-axude-a-poder-sair-dela\\\/\"},\"wordCount\":1123,\"commentCount\":0,\"image\":{\"@id\":\"https:\\\/\\\/www.ppdelugo.com\\\/es\\\/o-pp-pide-que-os-orzamentos-municipais-para-2021-sexan-sensibles-coa-situacion-de-pandemia-e-axude-a-poder-sair-dela\\\/#primaryimage\"},\"thumbnailUrl\":\"https:\\\/\\\/www.ppdelugo.com\\\/wp-content\\\/uploads\\\/2016\\\/11\\\/Fachada-concello.jpg\",\"articleSection\":[\"Econom\u00eda\"],\"inLanguage\":\"es\",\"potentialAction\":[{\"@type\":\"CommentAction\",\"name\":\"Comment\",\"target\":[\"https:\\\/\\\/www.ppdelugo.com\\\/es\\\/o-pp-pide-que-os-orzamentos-municipais-para-2021-sexan-sensibles-coa-situacion-de-pandemia-e-axude-a-poder-sair-dela\\\/#respond\"]}]},{\"@type\":\"WebPage\",\"@id\":\"https:\\\/\\\/www.ppdelugo.com\\\/es\\\/o-pp-pide-que-os-orzamentos-municipais-para-2021-sexan-sensibles-coa-situacion-de-pandemia-e-axude-a-poder-sair-dela\\\/\",\"url\":\"https:\\\/\\\/www.ppdelugo.com\\\/es\\\/o-pp-pide-que-os-orzamentos-municipais-para-2021-sexan-sensibles-coa-situacion-de-pandemia-e-axude-a-poder-sair-dela\\\/\",\"name\":\"El PP pide que los presupuestos municipales para 2021 sean sensibles con la situaci\u00f3n de pandemia y ayude a poder salir de ella - Grupo Municipal Partido Popular de Lugo\",\"isPartOf\":{\"@id\":\"https:\\\/\\\/www.ppdelugo.com\\\/es\\\/#website\"},\"primaryImageOfPage\":{\"@id\":\"https:\\\/\\\/www.ppdelugo.com\\\/es\\\/o-pp-pide-que-os-orzamentos-municipais-para-2021-sexan-sensibles-coa-situacion-de-pandemia-e-axude-a-poder-sair-dela\\\/#primaryimage\"},\"image\":{\"@id\":\"https:\\\/\\\/www.ppdelugo.com\\\/es\\\/o-pp-pide-que-os-orzamentos-municipais-para-2021-sexan-sensibles-coa-situacion-de-pandemia-e-axude-a-poder-sair-dela\\\/#primaryimage\"},\"thumbnailUrl\":\"https:\\\/\\\/www.ppdelugo.com\\\/wp-content\\\/uploads\\\/2016\\\/11\\\/Fachada-concello.jpg\",\"datePublished\":\"2020-11-05T12:55:12+00:00\",\"dateModified\":\"2020-11-05T15:12:04+00:00\",\"author\":{\"@id\":\"https:\\\/\\\/www.ppdelugo.com\\\/es\\\/#\\\/schema\\\/person\\\/4fa17dd371813e2c389a4417775cec48\"},\"breadcrumb\":{\"@id\":\"https:\\\/\\\/www.ppdelugo.com\\\/es\\\/o-pp-pide-que-os-orzamentos-municipais-para-2021-sexan-sensibles-coa-situacion-de-pandemia-e-axude-a-poder-sair-dela\\\/#breadcrumb\"},\"inLanguage\":\"es\",\"potentialAction\":[{\"@type\":\"ReadAction\",\"target\":[\"https:\\\/\\\/www.ppdelugo.com\\\/es\\\/o-pp-pide-que-os-orzamentos-municipais-para-2021-sexan-sensibles-coa-situacion-de-pandemia-e-axude-a-poder-sair-dela\\\/\"]}]},{\"@type\":\"ImageObject\",\"inLanguage\":\"es\",\"@id\":\"https:\\\/\\\/www.ppdelugo.com\\\/es\\\/o-pp-pide-que-os-orzamentos-municipais-para-2021-sexan-sensibles-coa-situacion-de-pandemia-e-axude-a-poder-sair-dela\\\/#primaryimage\",\"url\":\"https:\\\/\\\/www.ppdelugo.com\\\/wp-content\\\/uploads\\\/2016\\\/11\\\/Fachada-concello.jpg\",\"contentUrl\":\"https:\\\/\\\/www.ppdelugo.com\\\/wp-content\\\/uploads\\\/2016\\\/11\\\/Fachada-concello.jpg\",\"width\":3648,\"height\":2736},{\"@type\":\"BreadcrumbList\",\"@id\":\"https:\\\/\\\/www.ppdelugo.com\\\/es\\\/o-pp-pide-que-os-orzamentos-municipais-para-2021-sexan-sensibles-coa-situacion-de-pandemia-e-axude-a-poder-sair-dela\\\/#breadcrumb\",\"itemListElement\":[{\"@type\":\"ListItem\",\"position\":1,\"name\":\"Portada\",\"item\":\"https:\\\/\\\/www.ppdelugo.com\\\/es\\\/\"},{\"@type\":\"ListItem\",\"position\":2,\"name\":\"El PP pide que los presupuestos municipales para 2021 sean sensibles con la situaci\u00f3n de pandemia y ayude a poder salir de ella\"}]},{\"@type\":\"WebSite\",\"@id\":\"https:\\\/\\\/www.ppdelugo.com\\\/es\\\/#website\",\"url\":\"https:\\\/\\\/www.ppdelugo.com\\\/es\\\/\",\"name\":\"Grupo Municipal Partido Popular de Lugo\",\"description\":\"Web del Grupo Municipal del Partido Popular en el Ayuntamiento de Lugo, con informaci\u00f3n sobre Lugo y fomento de la participaci\u00f3n ciudadana\",\"potentialAction\":[{\"@type\":\"SearchAction\",\"target\":{\"@type\":\"EntryPoint\",\"urlTemplate\":\"https:\\\/\\\/www.ppdelugo.com\\\/es\\\/?s={search_term_string}\"},\"query-input\":{\"@type\":\"PropertyValueSpecification\",\"valueRequired\":true,\"valueName\":\"search_term_string\"}}],\"inLanguage\":\"es\"},{\"@type\":\"Person\",\"@id\":\"https:\\\/\\\/www.ppdelugo.com\\\/es\\\/#\\\/schema\\\/person\\\/4fa17dd371813e2c389a4417775cec48\",\"name\":\"ppdelugo\",\"url\":\"https:\\\/\\\/www.ppdelugo.com\\\/es\\\/author\\\/admin-2\\\/\"}]}<\/script>\n<!-- \/ Yoast SEO plugin. -->","yoast_head_json":{"title":"El PP pide que los presupuestos municipales para 2021 sean sensibles con la situaci\u00f3n de pandemia y ayude a poder salir de ella - Grupo Municipal Partido Popular de Lugo","robots":{"index":"index","follow":"follow","max-snippet":"max-snippet:-1","max-image-preview":"max-image-preview:large","max-video-preview":"max-video-preview:-1"},"canonical":"https:\/\/www.ppdelugo.com\/es\/o-pp-pide-que-os-orzamentos-municipais-para-2021-sexan-sensibles-coa-situacion-de-pandemia-e-axude-a-poder-sair-dela\/","og_locale":"es_ES","og_type":"article","og_title":"El PP pide que los presupuestos municipales para 2021 sean sensibles con la situaci\u00f3n de pandemia y ayude a poder salir de ella - Grupo Municipal Partido Popular de Lugo","og_description":"El portavoz popular Ram\u00f3n Carballo presenta una bater\u00eda de 47 propuestas destacando aquellas relativas a apoyar a los sectores m\u00e1s afectados por la pandemia, as\u00ed como reservas de partidas para...","og_url":"https:\/\/www.ppdelugo.com\/es\/o-pp-pide-que-os-orzamentos-municipais-para-2021-sexan-sensibles-coa-situacion-de-pandemia-e-axude-a-poder-sair-dela\/","og_site_name":"Grupo Municipal Partido Popular de Lugo","article_published_time":"2020-11-05T12:55:12+00:00","article_modified_time":"2020-11-05T15:12:04+00:00","og_image":[{"width":1024,"height":768,"url":"https:\/\/www.ppdelugo.com\/wp-content\/uploads\/2016\/11\/Fachada-concello-1024x768.jpg","type":"image\/jpeg"}],"author":"ppdelugo","twitter_card":"summary_large_image","twitter_misc":{"Escrito por":"ppdelugo","Tiempo de lectura":"6 minutos"},"schema":{"@context":"https:\/\/schema.org","@graph":[{"@type":"Article","@id":"https:\/\/www.ppdelugo.com\/es\/o-pp-pide-que-os-orzamentos-municipais-para-2021-sexan-sensibles-coa-situacion-de-pandemia-e-axude-a-poder-sair-dela\/#article","isPartOf":{"@id":"https:\/\/www.ppdelugo.com\/es\/o-pp-pide-que-os-orzamentos-municipais-para-2021-sexan-sensibles-coa-situacion-de-pandemia-e-axude-a-poder-sair-dela\/"},"author":{"name":"ppdelugo","@id":"https:\/\/www.ppdelugo.com\/es\/#\/schema\/person\/4fa17dd371813e2c389a4417775cec48"},"headline":"El PP pide que los presupuestos municipales para 2021 sean sensibles con la situaci\u00f3n de pandemia y ayude a poder salir de ella","datePublished":"2020-11-05T12:55:12+00:00","dateModified":"2020-11-05T15:12:04+00:00","mainEntityOfPage":{"@id":"https:\/\/www.ppdelugo.com\/es\/o-pp-pide-que-os-orzamentos-municipais-para-2021-sexan-sensibles-coa-situacion-de-pandemia-e-axude-a-poder-sair-dela\/"},"wordCount":1123,"commentCount":0,"image":{"@id":"https:\/\/www.ppdelugo.com\/es\/o-pp-pide-que-os-orzamentos-municipais-para-2021-sexan-sensibles-coa-situacion-de-pandemia-e-axude-a-poder-sair-dela\/#primaryimage"},"thumbnailUrl":"https:\/\/www.ppdelugo.com\/wp-content\/uploads\/2016\/11\/Fachada-concello.jpg","articleSection":["Econom\u00eda"],"inLanguage":"es","potentialAction":[{"@type":"CommentAction","name":"Comment","target":["https:\/\/www.ppdelugo.com\/es\/o-pp-pide-que-os-orzamentos-municipais-para-2021-sexan-sensibles-coa-situacion-de-pandemia-e-axude-a-poder-sair-dela\/#respond"]}]},{"@type":"WebPage","@id":"https:\/\/www.ppdelugo.com\/es\/o-pp-pide-que-os-orzamentos-municipais-para-2021-sexan-sensibles-coa-situacion-de-pandemia-e-axude-a-poder-sair-dela\/","url":"https:\/\/www.ppdelugo.com\/es\/o-pp-pide-que-os-orzamentos-municipais-para-2021-sexan-sensibles-coa-situacion-de-pandemia-e-axude-a-poder-sair-dela\/","name":"El PP pide que los presupuestos municipales para 2021 sean sensibles con la situaci\u00f3n de pandemia y ayude a poder salir de ella - Grupo Municipal Partido Popular de Lugo","isPartOf":{"@id":"https:\/\/www.ppdelugo.com\/es\/#website"},"primaryImageOfPage":{"@id":"https:\/\/www.ppdelugo.com\/es\/o-pp-pide-que-os-orzamentos-municipais-para-2021-sexan-sensibles-coa-situacion-de-pandemia-e-axude-a-poder-sair-dela\/#primaryimage"},"image":{"@id":"https:\/\/www.ppdelugo.com\/es\/o-pp-pide-que-os-orzamentos-municipais-para-2021-sexan-sensibles-coa-situacion-de-pandemia-e-axude-a-poder-sair-dela\/#primaryimage"},"thumbnailUrl":"https:\/\/www.ppdelugo.com\/wp-content\/uploads\/2016\/11\/Fachada-concello.jpg","datePublished":"2020-11-05T12:55:12+00:00","dateModified":"2020-11-05T15:12:04+00:00","author":{"@id":"https:\/\/www.ppdelugo.com\/es\/#\/schema\/person\/4fa17dd371813e2c389a4417775cec48"},"breadcrumb":{"@id":"https:\/\/www.ppdelugo.com\/es\/o-pp-pide-que-os-orzamentos-municipais-para-2021-sexan-sensibles-coa-situacion-de-pandemia-e-axude-a-poder-sair-dela\/#breadcrumb"},"inLanguage":"es","potentialAction":[{"@type":"ReadAction","target":["https:\/\/www.ppdelugo.com\/es\/o-pp-pide-que-os-orzamentos-municipais-para-2021-sexan-sensibles-coa-situacion-de-pandemia-e-axude-a-poder-sair-dela\/"]}]},{"@type":"ImageObject","inLanguage":"es","@id":"https:\/\/www.ppdelugo.com\/es\/o-pp-pide-que-os-orzamentos-municipais-para-2021-sexan-sensibles-coa-situacion-de-pandemia-e-axude-a-poder-sair-dela\/#primaryimage","url":"https:\/\/www.ppdelugo.com\/wp-content\/uploads\/2016\/11\/Fachada-concello.jpg","contentUrl":"https:\/\/www.ppdelugo.com\/wp-content\/uploads\/2016\/11\/Fachada-concello.jpg","width":3648,"height":2736},{"@type":"BreadcrumbList","@id":"https:\/\/www.ppdelugo.com\/es\/o-pp-pide-que-os-orzamentos-municipais-para-2021-sexan-sensibles-coa-situacion-de-pandemia-e-axude-a-poder-sair-dela\/#breadcrumb","itemListElement":[{"@type":"ListItem","position":1,"name":"Portada","item":"https:\/\/www.ppdelugo.com\/es\/"},{"@type":"ListItem","position":2,"name":"El PP pide que los presupuestos municipales para 2021 sean sensibles con la situaci\u00f3n de pandemia y ayude a poder salir de ella"}]},{"@type":"WebSite","@id":"https:\/\/www.ppdelugo.com\/es\/#website","url":"https:\/\/www.ppdelugo.com\/es\/","name":"Grupo Municipal Partido Popular de Lugo","description":"Web del Grupo Municipal del Partido Popular en el Ayuntamiento de Lugo, con informaci\u00f3n sobre Lugo y fomento de la participaci\u00f3n ciudadana","potentialAction":[{"@type":"SearchAction","target":{"@type":"EntryPoint","urlTemplate":"https:\/\/www.ppdelugo.com\/es\/?s={search_term_string}"},"query-input":{"@type":"PropertyValueSpecification","valueRequired":true,"valueName":"search_term_string"}}],"inLanguage":"es"},{"@type":"Person","@id":"https:\/\/www.ppdelugo.com\/es\/#\/schema\/person\/4fa17dd371813e2c389a4417775cec48","name":"ppdelugo","url":"https:\/\/www.ppdelugo.com\/es\/author\/admin-2\/"}]}},"_links":{"self":[{"href":"https:\/\/www.ppdelugo.com\/es\/wp-json\/wp\/v2\/posts\/13787","targetHints":{"allow":["GET"]}}],"collection":[{"href":"https:\/\/www.ppdelugo.com\/es\/wp-json\/wp\/v2\/posts"}],"about":[{"href":"https:\/\/www.ppdelugo.com\/es\/wp-json\/wp\/v2\/types\/post"}],"author":[{"embeddable":true,"href":"https:\/\/www.ppdelugo.com\/es\/wp-json\/wp\/v2\/users\/8"}],"replies":[{"embeddable":true,"href":"https:\/\/www.ppdelugo.com\/es\/wp-json\/wp\/v2\/comments?post=13787"}],"version-history":[{"count":2,"href":"https:\/\/www.ppdelugo.com\/es\/wp-json\/wp\/v2\/posts\/13787\/revisions"}],"predecessor-version":[{"id":13789,"href":"https:\/\/www.ppdelugo.com\/es\/wp-json\/wp\/v2\/posts\/13787\/revisions\/13789"}],"wp:featuredmedia":[{"embeddable":true,"href":"https:\/\/www.ppdelugo.com\/es\/wp-json\/wp\/v2\/media\/8954"}],"wp:attachment":[{"href":"https:\/\/www.ppdelugo.com\/es\/wp-json\/wp\/v2\/media?parent=13787"}],"wp:term":[{"taxonomy":"category","embeddable":true,"href":"https:\/\/www.ppdelugo.com\/es\/wp-json\/wp\/v2\/categories?post=13787"},{"taxonomy":"post_tag","embeddable":true,"href":"https:\/\/www.ppdelugo.com\/es\/wp-json\/wp\/v2\/tags?post=13787"}],"curies":[{"name":"wp","href":"https:\/\/api.w.org\/{rel}","templated":true}]}}