{"id":13776,"date":"2020-11-03T13:01:06","date_gmt":"2020-11-03T13:01:06","guid":{"rendered":"http:\/\/www.ppdelugo.com\/o-pp-urxe-a-convocatoria-da-mesa-de-transporte-para-poner-inmediatamente-en-funcionamento-as-novas-linas-dos-buses-urbanos\/"},"modified":"2020-11-03T13:01:55","modified_gmt":"2020-11-03T13:01:55","slug":"o-pp-urxe-a-convocatoria-da-mesa-de-transporte-para-poner-inmediatamente-en-funcionamento-as-novas-linas-dos-buses-urbanos","status":"publish","type":"post","link":"https:\/\/www.ppdelugo.com\/es\/o-pp-urxe-a-convocatoria-da-mesa-de-transporte-para-poner-inmediatamente-en-funcionamento-as-novas-linas-dos-buses-urbanos\/","title":{"rendered":"El PP urge la convocatoria de la mesa de transporte para poner inmediatamente en funcionamiento las nuevas l\u00edneas de los buses urbanos"},"content":{"rendered":"<p>El concejal del Grupo Municipal del PP Antonio Ameijide argumenta la necesidad de convocar este \u00f3rgano en que aparecieron nuevos postes de informaci\u00f3n en diferentes paradas de bus urbano sin hacer p\u00fablico el dise\u00f1o definitivo para, a trav\u00e9s del mayor consenso, buscar el mejor servicio para los lucenses, algo que se hizo desde el Grupo Popular en conversas mantenidas con el responsable del transporte municipal<\/p>\n<p><!--more--><\/p>\n<p>O concelleiro do Grupo Municipal do Partido Popular no Concello de Lugo, Antonio Ameijide, insta a Rub\u00e9n Arroxo a convocar de xeito inmediato a mesa de transporte para explicar a todos os grupos os pasos a seguir dende a \u00e1rea de mobilidade, sobre todo, no referente ao transporte urbano.<\/p>\n<p>Antonio Ameijide xustifica a necesidade de convocar a mesa de transporte debido a que se detectou a instalaci\u00f3n de novos postes informativos das li\u00f1as de bus urbano en diferentes zonas da cidade. \u201cImaxinamos que se est\u00e1n a instalar novos postes informativos, pero urxe tam\u00e9n renovar as marquesinas e po\u00f1er en marcha os paneis informativos e o SAE, pero antes de facer todo isto \u00e9 preciso consensuar o dese\u00f1o definitivo das li\u00f1as, xa que era o acordo que ti\u00f1amos con Arroxo tralas xuntanzas mantidas nos \u00faltimos meses\u201d, sinalou.<\/p>\n<p>O vicevoceiro popular explica que \u00e9 preciso pechar e publicitar o m\u00e1is axi\u00f1a posible o dese\u00f1o definitivo das novas li\u00f1as de transporte urbano para poder po\u00f1elas en funcionamento canto antes. \u201c\u00c9 preciso que entre todos busquemos o mellor dese\u00f1o, dentro dos condicionantes que marca o contrato deste servizo, para dar aos cidad\u00e1ns un servizo axeitado, \u00e1xil e que se axuste o m\u00e1ximo posible \u00e1s necesidades dos lucenses\u201d, apuntou.<\/p>\n<p>A importancia de acordar o novo dese\u00f1o canto antes v\u00e9n dado pola necesidade de transmitir as novas li\u00f1as \u00e1 empresa concesionaria do servizo para que os propios condutores dos autobuses poidan estudar as mesmas para po\u00f1elas en funcionamento, algo que tam\u00e9n \u00e9 preciso transmitir con antelaci\u00f3n \u00e1 cidadan\u00eda para que te\u00f1an toda a informaci\u00f3n e poidan planificar con tempo os seus desprazamentos, xa que \u00e9 de supo\u00f1er que cambiar\u00e1 nos horarios, os buses que te\u00f1en que coller e os transbordos.<\/p>\n<p>O vicevoceiro popular tam\u00e9n recalca a necesidade que este redese\u00f1o das li\u00f1as de transporte se acompa\u00f1e de medidas como:<\/p>\n<ul>\n<li>Abandonar as frecuencias dunha hora e apostar por frecuencias de entre 10 e 15 minutos<\/li>\n<li>Gratuidade para menores de 18 anos, xubilados, pensionistas e persoas con escasos recursos, unha medida que se aprobou no pleno a iniciativa do Grupo Municipal Popular<\/li>\n<li>A creaci\u00f3n inmediata dunha APP para m\u00f3biles con informaci\u00f3n en tempo real e que permita calcular as rutas<\/li>\n<\/ul>\n<p>Antonio Ameijide explica que se trata de pequenas innovaci\u00f3ns pero que supor\u00e1n unha pequena revoluci\u00f3n para o transporte urbano de Lugo xa que o sistema actual \u201cest\u00e1 anclado no pasado\u201d. \u201cTr\u00e1tase de facer m\u00e1is atractivo o servizo, algo para o que tam\u00e9n se pode estudar a implantaci\u00f3n de bonos semanais, mensuais ou anuais, cun prezo reducido, para animar aos lucenses a subir ao autob\u00fas urbano\u201d, sinalou.<\/p>\n","protected":false},"excerpt":{"rendered":"<p>El concejal del Grupo Municipal del PP Antonio Ameijide argumenta la necesidad de convocar este \u00f3rgano en que aparecieron nuevos postes de informaci\u00f3n en diferentes paradas de bus urbano sin&#8230;<\/p>\n","protected":false},"author":8,"featured_media":13774,"comment_status":"open","ping_status":"closed","sticky":false,"template":"","format":"standard","meta":{"footnotes":""},"categories":[40],"tags":[],"class_list":{"0":"post-13776","1":"post","2":"type-post","3":"status-publish","4":"format-standard","5":"has-post-thumbnail","7":"category-transporte-urbano-es"},"yoast_head":"<!-- This site is optimized with the Yoast SEO plugin v27.4 - https:\/\/yoast.com\/product\/yoast-seo-wordpress\/ -->\n<title>El PP urge la convocatoria de la mesa de transporte para poner inmediatamente en funcionamiento las nuevas l\u00edneas de los buses urbanos - Grupo Municipal Partido Popular de Lugo<\/title>\n<meta name=\"robots\" content=\"index, follow, max-snippet:-1, max-image-preview:large, max-video-preview:-1\" \/>\n<link rel=\"canonical\" href=\"https:\/\/www.ppdelugo.com\/es\/o-pp-urxe-a-convocatoria-da-mesa-de-transporte-para-poner-inmediatamente-en-funcionamento-as-novas-linas-dos-buses-urbanos\/\" \/>\n<meta property=\"og:locale\" content=\"es_ES\" \/>\n<meta property=\"og:type\" content=\"article\" \/>\n<meta property=\"og:title\" content=\"El PP urge la convocatoria de la mesa de transporte para poner inmediatamente en funcionamiento las nuevas l\u00edneas de los buses urbanos - Grupo Municipal Partido Popular de Lugo\" \/>\n<meta property=\"og:description\" content=\"El concejal del Grupo Municipal del PP Antonio Ameijide argumenta la necesidad de convocar este \u00f3rgano en que aparecieron nuevos postes de informaci\u00f3n en diferentes paradas de bus urbano sin...\" \/>\n<meta property=\"og:url\" content=\"https:\/\/www.ppdelugo.com\/es\/o-pp-urxe-a-convocatoria-da-mesa-de-transporte-para-poner-inmediatamente-en-funcionamento-as-novas-linas-dos-buses-urbanos\/\" \/>\n<meta property=\"og:site_name\" content=\"Grupo Municipal Partido Popular de Lugo\" \/>\n<meta property=\"article:published_time\" content=\"2020-11-03T13:01:06+00:00\" \/>\n<meta property=\"article:modified_time\" content=\"2020-11-03T13:01:55+00:00\" \/>\n<meta property=\"og:image\" content=\"https:\/\/www.ppdelugo.com\/wp-content\/uploads\/2020\/11\/Novos-postes-informacion-transporte-urbano-min-scaled.jpg\" \/>\n\t<meta property=\"og:image:width\" content=\"2560\" \/>\n\t<meta property=\"og:image:height\" content=\"1920\" \/>\n\t<meta property=\"og:image:type\" content=\"image\/jpeg\" \/>\n<meta name=\"author\" content=\"ppdelugo\" \/>\n<meta name=\"twitter:card\" content=\"summary_large_image\" \/>\n<meta name=\"twitter:label1\" content=\"Escrito por\" \/>\n\t<meta name=\"twitter:data1\" content=\"ppdelugo\" \/>\n\t<meta name=\"twitter:label2\" content=\"Tiempo de lectura\" \/>\n\t<meta name=\"twitter:data2\" content=\"3 minutos\" \/>\n<script type=\"application\/ld+json\" class=\"yoast-schema-graph\">{\"@context\":\"https:\\\/\\\/schema.org\",\"@graph\":[{\"@type\":\"Article\",\"@id\":\"https:\\\/\\\/www.ppdelugo.com\\\/es\\\/o-pp-urxe-a-convocatoria-da-mesa-de-transporte-para-poner-inmediatamente-en-funcionamento-as-novas-linas-dos-buses-urbanos\\\/#article\",\"isPartOf\":{\"@id\":\"https:\\\/\\\/www.ppdelugo.com\\\/es\\\/o-pp-urxe-a-convocatoria-da-mesa-de-transporte-para-poner-inmediatamente-en-funcionamento-as-novas-linas-dos-buses-urbanos\\\/\"},\"author\":{\"name\":\"ppdelugo\",\"@id\":\"https:\\\/\\\/www.ppdelugo.com\\\/es\\\/#\\\/schema\\\/person\\\/4fa17dd371813e2c389a4417775cec48\"},\"headline\":\"El PP urge la convocatoria de la mesa de transporte para poner inmediatamente en funcionamiento las nuevas l\u00edneas de los buses urbanos\",\"datePublished\":\"2020-11-03T13:01:06+00:00\",\"dateModified\":\"2020-11-03T13:01:55+00:00\",\"mainEntityOfPage\":{\"@id\":\"https:\\\/\\\/www.ppdelugo.com\\\/es\\\/o-pp-urxe-a-convocatoria-da-mesa-de-transporte-para-poner-inmediatamente-en-funcionamento-as-novas-linas-dos-buses-urbanos\\\/\"},\"wordCount\":553,\"commentCount\":0,\"image\":{\"@id\":\"https:\\\/\\\/www.ppdelugo.com\\\/es\\\/o-pp-urxe-a-convocatoria-da-mesa-de-transporte-para-poner-inmediatamente-en-funcionamento-as-novas-linas-dos-buses-urbanos\\\/#primaryimage\"},\"thumbnailUrl\":\"https:\\\/\\\/www.ppdelugo.com\\\/wp-content\\\/uploads\\\/2020\\\/11\\\/Novos-postes-informacion-transporte-urbano-min-scaled.jpg\",\"articleSection\":[\"Transporte Urbano\"],\"inLanguage\":\"es\",\"potentialAction\":[{\"@type\":\"CommentAction\",\"name\":\"Comment\",\"target\":[\"https:\\\/\\\/www.ppdelugo.com\\\/es\\\/o-pp-urxe-a-convocatoria-da-mesa-de-transporte-para-poner-inmediatamente-en-funcionamento-as-novas-linas-dos-buses-urbanos\\\/#respond\"]}]},{\"@type\":\"WebPage\",\"@id\":\"https:\\\/\\\/www.ppdelugo.com\\\/es\\\/o-pp-urxe-a-convocatoria-da-mesa-de-transporte-para-poner-inmediatamente-en-funcionamento-as-novas-linas-dos-buses-urbanos\\\/\",\"url\":\"https:\\\/\\\/www.ppdelugo.com\\\/es\\\/o-pp-urxe-a-convocatoria-da-mesa-de-transporte-para-poner-inmediatamente-en-funcionamento-as-novas-linas-dos-buses-urbanos\\\/\",\"name\":\"El PP urge la convocatoria de la mesa de transporte para poner inmediatamente en funcionamiento las nuevas l\u00edneas de los buses urbanos - Grupo Municipal Partido Popular de Lugo\",\"isPartOf\":{\"@id\":\"https:\\\/\\\/www.ppdelugo.com\\\/es\\\/#website\"},\"primaryImageOfPage\":{\"@id\":\"https:\\\/\\\/www.ppdelugo.com\\\/es\\\/o-pp-urxe-a-convocatoria-da-mesa-de-transporte-para-poner-inmediatamente-en-funcionamento-as-novas-linas-dos-buses-urbanos\\\/#primaryimage\"},\"image\":{\"@id\":\"https:\\\/\\\/www.ppdelugo.com\\\/es\\\/o-pp-urxe-a-convocatoria-da-mesa-de-transporte-para-poner-inmediatamente-en-funcionamento-as-novas-linas-dos-buses-urbanos\\\/#primaryimage\"},\"thumbnailUrl\":\"https:\\\/\\\/www.ppdelugo.com\\\/wp-content\\\/uploads\\\/2020\\\/11\\\/Novos-postes-informacion-transporte-urbano-min-scaled.jpg\",\"datePublished\":\"2020-11-03T13:01:06+00:00\",\"dateModified\":\"2020-11-03T13:01:55+00:00\",\"author\":{\"@id\":\"https:\\\/\\\/www.ppdelugo.com\\\/es\\\/#\\\/schema\\\/person\\\/4fa17dd371813e2c389a4417775cec48\"},\"breadcrumb\":{\"@id\":\"https:\\\/\\\/www.ppdelugo.com\\\/es\\\/o-pp-urxe-a-convocatoria-da-mesa-de-transporte-para-poner-inmediatamente-en-funcionamento-as-novas-linas-dos-buses-urbanos\\\/#breadcrumb\"},\"inLanguage\":\"es\",\"potentialAction\":[{\"@type\":\"ReadAction\",\"target\":[\"https:\\\/\\\/www.ppdelugo.com\\\/es\\\/o-pp-urxe-a-convocatoria-da-mesa-de-transporte-para-poner-inmediatamente-en-funcionamento-as-novas-linas-dos-buses-urbanos\\\/\"]}]},{\"@type\":\"ImageObject\",\"inLanguage\":\"es\",\"@id\":\"https:\\\/\\\/www.ppdelugo.com\\\/es\\\/o-pp-urxe-a-convocatoria-da-mesa-de-transporte-para-poner-inmediatamente-en-funcionamento-as-novas-linas-dos-buses-urbanos\\\/#primaryimage\",\"url\":\"https:\\\/\\\/www.ppdelugo.com\\\/wp-content\\\/uploads\\\/2020\\\/11\\\/Novos-postes-informacion-transporte-urbano-min-scaled.jpg\",\"contentUrl\":\"https:\\\/\\\/www.ppdelugo.com\\\/wp-content\\\/uploads\\\/2020\\\/11\\\/Novos-postes-informacion-transporte-urbano-min-scaled.jpg\",\"width\":2560,\"height\":1920},{\"@type\":\"BreadcrumbList\",\"@id\":\"https:\\\/\\\/www.ppdelugo.com\\\/es\\\/o-pp-urxe-a-convocatoria-da-mesa-de-transporte-para-poner-inmediatamente-en-funcionamento-as-novas-linas-dos-buses-urbanos\\\/#breadcrumb\",\"itemListElement\":[{\"@type\":\"ListItem\",\"position\":1,\"name\":\"Portada\",\"item\":\"https:\\\/\\\/www.ppdelugo.com\\\/es\\\/\"},{\"@type\":\"ListItem\",\"position\":2,\"name\":\"El PP urge la convocatoria de la mesa de transporte para poner inmediatamente en funcionamiento las nuevas l\u00edneas de los buses urbanos\"}]},{\"@type\":\"WebSite\",\"@id\":\"https:\\\/\\\/www.ppdelugo.com\\\/es\\\/#website\",\"url\":\"https:\\\/\\\/www.ppdelugo.com\\\/es\\\/\",\"name\":\"Grupo Municipal Partido Popular de Lugo\",\"description\":\"Web del Grupo Municipal del Partido Popular en el Ayuntamiento de Lugo, con informaci\u00f3n sobre Lugo y fomento de la participaci\u00f3n ciudadana\",\"potentialAction\":[{\"@type\":\"SearchAction\",\"target\":{\"@type\":\"EntryPoint\",\"urlTemplate\":\"https:\\\/\\\/www.ppdelugo.com\\\/es\\\/?s={search_term_string}\"},\"query-input\":{\"@type\":\"PropertyValueSpecification\",\"valueRequired\":true,\"valueName\":\"search_term_string\"}}],\"inLanguage\":\"es\"},{\"@type\":\"Person\",\"@id\":\"https:\\\/\\\/www.ppdelugo.com\\\/es\\\/#\\\/schema\\\/person\\\/4fa17dd371813e2c389a4417775cec48\",\"name\":\"ppdelugo\",\"url\":\"https:\\\/\\\/www.ppdelugo.com\\\/es\\\/author\\\/admin-2\\\/\"}]}<\/script>\n<!-- \/ Yoast SEO plugin. -->","yoast_head_json":{"title":"El PP urge la convocatoria de la mesa de transporte para poner inmediatamente en funcionamiento las nuevas l\u00edneas de los buses urbanos - Grupo Municipal Partido Popular de Lugo","robots":{"index":"index","follow":"follow","max-snippet":"max-snippet:-1","max-image-preview":"max-image-preview:large","max-video-preview":"max-video-preview:-1"},"canonical":"https:\/\/www.ppdelugo.com\/es\/o-pp-urxe-a-convocatoria-da-mesa-de-transporte-para-poner-inmediatamente-en-funcionamento-as-novas-linas-dos-buses-urbanos\/","og_locale":"es_ES","og_type":"article","og_title":"El PP urge la convocatoria de la mesa de transporte para poner inmediatamente en funcionamiento las nuevas l\u00edneas de los buses urbanos - Grupo Municipal Partido Popular de Lugo","og_description":"El concejal del Grupo Municipal del PP Antonio Ameijide argumenta la necesidad de convocar este \u00f3rgano en que aparecieron nuevos postes de informaci\u00f3n en diferentes paradas de bus urbano sin...","og_url":"https:\/\/www.ppdelugo.com\/es\/o-pp-urxe-a-convocatoria-da-mesa-de-transporte-para-poner-inmediatamente-en-funcionamento-as-novas-linas-dos-buses-urbanos\/","og_site_name":"Grupo Municipal Partido Popular de Lugo","article_published_time":"2020-11-03T13:01:06+00:00","article_modified_time":"2020-11-03T13:01:55+00:00","og_image":[{"width":2560,"height":1920,"url":"https:\/\/www.ppdelugo.com\/wp-content\/uploads\/2020\/11\/Novos-postes-informacion-transporte-urbano-min-scaled.jpg","type":"image\/jpeg"}],"author":"ppdelugo","twitter_card":"summary_large_image","twitter_misc":{"Escrito por":"ppdelugo","Tiempo de lectura":"3 minutos"},"schema":{"@context":"https:\/\/schema.org","@graph":[{"@type":"Article","@id":"https:\/\/www.ppdelugo.com\/es\/o-pp-urxe-a-convocatoria-da-mesa-de-transporte-para-poner-inmediatamente-en-funcionamento-as-novas-linas-dos-buses-urbanos\/#article","isPartOf":{"@id":"https:\/\/www.ppdelugo.com\/es\/o-pp-urxe-a-convocatoria-da-mesa-de-transporte-para-poner-inmediatamente-en-funcionamento-as-novas-linas-dos-buses-urbanos\/"},"author":{"name":"ppdelugo","@id":"https:\/\/www.ppdelugo.com\/es\/#\/schema\/person\/4fa17dd371813e2c389a4417775cec48"},"headline":"El PP urge la convocatoria de la mesa de transporte para poner inmediatamente en funcionamiento las nuevas l\u00edneas de los buses urbanos","datePublished":"2020-11-03T13:01:06+00:00","dateModified":"2020-11-03T13:01:55+00:00","mainEntityOfPage":{"@id":"https:\/\/www.ppdelugo.com\/es\/o-pp-urxe-a-convocatoria-da-mesa-de-transporte-para-poner-inmediatamente-en-funcionamento-as-novas-linas-dos-buses-urbanos\/"},"wordCount":553,"commentCount":0,"image":{"@id":"https:\/\/www.ppdelugo.com\/es\/o-pp-urxe-a-convocatoria-da-mesa-de-transporte-para-poner-inmediatamente-en-funcionamento-as-novas-linas-dos-buses-urbanos\/#primaryimage"},"thumbnailUrl":"https:\/\/www.ppdelugo.com\/wp-content\/uploads\/2020\/11\/Novos-postes-informacion-transporte-urbano-min-scaled.jpg","articleSection":["Transporte Urbano"],"inLanguage":"es","potentialAction":[{"@type":"CommentAction","name":"Comment","target":["https:\/\/www.ppdelugo.com\/es\/o-pp-urxe-a-convocatoria-da-mesa-de-transporte-para-poner-inmediatamente-en-funcionamento-as-novas-linas-dos-buses-urbanos\/#respond"]}]},{"@type":"WebPage","@id":"https:\/\/www.ppdelugo.com\/es\/o-pp-urxe-a-convocatoria-da-mesa-de-transporte-para-poner-inmediatamente-en-funcionamento-as-novas-linas-dos-buses-urbanos\/","url":"https:\/\/www.ppdelugo.com\/es\/o-pp-urxe-a-convocatoria-da-mesa-de-transporte-para-poner-inmediatamente-en-funcionamento-as-novas-linas-dos-buses-urbanos\/","name":"El PP urge la convocatoria de la mesa de transporte para poner inmediatamente en funcionamiento las nuevas l\u00edneas de los buses urbanos - Grupo Municipal Partido Popular de Lugo","isPartOf":{"@id":"https:\/\/www.ppdelugo.com\/es\/#website"},"primaryImageOfPage":{"@id":"https:\/\/www.ppdelugo.com\/es\/o-pp-urxe-a-convocatoria-da-mesa-de-transporte-para-poner-inmediatamente-en-funcionamento-as-novas-linas-dos-buses-urbanos\/#primaryimage"},"image":{"@id":"https:\/\/www.ppdelugo.com\/es\/o-pp-urxe-a-convocatoria-da-mesa-de-transporte-para-poner-inmediatamente-en-funcionamento-as-novas-linas-dos-buses-urbanos\/#primaryimage"},"thumbnailUrl":"https:\/\/www.ppdelugo.com\/wp-content\/uploads\/2020\/11\/Novos-postes-informacion-transporte-urbano-min-scaled.jpg","datePublished":"2020-11-03T13:01:06+00:00","dateModified":"2020-11-03T13:01:55+00:00","author":{"@id":"https:\/\/www.ppdelugo.com\/es\/#\/schema\/person\/4fa17dd371813e2c389a4417775cec48"},"breadcrumb":{"@id":"https:\/\/www.ppdelugo.com\/es\/o-pp-urxe-a-convocatoria-da-mesa-de-transporte-para-poner-inmediatamente-en-funcionamento-as-novas-linas-dos-buses-urbanos\/#breadcrumb"},"inLanguage":"es","potentialAction":[{"@type":"ReadAction","target":["https:\/\/www.ppdelugo.com\/es\/o-pp-urxe-a-convocatoria-da-mesa-de-transporte-para-poner-inmediatamente-en-funcionamento-as-novas-linas-dos-buses-urbanos\/"]}]},{"@type":"ImageObject","inLanguage":"es","@id":"https:\/\/www.ppdelugo.com\/es\/o-pp-urxe-a-convocatoria-da-mesa-de-transporte-para-poner-inmediatamente-en-funcionamento-as-novas-linas-dos-buses-urbanos\/#primaryimage","url":"https:\/\/www.ppdelugo.com\/wp-content\/uploads\/2020\/11\/Novos-postes-informacion-transporte-urbano-min-scaled.jpg","contentUrl":"https:\/\/www.ppdelugo.com\/wp-content\/uploads\/2020\/11\/Novos-postes-informacion-transporte-urbano-min-scaled.jpg","width":2560,"height":1920},{"@type":"BreadcrumbList","@id":"https:\/\/www.ppdelugo.com\/es\/o-pp-urxe-a-convocatoria-da-mesa-de-transporte-para-poner-inmediatamente-en-funcionamento-as-novas-linas-dos-buses-urbanos\/#breadcrumb","itemListElement":[{"@type":"ListItem","position":1,"name":"Portada","item":"https:\/\/www.ppdelugo.com\/es\/"},{"@type":"ListItem","position":2,"name":"El PP urge la convocatoria de la mesa de transporte para poner inmediatamente en funcionamiento las nuevas l\u00edneas de los buses urbanos"}]},{"@type":"WebSite","@id":"https:\/\/www.ppdelugo.com\/es\/#website","url":"https:\/\/www.ppdelugo.com\/es\/","name":"Grupo Municipal Partido Popular de Lugo","description":"Web del Grupo Municipal del Partido Popular en el Ayuntamiento de Lugo, con informaci\u00f3n sobre Lugo y fomento de la participaci\u00f3n ciudadana","potentialAction":[{"@type":"SearchAction","target":{"@type":"EntryPoint","urlTemplate":"https:\/\/www.ppdelugo.com\/es\/?s={search_term_string}"},"query-input":{"@type":"PropertyValueSpecification","valueRequired":true,"valueName":"search_term_string"}}],"inLanguage":"es"},{"@type":"Person","@id":"https:\/\/www.ppdelugo.com\/es\/#\/schema\/person\/4fa17dd371813e2c389a4417775cec48","name":"ppdelugo","url":"https:\/\/www.ppdelugo.com\/es\/author\/admin-2\/"}]}},"_links":{"self":[{"href":"https:\/\/www.ppdelugo.com\/es\/wp-json\/wp\/v2\/posts\/13776","targetHints":{"allow":["GET"]}}],"collection":[{"href":"https:\/\/www.ppdelugo.com\/es\/wp-json\/wp\/v2\/posts"}],"about":[{"href":"https:\/\/www.ppdelugo.com\/es\/wp-json\/wp\/v2\/types\/post"}],"author":[{"embeddable":true,"href":"https:\/\/www.ppdelugo.com\/es\/wp-json\/wp\/v2\/users\/8"}],"replies":[{"embeddable":true,"href":"https:\/\/www.ppdelugo.com\/es\/wp-json\/wp\/v2\/comments?post=13776"}],"version-history":[{"count":2,"href":"https:\/\/www.ppdelugo.com\/es\/wp-json\/wp\/v2\/posts\/13776\/revisions"}],"predecessor-version":[{"id":13778,"href":"https:\/\/www.ppdelugo.com\/es\/wp-json\/wp\/v2\/posts\/13776\/revisions\/13778"}],"wp:featuredmedia":[{"embeddable":true,"href":"https:\/\/www.ppdelugo.com\/es\/wp-json\/wp\/v2\/media\/13774"}],"wp:attachment":[{"href":"https:\/\/www.ppdelugo.com\/es\/wp-json\/wp\/v2\/media?parent=13776"}],"wp:term":[{"taxonomy":"category","embeddable":true,"href":"https:\/\/www.ppdelugo.com\/es\/wp-json\/wp\/v2\/categories?post=13776"},{"taxonomy":"post_tag","embeddable":true,"href":"https:\/\/www.ppdelugo.com\/es\/wp-json\/wp\/v2\/tags?post=13776"}],"curies":[{"name":"wp","href":"https:\/\/api.w.org\/{rel}","templated":true}]}}