{"id":13652,"date":"2020-10-14T11:25:06","date_gmt":"2020-10-14T11:25:06","guid":{"rendered":"http:\/\/www.ppdelugo.com\/o-pp-critica-que-tres-meses-despois-da-recepcion-do-novo-auditorio-de-magoi-ainda-non-se-chequease-e-puxese-en-funcionamento-o-edificio\/"},"modified":"2020-10-14T11:26:01","modified_gmt":"2020-10-14T11:26:01","slug":"o-pp-critica-que-tres-meses-despois-da-recepcion-do-novo-auditorio-de-magoi-ainda-non-se-chequease-e-puxese-en-funcionamento-o-edificio","status":"publish","type":"post","link":"https:\/\/www.ppdelugo.com\/es\/o-pp-critica-que-tres-meses-despois-da-recepcion-do-novo-auditorio-de-magoi-ainda-non-se-chequease-e-puxese-en-funcionamento-o-edificio\/","title":{"rendered":"El PP critica que, tres meses despu\u00e9s de la recepci\u00f3n del nuevo auditorio de Magoi, a\u00fan no se chequease y pusiera en funcionamiento el edificio"},"content":{"rendered":"<p>El portavoz popular desvel\u00f3 que \u201cse viene de hacer una modificaci\u00f3n presupuestaria de 8.500 \u20ac para el control de calidad y las pruebas en las instalaciones\u201d y anuncia que preguntar\u00e1 en comisi\u00f3n \u201ccuando se har\u00e1 esta revisi\u00f3n y en que consistir\u00e1n los trabajos\u201d<\/p>\n<p><!--more--><\/p>\n<p>O voceiro do Grupo Popular\u00a0 est\u00e1 preocupado pola \u201ccalma\u201d coa que o goberno local se est\u00e1 tomando a apertura do novo auditorio de Magoi. Para Ram\u00f3n Carballo esta falta de inter\u00e9s \u201csup\u00f3n unha irresponsabilidade\u201d xa que \u201ccada d\u00eda que pasa empeora tanto a situaci\u00f3n exterior do edificio, que ofrece unha imaxe desanxelada, como no seu interior onde a falta de ventilaci\u00f3n e mantemento est\u00e1 provocando danos ao edificio que logo teremos que pagar todos os lucenses\u201d.<\/p>\n<p>O voceiro popular fac\u00eda esta reflexi\u00f3n logo de desvelar que \u201cse v\u00e9n de facer unha modificaci\u00f3n orzamentaria para dar cobertura a un control de calidade e probas nas instalaci\u00f3ns do novo auditorio de Magoi por un importe de 8.591 \u20ac\u201d. Os populares queren saber \u201ccando se van realizar as probas, en que van consistir e porque tardaron dende o 23 de xu\u00f1o, data de recepci\u00f3n da infraestructura por parte do concello, en consignar esta partida\u201d. Asemesmo preguntar\u00e1n se se est\u00e1n a adoptar algunha medida de seguridade para evitar danos materiais ou nos equipos que hai no interior. Hai que lembrar que, nesta infraestructura cultural, o goberno do Xunta do PP investiu 20 mill\u00f3ns de euros, m\u00e1is dous mill\u00f3ns no equipamento.<\/p>\n<p>Carballo matizaba que o bipartito de Lugo act\u00faa \u201cao contrario de todo o mundo\u201d xa que \u201cmentres que calquera persoa que ten algo novo apura para estrenalo, o PSOE e o BNG de Lugo, se empe\u00f1an en ignorar esta infraestructura\u201d.<\/p>\n<p>O voceiro popular lembraba como a responsable de cultura, na comisi\u00f3n celebrada o pasado 17 de setembro, po\u00f1\u00eda en d\u00fabida a seguridade do inmoble chegando a insinuar que houbera perigo para as persoas que entrasen no seu interior e, ademais, tam\u00e9n se ratificaba en que \u201cmentres non se arranxen as deficiencias non se vai programar nada neste espacio cultural\u201d.<\/p>\n<p>Para Carballo ambas patas do bigoberno se est\u00e1n po\u00f1endo de perfil e dilatando a apertura do novo auditorio \u201cperderon a oportunidade de facer os concertos do San Froil\u00e1n en espazos amplos como os que ofrec\u00eda este edificio e, arestora, moito nos tememos que nin para o Nadal ser\u00e1n capaces de abrir as s\u00faas portas\u00bb.<\/p>\n","protected":false},"excerpt":{"rendered":"<p>El portavoz popular desvel\u00f3 que \u201cse viene de hacer una modificaci\u00f3n presupuestaria de 8.500 \u20ac para el control de calidad y las pruebas en las instalaciones\u201d y anuncia que preguntar\u00e1&#8230;<\/p>\n","protected":false},"author":8,"featured_media":13650,"comment_status":"open","ping_status":"closed","sticky":false,"template":"","format":"standard","meta":{"footnotes":""},"categories":[30],"tags":[],"class_list":{"0":"post-13652","1":"post","2":"type-post","3":"status-publish","4":"format-standard","5":"has-post-thumbnail","7":"category-cultura-es"},"yoast_head":"<!-- This site is optimized with the Yoast SEO plugin v27.4 - https:\/\/yoast.com\/product\/yoast-seo-wordpress\/ -->\n<title>El PP critica que, tres meses despu\u00e9s de la recepci\u00f3n del nuevo auditorio de Magoi, a\u00fan no se chequease y pusiera en funcionamiento el edificio - Grupo Municipal Partido Popular de Lugo<\/title>\n<meta name=\"robots\" content=\"index, follow, max-snippet:-1, max-image-preview:large, max-video-preview:-1\" \/>\n<link rel=\"canonical\" href=\"https:\/\/www.ppdelugo.com\/es\/o-pp-critica-que-tres-meses-despois-da-recepcion-do-novo-auditorio-de-magoi-ainda-non-se-chequease-e-puxese-en-funcionamento-o-edificio\/\" \/>\n<meta property=\"og:locale\" content=\"es_ES\" \/>\n<meta property=\"og:type\" content=\"article\" \/>\n<meta property=\"og:title\" content=\"El PP critica que, tres meses despu\u00e9s de la recepci\u00f3n del nuevo auditorio de Magoi, a\u00fan no se chequease y pusiera en funcionamiento el edificio - Grupo Municipal Partido Popular de Lugo\" \/>\n<meta property=\"og:description\" content=\"El portavoz popular desvel\u00f3 que \u201cse viene de hacer una modificaci\u00f3n presupuestaria de 8.500 \u20ac para el control de calidad y las pruebas en las instalaciones\u201d y anuncia que preguntar\u00e1...\" \/>\n<meta property=\"og:url\" content=\"https:\/\/www.ppdelugo.com\/es\/o-pp-critica-que-tres-meses-despois-da-recepcion-do-novo-auditorio-de-magoi-ainda-non-se-chequease-e-puxese-en-funcionamento-o-edificio\/\" \/>\n<meta property=\"og:site_name\" content=\"Grupo Municipal Partido Popular de Lugo\" \/>\n<meta property=\"article:published_time\" content=\"2020-10-14T11:25:06+00:00\" \/>\n<meta property=\"article:modified_time\" content=\"2020-10-14T11:26:01+00:00\" \/>\n<meta property=\"og:image\" content=\"https:\/\/www.ppdelugo.com\/wp-content\/uploads\/2020\/10\/maleza-auditorio-min-scaled.jpg\" \/>\n\t<meta property=\"og:image:width\" content=\"2560\" \/>\n\t<meta property=\"og:image:height\" content=\"1920\" \/>\n\t<meta property=\"og:image:type\" content=\"image\/jpeg\" \/>\n<meta name=\"author\" content=\"ppdelugo\" \/>\n<meta name=\"twitter:card\" content=\"summary_large_image\" \/>\n<meta name=\"twitter:label1\" content=\"Escrito por\" \/>\n\t<meta name=\"twitter:data1\" content=\"ppdelugo\" \/>\n\t<meta name=\"twitter:label2\" content=\"Tiempo de lectura\" \/>\n\t<meta name=\"twitter:data2\" content=\"2 minutos\" \/>\n<script type=\"application\/ld+json\" class=\"yoast-schema-graph\">{\"@context\":\"https:\\\/\\\/schema.org\",\"@graph\":[{\"@type\":\"Article\",\"@id\":\"https:\\\/\\\/www.ppdelugo.com\\\/es\\\/o-pp-critica-que-tres-meses-despois-da-recepcion-do-novo-auditorio-de-magoi-ainda-non-se-chequease-e-puxese-en-funcionamento-o-edificio\\\/#article\",\"isPartOf\":{\"@id\":\"https:\\\/\\\/www.ppdelugo.com\\\/es\\\/o-pp-critica-que-tres-meses-despois-da-recepcion-do-novo-auditorio-de-magoi-ainda-non-se-chequease-e-puxese-en-funcionamento-o-edificio\\\/\"},\"author\":{\"name\":\"ppdelugo\",\"@id\":\"https:\\\/\\\/www.ppdelugo.com\\\/es\\\/#\\\/schema\\\/person\\\/4fa17dd371813e2c389a4417775cec48\"},\"headline\":\"El PP critica que, tres meses despu\u00e9s de la recepci\u00f3n del nuevo auditorio de Magoi, a\u00fan no se chequease y pusiera en funcionamiento el edificio\",\"datePublished\":\"2020-10-14T11:25:06+00:00\",\"dateModified\":\"2020-10-14T11:26:01+00:00\",\"mainEntityOfPage\":{\"@id\":\"https:\\\/\\\/www.ppdelugo.com\\\/es\\\/o-pp-critica-que-tres-meses-despois-da-recepcion-do-novo-auditorio-de-magoi-ainda-non-se-chequease-e-puxese-en-funcionamento-o-edificio\\\/\"},\"wordCount\":447,\"commentCount\":0,\"image\":{\"@id\":\"https:\\\/\\\/www.ppdelugo.com\\\/es\\\/o-pp-critica-que-tres-meses-despois-da-recepcion-do-novo-auditorio-de-magoi-ainda-non-se-chequease-e-puxese-en-funcionamento-o-edificio\\\/#primaryimage\"},\"thumbnailUrl\":\"https:\\\/\\\/www.ppdelugo.com\\\/wp-content\\\/uploads\\\/2020\\\/10\\\/maleza-auditorio-min-scaled.jpg\",\"articleSection\":[\"Cultura\"],\"inLanguage\":\"es\",\"potentialAction\":[{\"@type\":\"CommentAction\",\"name\":\"Comment\",\"target\":[\"https:\\\/\\\/www.ppdelugo.com\\\/es\\\/o-pp-critica-que-tres-meses-despois-da-recepcion-do-novo-auditorio-de-magoi-ainda-non-se-chequease-e-puxese-en-funcionamento-o-edificio\\\/#respond\"]}]},{\"@type\":\"WebPage\",\"@id\":\"https:\\\/\\\/www.ppdelugo.com\\\/es\\\/o-pp-critica-que-tres-meses-despois-da-recepcion-do-novo-auditorio-de-magoi-ainda-non-se-chequease-e-puxese-en-funcionamento-o-edificio\\\/\",\"url\":\"https:\\\/\\\/www.ppdelugo.com\\\/es\\\/o-pp-critica-que-tres-meses-despois-da-recepcion-do-novo-auditorio-de-magoi-ainda-non-se-chequease-e-puxese-en-funcionamento-o-edificio\\\/\",\"name\":\"El PP critica que, tres meses despu\u00e9s de la recepci\u00f3n del nuevo auditorio de Magoi, a\u00fan no se chequease y pusiera en funcionamiento el edificio - Grupo Municipal Partido Popular de Lugo\",\"isPartOf\":{\"@id\":\"https:\\\/\\\/www.ppdelugo.com\\\/es\\\/#website\"},\"primaryImageOfPage\":{\"@id\":\"https:\\\/\\\/www.ppdelugo.com\\\/es\\\/o-pp-critica-que-tres-meses-despois-da-recepcion-do-novo-auditorio-de-magoi-ainda-non-se-chequease-e-puxese-en-funcionamento-o-edificio\\\/#primaryimage\"},\"image\":{\"@id\":\"https:\\\/\\\/www.ppdelugo.com\\\/es\\\/o-pp-critica-que-tres-meses-despois-da-recepcion-do-novo-auditorio-de-magoi-ainda-non-se-chequease-e-puxese-en-funcionamento-o-edificio\\\/#primaryimage\"},\"thumbnailUrl\":\"https:\\\/\\\/www.ppdelugo.com\\\/wp-content\\\/uploads\\\/2020\\\/10\\\/maleza-auditorio-min-scaled.jpg\",\"datePublished\":\"2020-10-14T11:25:06+00:00\",\"dateModified\":\"2020-10-14T11:26:01+00:00\",\"author\":{\"@id\":\"https:\\\/\\\/www.ppdelugo.com\\\/es\\\/#\\\/schema\\\/person\\\/4fa17dd371813e2c389a4417775cec48\"},\"breadcrumb\":{\"@id\":\"https:\\\/\\\/www.ppdelugo.com\\\/es\\\/o-pp-critica-que-tres-meses-despois-da-recepcion-do-novo-auditorio-de-magoi-ainda-non-se-chequease-e-puxese-en-funcionamento-o-edificio\\\/#breadcrumb\"},\"inLanguage\":\"es\",\"potentialAction\":[{\"@type\":\"ReadAction\",\"target\":[\"https:\\\/\\\/www.ppdelugo.com\\\/es\\\/o-pp-critica-que-tres-meses-despois-da-recepcion-do-novo-auditorio-de-magoi-ainda-non-se-chequease-e-puxese-en-funcionamento-o-edificio\\\/\"]}]},{\"@type\":\"ImageObject\",\"inLanguage\":\"es\",\"@id\":\"https:\\\/\\\/www.ppdelugo.com\\\/es\\\/o-pp-critica-que-tres-meses-despois-da-recepcion-do-novo-auditorio-de-magoi-ainda-non-se-chequease-e-puxese-en-funcionamento-o-edificio\\\/#primaryimage\",\"url\":\"https:\\\/\\\/www.ppdelugo.com\\\/wp-content\\\/uploads\\\/2020\\\/10\\\/maleza-auditorio-min-scaled.jpg\",\"contentUrl\":\"https:\\\/\\\/www.ppdelugo.com\\\/wp-content\\\/uploads\\\/2020\\\/10\\\/maleza-auditorio-min-scaled.jpg\",\"width\":2560,\"height\":1920},{\"@type\":\"BreadcrumbList\",\"@id\":\"https:\\\/\\\/www.ppdelugo.com\\\/es\\\/o-pp-critica-que-tres-meses-despois-da-recepcion-do-novo-auditorio-de-magoi-ainda-non-se-chequease-e-puxese-en-funcionamento-o-edificio\\\/#breadcrumb\",\"itemListElement\":[{\"@type\":\"ListItem\",\"position\":1,\"name\":\"Portada\",\"item\":\"https:\\\/\\\/www.ppdelugo.com\\\/es\\\/\"},{\"@type\":\"ListItem\",\"position\":2,\"name\":\"El PP critica que, tres meses despu\u00e9s de la recepci\u00f3n del nuevo auditorio de Magoi, a\u00fan no se chequease y pusiera en funcionamiento el edificio\"}]},{\"@type\":\"WebSite\",\"@id\":\"https:\\\/\\\/www.ppdelugo.com\\\/es\\\/#website\",\"url\":\"https:\\\/\\\/www.ppdelugo.com\\\/es\\\/\",\"name\":\"Grupo Municipal Partido Popular de Lugo\",\"description\":\"Web del Grupo Municipal del Partido Popular en el Ayuntamiento de Lugo, con informaci\u00f3n sobre Lugo y fomento de la participaci\u00f3n ciudadana\",\"potentialAction\":[{\"@type\":\"SearchAction\",\"target\":{\"@type\":\"EntryPoint\",\"urlTemplate\":\"https:\\\/\\\/www.ppdelugo.com\\\/es\\\/?s={search_term_string}\"},\"query-input\":{\"@type\":\"PropertyValueSpecification\",\"valueRequired\":true,\"valueName\":\"search_term_string\"}}],\"inLanguage\":\"es\"},{\"@type\":\"Person\",\"@id\":\"https:\\\/\\\/www.ppdelugo.com\\\/es\\\/#\\\/schema\\\/person\\\/4fa17dd371813e2c389a4417775cec48\",\"name\":\"ppdelugo\",\"url\":\"https:\\\/\\\/www.ppdelugo.com\\\/es\\\/author\\\/admin-2\\\/\"}]}<\/script>\n<!-- \/ Yoast SEO plugin. -->","yoast_head_json":{"title":"El PP critica que, tres meses despu\u00e9s de la recepci\u00f3n del nuevo auditorio de Magoi, a\u00fan no se chequease y pusiera en funcionamiento el edificio - Grupo Municipal Partido Popular de Lugo","robots":{"index":"index","follow":"follow","max-snippet":"max-snippet:-1","max-image-preview":"max-image-preview:large","max-video-preview":"max-video-preview:-1"},"canonical":"https:\/\/www.ppdelugo.com\/es\/o-pp-critica-que-tres-meses-despois-da-recepcion-do-novo-auditorio-de-magoi-ainda-non-se-chequease-e-puxese-en-funcionamento-o-edificio\/","og_locale":"es_ES","og_type":"article","og_title":"El PP critica que, tres meses despu\u00e9s de la recepci\u00f3n del nuevo auditorio de Magoi, a\u00fan no se chequease y pusiera en funcionamiento el edificio - Grupo Municipal Partido Popular de Lugo","og_description":"El portavoz popular desvel\u00f3 que \u201cse viene de hacer una modificaci\u00f3n presupuestaria de 8.500 \u20ac para el control de calidad y las pruebas en las instalaciones\u201d y anuncia que preguntar\u00e1...","og_url":"https:\/\/www.ppdelugo.com\/es\/o-pp-critica-que-tres-meses-despois-da-recepcion-do-novo-auditorio-de-magoi-ainda-non-se-chequease-e-puxese-en-funcionamento-o-edificio\/","og_site_name":"Grupo Municipal Partido Popular de Lugo","article_published_time":"2020-10-14T11:25:06+00:00","article_modified_time":"2020-10-14T11:26:01+00:00","og_image":[{"width":2560,"height":1920,"url":"https:\/\/www.ppdelugo.com\/wp-content\/uploads\/2020\/10\/maleza-auditorio-min-scaled.jpg","type":"image\/jpeg"}],"author":"ppdelugo","twitter_card":"summary_large_image","twitter_misc":{"Escrito por":"ppdelugo","Tiempo de lectura":"2 minutos"},"schema":{"@context":"https:\/\/schema.org","@graph":[{"@type":"Article","@id":"https:\/\/www.ppdelugo.com\/es\/o-pp-critica-que-tres-meses-despois-da-recepcion-do-novo-auditorio-de-magoi-ainda-non-se-chequease-e-puxese-en-funcionamento-o-edificio\/#article","isPartOf":{"@id":"https:\/\/www.ppdelugo.com\/es\/o-pp-critica-que-tres-meses-despois-da-recepcion-do-novo-auditorio-de-magoi-ainda-non-se-chequease-e-puxese-en-funcionamento-o-edificio\/"},"author":{"name":"ppdelugo","@id":"https:\/\/www.ppdelugo.com\/es\/#\/schema\/person\/4fa17dd371813e2c389a4417775cec48"},"headline":"El PP critica que, tres meses despu\u00e9s de la recepci\u00f3n del nuevo auditorio de Magoi, a\u00fan no se chequease y pusiera en funcionamiento el edificio","datePublished":"2020-10-14T11:25:06+00:00","dateModified":"2020-10-14T11:26:01+00:00","mainEntityOfPage":{"@id":"https:\/\/www.ppdelugo.com\/es\/o-pp-critica-que-tres-meses-despois-da-recepcion-do-novo-auditorio-de-magoi-ainda-non-se-chequease-e-puxese-en-funcionamento-o-edificio\/"},"wordCount":447,"commentCount":0,"image":{"@id":"https:\/\/www.ppdelugo.com\/es\/o-pp-critica-que-tres-meses-despois-da-recepcion-do-novo-auditorio-de-magoi-ainda-non-se-chequease-e-puxese-en-funcionamento-o-edificio\/#primaryimage"},"thumbnailUrl":"https:\/\/www.ppdelugo.com\/wp-content\/uploads\/2020\/10\/maleza-auditorio-min-scaled.jpg","articleSection":["Cultura"],"inLanguage":"es","potentialAction":[{"@type":"CommentAction","name":"Comment","target":["https:\/\/www.ppdelugo.com\/es\/o-pp-critica-que-tres-meses-despois-da-recepcion-do-novo-auditorio-de-magoi-ainda-non-se-chequease-e-puxese-en-funcionamento-o-edificio\/#respond"]}]},{"@type":"WebPage","@id":"https:\/\/www.ppdelugo.com\/es\/o-pp-critica-que-tres-meses-despois-da-recepcion-do-novo-auditorio-de-magoi-ainda-non-se-chequease-e-puxese-en-funcionamento-o-edificio\/","url":"https:\/\/www.ppdelugo.com\/es\/o-pp-critica-que-tres-meses-despois-da-recepcion-do-novo-auditorio-de-magoi-ainda-non-se-chequease-e-puxese-en-funcionamento-o-edificio\/","name":"El PP critica que, tres meses despu\u00e9s de la recepci\u00f3n del nuevo auditorio de Magoi, a\u00fan no se chequease y pusiera en funcionamiento el edificio - Grupo Municipal Partido Popular de Lugo","isPartOf":{"@id":"https:\/\/www.ppdelugo.com\/es\/#website"},"primaryImageOfPage":{"@id":"https:\/\/www.ppdelugo.com\/es\/o-pp-critica-que-tres-meses-despois-da-recepcion-do-novo-auditorio-de-magoi-ainda-non-se-chequease-e-puxese-en-funcionamento-o-edificio\/#primaryimage"},"image":{"@id":"https:\/\/www.ppdelugo.com\/es\/o-pp-critica-que-tres-meses-despois-da-recepcion-do-novo-auditorio-de-magoi-ainda-non-se-chequease-e-puxese-en-funcionamento-o-edificio\/#primaryimage"},"thumbnailUrl":"https:\/\/www.ppdelugo.com\/wp-content\/uploads\/2020\/10\/maleza-auditorio-min-scaled.jpg","datePublished":"2020-10-14T11:25:06+00:00","dateModified":"2020-10-14T11:26:01+00:00","author":{"@id":"https:\/\/www.ppdelugo.com\/es\/#\/schema\/person\/4fa17dd371813e2c389a4417775cec48"},"breadcrumb":{"@id":"https:\/\/www.ppdelugo.com\/es\/o-pp-critica-que-tres-meses-despois-da-recepcion-do-novo-auditorio-de-magoi-ainda-non-se-chequease-e-puxese-en-funcionamento-o-edificio\/#breadcrumb"},"inLanguage":"es","potentialAction":[{"@type":"ReadAction","target":["https:\/\/www.ppdelugo.com\/es\/o-pp-critica-que-tres-meses-despois-da-recepcion-do-novo-auditorio-de-magoi-ainda-non-se-chequease-e-puxese-en-funcionamento-o-edificio\/"]}]},{"@type":"ImageObject","inLanguage":"es","@id":"https:\/\/www.ppdelugo.com\/es\/o-pp-critica-que-tres-meses-despois-da-recepcion-do-novo-auditorio-de-magoi-ainda-non-se-chequease-e-puxese-en-funcionamento-o-edificio\/#primaryimage","url":"https:\/\/www.ppdelugo.com\/wp-content\/uploads\/2020\/10\/maleza-auditorio-min-scaled.jpg","contentUrl":"https:\/\/www.ppdelugo.com\/wp-content\/uploads\/2020\/10\/maleza-auditorio-min-scaled.jpg","width":2560,"height":1920},{"@type":"BreadcrumbList","@id":"https:\/\/www.ppdelugo.com\/es\/o-pp-critica-que-tres-meses-despois-da-recepcion-do-novo-auditorio-de-magoi-ainda-non-se-chequease-e-puxese-en-funcionamento-o-edificio\/#breadcrumb","itemListElement":[{"@type":"ListItem","position":1,"name":"Portada","item":"https:\/\/www.ppdelugo.com\/es\/"},{"@type":"ListItem","position":2,"name":"El PP critica que, tres meses despu\u00e9s de la recepci\u00f3n del nuevo auditorio de Magoi, a\u00fan no se chequease y pusiera en funcionamiento el edificio"}]},{"@type":"WebSite","@id":"https:\/\/www.ppdelugo.com\/es\/#website","url":"https:\/\/www.ppdelugo.com\/es\/","name":"Grupo Municipal Partido Popular de Lugo","description":"Web del Grupo Municipal del Partido Popular en el Ayuntamiento de Lugo, con informaci\u00f3n sobre Lugo y fomento de la participaci\u00f3n ciudadana","potentialAction":[{"@type":"SearchAction","target":{"@type":"EntryPoint","urlTemplate":"https:\/\/www.ppdelugo.com\/es\/?s={search_term_string}"},"query-input":{"@type":"PropertyValueSpecification","valueRequired":true,"valueName":"search_term_string"}}],"inLanguage":"es"},{"@type":"Person","@id":"https:\/\/www.ppdelugo.com\/es\/#\/schema\/person\/4fa17dd371813e2c389a4417775cec48","name":"ppdelugo","url":"https:\/\/www.ppdelugo.com\/es\/author\/admin-2\/"}]}},"_links":{"self":[{"href":"https:\/\/www.ppdelugo.com\/es\/wp-json\/wp\/v2\/posts\/13652","targetHints":{"allow":["GET"]}}],"collection":[{"href":"https:\/\/www.ppdelugo.com\/es\/wp-json\/wp\/v2\/posts"}],"about":[{"href":"https:\/\/www.ppdelugo.com\/es\/wp-json\/wp\/v2\/types\/post"}],"author":[{"embeddable":true,"href":"https:\/\/www.ppdelugo.com\/es\/wp-json\/wp\/v2\/users\/8"}],"replies":[{"embeddable":true,"href":"https:\/\/www.ppdelugo.com\/es\/wp-json\/wp\/v2\/comments?post=13652"}],"version-history":[{"count":2,"href":"https:\/\/www.ppdelugo.com\/es\/wp-json\/wp\/v2\/posts\/13652\/revisions"}],"predecessor-version":[{"id":13654,"href":"https:\/\/www.ppdelugo.com\/es\/wp-json\/wp\/v2\/posts\/13652\/revisions\/13654"}],"wp:featuredmedia":[{"embeddable":true,"href":"https:\/\/www.ppdelugo.com\/es\/wp-json\/wp\/v2\/media\/13650"}],"wp:attachment":[{"href":"https:\/\/www.ppdelugo.com\/es\/wp-json\/wp\/v2\/media?parent=13652"}],"wp:term":[{"taxonomy":"category","embeddable":true,"href":"https:\/\/www.ppdelugo.com\/es\/wp-json\/wp\/v2\/categories?post=13652"},{"taxonomy":"post_tag","embeddable":true,"href":"https:\/\/www.ppdelugo.com\/es\/wp-json\/wp\/v2\/tags?post=13652"}],"curies":[{"name":"wp","href":"https:\/\/api.w.org\/{rel}","templated":true}]}}