{"id":13645,"date":"2020-10-13T11:49:26","date_gmt":"2020-10-13T11:49:26","guid":{"rendered":"http:\/\/www.ppdelugo.com\/o-pp-teme-que-o-goberno-local-non-iniciase-o-proxecto-para-a-construcion-dunha-pista-de-motocros-ao-negar-o-acceso-ao-expediente\/"},"modified":"2020-10-13T11:50:34","modified_gmt":"2020-10-13T11:50:34","slug":"o-pp-teme-que-o-goberno-local-non-iniciase-o-proxecto-para-a-construcion-dunha-pista-de-motocros-ao-negar-o-acceso-ao-expediente","status":"publish","type":"post","link":"https:\/\/www.ppdelugo.com\/es\/o-pp-teme-que-o-goberno-local-non-iniciase-o-proxecto-para-a-construcion-dunha-pista-de-motocros-ao-negar-o-acceso-ao-expediente\/","title":{"rendered":"El PP teme que el gobierno local no iniciara el proyecto para la construcci\u00f3n de una pista de #motocross al negar el acceso al expediente"},"content":{"rendered":"<p>El concejal del Grupo Municipal del PP \u00d3scar Poy denuncia que no pudimos ver el proyecto del gobierno local para la creaci\u00f3n de un circuito de #motocross en Lugo, ya que no se permiti\u00f3 el acceso, a pesar de que el edil de Deportes, Miguel Fern\u00e1ndez, asegur\u00f3 en el \u00faltimo pleno que estaban desarrollando un proyecto \u201cmuy ambicioso\u201d en este sentido<\/p>\n<p><!--more--><\/p>\n<p>O concelleiro do Grupo Municipal do Partido Popular no Concello de Lugo, \u00d3scar Poy, fai p\u00fablicas as trabas do goberno local para que se poida co\u00f1ecer o que o edil de deportes cualificou como \u201cmoi ambicioso\u201d proxecto para a construci\u00f3n dunha pista de motocr\u00f3s en Lugo.<\/p>\n<p>\u00d3scar Poy explica que despois de que Miguel Fern\u00e1ndez desvelase os plans do goberno local, cun proxecto moi ambicioso e avanzado, desde o Grupo Municipal do Partido Popular se solicitou acceso a ese expediente para poder co\u00f1ecer os plans do bigoberno neste eido. Pero a \u201csorpresa\u201d para o edil popular foi que cando foi a consultar o expediente \u201cnada me deron\u201d. Segundo a lexislaci\u00f3n vixente, os grupos municipais poden solicitar o acceso a unha informaci\u00f3n determinada, a cal se debe facilitar no prazo de cinco d\u00edas h\u00e1biles. \u201cDespois de solicitar a informaci\u00f3n e deixar transcorrer o prazo legal marcado, a sorpresa foi a resposta que me deron no servizo correspondente: que a\u00ednda \u00e9 algo que se est\u00e1 a confeccionar\u201d, explicou.<\/p>\n<p>O concelleiro popular tilda de \u201cvendedores de fume profesionais\u201d aos concelleiros do goberno local, que \u201cse permitiron o luxo\u201d de rexeitar a proposta que levamos ao \u00faltimo pleno desde o Grupo Popular asegurando que traballaban nun plan moito m\u00e1is ambicioso. \u201cA realidade \u00e9 que nada te\u00f1en que ensinar porque non fixeron nada pero, a\u00ednda as\u00ed, se permiten licenzas como negar unha proposta para crear en Lugo un circu\u00edto de motocr\u00f3s, que \u00e9 unha demanda de moitos afeccionados a este deporte\u201d, explicou.<\/p>\n","protected":false},"excerpt":{"rendered":"<p>El concejal del Grupo Municipal del PP \u00d3scar Poy denuncia que no pudimos ver el proyecto del gobierno local para la creaci\u00f3n de un circuito de #motocross en Lugo, ya&#8230;<\/p>\n","protected":false},"author":8,"featured_media":13643,"comment_status":"open","ping_status":"closed","sticky":false,"template":"","format":"standard","meta":{"footnotes":""},"categories":[51,32,39],"tags":[],"class_list":{"0":"post-13645","1":"post","2":"type-post","3":"status-publish","4":"format-standard","5":"has-post-thumbnail","7":"category-deportes","8":"category-infraestructuras-es","9":"category-transparencia-es"},"yoast_head":"<!-- This site is optimized with the Yoast SEO plugin v27.4 - https:\/\/yoast.com\/product\/yoast-seo-wordpress\/ -->\n<title>El PP teme que el gobierno local no iniciara el proyecto para la construcci\u00f3n de una pista de #motocross al negar el acceso al expediente - Grupo Municipal Partido Popular de Lugo<\/title>\n<meta name=\"robots\" content=\"index, follow, max-snippet:-1, max-image-preview:large, max-video-preview:-1\" \/>\n<link rel=\"canonical\" href=\"https:\/\/www.ppdelugo.com\/es\/o-pp-teme-que-o-goberno-local-non-iniciase-o-proxecto-para-a-construcion-dunha-pista-de-motocros-ao-negar-o-acceso-ao-expediente\/\" \/>\n<meta property=\"og:locale\" content=\"es_ES\" \/>\n<meta property=\"og:type\" content=\"article\" \/>\n<meta property=\"og:title\" content=\"El PP teme que el gobierno local no iniciara el proyecto para la construcci\u00f3n de una pista de #motocross al negar el acceso al expediente - Grupo Municipal Partido Popular de Lugo\" \/>\n<meta property=\"og:description\" content=\"El concejal del Grupo Municipal del PP \u00d3scar Poy denuncia que no pudimos ver el proyecto del gobierno local para la creaci\u00f3n de un circuito de #motocross en Lugo, ya...\" \/>\n<meta property=\"og:url\" content=\"https:\/\/www.ppdelugo.com\/es\/o-pp-teme-que-o-goberno-local-non-iniciase-o-proxecto-para-a-construcion-dunha-pista-de-motocros-ao-negar-o-acceso-ao-expediente\/\" \/>\n<meta property=\"og:site_name\" content=\"Grupo Municipal Partido Popular de Lugo\" \/>\n<meta property=\"article:published_time\" content=\"2020-10-13T11:49:26+00:00\" \/>\n<meta property=\"article:modified_time\" content=\"2020-10-13T11:50:34+00:00\" \/>\n<meta property=\"og:image\" content=\"https:\/\/www.ppdelugo.com\/wp-content\/uploads\/2020\/10\/IMAGEN-CIRCUITO.jpg\" \/>\n\t<meta property=\"og:image:width\" content=\"835\" \/>\n\t<meta property=\"og:image:height\" content=\"813\" \/>\n\t<meta property=\"og:image:type\" content=\"image\/jpeg\" \/>\n<meta name=\"author\" content=\"ppdelugo\" \/>\n<meta name=\"twitter:card\" content=\"summary_large_image\" \/>\n<meta name=\"twitter:label1\" content=\"Escrito por\" \/>\n\t<meta name=\"twitter:data1\" content=\"ppdelugo\" \/>\n\t<meta name=\"twitter:label2\" content=\"Tiempo de lectura\" \/>\n\t<meta name=\"twitter:data2\" content=\"2 minutos\" \/>\n<script type=\"application\/ld+json\" class=\"yoast-schema-graph\">{\"@context\":\"https:\\\/\\\/schema.org\",\"@graph\":[{\"@type\":\"Article\",\"@id\":\"https:\\\/\\\/www.ppdelugo.com\\\/es\\\/o-pp-teme-que-o-goberno-local-non-iniciase-o-proxecto-para-a-construcion-dunha-pista-de-motocros-ao-negar-o-acceso-ao-expediente\\\/#article\",\"isPartOf\":{\"@id\":\"https:\\\/\\\/www.ppdelugo.com\\\/es\\\/o-pp-teme-que-o-goberno-local-non-iniciase-o-proxecto-para-a-construcion-dunha-pista-de-motocros-ao-negar-o-acceso-ao-expediente\\\/\"},\"author\":{\"name\":\"ppdelugo\",\"@id\":\"https:\\\/\\\/www.ppdelugo.com\\\/es\\\/#\\\/schema\\\/person\\\/4fa17dd371813e2c389a4417775cec48\"},\"headline\":\"El PP teme que el gobierno local no iniciara el proyecto para la construcci\u00f3n de una pista de #motocross al negar el acceso al expediente\",\"datePublished\":\"2020-10-13T11:49:26+00:00\",\"dateModified\":\"2020-10-13T11:50:34+00:00\",\"mainEntityOfPage\":{\"@id\":\"https:\\\/\\\/www.ppdelugo.com\\\/es\\\/o-pp-teme-que-o-goberno-local-non-iniciase-o-proxecto-para-a-construcion-dunha-pista-de-motocros-ao-negar-o-acceso-ao-expediente\\\/\"},\"wordCount\":350,\"commentCount\":0,\"image\":{\"@id\":\"https:\\\/\\\/www.ppdelugo.com\\\/es\\\/o-pp-teme-que-o-goberno-local-non-iniciase-o-proxecto-para-a-construcion-dunha-pista-de-motocros-ao-negar-o-acceso-ao-expediente\\\/#primaryimage\"},\"thumbnailUrl\":\"https:\\\/\\\/www.ppdelugo.com\\\/wp-content\\\/uploads\\\/2020\\\/10\\\/IMAGEN-CIRCUITO.jpg\",\"articleSection\":[\"Deportes\",\"Infraestructuras\",\"transparencia\"],\"inLanguage\":\"es\",\"potentialAction\":[{\"@type\":\"CommentAction\",\"name\":\"Comment\",\"target\":[\"https:\\\/\\\/www.ppdelugo.com\\\/es\\\/o-pp-teme-que-o-goberno-local-non-iniciase-o-proxecto-para-a-construcion-dunha-pista-de-motocros-ao-negar-o-acceso-ao-expediente\\\/#respond\"]}]},{\"@type\":\"WebPage\",\"@id\":\"https:\\\/\\\/www.ppdelugo.com\\\/es\\\/o-pp-teme-que-o-goberno-local-non-iniciase-o-proxecto-para-a-construcion-dunha-pista-de-motocros-ao-negar-o-acceso-ao-expediente\\\/\",\"url\":\"https:\\\/\\\/www.ppdelugo.com\\\/es\\\/o-pp-teme-que-o-goberno-local-non-iniciase-o-proxecto-para-a-construcion-dunha-pista-de-motocros-ao-negar-o-acceso-ao-expediente\\\/\",\"name\":\"El PP teme que el gobierno local no iniciara el proyecto para la construcci\u00f3n de una pista de #motocross al negar el acceso al expediente - Grupo Municipal Partido Popular de Lugo\",\"isPartOf\":{\"@id\":\"https:\\\/\\\/www.ppdelugo.com\\\/es\\\/#website\"},\"primaryImageOfPage\":{\"@id\":\"https:\\\/\\\/www.ppdelugo.com\\\/es\\\/o-pp-teme-que-o-goberno-local-non-iniciase-o-proxecto-para-a-construcion-dunha-pista-de-motocros-ao-negar-o-acceso-ao-expediente\\\/#primaryimage\"},\"image\":{\"@id\":\"https:\\\/\\\/www.ppdelugo.com\\\/es\\\/o-pp-teme-que-o-goberno-local-non-iniciase-o-proxecto-para-a-construcion-dunha-pista-de-motocros-ao-negar-o-acceso-ao-expediente\\\/#primaryimage\"},\"thumbnailUrl\":\"https:\\\/\\\/www.ppdelugo.com\\\/wp-content\\\/uploads\\\/2020\\\/10\\\/IMAGEN-CIRCUITO.jpg\",\"datePublished\":\"2020-10-13T11:49:26+00:00\",\"dateModified\":\"2020-10-13T11:50:34+00:00\",\"author\":{\"@id\":\"https:\\\/\\\/www.ppdelugo.com\\\/es\\\/#\\\/schema\\\/person\\\/4fa17dd371813e2c389a4417775cec48\"},\"breadcrumb\":{\"@id\":\"https:\\\/\\\/www.ppdelugo.com\\\/es\\\/o-pp-teme-que-o-goberno-local-non-iniciase-o-proxecto-para-a-construcion-dunha-pista-de-motocros-ao-negar-o-acceso-ao-expediente\\\/#breadcrumb\"},\"inLanguage\":\"es\",\"potentialAction\":[{\"@type\":\"ReadAction\",\"target\":[\"https:\\\/\\\/www.ppdelugo.com\\\/es\\\/o-pp-teme-que-o-goberno-local-non-iniciase-o-proxecto-para-a-construcion-dunha-pista-de-motocros-ao-negar-o-acceso-ao-expediente\\\/\"]}]},{\"@type\":\"ImageObject\",\"inLanguage\":\"es\",\"@id\":\"https:\\\/\\\/www.ppdelugo.com\\\/es\\\/o-pp-teme-que-o-goberno-local-non-iniciase-o-proxecto-para-a-construcion-dunha-pista-de-motocros-ao-negar-o-acceso-ao-expediente\\\/#primaryimage\",\"url\":\"https:\\\/\\\/www.ppdelugo.com\\\/wp-content\\\/uploads\\\/2020\\\/10\\\/IMAGEN-CIRCUITO.jpg\",\"contentUrl\":\"https:\\\/\\\/www.ppdelugo.com\\\/wp-content\\\/uploads\\\/2020\\\/10\\\/IMAGEN-CIRCUITO.jpg\",\"width\":835,\"height\":813},{\"@type\":\"BreadcrumbList\",\"@id\":\"https:\\\/\\\/www.ppdelugo.com\\\/es\\\/o-pp-teme-que-o-goberno-local-non-iniciase-o-proxecto-para-a-construcion-dunha-pista-de-motocros-ao-negar-o-acceso-ao-expediente\\\/#breadcrumb\",\"itemListElement\":[{\"@type\":\"ListItem\",\"position\":1,\"name\":\"Portada\",\"item\":\"https:\\\/\\\/www.ppdelugo.com\\\/es\\\/\"},{\"@type\":\"ListItem\",\"position\":2,\"name\":\"El PP teme que el gobierno local no iniciara el proyecto para la construcci\u00f3n de una pista de #motocross al negar el acceso al expediente\"}]},{\"@type\":\"WebSite\",\"@id\":\"https:\\\/\\\/www.ppdelugo.com\\\/es\\\/#website\",\"url\":\"https:\\\/\\\/www.ppdelugo.com\\\/es\\\/\",\"name\":\"Grupo Municipal Partido Popular de Lugo\",\"description\":\"Web del Grupo Municipal del Partido Popular en el Ayuntamiento de Lugo, con informaci\u00f3n sobre Lugo y fomento de la participaci\u00f3n ciudadana\",\"potentialAction\":[{\"@type\":\"SearchAction\",\"target\":{\"@type\":\"EntryPoint\",\"urlTemplate\":\"https:\\\/\\\/www.ppdelugo.com\\\/es\\\/?s={search_term_string}\"},\"query-input\":{\"@type\":\"PropertyValueSpecification\",\"valueRequired\":true,\"valueName\":\"search_term_string\"}}],\"inLanguage\":\"es\"},{\"@type\":\"Person\",\"@id\":\"https:\\\/\\\/www.ppdelugo.com\\\/es\\\/#\\\/schema\\\/person\\\/4fa17dd371813e2c389a4417775cec48\",\"name\":\"ppdelugo\",\"url\":\"https:\\\/\\\/www.ppdelugo.com\\\/es\\\/author\\\/admin-2\\\/\"}]}<\/script>\n<!-- \/ Yoast SEO plugin. -->","yoast_head_json":{"title":"El PP teme que el gobierno local no iniciara el proyecto para la construcci\u00f3n de una pista de #motocross al negar el acceso al expediente - Grupo Municipal Partido Popular de Lugo","robots":{"index":"index","follow":"follow","max-snippet":"max-snippet:-1","max-image-preview":"max-image-preview:large","max-video-preview":"max-video-preview:-1"},"canonical":"https:\/\/www.ppdelugo.com\/es\/o-pp-teme-que-o-goberno-local-non-iniciase-o-proxecto-para-a-construcion-dunha-pista-de-motocros-ao-negar-o-acceso-ao-expediente\/","og_locale":"es_ES","og_type":"article","og_title":"El PP teme que el gobierno local no iniciara el proyecto para la construcci\u00f3n de una pista de #motocross al negar el acceso al expediente - Grupo Municipal Partido Popular de Lugo","og_description":"El concejal del Grupo Municipal del PP \u00d3scar Poy denuncia que no pudimos ver el proyecto del gobierno local para la creaci\u00f3n de un circuito de #motocross en Lugo, ya...","og_url":"https:\/\/www.ppdelugo.com\/es\/o-pp-teme-que-o-goberno-local-non-iniciase-o-proxecto-para-a-construcion-dunha-pista-de-motocros-ao-negar-o-acceso-ao-expediente\/","og_site_name":"Grupo Municipal Partido Popular de Lugo","article_published_time":"2020-10-13T11:49:26+00:00","article_modified_time":"2020-10-13T11:50:34+00:00","og_image":[{"width":835,"height":813,"url":"https:\/\/www.ppdelugo.com\/wp-content\/uploads\/2020\/10\/IMAGEN-CIRCUITO.jpg","type":"image\/jpeg"}],"author":"ppdelugo","twitter_card":"summary_large_image","twitter_misc":{"Escrito por":"ppdelugo","Tiempo de lectura":"2 minutos"},"schema":{"@context":"https:\/\/schema.org","@graph":[{"@type":"Article","@id":"https:\/\/www.ppdelugo.com\/es\/o-pp-teme-que-o-goberno-local-non-iniciase-o-proxecto-para-a-construcion-dunha-pista-de-motocros-ao-negar-o-acceso-ao-expediente\/#article","isPartOf":{"@id":"https:\/\/www.ppdelugo.com\/es\/o-pp-teme-que-o-goberno-local-non-iniciase-o-proxecto-para-a-construcion-dunha-pista-de-motocros-ao-negar-o-acceso-ao-expediente\/"},"author":{"name":"ppdelugo","@id":"https:\/\/www.ppdelugo.com\/es\/#\/schema\/person\/4fa17dd371813e2c389a4417775cec48"},"headline":"El PP teme que el gobierno local no iniciara el proyecto para la construcci\u00f3n de una pista de #motocross al negar el acceso al expediente","datePublished":"2020-10-13T11:49:26+00:00","dateModified":"2020-10-13T11:50:34+00:00","mainEntityOfPage":{"@id":"https:\/\/www.ppdelugo.com\/es\/o-pp-teme-que-o-goberno-local-non-iniciase-o-proxecto-para-a-construcion-dunha-pista-de-motocros-ao-negar-o-acceso-ao-expediente\/"},"wordCount":350,"commentCount":0,"image":{"@id":"https:\/\/www.ppdelugo.com\/es\/o-pp-teme-que-o-goberno-local-non-iniciase-o-proxecto-para-a-construcion-dunha-pista-de-motocros-ao-negar-o-acceso-ao-expediente\/#primaryimage"},"thumbnailUrl":"https:\/\/www.ppdelugo.com\/wp-content\/uploads\/2020\/10\/IMAGEN-CIRCUITO.jpg","articleSection":["Deportes","Infraestructuras","transparencia"],"inLanguage":"es","potentialAction":[{"@type":"CommentAction","name":"Comment","target":["https:\/\/www.ppdelugo.com\/es\/o-pp-teme-que-o-goberno-local-non-iniciase-o-proxecto-para-a-construcion-dunha-pista-de-motocros-ao-negar-o-acceso-ao-expediente\/#respond"]}]},{"@type":"WebPage","@id":"https:\/\/www.ppdelugo.com\/es\/o-pp-teme-que-o-goberno-local-non-iniciase-o-proxecto-para-a-construcion-dunha-pista-de-motocros-ao-negar-o-acceso-ao-expediente\/","url":"https:\/\/www.ppdelugo.com\/es\/o-pp-teme-que-o-goberno-local-non-iniciase-o-proxecto-para-a-construcion-dunha-pista-de-motocros-ao-negar-o-acceso-ao-expediente\/","name":"El PP teme que el gobierno local no iniciara el proyecto para la construcci\u00f3n de una pista de #motocross al negar el acceso al expediente - Grupo Municipal Partido Popular de Lugo","isPartOf":{"@id":"https:\/\/www.ppdelugo.com\/es\/#website"},"primaryImageOfPage":{"@id":"https:\/\/www.ppdelugo.com\/es\/o-pp-teme-que-o-goberno-local-non-iniciase-o-proxecto-para-a-construcion-dunha-pista-de-motocros-ao-negar-o-acceso-ao-expediente\/#primaryimage"},"image":{"@id":"https:\/\/www.ppdelugo.com\/es\/o-pp-teme-que-o-goberno-local-non-iniciase-o-proxecto-para-a-construcion-dunha-pista-de-motocros-ao-negar-o-acceso-ao-expediente\/#primaryimage"},"thumbnailUrl":"https:\/\/www.ppdelugo.com\/wp-content\/uploads\/2020\/10\/IMAGEN-CIRCUITO.jpg","datePublished":"2020-10-13T11:49:26+00:00","dateModified":"2020-10-13T11:50:34+00:00","author":{"@id":"https:\/\/www.ppdelugo.com\/es\/#\/schema\/person\/4fa17dd371813e2c389a4417775cec48"},"breadcrumb":{"@id":"https:\/\/www.ppdelugo.com\/es\/o-pp-teme-que-o-goberno-local-non-iniciase-o-proxecto-para-a-construcion-dunha-pista-de-motocros-ao-negar-o-acceso-ao-expediente\/#breadcrumb"},"inLanguage":"es","potentialAction":[{"@type":"ReadAction","target":["https:\/\/www.ppdelugo.com\/es\/o-pp-teme-que-o-goberno-local-non-iniciase-o-proxecto-para-a-construcion-dunha-pista-de-motocros-ao-negar-o-acceso-ao-expediente\/"]}]},{"@type":"ImageObject","inLanguage":"es","@id":"https:\/\/www.ppdelugo.com\/es\/o-pp-teme-que-o-goberno-local-non-iniciase-o-proxecto-para-a-construcion-dunha-pista-de-motocros-ao-negar-o-acceso-ao-expediente\/#primaryimage","url":"https:\/\/www.ppdelugo.com\/wp-content\/uploads\/2020\/10\/IMAGEN-CIRCUITO.jpg","contentUrl":"https:\/\/www.ppdelugo.com\/wp-content\/uploads\/2020\/10\/IMAGEN-CIRCUITO.jpg","width":835,"height":813},{"@type":"BreadcrumbList","@id":"https:\/\/www.ppdelugo.com\/es\/o-pp-teme-que-o-goberno-local-non-iniciase-o-proxecto-para-a-construcion-dunha-pista-de-motocros-ao-negar-o-acceso-ao-expediente\/#breadcrumb","itemListElement":[{"@type":"ListItem","position":1,"name":"Portada","item":"https:\/\/www.ppdelugo.com\/es\/"},{"@type":"ListItem","position":2,"name":"El PP teme que el gobierno local no iniciara el proyecto para la construcci\u00f3n de una pista de #motocross al negar el acceso al expediente"}]},{"@type":"WebSite","@id":"https:\/\/www.ppdelugo.com\/es\/#website","url":"https:\/\/www.ppdelugo.com\/es\/","name":"Grupo Municipal Partido Popular de Lugo","description":"Web del Grupo Municipal del Partido Popular en el Ayuntamiento de Lugo, con informaci\u00f3n sobre Lugo y fomento de la participaci\u00f3n ciudadana","potentialAction":[{"@type":"SearchAction","target":{"@type":"EntryPoint","urlTemplate":"https:\/\/www.ppdelugo.com\/es\/?s={search_term_string}"},"query-input":{"@type":"PropertyValueSpecification","valueRequired":true,"valueName":"search_term_string"}}],"inLanguage":"es"},{"@type":"Person","@id":"https:\/\/www.ppdelugo.com\/es\/#\/schema\/person\/4fa17dd371813e2c389a4417775cec48","name":"ppdelugo","url":"https:\/\/www.ppdelugo.com\/es\/author\/admin-2\/"}]}},"_links":{"self":[{"href":"https:\/\/www.ppdelugo.com\/es\/wp-json\/wp\/v2\/posts\/13645","targetHints":{"allow":["GET"]}}],"collection":[{"href":"https:\/\/www.ppdelugo.com\/es\/wp-json\/wp\/v2\/posts"}],"about":[{"href":"https:\/\/www.ppdelugo.com\/es\/wp-json\/wp\/v2\/types\/post"}],"author":[{"embeddable":true,"href":"https:\/\/www.ppdelugo.com\/es\/wp-json\/wp\/v2\/users\/8"}],"replies":[{"embeddable":true,"href":"https:\/\/www.ppdelugo.com\/es\/wp-json\/wp\/v2\/comments?post=13645"}],"version-history":[{"count":2,"href":"https:\/\/www.ppdelugo.com\/es\/wp-json\/wp\/v2\/posts\/13645\/revisions"}],"predecessor-version":[{"id":13647,"href":"https:\/\/www.ppdelugo.com\/es\/wp-json\/wp\/v2\/posts\/13645\/revisions\/13647"}],"wp:featuredmedia":[{"embeddable":true,"href":"https:\/\/www.ppdelugo.com\/es\/wp-json\/wp\/v2\/media\/13643"}],"wp:attachment":[{"href":"https:\/\/www.ppdelugo.com\/es\/wp-json\/wp\/v2\/media?parent=13645"}],"wp:term":[{"taxonomy":"category","embeddable":true,"href":"https:\/\/www.ppdelugo.com\/es\/wp-json\/wp\/v2\/categories?post=13645"},{"taxonomy":"post_tag","embeddable":true,"href":"https:\/\/www.ppdelugo.com\/es\/wp-json\/wp\/v2\/tags?post=13645"}],"curies":[{"name":"wp","href":"https:\/\/api.w.org\/{rel}","templated":true}]}}