{"id":13526,"date":"2020-09-24T09:01:29","date_gmt":"2020-09-24T09:01:29","guid":{"rendered":"http:\/\/www.ppdelugo.com\/proposicion-para-solicitar-un-plan-de-supresion-e-soterramento-do-cableado-aereo\/"},"modified":"2020-09-24T10:21:59","modified_gmt":"2020-09-24T10:21:59","slug":"proposicion-para-solicitar-un-plan-de-supresion-e-soterramento-do-cableado-aereo","status":"publish","type":"post","link":"https:\/\/www.ppdelugo.com\/es\/proposicion-para-solicitar-un-plan-de-supresion-e-soterramento-do-cableado-aereo\/","title":{"rendered":"El PP muestra su sorpresa despu\u00e9s de que el PSOE y el BNG votaran en contra de enterrar el cableado a\u00e9reo"},"content":{"rendered":"<p>Los concejales populares critican la negativa del gobierno local para aprobar un plan para abordar una intervenci\u00f3n global para el progresivo soterramiento del cableado de los imafrontes de la ciudad para poner punto final al feismo, adem\u00e1s de ser importante desarrollar este programa de soterramiento del cableado por motivos de seguridad.<\/p>\n<p><!--more--><\/p>\n<p>Nunha cidade que se congratula de ter tres Patrimonios da Humanidade e que est\u00e1 promocionando o seu Casco Hist\u00f3rico para que tam\u00e9n sexa declarado, estase a descoidar de xeito chamativo a imaxe que est\u00e1 a dar o Concello de Lugo da nosa cidade. En portas de un novo Ano Santo que deber\u00eda ser un revulsivo para o turismo e para que o Concello fixese un esforzo extra na promoci\u00f3n e acondicionamento da cidade, atopamos que a pr\u00e0ctica totalidade das fachadas dos distintos barrios est\u00e1n cubertas de cables. Uns cables, en moitos casos en desuso, e que na s\u00faa totalidade ser\u00edan susceptibles de estar soterrados.<\/p>\n<p>Resulta evidente que \u00e9 imposible eliminar todos os cables da totalidade das fachadas da cidade nunha soa vez, tanto pola complexidade administrativa como pola carga econ\u00f3mica pero, en calquera caso \u00e9 necesario afrontar esta problem\u00e1tica sen m\u00e1is demora para que este fe\u00edsmo se suprima no menor tempo posible. Dende o Grupo Municipal do Partido Popular consideramos que o Concello de Lugo debe fomentar o soterramento de todos os cables a\u00e9reos e de fachadas da cidade dun xeito progresivo.<\/p>\n<p>No \u00e1nimo de lograr unha cidade cunha imaxe atrativa para o turismo e a actividade econ\u00f3mica, cultural, social&#8230; as\u00ed como acolledora para os seus veci\u00f1os, o Grupo Municipal do Partido Popular solicita:<\/p>\n<ul>\n<li>A elaboraci\u00f3n dun plan de intervenci\u00f3n global para o progresivo soterramento do cableado a\u00e9reo e das fachadas que sirva de garante para a seguridade dos veci\u00f1os, que incl\u00faa:\n<ul>\n<li>Elaboraci\u00f3n dun mapa identificativo con todos os puntos da cidade onde hai cableado e postes<\/li>\n<li>Redacci\u00f3n dos proxectos t\u00e9cnicos correspondentes para a adecuada renovaci\u00f3n e soterramento de cada un deles<\/li>\n<li>Cronograma de actuaci\u00f3ns priorizando de forma gradual aqueles puntos que xeneren maiores problemas e perigos potenciais<\/li>\n<\/ul>\n<\/li>\n<\/ul>\n<p>Establecer convenios con empresas subministradoras para avanzar na eliminaci\u00f3n dos cables da s\u00faa<\/p>\n","protected":false},"excerpt":{"rendered":"<p>Los concejales populares critican la negativa del gobierno local para aprobar un plan para abordar una intervenci\u00f3n global para el progresivo soterramiento del cableado de los imafrontes de la ciudad&#8230;<\/p>\n","protected":false},"author":8,"featured_media":13395,"comment_status":"open","ping_status":"closed","sticky":false,"template":"","format":"standard","meta":{"footnotes":""},"categories":[50,42],"tags":[],"class_list":{"0":"post-13526","1":"post","2":"type-post","3":"status-publish","4":"format-standard","5":"has-post-thumbnail","7":"category-proposiciones","8":"category-urbanismo-es"},"yoast_head":"<!-- This site is optimized with the Yoast SEO plugin v27.4 - https:\/\/yoast.com\/product\/yoast-seo-wordpress\/ -->\n<title>El PP muestra su sorpresa despu\u00e9s de que el PSOE y el BNG votaran en contra de enterrar el cableado a\u00e9reo - Grupo Municipal Partido Popular de Lugo<\/title>\n<meta name=\"robots\" content=\"index, follow, max-snippet:-1, max-image-preview:large, max-video-preview:-1\" \/>\n<link rel=\"canonical\" href=\"https:\/\/www.ppdelugo.com\/es\/proposicion-para-solicitar-un-plan-de-supresion-e-soterramento-do-cableado-aereo\/\" \/>\n<meta property=\"og:locale\" content=\"es_ES\" \/>\n<meta property=\"og:type\" content=\"article\" \/>\n<meta property=\"og:title\" content=\"El PP muestra su sorpresa despu\u00e9s de que el PSOE y el BNG votaran en contra de enterrar el cableado a\u00e9reo - Grupo Municipal Partido Popular de Lugo\" \/>\n<meta property=\"og:description\" content=\"Los concejales populares critican la negativa del gobierno local para aprobar un plan para abordar una intervenci\u00f3n global para el progresivo soterramiento del cableado de los imafrontes de la ciudad...\" \/>\n<meta property=\"og:url\" content=\"https:\/\/www.ppdelugo.com\/es\/proposicion-para-solicitar-un-plan-de-supresion-e-soterramento-do-cableado-aereo\/\" \/>\n<meta property=\"og:site_name\" content=\"Grupo Municipal Partido Popular de Lugo\" \/>\n<meta property=\"article:published_time\" content=\"2020-09-24T09:01:29+00:00\" \/>\n<meta property=\"article:modified_time\" content=\"2020-09-24T10:21:59+00:00\" \/>\n<meta property=\"og:image\" content=\"https:\/\/www.ppdelugo.com\/wp-content\/uploads\/2020\/09\/Soterrado-cables-scaled.jpg\" \/>\n\t<meta property=\"og:image:width\" content=\"2560\" \/>\n\t<meta property=\"og:image:height\" content=\"1920\" \/>\n\t<meta property=\"og:image:type\" content=\"image\/jpeg\" \/>\n<meta name=\"author\" content=\"ppdelugo\" \/>\n<meta name=\"twitter:card\" content=\"summary_large_image\" \/>\n<meta name=\"twitter:label1\" content=\"Escrito por\" \/>\n\t<meta name=\"twitter:data1\" content=\"ppdelugo\" \/>\n\t<meta name=\"twitter:label2\" content=\"Tiempo de lectura\" \/>\n\t<meta name=\"twitter:data2\" content=\"2 minutos\" \/>\n<script type=\"application\/ld+json\" class=\"yoast-schema-graph\">{\"@context\":\"https:\\\/\\\/schema.org\",\"@graph\":[{\"@type\":\"Article\",\"@id\":\"https:\\\/\\\/www.ppdelugo.com\\\/es\\\/proposicion-para-solicitar-un-plan-de-supresion-e-soterramento-do-cableado-aereo\\\/#article\",\"isPartOf\":{\"@id\":\"https:\\\/\\\/www.ppdelugo.com\\\/es\\\/proposicion-para-solicitar-un-plan-de-supresion-e-soterramento-do-cableado-aereo\\\/\"},\"author\":{\"name\":\"ppdelugo\",\"@id\":\"https:\\\/\\\/www.ppdelugo.com\\\/es\\\/#\\\/schema\\\/person\\\/4fa17dd371813e2c389a4417775cec48\"},\"headline\":\"El PP muestra su sorpresa despu\u00e9s de que el PSOE y el BNG votaran en contra de enterrar el cableado a\u00e9reo\",\"datePublished\":\"2020-09-24T09:01:29+00:00\",\"dateModified\":\"2020-09-24T10:21:59+00:00\",\"mainEntityOfPage\":{\"@id\":\"https:\\\/\\\/www.ppdelugo.com\\\/es\\\/proposicion-para-solicitar-un-plan-de-supresion-e-soterramento-do-cableado-aereo\\\/\"},\"wordCount\":402,\"commentCount\":0,\"image\":{\"@id\":\"https:\\\/\\\/www.ppdelugo.com\\\/es\\\/proposicion-para-solicitar-un-plan-de-supresion-e-soterramento-do-cableado-aereo\\\/#primaryimage\"},\"thumbnailUrl\":\"https:\\\/\\\/www.ppdelugo.com\\\/wp-content\\\/uploads\\\/2020\\\/09\\\/Soterrado-cables-scaled.jpg\",\"articleSection\":[\"Proposiciones\",\"Urbanismo\"],\"inLanguage\":\"es\",\"potentialAction\":[{\"@type\":\"CommentAction\",\"name\":\"Comment\",\"target\":[\"https:\\\/\\\/www.ppdelugo.com\\\/es\\\/proposicion-para-solicitar-un-plan-de-supresion-e-soterramento-do-cableado-aereo\\\/#respond\"]}]},{\"@type\":\"WebPage\",\"@id\":\"https:\\\/\\\/www.ppdelugo.com\\\/es\\\/proposicion-para-solicitar-un-plan-de-supresion-e-soterramento-do-cableado-aereo\\\/\",\"url\":\"https:\\\/\\\/www.ppdelugo.com\\\/es\\\/proposicion-para-solicitar-un-plan-de-supresion-e-soterramento-do-cableado-aereo\\\/\",\"name\":\"El PP muestra su sorpresa despu\u00e9s de que el PSOE y el BNG votaran en contra de enterrar el cableado a\u00e9reo - Grupo Municipal Partido Popular de Lugo\",\"isPartOf\":{\"@id\":\"https:\\\/\\\/www.ppdelugo.com\\\/es\\\/#website\"},\"primaryImageOfPage\":{\"@id\":\"https:\\\/\\\/www.ppdelugo.com\\\/es\\\/proposicion-para-solicitar-un-plan-de-supresion-e-soterramento-do-cableado-aereo\\\/#primaryimage\"},\"image\":{\"@id\":\"https:\\\/\\\/www.ppdelugo.com\\\/es\\\/proposicion-para-solicitar-un-plan-de-supresion-e-soterramento-do-cableado-aereo\\\/#primaryimage\"},\"thumbnailUrl\":\"https:\\\/\\\/www.ppdelugo.com\\\/wp-content\\\/uploads\\\/2020\\\/09\\\/Soterrado-cables-scaled.jpg\",\"datePublished\":\"2020-09-24T09:01:29+00:00\",\"dateModified\":\"2020-09-24T10:21:59+00:00\",\"author\":{\"@id\":\"https:\\\/\\\/www.ppdelugo.com\\\/es\\\/#\\\/schema\\\/person\\\/4fa17dd371813e2c389a4417775cec48\"},\"breadcrumb\":{\"@id\":\"https:\\\/\\\/www.ppdelugo.com\\\/es\\\/proposicion-para-solicitar-un-plan-de-supresion-e-soterramento-do-cableado-aereo\\\/#breadcrumb\"},\"inLanguage\":\"es\",\"potentialAction\":[{\"@type\":\"ReadAction\",\"target\":[\"https:\\\/\\\/www.ppdelugo.com\\\/es\\\/proposicion-para-solicitar-un-plan-de-supresion-e-soterramento-do-cableado-aereo\\\/\"]}]},{\"@type\":\"ImageObject\",\"inLanguage\":\"es\",\"@id\":\"https:\\\/\\\/www.ppdelugo.com\\\/es\\\/proposicion-para-solicitar-un-plan-de-supresion-e-soterramento-do-cableado-aereo\\\/#primaryimage\",\"url\":\"https:\\\/\\\/www.ppdelugo.com\\\/wp-content\\\/uploads\\\/2020\\\/09\\\/Soterrado-cables-scaled.jpg\",\"contentUrl\":\"https:\\\/\\\/www.ppdelugo.com\\\/wp-content\\\/uploads\\\/2020\\\/09\\\/Soterrado-cables-scaled.jpg\",\"width\":2560,\"height\":1920},{\"@type\":\"BreadcrumbList\",\"@id\":\"https:\\\/\\\/www.ppdelugo.com\\\/es\\\/proposicion-para-solicitar-un-plan-de-supresion-e-soterramento-do-cableado-aereo\\\/#breadcrumb\",\"itemListElement\":[{\"@type\":\"ListItem\",\"position\":1,\"name\":\"Portada\",\"item\":\"https:\\\/\\\/www.ppdelugo.com\\\/es\\\/\"},{\"@type\":\"ListItem\",\"position\":2,\"name\":\"El PP muestra su sorpresa despu\u00e9s de que el PSOE y el BNG votaran en contra de enterrar el cableado a\u00e9reo\"}]},{\"@type\":\"WebSite\",\"@id\":\"https:\\\/\\\/www.ppdelugo.com\\\/es\\\/#website\",\"url\":\"https:\\\/\\\/www.ppdelugo.com\\\/es\\\/\",\"name\":\"Grupo Municipal Partido Popular de Lugo\",\"description\":\"Web del Grupo Municipal del Partido Popular en el Ayuntamiento de Lugo, con informaci\u00f3n sobre Lugo y fomento de la participaci\u00f3n ciudadana\",\"potentialAction\":[{\"@type\":\"SearchAction\",\"target\":{\"@type\":\"EntryPoint\",\"urlTemplate\":\"https:\\\/\\\/www.ppdelugo.com\\\/es\\\/?s={search_term_string}\"},\"query-input\":{\"@type\":\"PropertyValueSpecification\",\"valueRequired\":true,\"valueName\":\"search_term_string\"}}],\"inLanguage\":\"es\"},{\"@type\":\"Person\",\"@id\":\"https:\\\/\\\/www.ppdelugo.com\\\/es\\\/#\\\/schema\\\/person\\\/4fa17dd371813e2c389a4417775cec48\",\"name\":\"ppdelugo\",\"url\":\"https:\\\/\\\/www.ppdelugo.com\\\/es\\\/author\\\/admin-2\\\/\"}]}<\/script>\n<!-- \/ Yoast SEO plugin. -->","yoast_head_json":{"title":"El PP muestra su sorpresa despu\u00e9s de que el PSOE y el BNG votaran en contra de enterrar el cableado a\u00e9reo - Grupo Municipal Partido Popular de Lugo","robots":{"index":"index","follow":"follow","max-snippet":"max-snippet:-1","max-image-preview":"max-image-preview:large","max-video-preview":"max-video-preview:-1"},"canonical":"https:\/\/www.ppdelugo.com\/es\/proposicion-para-solicitar-un-plan-de-supresion-e-soterramento-do-cableado-aereo\/","og_locale":"es_ES","og_type":"article","og_title":"El PP muestra su sorpresa despu\u00e9s de que el PSOE y el BNG votaran en contra de enterrar el cableado a\u00e9reo - Grupo Municipal Partido Popular de Lugo","og_description":"Los concejales populares critican la negativa del gobierno local para aprobar un plan para abordar una intervenci\u00f3n global para el progresivo soterramiento del cableado de los imafrontes de la ciudad...","og_url":"https:\/\/www.ppdelugo.com\/es\/proposicion-para-solicitar-un-plan-de-supresion-e-soterramento-do-cableado-aereo\/","og_site_name":"Grupo Municipal Partido Popular de Lugo","article_published_time":"2020-09-24T09:01:29+00:00","article_modified_time":"2020-09-24T10:21:59+00:00","og_image":[{"width":2560,"height":1920,"url":"https:\/\/www.ppdelugo.com\/wp-content\/uploads\/2020\/09\/Soterrado-cables-scaled.jpg","type":"image\/jpeg"}],"author":"ppdelugo","twitter_card":"summary_large_image","twitter_misc":{"Escrito por":"ppdelugo","Tiempo de lectura":"2 minutos"},"schema":{"@context":"https:\/\/schema.org","@graph":[{"@type":"Article","@id":"https:\/\/www.ppdelugo.com\/es\/proposicion-para-solicitar-un-plan-de-supresion-e-soterramento-do-cableado-aereo\/#article","isPartOf":{"@id":"https:\/\/www.ppdelugo.com\/es\/proposicion-para-solicitar-un-plan-de-supresion-e-soterramento-do-cableado-aereo\/"},"author":{"name":"ppdelugo","@id":"https:\/\/www.ppdelugo.com\/es\/#\/schema\/person\/4fa17dd371813e2c389a4417775cec48"},"headline":"El PP muestra su sorpresa despu\u00e9s de que el PSOE y el BNG votaran en contra de enterrar el cableado a\u00e9reo","datePublished":"2020-09-24T09:01:29+00:00","dateModified":"2020-09-24T10:21:59+00:00","mainEntityOfPage":{"@id":"https:\/\/www.ppdelugo.com\/es\/proposicion-para-solicitar-un-plan-de-supresion-e-soterramento-do-cableado-aereo\/"},"wordCount":402,"commentCount":0,"image":{"@id":"https:\/\/www.ppdelugo.com\/es\/proposicion-para-solicitar-un-plan-de-supresion-e-soterramento-do-cableado-aereo\/#primaryimage"},"thumbnailUrl":"https:\/\/www.ppdelugo.com\/wp-content\/uploads\/2020\/09\/Soterrado-cables-scaled.jpg","articleSection":["Proposiciones","Urbanismo"],"inLanguage":"es","potentialAction":[{"@type":"CommentAction","name":"Comment","target":["https:\/\/www.ppdelugo.com\/es\/proposicion-para-solicitar-un-plan-de-supresion-e-soterramento-do-cableado-aereo\/#respond"]}]},{"@type":"WebPage","@id":"https:\/\/www.ppdelugo.com\/es\/proposicion-para-solicitar-un-plan-de-supresion-e-soterramento-do-cableado-aereo\/","url":"https:\/\/www.ppdelugo.com\/es\/proposicion-para-solicitar-un-plan-de-supresion-e-soterramento-do-cableado-aereo\/","name":"El PP muestra su sorpresa despu\u00e9s de que el PSOE y el BNG votaran en contra de enterrar el cableado a\u00e9reo - Grupo Municipal Partido Popular de Lugo","isPartOf":{"@id":"https:\/\/www.ppdelugo.com\/es\/#website"},"primaryImageOfPage":{"@id":"https:\/\/www.ppdelugo.com\/es\/proposicion-para-solicitar-un-plan-de-supresion-e-soterramento-do-cableado-aereo\/#primaryimage"},"image":{"@id":"https:\/\/www.ppdelugo.com\/es\/proposicion-para-solicitar-un-plan-de-supresion-e-soterramento-do-cableado-aereo\/#primaryimage"},"thumbnailUrl":"https:\/\/www.ppdelugo.com\/wp-content\/uploads\/2020\/09\/Soterrado-cables-scaled.jpg","datePublished":"2020-09-24T09:01:29+00:00","dateModified":"2020-09-24T10:21:59+00:00","author":{"@id":"https:\/\/www.ppdelugo.com\/es\/#\/schema\/person\/4fa17dd371813e2c389a4417775cec48"},"breadcrumb":{"@id":"https:\/\/www.ppdelugo.com\/es\/proposicion-para-solicitar-un-plan-de-supresion-e-soterramento-do-cableado-aereo\/#breadcrumb"},"inLanguage":"es","potentialAction":[{"@type":"ReadAction","target":["https:\/\/www.ppdelugo.com\/es\/proposicion-para-solicitar-un-plan-de-supresion-e-soterramento-do-cableado-aereo\/"]}]},{"@type":"ImageObject","inLanguage":"es","@id":"https:\/\/www.ppdelugo.com\/es\/proposicion-para-solicitar-un-plan-de-supresion-e-soterramento-do-cableado-aereo\/#primaryimage","url":"https:\/\/www.ppdelugo.com\/wp-content\/uploads\/2020\/09\/Soterrado-cables-scaled.jpg","contentUrl":"https:\/\/www.ppdelugo.com\/wp-content\/uploads\/2020\/09\/Soterrado-cables-scaled.jpg","width":2560,"height":1920},{"@type":"BreadcrumbList","@id":"https:\/\/www.ppdelugo.com\/es\/proposicion-para-solicitar-un-plan-de-supresion-e-soterramento-do-cableado-aereo\/#breadcrumb","itemListElement":[{"@type":"ListItem","position":1,"name":"Portada","item":"https:\/\/www.ppdelugo.com\/es\/"},{"@type":"ListItem","position":2,"name":"El PP muestra su sorpresa despu\u00e9s de que el PSOE y el BNG votaran en contra de enterrar el cableado a\u00e9reo"}]},{"@type":"WebSite","@id":"https:\/\/www.ppdelugo.com\/es\/#website","url":"https:\/\/www.ppdelugo.com\/es\/","name":"Grupo Municipal Partido Popular de Lugo","description":"Web del Grupo Municipal del Partido Popular en el Ayuntamiento de Lugo, con informaci\u00f3n sobre Lugo y fomento de la participaci\u00f3n ciudadana","potentialAction":[{"@type":"SearchAction","target":{"@type":"EntryPoint","urlTemplate":"https:\/\/www.ppdelugo.com\/es\/?s={search_term_string}"},"query-input":{"@type":"PropertyValueSpecification","valueRequired":true,"valueName":"search_term_string"}}],"inLanguage":"es"},{"@type":"Person","@id":"https:\/\/www.ppdelugo.com\/es\/#\/schema\/person\/4fa17dd371813e2c389a4417775cec48","name":"ppdelugo","url":"https:\/\/www.ppdelugo.com\/es\/author\/admin-2\/"}]}},"_links":{"self":[{"href":"https:\/\/www.ppdelugo.com\/es\/wp-json\/wp\/v2\/posts\/13526","targetHints":{"allow":["GET"]}}],"collection":[{"href":"https:\/\/www.ppdelugo.com\/es\/wp-json\/wp\/v2\/posts"}],"about":[{"href":"https:\/\/www.ppdelugo.com\/es\/wp-json\/wp\/v2\/types\/post"}],"author":[{"embeddable":true,"href":"https:\/\/www.ppdelugo.com\/es\/wp-json\/wp\/v2\/users\/8"}],"replies":[{"embeddable":true,"href":"https:\/\/www.ppdelugo.com\/es\/wp-json\/wp\/v2\/comments?post=13526"}],"version-history":[{"count":2,"href":"https:\/\/www.ppdelugo.com\/es\/wp-json\/wp\/v2\/posts\/13526\/revisions"}],"predecessor-version":[{"id":13528,"href":"https:\/\/www.ppdelugo.com\/es\/wp-json\/wp\/v2\/posts\/13526\/revisions\/13528"}],"wp:featuredmedia":[{"embeddable":true,"href":"https:\/\/www.ppdelugo.com\/es\/wp-json\/wp\/v2\/media\/13395"}],"wp:attachment":[{"href":"https:\/\/www.ppdelugo.com\/es\/wp-json\/wp\/v2\/media?parent=13526"}],"wp:term":[{"taxonomy":"category","embeddable":true,"href":"https:\/\/www.ppdelugo.com\/es\/wp-json\/wp\/v2\/categories?post=13526"},{"taxonomy":"post_tag","embeddable":true,"href":"https:\/\/www.ppdelugo.com\/es\/wp-json\/wp\/v2\/tags?post=13526"}],"curies":[{"name":"wp","href":"https:\/\/api.w.org\/{rel}","templated":true}]}}