{"id":13364,"date":"2020-09-02T12:04:58","date_gmt":"2020-09-02T12:04:58","guid":{"rendered":"http:\/\/www.ppdelugo.com\/?p=13364"},"modified":"2020-09-02T12:05:16","modified_gmt":"2020-09-02T12:05:16","slug":"el-pp-exige-a-mendez-y-arroxo-que-dejen-de-lado-las-excusas-y-pongan-en-funcionamiento-el-nuevo-auditorio","status":"publish","type":"post","link":"https:\/\/www.ppdelugo.com\/es\/el-pp-exige-a-mendez-y-arroxo-que-dejen-de-lado-las-excusas-y-pongan-en-funcionamiento-el-nuevo-auditorio\/","title":{"rendered":"El PP exige a M\u00e9ndez y Arroxo que dejen de lado las excusas y pongan en funcionamiento el nuevo auditorio"},"content":{"rendered":"<p>El portavoz del Grupo Municipal del PP Ram\u00f3n Carballo critica que el gobierno local descarte la posibilidad de emplear el nuevo auditorio como una de las localizaciones en la que realizar actividades del San Froil\u00e1n, ya que adem\u00e1s de ser una magn\u00edfica infraestructura, permitir\u00e1 un mejor control del aforo y del cumplimiento de las medidas sanitarias de seguridad<\/p>\n<p><!--more--><\/p>\n<p>O voceiro do Grupo Municipal do Partido Popular no Concello de Lugo, Ram\u00f3n Carballo, amosou a s\u00faa perplexidade despois de que na comisi\u00f3n de festas celebrada este luns, a concelleira de Cultura, Maite Ferreiro, asegurase que non ten nin idea sobre a situaci\u00f3n na que se atopa o novo auditorio, unha infraestrutura que xa \u00e9 propiedade do Concello de Lugo desde hai m\u00e1is de dous meses.<\/p>\n<p>Ram\u00f3n Carballo recorda que o pasado 23 de xu\u00f1o Paula Alvarellos asinou a acta de recepci\u00f3n desta infraestrutura por parte do Concello de Lugo, polo que desde ese momento tanto PSOE como BNG ti\u00f1an que po\u00f1erse a traballar para dotar de contidos a esta gran infraestrutura.<\/p>\n<p>Para o voceiro popular o \u00fanico motivo que explica a resposta dada por Maite Ferreiro \u00e9 \u201ca nula comunicaci\u00f3n\u201d entre as d\u00faas patas do goberno local, polo que \u201cquizais agora sexa preciso realizar outro acto de entrega das chaves entre Lara M\u00e9ndez e Rub\u00e9n Arroxo\u201d.<\/p>\n<p>A realidade volve a ser cruel para toda a sociedade lucense, xa que a guerra interna entre PSOE e BNG pasa factura de novo aos cidad\u00e1ns, que ven como non poden desfrutar desta gran dotaci\u00f3n realizada pola Xunta de Galicia. Neste senso, os populares non entenden que non se opte polo novo auditorio de Lugo para celebrar algunha das actividades do San Froil\u00e1n, xa que ademais de ser unha infraestrutura que ofrece moitas posibilidades art\u00edsticas, tam\u00e9n permite un mellor control do aforo e do cumprimento das medidas de seguridade sanitarias.<\/p>\n<p>Por iso, Ram\u00f3n Carballo esixe ao goberno local \u201ctraballo\u201d para po\u00f1er a funcionar esta dotaci\u00f3n no menor prazo de tempo posible, xa que \u201cnon lles vale a escusa da entrega das chaves\u201d. \u201cComo non saben que facer con esta gran infraestrutura, no goberno local buscan escusas e evasivas para non po\u00f1elo a funcionar\u201d, afirmou.<\/p>\n<p>O voceiro popular reclama que, como m\u00ednimo, Lara M\u00e9ndez e Rub\u00e9n Arroxo deber\u00edan de preocuparse por manter unha imaxe m\u00ednima do auditorio, algo que sempre reclamaron \u00e1 Xunta de Galicia, polo que deber\u00edan comezar por quitar o valado de obra para seguir ga\u00f1ando espazos para os cidad\u00e1ns e pensar nunha \u201cboa programaci\u00f3n, diversa e que abranga o maior n\u00famero de estilos\u201d para dar opci\u00f3ns culturais a todos os lucenses.<\/p>\n","protected":false},"excerpt":{"rendered":"<p>El portavoz del Grupo Municipal del PP Ram\u00f3n Carballo critica que el gobierno local descarte la posibilidad de emplear el nuevo auditorio como una de las localizaciones en la que&#8230;<\/p>\n","protected":false},"author":8,"featured_media":13361,"comment_status":"open","ping_status":"closed","sticky":false,"template":"","format":"standard","meta":{"footnotes":""},"categories":[30],"tags":[],"class_list":{"0":"post-13364","1":"post","2":"type-post","3":"status-publish","4":"format-standard","5":"has-post-thumbnail","7":"category-cultura-es"},"yoast_head":"<!-- This site is optimized with the Yoast SEO plugin v27.4 - https:\/\/yoast.com\/product\/yoast-seo-wordpress\/ -->\n<title>El PP exige a M\u00e9ndez y Arroxo que dejen de lado las excusas y pongan en funcionamiento el nuevo auditorio - Grupo Municipal Partido Popular de Lugo<\/title>\n<meta name=\"robots\" content=\"index, follow, max-snippet:-1, max-image-preview:large, max-video-preview:-1\" \/>\n<link rel=\"canonical\" href=\"https:\/\/www.ppdelugo.com\/es\/el-pp-exige-a-mendez-y-arroxo-que-dejen-de-lado-las-excusas-y-pongan-en-funcionamiento-el-nuevo-auditorio\/\" \/>\n<meta property=\"og:locale\" content=\"es_ES\" \/>\n<meta property=\"og:type\" content=\"article\" \/>\n<meta property=\"og:title\" content=\"El PP exige a M\u00e9ndez y Arroxo que dejen de lado las excusas y pongan en funcionamiento el nuevo auditorio - Grupo Municipal Partido Popular de Lugo\" \/>\n<meta property=\"og:description\" content=\"El portavoz del Grupo Municipal del PP Ram\u00f3n Carballo critica que el gobierno local descarte la posibilidad de emplear el nuevo auditorio como una de las localizaciones en la que...\" \/>\n<meta property=\"og:url\" content=\"https:\/\/www.ppdelugo.com\/es\/el-pp-exige-a-mendez-y-arroxo-que-dejen-de-lado-las-excusas-y-pongan-en-funcionamiento-el-nuevo-auditorio\/\" \/>\n<meta property=\"og:site_name\" content=\"Grupo Municipal Partido Popular de Lugo\" \/>\n<meta property=\"article:published_time\" content=\"2020-09-02T12:04:58+00:00\" \/>\n<meta property=\"article:modified_time\" content=\"2020-09-02T12:05:16+00:00\" \/>\n<meta property=\"og:image\" content=\"https:\/\/www.ppdelugo.com\/wp-content\/uploads\/2020\/09\/Auditorio-pechado-scaled.jpg\" \/>\n\t<meta property=\"og:image:width\" content=\"2560\" \/>\n\t<meta property=\"og:image:height\" content=\"1920\" \/>\n\t<meta property=\"og:image:type\" content=\"image\/jpeg\" \/>\n<meta name=\"author\" content=\"ppdelugo\" \/>\n<meta name=\"twitter:card\" content=\"summary_large_image\" \/>\n<meta name=\"twitter:label1\" content=\"Escrito por\" \/>\n\t<meta name=\"twitter:data1\" content=\"ppdelugo\" \/>\n\t<meta name=\"twitter:label2\" content=\"Tiempo de lectura\" \/>\n\t<meta name=\"twitter:data2\" content=\"2 minutos\" \/>\n<script type=\"application\/ld+json\" class=\"yoast-schema-graph\">{\"@context\":\"https:\\\/\\\/schema.org\",\"@graph\":[{\"@type\":\"Article\",\"@id\":\"https:\\\/\\\/www.ppdelugo.com\\\/es\\\/el-pp-exige-a-mendez-y-arroxo-que-dejen-de-lado-las-excusas-y-pongan-en-funcionamiento-el-nuevo-auditorio\\\/#article\",\"isPartOf\":{\"@id\":\"https:\\\/\\\/www.ppdelugo.com\\\/es\\\/el-pp-exige-a-mendez-y-arroxo-que-dejen-de-lado-las-excusas-y-pongan-en-funcionamiento-el-nuevo-auditorio\\\/\"},\"author\":{\"name\":\"ppdelugo\",\"@id\":\"https:\\\/\\\/www.ppdelugo.com\\\/es\\\/#\\\/schema\\\/person\\\/4fa17dd371813e2c389a4417775cec48\"},\"headline\":\"El PP exige a M\u00e9ndez y Arroxo que dejen de lado las excusas y pongan en funcionamiento el nuevo auditorio\",\"datePublished\":\"2020-09-02T12:04:58+00:00\",\"dateModified\":\"2020-09-02T12:05:16+00:00\",\"mainEntityOfPage\":{\"@id\":\"https:\\\/\\\/www.ppdelugo.com\\\/es\\\/el-pp-exige-a-mendez-y-arroxo-que-dejen-de-lado-las-excusas-y-pongan-en-funcionamiento-el-nuevo-auditorio\\\/\"},\"wordCount\":483,\"commentCount\":0,\"image\":{\"@id\":\"https:\\\/\\\/www.ppdelugo.com\\\/es\\\/el-pp-exige-a-mendez-y-arroxo-que-dejen-de-lado-las-excusas-y-pongan-en-funcionamiento-el-nuevo-auditorio\\\/#primaryimage\"},\"thumbnailUrl\":\"https:\\\/\\\/www.ppdelugo.com\\\/wp-content\\\/uploads\\\/2020\\\/09\\\/Auditorio-pechado-scaled.jpg\",\"articleSection\":[\"Cultura\"],\"inLanguage\":\"es\",\"potentialAction\":[{\"@type\":\"CommentAction\",\"name\":\"Comment\",\"target\":[\"https:\\\/\\\/www.ppdelugo.com\\\/es\\\/el-pp-exige-a-mendez-y-arroxo-que-dejen-de-lado-las-excusas-y-pongan-en-funcionamiento-el-nuevo-auditorio\\\/#respond\"]}]},{\"@type\":\"WebPage\",\"@id\":\"https:\\\/\\\/www.ppdelugo.com\\\/es\\\/el-pp-exige-a-mendez-y-arroxo-que-dejen-de-lado-las-excusas-y-pongan-en-funcionamiento-el-nuevo-auditorio\\\/\",\"url\":\"https:\\\/\\\/www.ppdelugo.com\\\/es\\\/el-pp-exige-a-mendez-y-arroxo-que-dejen-de-lado-las-excusas-y-pongan-en-funcionamiento-el-nuevo-auditorio\\\/\",\"name\":\"El PP exige a M\u00e9ndez y Arroxo que dejen de lado las excusas y pongan en funcionamiento el nuevo auditorio - Grupo Municipal Partido Popular de Lugo\",\"isPartOf\":{\"@id\":\"https:\\\/\\\/www.ppdelugo.com\\\/es\\\/#website\"},\"primaryImageOfPage\":{\"@id\":\"https:\\\/\\\/www.ppdelugo.com\\\/es\\\/el-pp-exige-a-mendez-y-arroxo-que-dejen-de-lado-las-excusas-y-pongan-en-funcionamiento-el-nuevo-auditorio\\\/#primaryimage\"},\"image\":{\"@id\":\"https:\\\/\\\/www.ppdelugo.com\\\/es\\\/el-pp-exige-a-mendez-y-arroxo-que-dejen-de-lado-las-excusas-y-pongan-en-funcionamiento-el-nuevo-auditorio\\\/#primaryimage\"},\"thumbnailUrl\":\"https:\\\/\\\/www.ppdelugo.com\\\/wp-content\\\/uploads\\\/2020\\\/09\\\/Auditorio-pechado-scaled.jpg\",\"datePublished\":\"2020-09-02T12:04:58+00:00\",\"dateModified\":\"2020-09-02T12:05:16+00:00\",\"author\":{\"@id\":\"https:\\\/\\\/www.ppdelugo.com\\\/es\\\/#\\\/schema\\\/person\\\/4fa17dd371813e2c389a4417775cec48\"},\"breadcrumb\":{\"@id\":\"https:\\\/\\\/www.ppdelugo.com\\\/es\\\/el-pp-exige-a-mendez-y-arroxo-que-dejen-de-lado-las-excusas-y-pongan-en-funcionamiento-el-nuevo-auditorio\\\/#breadcrumb\"},\"inLanguage\":\"es\",\"potentialAction\":[{\"@type\":\"ReadAction\",\"target\":[\"https:\\\/\\\/www.ppdelugo.com\\\/es\\\/el-pp-exige-a-mendez-y-arroxo-que-dejen-de-lado-las-excusas-y-pongan-en-funcionamiento-el-nuevo-auditorio\\\/\"]}]},{\"@type\":\"ImageObject\",\"inLanguage\":\"es\",\"@id\":\"https:\\\/\\\/www.ppdelugo.com\\\/es\\\/el-pp-exige-a-mendez-y-arroxo-que-dejen-de-lado-las-excusas-y-pongan-en-funcionamiento-el-nuevo-auditorio\\\/#primaryimage\",\"url\":\"https:\\\/\\\/www.ppdelugo.com\\\/wp-content\\\/uploads\\\/2020\\\/09\\\/Auditorio-pechado-scaled.jpg\",\"contentUrl\":\"https:\\\/\\\/www.ppdelugo.com\\\/wp-content\\\/uploads\\\/2020\\\/09\\\/Auditorio-pechado-scaled.jpg\",\"width\":2560,\"height\":1920},{\"@type\":\"BreadcrumbList\",\"@id\":\"https:\\\/\\\/www.ppdelugo.com\\\/es\\\/el-pp-exige-a-mendez-y-arroxo-que-dejen-de-lado-las-excusas-y-pongan-en-funcionamiento-el-nuevo-auditorio\\\/#breadcrumb\",\"itemListElement\":[{\"@type\":\"ListItem\",\"position\":1,\"name\":\"Portada\",\"item\":\"https:\\\/\\\/www.ppdelugo.com\\\/es\\\/\"},{\"@type\":\"ListItem\",\"position\":2,\"name\":\"El PP exige a M\u00e9ndez y Arroxo que dejen de lado las excusas y pongan en funcionamiento el nuevo auditorio\"}]},{\"@type\":\"WebSite\",\"@id\":\"https:\\\/\\\/www.ppdelugo.com\\\/es\\\/#website\",\"url\":\"https:\\\/\\\/www.ppdelugo.com\\\/es\\\/\",\"name\":\"Grupo Municipal Partido Popular de Lugo\",\"description\":\"Web del Grupo Municipal del Partido Popular en el Ayuntamiento de Lugo, con informaci\u00f3n sobre Lugo y fomento de la participaci\u00f3n ciudadana\",\"potentialAction\":[{\"@type\":\"SearchAction\",\"target\":{\"@type\":\"EntryPoint\",\"urlTemplate\":\"https:\\\/\\\/www.ppdelugo.com\\\/es\\\/?s={search_term_string}\"},\"query-input\":{\"@type\":\"PropertyValueSpecification\",\"valueRequired\":true,\"valueName\":\"search_term_string\"}}],\"inLanguage\":\"es\"},{\"@type\":\"Person\",\"@id\":\"https:\\\/\\\/www.ppdelugo.com\\\/es\\\/#\\\/schema\\\/person\\\/4fa17dd371813e2c389a4417775cec48\",\"name\":\"ppdelugo\",\"url\":\"https:\\\/\\\/www.ppdelugo.com\\\/es\\\/author\\\/admin-2\\\/\"}]}<\/script>\n<!-- \/ Yoast SEO plugin. -->","yoast_head_json":{"title":"El PP exige a M\u00e9ndez y Arroxo que dejen de lado las excusas y pongan en funcionamiento el nuevo auditorio - Grupo Municipal Partido Popular de Lugo","robots":{"index":"index","follow":"follow","max-snippet":"max-snippet:-1","max-image-preview":"max-image-preview:large","max-video-preview":"max-video-preview:-1"},"canonical":"https:\/\/www.ppdelugo.com\/es\/el-pp-exige-a-mendez-y-arroxo-que-dejen-de-lado-las-excusas-y-pongan-en-funcionamiento-el-nuevo-auditorio\/","og_locale":"es_ES","og_type":"article","og_title":"El PP exige a M\u00e9ndez y Arroxo que dejen de lado las excusas y pongan en funcionamiento el nuevo auditorio - Grupo Municipal Partido Popular de Lugo","og_description":"El portavoz del Grupo Municipal del PP Ram\u00f3n Carballo critica que el gobierno local descarte la posibilidad de emplear el nuevo auditorio como una de las localizaciones en la que...","og_url":"https:\/\/www.ppdelugo.com\/es\/el-pp-exige-a-mendez-y-arroxo-que-dejen-de-lado-las-excusas-y-pongan-en-funcionamiento-el-nuevo-auditorio\/","og_site_name":"Grupo Municipal Partido Popular de Lugo","article_published_time":"2020-09-02T12:04:58+00:00","article_modified_time":"2020-09-02T12:05:16+00:00","og_image":[{"width":2560,"height":1920,"url":"https:\/\/www.ppdelugo.com\/wp-content\/uploads\/2020\/09\/Auditorio-pechado-scaled.jpg","type":"image\/jpeg"}],"author":"ppdelugo","twitter_card":"summary_large_image","twitter_misc":{"Escrito por":"ppdelugo","Tiempo de lectura":"2 minutos"},"schema":{"@context":"https:\/\/schema.org","@graph":[{"@type":"Article","@id":"https:\/\/www.ppdelugo.com\/es\/el-pp-exige-a-mendez-y-arroxo-que-dejen-de-lado-las-excusas-y-pongan-en-funcionamiento-el-nuevo-auditorio\/#article","isPartOf":{"@id":"https:\/\/www.ppdelugo.com\/es\/el-pp-exige-a-mendez-y-arroxo-que-dejen-de-lado-las-excusas-y-pongan-en-funcionamiento-el-nuevo-auditorio\/"},"author":{"name":"ppdelugo","@id":"https:\/\/www.ppdelugo.com\/es\/#\/schema\/person\/4fa17dd371813e2c389a4417775cec48"},"headline":"El PP exige a M\u00e9ndez y Arroxo que dejen de lado las excusas y pongan en funcionamiento el nuevo auditorio","datePublished":"2020-09-02T12:04:58+00:00","dateModified":"2020-09-02T12:05:16+00:00","mainEntityOfPage":{"@id":"https:\/\/www.ppdelugo.com\/es\/el-pp-exige-a-mendez-y-arroxo-que-dejen-de-lado-las-excusas-y-pongan-en-funcionamiento-el-nuevo-auditorio\/"},"wordCount":483,"commentCount":0,"image":{"@id":"https:\/\/www.ppdelugo.com\/es\/el-pp-exige-a-mendez-y-arroxo-que-dejen-de-lado-las-excusas-y-pongan-en-funcionamiento-el-nuevo-auditorio\/#primaryimage"},"thumbnailUrl":"https:\/\/www.ppdelugo.com\/wp-content\/uploads\/2020\/09\/Auditorio-pechado-scaled.jpg","articleSection":["Cultura"],"inLanguage":"es","potentialAction":[{"@type":"CommentAction","name":"Comment","target":["https:\/\/www.ppdelugo.com\/es\/el-pp-exige-a-mendez-y-arroxo-que-dejen-de-lado-las-excusas-y-pongan-en-funcionamiento-el-nuevo-auditorio\/#respond"]}]},{"@type":"WebPage","@id":"https:\/\/www.ppdelugo.com\/es\/el-pp-exige-a-mendez-y-arroxo-que-dejen-de-lado-las-excusas-y-pongan-en-funcionamiento-el-nuevo-auditorio\/","url":"https:\/\/www.ppdelugo.com\/es\/el-pp-exige-a-mendez-y-arroxo-que-dejen-de-lado-las-excusas-y-pongan-en-funcionamiento-el-nuevo-auditorio\/","name":"El PP exige a M\u00e9ndez y Arroxo que dejen de lado las excusas y pongan en funcionamiento el nuevo auditorio - Grupo Municipal Partido Popular de Lugo","isPartOf":{"@id":"https:\/\/www.ppdelugo.com\/es\/#website"},"primaryImageOfPage":{"@id":"https:\/\/www.ppdelugo.com\/es\/el-pp-exige-a-mendez-y-arroxo-que-dejen-de-lado-las-excusas-y-pongan-en-funcionamiento-el-nuevo-auditorio\/#primaryimage"},"image":{"@id":"https:\/\/www.ppdelugo.com\/es\/el-pp-exige-a-mendez-y-arroxo-que-dejen-de-lado-las-excusas-y-pongan-en-funcionamiento-el-nuevo-auditorio\/#primaryimage"},"thumbnailUrl":"https:\/\/www.ppdelugo.com\/wp-content\/uploads\/2020\/09\/Auditorio-pechado-scaled.jpg","datePublished":"2020-09-02T12:04:58+00:00","dateModified":"2020-09-02T12:05:16+00:00","author":{"@id":"https:\/\/www.ppdelugo.com\/es\/#\/schema\/person\/4fa17dd371813e2c389a4417775cec48"},"breadcrumb":{"@id":"https:\/\/www.ppdelugo.com\/es\/el-pp-exige-a-mendez-y-arroxo-que-dejen-de-lado-las-excusas-y-pongan-en-funcionamiento-el-nuevo-auditorio\/#breadcrumb"},"inLanguage":"es","potentialAction":[{"@type":"ReadAction","target":["https:\/\/www.ppdelugo.com\/es\/el-pp-exige-a-mendez-y-arroxo-que-dejen-de-lado-las-excusas-y-pongan-en-funcionamiento-el-nuevo-auditorio\/"]}]},{"@type":"ImageObject","inLanguage":"es","@id":"https:\/\/www.ppdelugo.com\/es\/el-pp-exige-a-mendez-y-arroxo-que-dejen-de-lado-las-excusas-y-pongan-en-funcionamiento-el-nuevo-auditorio\/#primaryimage","url":"https:\/\/www.ppdelugo.com\/wp-content\/uploads\/2020\/09\/Auditorio-pechado-scaled.jpg","contentUrl":"https:\/\/www.ppdelugo.com\/wp-content\/uploads\/2020\/09\/Auditorio-pechado-scaled.jpg","width":2560,"height":1920},{"@type":"BreadcrumbList","@id":"https:\/\/www.ppdelugo.com\/es\/el-pp-exige-a-mendez-y-arroxo-que-dejen-de-lado-las-excusas-y-pongan-en-funcionamiento-el-nuevo-auditorio\/#breadcrumb","itemListElement":[{"@type":"ListItem","position":1,"name":"Portada","item":"https:\/\/www.ppdelugo.com\/es\/"},{"@type":"ListItem","position":2,"name":"El PP exige a M\u00e9ndez y Arroxo que dejen de lado las excusas y pongan en funcionamiento el nuevo auditorio"}]},{"@type":"WebSite","@id":"https:\/\/www.ppdelugo.com\/es\/#website","url":"https:\/\/www.ppdelugo.com\/es\/","name":"Grupo Municipal Partido Popular de Lugo","description":"Web del Grupo Municipal del Partido Popular en el Ayuntamiento de Lugo, con informaci\u00f3n sobre Lugo y fomento de la participaci\u00f3n ciudadana","potentialAction":[{"@type":"SearchAction","target":{"@type":"EntryPoint","urlTemplate":"https:\/\/www.ppdelugo.com\/es\/?s={search_term_string}"},"query-input":{"@type":"PropertyValueSpecification","valueRequired":true,"valueName":"search_term_string"}}],"inLanguage":"es"},{"@type":"Person","@id":"https:\/\/www.ppdelugo.com\/es\/#\/schema\/person\/4fa17dd371813e2c389a4417775cec48","name":"ppdelugo","url":"https:\/\/www.ppdelugo.com\/es\/author\/admin-2\/"}]}},"_links":{"self":[{"href":"https:\/\/www.ppdelugo.com\/es\/wp-json\/wp\/v2\/posts\/13364","targetHints":{"allow":["GET"]}}],"collection":[{"href":"https:\/\/www.ppdelugo.com\/es\/wp-json\/wp\/v2\/posts"}],"about":[{"href":"https:\/\/www.ppdelugo.com\/es\/wp-json\/wp\/v2\/types\/post"}],"author":[{"embeddable":true,"href":"https:\/\/www.ppdelugo.com\/es\/wp-json\/wp\/v2\/users\/8"}],"replies":[{"embeddable":true,"href":"https:\/\/www.ppdelugo.com\/es\/wp-json\/wp\/v2\/comments?post=13364"}],"version-history":[{"count":1,"href":"https:\/\/www.ppdelugo.com\/es\/wp-json\/wp\/v2\/posts\/13364\/revisions"}],"predecessor-version":[{"id":13365,"href":"https:\/\/www.ppdelugo.com\/es\/wp-json\/wp\/v2\/posts\/13364\/revisions\/13365"}],"wp:featuredmedia":[{"embeddable":true,"href":"https:\/\/www.ppdelugo.com\/es\/wp-json\/wp\/v2\/media\/13361"}],"wp:attachment":[{"href":"https:\/\/www.ppdelugo.com\/es\/wp-json\/wp\/v2\/media?parent=13364"}],"wp:term":[{"taxonomy":"category","embeddable":true,"href":"https:\/\/www.ppdelugo.com\/es\/wp-json\/wp\/v2\/categories?post=13364"},{"taxonomy":"post_tag","embeddable":true,"href":"https:\/\/www.ppdelugo.com\/es\/wp-json\/wp\/v2\/tags?post=13364"}],"curies":[{"name":"wp","href":"https:\/\/api.w.org\/{rel}","templated":true}]}}