{"id":13357,"date":"2020-09-01T11:47:56","date_gmt":"2020-09-01T11:47:56","guid":{"rendered":"http:\/\/www.ppdelugo.com\/?p=13357"},"modified":"2020-09-01T11:47:56","modified_gmt":"2020-09-01T11:47:56","slug":"el-pp-dice-que-la-descoordinacion-entre-concejales-del-psoe-y-bng-ralentiza-tramites-como-la-devolucion-de-los-avales-de-garantia-de-las-obras","status":"publish","type":"post","link":"https:\/\/www.ppdelugo.com\/es\/el-pp-dice-que-la-descoordinacion-entre-concejales-del-psoe-y-bng-ralentiza-tramites-como-la-devolucion-de-los-avales-de-garantia-de-las-obras\/","title":{"rendered":"El PP dice que la descoordinaci\u00f3n entre concejales del PSOE y BNG ralentiza tr\u00e1mites como la devoluci\u00f3n de los avales de garant\u00eda de las obras"},"content":{"rendered":"<p>El viceportavoz popular explica que los importes que se depositan en el ayuntamiento, cuando se hacen obras que afectan la v\u00eda p\u00fablica, tendr\u00edan que devolverse en un plazo m\u00e1ximo de un a\u00f1o y no de los tres que tarda, en numerosas ocasiones, el ayuntamiento de Lugo<\/p>\n<p><!--more--><\/p>\n<p>O Partido Popular acusa ao concello de Lugo de relaxarse e retrasar durante anos a devoluci\u00f3n dos avais de garant\u00eda da execuci\u00f3n de obras que realizan veci\u00f1os de Lugo afectando \u00e1 v\u00eda p\u00fablica cando \u201ca operaci\u00f3n deb\u00eda facerse nun prazo dun ano dende a execuci\u00f3n da obra\u201d. O vicevoceiro popular explica que contabilizou varios casos de intervenci\u00f3ns realizadas en 2017 a cuxos promotores se lles est\u00e1n devolvendo, ainda hoxe, as fianzas.<\/p>\n<p>Antonio Ameijide indicou que incluso hai casos de veci\u00f1os que se ven obligados a esixir por escrito a devoluci\u00f3n dos cartos dos avais. Nese caso est\u00e1 unha comunidade de propietarios que acometeron unha obra de abastecimiento e tiveron que abrir unha zanxa na beirarr\u00faa polo que\u00a0 depositaron unha fianza de 177,45 euros o 7 de febreiro de 2019. O 12 de febreiro de 2020 solicitaron a devoluci\u00f3n cun escrito que presentaron por rexistro e seguen esperando polo ingreso.<\/p>\n<p>Para o vicevoceiro popular esta situaci\u00f3n \u00e9 froito \u201cda desorganizaci\u00f3n que hai no concello de Lugo e tam\u00e9n do sistema de traballo das concellal\u00edas que dependen de dous gobernos distintos\u201d lembrando como para devoluci\u00f3n destes avais interv\u00e9n infraestructuras do BNG e urbanismo e econom\u00eda do PSOE. \u201cDende que se realiza o informe no servizo de enxe\u00f1er\u00eda ata que se asina o pago polo concelleiro pasa como m\u00ednimo mes o mes e medio\u201d.<\/p>\n<p>Ameijide manifestou que a fama de \u201cmal pagador e moroso do concello de Lugo\u201d se ratifica con cuesti\u00f3ns como estas onde \u201cse lles racanea aos lucenses a devoluci\u00f3n dos avais de obras\u201d.<\/p>\n","protected":false},"excerpt":{"rendered":"<p>El viceportavoz popular explica que los importes que se depositan en el ayuntamiento, cuando se hacen obras que afectan la v\u00eda p\u00fablica, tendr\u00edan que devolverse en un plazo m\u00e1ximo de&#8230;<\/p>\n","protected":false},"author":8,"featured_media":13355,"comment_status":"open","ping_status":"closed","sticky":false,"template":"","format":"standard","meta":{"footnotes":""},"categories":[31],"tags":[],"class_list":{"0":"post-13357","1":"post","2":"type-post","3":"status-publish","4":"format-standard","5":"has-post-thumbnail","7":"category-economia-es"},"yoast_head":"<!-- This site is optimized with the Yoast SEO plugin v27.4 - https:\/\/yoast.com\/product\/yoast-seo-wordpress\/ -->\n<title>El PP dice que la descoordinaci\u00f3n entre concejales del PSOE y BNG ralentiza tr\u00e1mites como la devoluci\u00f3n de los avales de garant\u00eda de las obras - Grupo Municipal Partido Popular de Lugo<\/title>\n<meta name=\"robots\" content=\"index, follow, max-snippet:-1, max-image-preview:large, max-video-preview:-1\" \/>\n<link rel=\"canonical\" href=\"https:\/\/www.ppdelugo.com\/es\/el-pp-dice-que-la-descoordinacion-entre-concejales-del-psoe-y-bng-ralentiza-tramites-como-la-devolucion-de-los-avales-de-garantia-de-las-obras\/\" \/>\n<meta property=\"og:locale\" content=\"es_ES\" \/>\n<meta property=\"og:type\" content=\"article\" \/>\n<meta property=\"og:title\" content=\"El PP dice que la descoordinaci\u00f3n entre concejales del PSOE y BNG ralentiza tr\u00e1mites como la devoluci\u00f3n de los avales de garant\u00eda de las obras - Grupo Municipal Partido Popular de Lugo\" \/>\n<meta property=\"og:description\" content=\"El viceportavoz popular explica que los importes que se depositan en el ayuntamiento, cuando se hacen obras que afectan la v\u00eda p\u00fablica, tendr\u00edan que devolverse en un plazo m\u00e1ximo de...\" \/>\n<meta property=\"og:url\" content=\"https:\/\/www.ppdelugo.com\/es\/el-pp-dice-que-la-descoordinacion-entre-concejales-del-psoe-y-bng-ralentiza-tramites-como-la-devolucion-de-los-avales-de-garantia-de-las-obras\/\" \/>\n<meta property=\"og:site_name\" content=\"Grupo Municipal Partido Popular de Lugo\" \/>\n<meta property=\"article:published_time\" content=\"2020-09-01T11:47:56+00:00\" \/>\n<meta property=\"og:image\" content=\"https:\/\/www.ppdelugo.com\/wp-content\/uploads\/2020\/09\/IMG_4514-scaled.jpg\" \/>\n\t<meta property=\"og:image:width\" content=\"2560\" \/>\n\t<meta property=\"og:image:height\" content=\"1920\" \/>\n\t<meta property=\"og:image:type\" content=\"image\/jpeg\" \/>\n<meta name=\"author\" content=\"ppdelugo\" \/>\n<meta name=\"twitter:card\" content=\"summary_large_image\" \/>\n<meta name=\"twitter:label1\" content=\"Escrito por\" \/>\n\t<meta name=\"twitter:data1\" content=\"ppdelugo\" \/>\n\t<meta name=\"twitter:label2\" content=\"Tiempo de lectura\" \/>\n\t<meta name=\"twitter:data2\" content=\"2 minutos\" \/>\n<script type=\"application\/ld+json\" class=\"yoast-schema-graph\">{\"@context\":\"https:\\\/\\\/schema.org\",\"@graph\":[{\"@type\":\"Article\",\"@id\":\"https:\\\/\\\/www.ppdelugo.com\\\/es\\\/el-pp-dice-que-la-descoordinacion-entre-concejales-del-psoe-y-bng-ralentiza-tramites-como-la-devolucion-de-los-avales-de-garantia-de-las-obras\\\/#article\",\"isPartOf\":{\"@id\":\"https:\\\/\\\/www.ppdelugo.com\\\/es\\\/el-pp-dice-que-la-descoordinacion-entre-concejales-del-psoe-y-bng-ralentiza-tramites-como-la-devolucion-de-los-avales-de-garantia-de-las-obras\\\/\"},\"author\":{\"name\":\"ppdelugo\",\"@id\":\"https:\\\/\\\/www.ppdelugo.com\\\/es\\\/#\\\/schema\\\/person\\\/4fa17dd371813e2c389a4417775cec48\"},\"headline\":\"El PP dice que la descoordinaci\u00f3n entre concejales del PSOE y BNG ralentiza tr\u00e1mites como la devoluci\u00f3n de los avales de garant\u00eda de las obras\",\"datePublished\":\"2020-09-01T11:47:56+00:00\",\"mainEntityOfPage\":{\"@id\":\"https:\\\/\\\/www.ppdelugo.com\\\/es\\\/el-pp-dice-que-la-descoordinacion-entre-concejales-del-psoe-y-bng-ralentiza-tramites-como-la-devolucion-de-los-avales-de-garantia-de-las-obras\\\/\"},\"wordCount\":352,\"commentCount\":0,\"image\":{\"@id\":\"https:\\\/\\\/www.ppdelugo.com\\\/es\\\/el-pp-dice-que-la-descoordinacion-entre-concejales-del-psoe-y-bng-ralentiza-tramites-como-la-devolucion-de-los-avales-de-garantia-de-las-obras\\\/#primaryimage\"},\"thumbnailUrl\":\"https:\\\/\\\/www.ppdelugo.com\\\/wp-content\\\/uploads\\\/2020\\\/09\\\/IMG_4514-scaled.jpg\",\"articleSection\":[\"Econom\u00eda\"],\"inLanguage\":\"es\",\"potentialAction\":[{\"@type\":\"CommentAction\",\"name\":\"Comment\",\"target\":[\"https:\\\/\\\/www.ppdelugo.com\\\/es\\\/el-pp-dice-que-la-descoordinacion-entre-concejales-del-psoe-y-bng-ralentiza-tramites-como-la-devolucion-de-los-avales-de-garantia-de-las-obras\\\/#respond\"]}]},{\"@type\":\"WebPage\",\"@id\":\"https:\\\/\\\/www.ppdelugo.com\\\/es\\\/el-pp-dice-que-la-descoordinacion-entre-concejales-del-psoe-y-bng-ralentiza-tramites-como-la-devolucion-de-los-avales-de-garantia-de-las-obras\\\/\",\"url\":\"https:\\\/\\\/www.ppdelugo.com\\\/es\\\/el-pp-dice-que-la-descoordinacion-entre-concejales-del-psoe-y-bng-ralentiza-tramites-como-la-devolucion-de-los-avales-de-garantia-de-las-obras\\\/\",\"name\":\"El PP dice que la descoordinaci\u00f3n entre concejales del PSOE y BNG ralentiza tr\u00e1mites como la devoluci\u00f3n de los avales de garant\u00eda de las obras - Grupo Municipal Partido Popular de Lugo\",\"isPartOf\":{\"@id\":\"https:\\\/\\\/www.ppdelugo.com\\\/es\\\/#website\"},\"primaryImageOfPage\":{\"@id\":\"https:\\\/\\\/www.ppdelugo.com\\\/es\\\/el-pp-dice-que-la-descoordinacion-entre-concejales-del-psoe-y-bng-ralentiza-tramites-como-la-devolucion-de-los-avales-de-garantia-de-las-obras\\\/#primaryimage\"},\"image\":{\"@id\":\"https:\\\/\\\/www.ppdelugo.com\\\/es\\\/el-pp-dice-que-la-descoordinacion-entre-concejales-del-psoe-y-bng-ralentiza-tramites-como-la-devolucion-de-los-avales-de-garantia-de-las-obras\\\/#primaryimage\"},\"thumbnailUrl\":\"https:\\\/\\\/www.ppdelugo.com\\\/wp-content\\\/uploads\\\/2020\\\/09\\\/IMG_4514-scaled.jpg\",\"datePublished\":\"2020-09-01T11:47:56+00:00\",\"author\":{\"@id\":\"https:\\\/\\\/www.ppdelugo.com\\\/es\\\/#\\\/schema\\\/person\\\/4fa17dd371813e2c389a4417775cec48\"},\"breadcrumb\":{\"@id\":\"https:\\\/\\\/www.ppdelugo.com\\\/es\\\/el-pp-dice-que-la-descoordinacion-entre-concejales-del-psoe-y-bng-ralentiza-tramites-como-la-devolucion-de-los-avales-de-garantia-de-las-obras\\\/#breadcrumb\"},\"inLanguage\":\"es\",\"potentialAction\":[{\"@type\":\"ReadAction\",\"target\":[\"https:\\\/\\\/www.ppdelugo.com\\\/es\\\/el-pp-dice-que-la-descoordinacion-entre-concejales-del-psoe-y-bng-ralentiza-tramites-como-la-devolucion-de-los-avales-de-garantia-de-las-obras\\\/\"]}]},{\"@type\":\"ImageObject\",\"inLanguage\":\"es\",\"@id\":\"https:\\\/\\\/www.ppdelugo.com\\\/es\\\/el-pp-dice-que-la-descoordinacion-entre-concejales-del-psoe-y-bng-ralentiza-tramites-como-la-devolucion-de-los-avales-de-garantia-de-las-obras\\\/#primaryimage\",\"url\":\"https:\\\/\\\/www.ppdelugo.com\\\/wp-content\\\/uploads\\\/2020\\\/09\\\/IMG_4514-scaled.jpg\",\"contentUrl\":\"https:\\\/\\\/www.ppdelugo.com\\\/wp-content\\\/uploads\\\/2020\\\/09\\\/IMG_4514-scaled.jpg\",\"width\":2560,\"height\":1920},{\"@type\":\"BreadcrumbList\",\"@id\":\"https:\\\/\\\/www.ppdelugo.com\\\/es\\\/el-pp-dice-que-la-descoordinacion-entre-concejales-del-psoe-y-bng-ralentiza-tramites-como-la-devolucion-de-los-avales-de-garantia-de-las-obras\\\/#breadcrumb\",\"itemListElement\":[{\"@type\":\"ListItem\",\"position\":1,\"name\":\"Portada\",\"item\":\"https:\\\/\\\/www.ppdelugo.com\\\/es\\\/\"},{\"@type\":\"ListItem\",\"position\":2,\"name\":\"El PP dice que la descoordinaci\u00f3n entre concejales del PSOE y BNG ralentiza tr\u00e1mites como la devoluci\u00f3n de los avales de garant\u00eda de las obras\"}]},{\"@type\":\"WebSite\",\"@id\":\"https:\\\/\\\/www.ppdelugo.com\\\/es\\\/#website\",\"url\":\"https:\\\/\\\/www.ppdelugo.com\\\/es\\\/\",\"name\":\"Grupo Municipal Partido Popular de Lugo\",\"description\":\"Web del Grupo Municipal del Partido Popular en el Ayuntamiento de Lugo, con informaci\u00f3n sobre Lugo y fomento de la participaci\u00f3n ciudadana\",\"potentialAction\":[{\"@type\":\"SearchAction\",\"target\":{\"@type\":\"EntryPoint\",\"urlTemplate\":\"https:\\\/\\\/www.ppdelugo.com\\\/es\\\/?s={search_term_string}\"},\"query-input\":{\"@type\":\"PropertyValueSpecification\",\"valueRequired\":true,\"valueName\":\"search_term_string\"}}],\"inLanguage\":\"es\"},{\"@type\":\"Person\",\"@id\":\"https:\\\/\\\/www.ppdelugo.com\\\/es\\\/#\\\/schema\\\/person\\\/4fa17dd371813e2c389a4417775cec48\",\"name\":\"ppdelugo\",\"url\":\"https:\\\/\\\/www.ppdelugo.com\\\/es\\\/author\\\/admin-2\\\/\"}]}<\/script>\n<!-- \/ Yoast SEO plugin. -->","yoast_head_json":{"title":"El PP dice que la descoordinaci\u00f3n entre concejales del PSOE y BNG ralentiza tr\u00e1mites como la devoluci\u00f3n de los avales de garant\u00eda de las obras - Grupo Municipal Partido Popular de Lugo","robots":{"index":"index","follow":"follow","max-snippet":"max-snippet:-1","max-image-preview":"max-image-preview:large","max-video-preview":"max-video-preview:-1"},"canonical":"https:\/\/www.ppdelugo.com\/es\/el-pp-dice-que-la-descoordinacion-entre-concejales-del-psoe-y-bng-ralentiza-tramites-como-la-devolucion-de-los-avales-de-garantia-de-las-obras\/","og_locale":"es_ES","og_type":"article","og_title":"El PP dice que la descoordinaci\u00f3n entre concejales del PSOE y BNG ralentiza tr\u00e1mites como la devoluci\u00f3n de los avales de garant\u00eda de las obras - Grupo Municipal Partido Popular de Lugo","og_description":"El viceportavoz popular explica que los importes que se depositan en el ayuntamiento, cuando se hacen obras que afectan la v\u00eda p\u00fablica, tendr\u00edan que devolverse en un plazo m\u00e1ximo de...","og_url":"https:\/\/www.ppdelugo.com\/es\/el-pp-dice-que-la-descoordinacion-entre-concejales-del-psoe-y-bng-ralentiza-tramites-como-la-devolucion-de-los-avales-de-garantia-de-las-obras\/","og_site_name":"Grupo Municipal Partido Popular de Lugo","article_published_time":"2020-09-01T11:47:56+00:00","og_image":[{"width":2560,"height":1920,"url":"https:\/\/www.ppdelugo.com\/wp-content\/uploads\/2020\/09\/IMG_4514-scaled.jpg","type":"image\/jpeg"}],"author":"ppdelugo","twitter_card":"summary_large_image","twitter_misc":{"Escrito por":"ppdelugo","Tiempo de lectura":"2 minutos"},"schema":{"@context":"https:\/\/schema.org","@graph":[{"@type":"Article","@id":"https:\/\/www.ppdelugo.com\/es\/el-pp-dice-que-la-descoordinacion-entre-concejales-del-psoe-y-bng-ralentiza-tramites-como-la-devolucion-de-los-avales-de-garantia-de-las-obras\/#article","isPartOf":{"@id":"https:\/\/www.ppdelugo.com\/es\/el-pp-dice-que-la-descoordinacion-entre-concejales-del-psoe-y-bng-ralentiza-tramites-como-la-devolucion-de-los-avales-de-garantia-de-las-obras\/"},"author":{"name":"ppdelugo","@id":"https:\/\/www.ppdelugo.com\/es\/#\/schema\/person\/4fa17dd371813e2c389a4417775cec48"},"headline":"El PP dice que la descoordinaci\u00f3n entre concejales del PSOE y BNG ralentiza tr\u00e1mites como la devoluci\u00f3n de los avales de garant\u00eda de las obras","datePublished":"2020-09-01T11:47:56+00:00","mainEntityOfPage":{"@id":"https:\/\/www.ppdelugo.com\/es\/el-pp-dice-que-la-descoordinacion-entre-concejales-del-psoe-y-bng-ralentiza-tramites-como-la-devolucion-de-los-avales-de-garantia-de-las-obras\/"},"wordCount":352,"commentCount":0,"image":{"@id":"https:\/\/www.ppdelugo.com\/es\/el-pp-dice-que-la-descoordinacion-entre-concejales-del-psoe-y-bng-ralentiza-tramites-como-la-devolucion-de-los-avales-de-garantia-de-las-obras\/#primaryimage"},"thumbnailUrl":"https:\/\/www.ppdelugo.com\/wp-content\/uploads\/2020\/09\/IMG_4514-scaled.jpg","articleSection":["Econom\u00eda"],"inLanguage":"es","potentialAction":[{"@type":"CommentAction","name":"Comment","target":["https:\/\/www.ppdelugo.com\/es\/el-pp-dice-que-la-descoordinacion-entre-concejales-del-psoe-y-bng-ralentiza-tramites-como-la-devolucion-de-los-avales-de-garantia-de-las-obras\/#respond"]}]},{"@type":"WebPage","@id":"https:\/\/www.ppdelugo.com\/es\/el-pp-dice-que-la-descoordinacion-entre-concejales-del-psoe-y-bng-ralentiza-tramites-como-la-devolucion-de-los-avales-de-garantia-de-las-obras\/","url":"https:\/\/www.ppdelugo.com\/es\/el-pp-dice-que-la-descoordinacion-entre-concejales-del-psoe-y-bng-ralentiza-tramites-como-la-devolucion-de-los-avales-de-garantia-de-las-obras\/","name":"El PP dice que la descoordinaci\u00f3n entre concejales del PSOE y BNG ralentiza tr\u00e1mites como la devoluci\u00f3n de los avales de garant\u00eda de las obras - Grupo Municipal Partido Popular de Lugo","isPartOf":{"@id":"https:\/\/www.ppdelugo.com\/es\/#website"},"primaryImageOfPage":{"@id":"https:\/\/www.ppdelugo.com\/es\/el-pp-dice-que-la-descoordinacion-entre-concejales-del-psoe-y-bng-ralentiza-tramites-como-la-devolucion-de-los-avales-de-garantia-de-las-obras\/#primaryimage"},"image":{"@id":"https:\/\/www.ppdelugo.com\/es\/el-pp-dice-que-la-descoordinacion-entre-concejales-del-psoe-y-bng-ralentiza-tramites-como-la-devolucion-de-los-avales-de-garantia-de-las-obras\/#primaryimage"},"thumbnailUrl":"https:\/\/www.ppdelugo.com\/wp-content\/uploads\/2020\/09\/IMG_4514-scaled.jpg","datePublished":"2020-09-01T11:47:56+00:00","author":{"@id":"https:\/\/www.ppdelugo.com\/es\/#\/schema\/person\/4fa17dd371813e2c389a4417775cec48"},"breadcrumb":{"@id":"https:\/\/www.ppdelugo.com\/es\/el-pp-dice-que-la-descoordinacion-entre-concejales-del-psoe-y-bng-ralentiza-tramites-como-la-devolucion-de-los-avales-de-garantia-de-las-obras\/#breadcrumb"},"inLanguage":"es","potentialAction":[{"@type":"ReadAction","target":["https:\/\/www.ppdelugo.com\/es\/el-pp-dice-que-la-descoordinacion-entre-concejales-del-psoe-y-bng-ralentiza-tramites-como-la-devolucion-de-los-avales-de-garantia-de-las-obras\/"]}]},{"@type":"ImageObject","inLanguage":"es","@id":"https:\/\/www.ppdelugo.com\/es\/el-pp-dice-que-la-descoordinacion-entre-concejales-del-psoe-y-bng-ralentiza-tramites-como-la-devolucion-de-los-avales-de-garantia-de-las-obras\/#primaryimage","url":"https:\/\/www.ppdelugo.com\/wp-content\/uploads\/2020\/09\/IMG_4514-scaled.jpg","contentUrl":"https:\/\/www.ppdelugo.com\/wp-content\/uploads\/2020\/09\/IMG_4514-scaled.jpg","width":2560,"height":1920},{"@type":"BreadcrumbList","@id":"https:\/\/www.ppdelugo.com\/es\/el-pp-dice-que-la-descoordinacion-entre-concejales-del-psoe-y-bng-ralentiza-tramites-como-la-devolucion-de-los-avales-de-garantia-de-las-obras\/#breadcrumb","itemListElement":[{"@type":"ListItem","position":1,"name":"Portada","item":"https:\/\/www.ppdelugo.com\/es\/"},{"@type":"ListItem","position":2,"name":"El PP dice que la descoordinaci\u00f3n entre concejales del PSOE y BNG ralentiza tr\u00e1mites como la devoluci\u00f3n de los avales de garant\u00eda de las obras"}]},{"@type":"WebSite","@id":"https:\/\/www.ppdelugo.com\/es\/#website","url":"https:\/\/www.ppdelugo.com\/es\/","name":"Grupo Municipal Partido Popular de Lugo","description":"Web del Grupo Municipal del Partido Popular en el Ayuntamiento de Lugo, con informaci\u00f3n sobre Lugo y fomento de la participaci\u00f3n ciudadana","potentialAction":[{"@type":"SearchAction","target":{"@type":"EntryPoint","urlTemplate":"https:\/\/www.ppdelugo.com\/es\/?s={search_term_string}"},"query-input":{"@type":"PropertyValueSpecification","valueRequired":true,"valueName":"search_term_string"}}],"inLanguage":"es"},{"@type":"Person","@id":"https:\/\/www.ppdelugo.com\/es\/#\/schema\/person\/4fa17dd371813e2c389a4417775cec48","name":"ppdelugo","url":"https:\/\/www.ppdelugo.com\/es\/author\/admin-2\/"}]}},"_links":{"self":[{"href":"https:\/\/www.ppdelugo.com\/es\/wp-json\/wp\/v2\/posts\/13357","targetHints":{"allow":["GET"]}}],"collection":[{"href":"https:\/\/www.ppdelugo.com\/es\/wp-json\/wp\/v2\/posts"}],"about":[{"href":"https:\/\/www.ppdelugo.com\/es\/wp-json\/wp\/v2\/types\/post"}],"author":[{"embeddable":true,"href":"https:\/\/www.ppdelugo.com\/es\/wp-json\/wp\/v2\/users\/8"}],"replies":[{"embeddable":true,"href":"https:\/\/www.ppdelugo.com\/es\/wp-json\/wp\/v2\/comments?post=13357"}],"version-history":[{"count":1,"href":"https:\/\/www.ppdelugo.com\/es\/wp-json\/wp\/v2\/posts\/13357\/revisions"}],"predecessor-version":[{"id":13358,"href":"https:\/\/www.ppdelugo.com\/es\/wp-json\/wp\/v2\/posts\/13357\/revisions\/13358"}],"wp:featuredmedia":[{"embeddable":true,"href":"https:\/\/www.ppdelugo.com\/es\/wp-json\/wp\/v2\/media\/13355"}],"wp:attachment":[{"href":"https:\/\/www.ppdelugo.com\/es\/wp-json\/wp\/v2\/media?parent=13357"}],"wp:term":[{"taxonomy":"category","embeddable":true,"href":"https:\/\/www.ppdelugo.com\/es\/wp-json\/wp\/v2\/categories?post=13357"},{"taxonomy":"post_tag","embeddable":true,"href":"https:\/\/www.ppdelugo.com\/es\/wp-json\/wp\/v2\/tags?post=13357"}],"curies":[{"name":"wp","href":"https:\/\/api.w.org\/{rel}","templated":true}]}}