{"id":13317,"date":"2020-08-31T17:05:03","date_gmt":"2020-08-31T17:05:03","guid":{"rendered":"http:\/\/www.ppdelugo.com\/?p=13317"},"modified":"2020-08-31T17:05:05","modified_gmt":"2020-08-31T17:05:05","slug":"el-rodillo-del-bng-deja-fuera-todas-las-propuestas-que-presento-el-pp-para-mejorar-las-fiestas-del-san-froilan","status":"publish","type":"post","link":"https:\/\/www.ppdelugo.com\/es\/el-rodillo-del-bng-deja-fuera-todas-las-propuestas-que-presento-el-pp-para-mejorar-las-fiestas-del-san-froilan\/","title":{"rendered":"El rodillo del BNG deja fuera todas las propuestas que present\u00f3 el PP para mejorar las fiestas del San Froil\u00e1n"},"content":{"rendered":"\n<p>La concejal popular Beatriz V\u00e1zquez tambi\u00e9n lamenta que los nacionalistas \u201cno tengan ning\u00fan estudio econ\u00f3mico para organizar las patronales y recuerdan que el grosso de los ingresos desaparecer\u00e1 al no haber stands, ni barracas\u201d<\/p>\n\n\n\n<p>Os populares acusan ao BNG de dar, por pechados, temas das festas e de evitar buscar os consensos propios dunha comisi\u00f3n como \u00e9 a das patronais de Lugo. A concelleira popular Beatriz V\u00e1zquez fac\u00eda esta reflexi\u00f3n logo da reuni\u00f3n que se celebrou hoxe, a segunda que se convocou en todo este ano para organizar o San Froil\u00e1n.<\/p>\n\n\n\n<p>\u201cLamentablemente non cambian de mentalidade e aplican unha pol\u00edtica de rodillo abrumadora deixando f\u00f3ra todas as propostas que presentamos\u201d, explicaba a edil popular. \u201cResulta indignante que a falta de coherencia dos do BNG que cando estaban na oposici\u00f3n ped\u00edan participaci\u00f3n real nesta comisi\u00f3n e que, agora que a presiden, act\u00faan baixo o gui\u00f3n do ordeno e mando, sen dar opci\u00f3n a que outros grupos pol\u00edticos participen.<\/p>\n\n\n\n<p>\u201cNo tocante ao pregoeiro e o oferente pensamos que ser\u00eda moito m\u00e1is democr\u00e1tica unha f\u00f3rmula rotatoria para designalos, un m\u00e9todo que se negan a aceptar para seguir impo\u00f1endo o seu criterio\u201d, explicou V\u00e1zquez.<\/p>\n\n\n\n<p>Os populares explican que os nacionalistas \u201cpretenden con un par de reuni\u00f3ns pretenden dar carpetazo \u00e1 participaci\u00f3n aplicando o seu \u00fanico criterio para patrimonializar as patronais de Lugo\u201d. V\u00e1zquez lamenta que os nacionalistas \u201cnon te\u00f1an ning\u00fan estudo econ\u00f3mico para organizar as patronais e lembran que o grosso dos ingresos desaparecer\u00e1 ao non haber casetas, nin barracas\u201d co que agarda que alomenos non haxa p\u00e9rdidas.<\/p>\n","protected":false},"excerpt":{"rendered":"<p>La concejal popular Beatriz V\u00e1zquez tambi\u00e9n lamenta que los nacionalistas \u201cno tengan ning\u00fan estudio econ\u00f3mico para organizar las patronales y recuerdan que el grosso de los ingresos desaparecer\u00e1 al no&#8230;<\/p>\n","protected":false},"author":8,"featured_media":12559,"comment_status":"open","ping_status":"closed","sticky":false,"template":"","format":"standard","meta":{"footnotes":""},"categories":[30],"tags":[],"class_list":{"0":"post-13317","1":"post","2":"type-post","3":"status-publish","4":"format-standard","5":"has-post-thumbnail","7":"category-cultura-es"},"yoast_head":"<!-- This site is optimized with the Yoast SEO plugin v27.4 - https:\/\/yoast.com\/product\/yoast-seo-wordpress\/ -->\n<title>El rodillo del BNG deja fuera todas las propuestas que present\u00f3 el PP para mejorar las fiestas del San Froil\u00e1n - Grupo Municipal Partido Popular de Lugo<\/title>\n<meta name=\"robots\" content=\"index, follow, max-snippet:-1, max-image-preview:large, max-video-preview:-1\" \/>\n<link rel=\"canonical\" href=\"https:\/\/www.ppdelugo.com\/es\/el-rodillo-del-bng-deja-fuera-todas-las-propuestas-que-presento-el-pp-para-mejorar-las-fiestas-del-san-froilan\/\" \/>\n<meta property=\"og:locale\" content=\"es_ES\" \/>\n<meta property=\"og:type\" content=\"article\" \/>\n<meta property=\"og:title\" content=\"El rodillo del BNG deja fuera todas las propuestas que present\u00f3 el PP para mejorar las fiestas del San Froil\u00e1n - Grupo Municipal Partido Popular de Lugo\" \/>\n<meta property=\"og:description\" content=\"La concejal popular Beatriz V\u00e1zquez tambi\u00e9n lamenta que los nacionalistas \u201cno tengan ning\u00fan estudio econ\u00f3mico para organizar las patronales y recuerdan que el grosso de los ingresos desaparecer\u00e1 al no...\" \/>\n<meta property=\"og:url\" content=\"https:\/\/www.ppdelugo.com\/es\/el-rodillo-del-bng-deja-fuera-todas-las-propuestas-que-presento-el-pp-para-mejorar-las-fiestas-del-san-froilan\/\" \/>\n<meta property=\"og:site_name\" content=\"Grupo Municipal Partido Popular de Lugo\" \/>\n<meta property=\"article:published_time\" content=\"2020-08-31T17:05:03+00:00\" \/>\n<meta property=\"article:modified_time\" content=\"2020-08-31T17:05:05+00:00\" \/>\n<meta property=\"og:image\" content=\"https:\/\/www.ppdelugo.com\/wp-content\/uploads\/2016\/10\/San-Froilan-caballito-1024x768.jpg\" \/>\n\t<meta property=\"og:image:width\" content=\"1024\" \/>\n\t<meta property=\"og:image:height\" content=\"768\" \/>\n\t<meta property=\"og:image:type\" content=\"image\/jpeg\" \/>\n<meta name=\"author\" content=\"ppdelugo\" \/>\n<meta name=\"twitter:card\" content=\"summary_large_image\" \/>\n<meta name=\"twitter:label1\" content=\"Escrito por\" \/>\n\t<meta name=\"twitter:data1\" content=\"ppdelugo\" \/>\n\t<meta name=\"twitter:label2\" content=\"Tiempo de lectura\" \/>\n\t<meta name=\"twitter:data2\" content=\"1 minuto\" \/>\n<script type=\"application\/ld+json\" class=\"yoast-schema-graph\">{\"@context\":\"https:\\\/\\\/schema.org\",\"@graph\":[{\"@type\":\"Article\",\"@id\":\"https:\\\/\\\/www.ppdelugo.com\\\/es\\\/el-rodillo-del-bng-deja-fuera-todas-las-propuestas-que-presento-el-pp-para-mejorar-las-fiestas-del-san-froilan\\\/#article\",\"isPartOf\":{\"@id\":\"https:\\\/\\\/www.ppdelugo.com\\\/es\\\/el-rodillo-del-bng-deja-fuera-todas-las-propuestas-que-presento-el-pp-para-mejorar-las-fiestas-del-san-froilan\\\/\"},\"author\":{\"name\":\"ppdelugo\",\"@id\":\"https:\\\/\\\/www.ppdelugo.com\\\/es\\\/#\\\/schema\\\/person\\\/4fa17dd371813e2c389a4417775cec48\"},\"headline\":\"El rodillo del BNG deja fuera todas las propuestas que present\u00f3 el PP para mejorar las fiestas del San Froil\u00e1n\",\"datePublished\":\"2020-08-31T17:05:03+00:00\",\"dateModified\":\"2020-08-31T17:05:05+00:00\",\"mainEntityOfPage\":{\"@id\":\"https:\\\/\\\/www.ppdelugo.com\\\/es\\\/el-rodillo-del-bng-deja-fuera-todas-las-propuestas-que-presento-el-pp-para-mejorar-las-fiestas-del-san-froilan\\\/\"},\"wordCount\":307,\"commentCount\":0,\"image\":{\"@id\":\"https:\\\/\\\/www.ppdelugo.com\\\/es\\\/el-rodillo-del-bng-deja-fuera-todas-las-propuestas-que-presento-el-pp-para-mejorar-las-fiestas-del-san-froilan\\\/#primaryimage\"},\"thumbnailUrl\":\"https:\\\/\\\/www.ppdelugo.com\\\/wp-content\\\/uploads\\\/2016\\\/10\\\/San-Froilan-caballito.jpg\",\"articleSection\":[\"Cultura\"],\"inLanguage\":\"es\",\"potentialAction\":[{\"@type\":\"CommentAction\",\"name\":\"Comment\",\"target\":[\"https:\\\/\\\/www.ppdelugo.com\\\/es\\\/el-rodillo-del-bng-deja-fuera-todas-las-propuestas-que-presento-el-pp-para-mejorar-las-fiestas-del-san-froilan\\\/#respond\"]}]},{\"@type\":\"WebPage\",\"@id\":\"https:\\\/\\\/www.ppdelugo.com\\\/es\\\/el-rodillo-del-bng-deja-fuera-todas-las-propuestas-que-presento-el-pp-para-mejorar-las-fiestas-del-san-froilan\\\/\",\"url\":\"https:\\\/\\\/www.ppdelugo.com\\\/es\\\/el-rodillo-del-bng-deja-fuera-todas-las-propuestas-que-presento-el-pp-para-mejorar-las-fiestas-del-san-froilan\\\/\",\"name\":\"El rodillo del BNG deja fuera todas las propuestas que present\u00f3 el PP para mejorar las fiestas del San Froil\u00e1n - Grupo Municipal Partido Popular de Lugo\",\"isPartOf\":{\"@id\":\"https:\\\/\\\/www.ppdelugo.com\\\/es\\\/#website\"},\"primaryImageOfPage\":{\"@id\":\"https:\\\/\\\/www.ppdelugo.com\\\/es\\\/el-rodillo-del-bng-deja-fuera-todas-las-propuestas-que-presento-el-pp-para-mejorar-las-fiestas-del-san-froilan\\\/#primaryimage\"},\"image\":{\"@id\":\"https:\\\/\\\/www.ppdelugo.com\\\/es\\\/el-rodillo-del-bng-deja-fuera-todas-las-propuestas-que-presento-el-pp-para-mejorar-las-fiestas-del-san-froilan\\\/#primaryimage\"},\"thumbnailUrl\":\"https:\\\/\\\/www.ppdelugo.com\\\/wp-content\\\/uploads\\\/2016\\\/10\\\/San-Froilan-caballito.jpg\",\"datePublished\":\"2020-08-31T17:05:03+00:00\",\"dateModified\":\"2020-08-31T17:05:05+00:00\",\"author\":{\"@id\":\"https:\\\/\\\/www.ppdelugo.com\\\/es\\\/#\\\/schema\\\/person\\\/4fa17dd371813e2c389a4417775cec48\"},\"breadcrumb\":{\"@id\":\"https:\\\/\\\/www.ppdelugo.com\\\/es\\\/el-rodillo-del-bng-deja-fuera-todas-las-propuestas-que-presento-el-pp-para-mejorar-las-fiestas-del-san-froilan\\\/#breadcrumb\"},\"inLanguage\":\"es\",\"potentialAction\":[{\"@type\":\"ReadAction\",\"target\":[\"https:\\\/\\\/www.ppdelugo.com\\\/es\\\/el-rodillo-del-bng-deja-fuera-todas-las-propuestas-que-presento-el-pp-para-mejorar-las-fiestas-del-san-froilan\\\/\"]}]},{\"@type\":\"ImageObject\",\"inLanguage\":\"es\",\"@id\":\"https:\\\/\\\/www.ppdelugo.com\\\/es\\\/el-rodillo-del-bng-deja-fuera-todas-las-propuestas-que-presento-el-pp-para-mejorar-las-fiestas-del-san-froilan\\\/#primaryimage\",\"url\":\"https:\\\/\\\/www.ppdelugo.com\\\/wp-content\\\/uploads\\\/2016\\\/10\\\/San-Froilan-caballito.jpg\",\"contentUrl\":\"https:\\\/\\\/www.ppdelugo.com\\\/wp-content\\\/uploads\\\/2016\\\/10\\\/San-Froilan-caballito.jpg\",\"width\":3648,\"height\":2736},{\"@type\":\"BreadcrumbList\",\"@id\":\"https:\\\/\\\/www.ppdelugo.com\\\/es\\\/el-rodillo-del-bng-deja-fuera-todas-las-propuestas-que-presento-el-pp-para-mejorar-las-fiestas-del-san-froilan\\\/#breadcrumb\",\"itemListElement\":[{\"@type\":\"ListItem\",\"position\":1,\"name\":\"Portada\",\"item\":\"https:\\\/\\\/www.ppdelugo.com\\\/es\\\/\"},{\"@type\":\"ListItem\",\"position\":2,\"name\":\"El rodillo del BNG deja fuera todas las propuestas que present\u00f3 el PP para mejorar las fiestas del San Froil\u00e1n\"}]},{\"@type\":\"WebSite\",\"@id\":\"https:\\\/\\\/www.ppdelugo.com\\\/es\\\/#website\",\"url\":\"https:\\\/\\\/www.ppdelugo.com\\\/es\\\/\",\"name\":\"Grupo Municipal Partido Popular de Lugo\",\"description\":\"Web del Grupo Municipal del Partido Popular en el Ayuntamiento de Lugo, con informaci\u00f3n sobre Lugo y fomento de la participaci\u00f3n ciudadana\",\"potentialAction\":[{\"@type\":\"SearchAction\",\"target\":{\"@type\":\"EntryPoint\",\"urlTemplate\":\"https:\\\/\\\/www.ppdelugo.com\\\/es\\\/?s={search_term_string}\"},\"query-input\":{\"@type\":\"PropertyValueSpecification\",\"valueRequired\":true,\"valueName\":\"search_term_string\"}}],\"inLanguage\":\"es\"},{\"@type\":\"Person\",\"@id\":\"https:\\\/\\\/www.ppdelugo.com\\\/es\\\/#\\\/schema\\\/person\\\/4fa17dd371813e2c389a4417775cec48\",\"name\":\"ppdelugo\",\"url\":\"https:\\\/\\\/www.ppdelugo.com\\\/es\\\/author\\\/admin-2\\\/\"}]}<\/script>\n<!-- \/ Yoast SEO plugin. -->","yoast_head_json":{"title":"El rodillo del BNG deja fuera todas las propuestas que present\u00f3 el PP para mejorar las fiestas del San Froil\u00e1n - Grupo Municipal Partido Popular de Lugo","robots":{"index":"index","follow":"follow","max-snippet":"max-snippet:-1","max-image-preview":"max-image-preview:large","max-video-preview":"max-video-preview:-1"},"canonical":"https:\/\/www.ppdelugo.com\/es\/el-rodillo-del-bng-deja-fuera-todas-las-propuestas-que-presento-el-pp-para-mejorar-las-fiestas-del-san-froilan\/","og_locale":"es_ES","og_type":"article","og_title":"El rodillo del BNG deja fuera todas las propuestas que present\u00f3 el PP para mejorar las fiestas del San Froil\u00e1n - Grupo Municipal Partido Popular de Lugo","og_description":"La concejal popular Beatriz V\u00e1zquez tambi\u00e9n lamenta que los nacionalistas \u201cno tengan ning\u00fan estudio econ\u00f3mico para organizar las patronales y recuerdan que el grosso de los ingresos desaparecer\u00e1 al no...","og_url":"https:\/\/www.ppdelugo.com\/es\/el-rodillo-del-bng-deja-fuera-todas-las-propuestas-que-presento-el-pp-para-mejorar-las-fiestas-del-san-froilan\/","og_site_name":"Grupo Municipal Partido Popular de Lugo","article_published_time":"2020-08-31T17:05:03+00:00","article_modified_time":"2020-08-31T17:05:05+00:00","og_image":[{"width":1024,"height":768,"url":"https:\/\/www.ppdelugo.com\/wp-content\/uploads\/2016\/10\/San-Froilan-caballito-1024x768.jpg","type":"image\/jpeg"}],"author":"ppdelugo","twitter_card":"summary_large_image","twitter_misc":{"Escrito por":"ppdelugo","Tiempo de lectura":"1 minuto"},"schema":{"@context":"https:\/\/schema.org","@graph":[{"@type":"Article","@id":"https:\/\/www.ppdelugo.com\/es\/el-rodillo-del-bng-deja-fuera-todas-las-propuestas-que-presento-el-pp-para-mejorar-las-fiestas-del-san-froilan\/#article","isPartOf":{"@id":"https:\/\/www.ppdelugo.com\/es\/el-rodillo-del-bng-deja-fuera-todas-las-propuestas-que-presento-el-pp-para-mejorar-las-fiestas-del-san-froilan\/"},"author":{"name":"ppdelugo","@id":"https:\/\/www.ppdelugo.com\/es\/#\/schema\/person\/4fa17dd371813e2c389a4417775cec48"},"headline":"El rodillo del BNG deja fuera todas las propuestas que present\u00f3 el PP para mejorar las fiestas del San Froil\u00e1n","datePublished":"2020-08-31T17:05:03+00:00","dateModified":"2020-08-31T17:05:05+00:00","mainEntityOfPage":{"@id":"https:\/\/www.ppdelugo.com\/es\/el-rodillo-del-bng-deja-fuera-todas-las-propuestas-que-presento-el-pp-para-mejorar-las-fiestas-del-san-froilan\/"},"wordCount":307,"commentCount":0,"image":{"@id":"https:\/\/www.ppdelugo.com\/es\/el-rodillo-del-bng-deja-fuera-todas-las-propuestas-que-presento-el-pp-para-mejorar-las-fiestas-del-san-froilan\/#primaryimage"},"thumbnailUrl":"https:\/\/www.ppdelugo.com\/wp-content\/uploads\/2016\/10\/San-Froilan-caballito.jpg","articleSection":["Cultura"],"inLanguage":"es","potentialAction":[{"@type":"CommentAction","name":"Comment","target":["https:\/\/www.ppdelugo.com\/es\/el-rodillo-del-bng-deja-fuera-todas-las-propuestas-que-presento-el-pp-para-mejorar-las-fiestas-del-san-froilan\/#respond"]}]},{"@type":"WebPage","@id":"https:\/\/www.ppdelugo.com\/es\/el-rodillo-del-bng-deja-fuera-todas-las-propuestas-que-presento-el-pp-para-mejorar-las-fiestas-del-san-froilan\/","url":"https:\/\/www.ppdelugo.com\/es\/el-rodillo-del-bng-deja-fuera-todas-las-propuestas-que-presento-el-pp-para-mejorar-las-fiestas-del-san-froilan\/","name":"El rodillo del BNG deja fuera todas las propuestas que present\u00f3 el PP para mejorar las fiestas del San Froil\u00e1n - Grupo Municipal Partido Popular de Lugo","isPartOf":{"@id":"https:\/\/www.ppdelugo.com\/es\/#website"},"primaryImageOfPage":{"@id":"https:\/\/www.ppdelugo.com\/es\/el-rodillo-del-bng-deja-fuera-todas-las-propuestas-que-presento-el-pp-para-mejorar-las-fiestas-del-san-froilan\/#primaryimage"},"image":{"@id":"https:\/\/www.ppdelugo.com\/es\/el-rodillo-del-bng-deja-fuera-todas-las-propuestas-que-presento-el-pp-para-mejorar-las-fiestas-del-san-froilan\/#primaryimage"},"thumbnailUrl":"https:\/\/www.ppdelugo.com\/wp-content\/uploads\/2016\/10\/San-Froilan-caballito.jpg","datePublished":"2020-08-31T17:05:03+00:00","dateModified":"2020-08-31T17:05:05+00:00","author":{"@id":"https:\/\/www.ppdelugo.com\/es\/#\/schema\/person\/4fa17dd371813e2c389a4417775cec48"},"breadcrumb":{"@id":"https:\/\/www.ppdelugo.com\/es\/el-rodillo-del-bng-deja-fuera-todas-las-propuestas-que-presento-el-pp-para-mejorar-las-fiestas-del-san-froilan\/#breadcrumb"},"inLanguage":"es","potentialAction":[{"@type":"ReadAction","target":["https:\/\/www.ppdelugo.com\/es\/el-rodillo-del-bng-deja-fuera-todas-las-propuestas-que-presento-el-pp-para-mejorar-las-fiestas-del-san-froilan\/"]}]},{"@type":"ImageObject","inLanguage":"es","@id":"https:\/\/www.ppdelugo.com\/es\/el-rodillo-del-bng-deja-fuera-todas-las-propuestas-que-presento-el-pp-para-mejorar-las-fiestas-del-san-froilan\/#primaryimage","url":"https:\/\/www.ppdelugo.com\/wp-content\/uploads\/2016\/10\/San-Froilan-caballito.jpg","contentUrl":"https:\/\/www.ppdelugo.com\/wp-content\/uploads\/2016\/10\/San-Froilan-caballito.jpg","width":3648,"height":2736},{"@type":"BreadcrumbList","@id":"https:\/\/www.ppdelugo.com\/es\/el-rodillo-del-bng-deja-fuera-todas-las-propuestas-que-presento-el-pp-para-mejorar-las-fiestas-del-san-froilan\/#breadcrumb","itemListElement":[{"@type":"ListItem","position":1,"name":"Portada","item":"https:\/\/www.ppdelugo.com\/es\/"},{"@type":"ListItem","position":2,"name":"El rodillo del BNG deja fuera todas las propuestas que present\u00f3 el PP para mejorar las fiestas del San Froil\u00e1n"}]},{"@type":"WebSite","@id":"https:\/\/www.ppdelugo.com\/es\/#website","url":"https:\/\/www.ppdelugo.com\/es\/","name":"Grupo Municipal Partido Popular de Lugo","description":"Web del Grupo Municipal del Partido Popular en el Ayuntamiento de Lugo, con informaci\u00f3n sobre Lugo y fomento de la participaci\u00f3n ciudadana","potentialAction":[{"@type":"SearchAction","target":{"@type":"EntryPoint","urlTemplate":"https:\/\/www.ppdelugo.com\/es\/?s={search_term_string}"},"query-input":{"@type":"PropertyValueSpecification","valueRequired":true,"valueName":"search_term_string"}}],"inLanguage":"es"},{"@type":"Person","@id":"https:\/\/www.ppdelugo.com\/es\/#\/schema\/person\/4fa17dd371813e2c389a4417775cec48","name":"ppdelugo","url":"https:\/\/www.ppdelugo.com\/es\/author\/admin-2\/"}]}},"_links":{"self":[{"href":"https:\/\/www.ppdelugo.com\/es\/wp-json\/wp\/v2\/posts\/13317","targetHints":{"allow":["GET"]}}],"collection":[{"href":"https:\/\/www.ppdelugo.com\/es\/wp-json\/wp\/v2\/posts"}],"about":[{"href":"https:\/\/www.ppdelugo.com\/es\/wp-json\/wp\/v2\/types\/post"}],"author":[{"embeddable":true,"href":"https:\/\/www.ppdelugo.com\/es\/wp-json\/wp\/v2\/users\/8"}],"replies":[{"embeddable":true,"href":"https:\/\/www.ppdelugo.com\/es\/wp-json\/wp\/v2\/comments?post=13317"}],"version-history":[{"count":1,"href":"https:\/\/www.ppdelugo.com\/es\/wp-json\/wp\/v2\/posts\/13317\/revisions"}],"predecessor-version":[{"id":13318,"href":"https:\/\/www.ppdelugo.com\/es\/wp-json\/wp\/v2\/posts\/13317\/revisions\/13318"}],"wp:featuredmedia":[{"embeddable":true,"href":"https:\/\/www.ppdelugo.com\/es\/wp-json\/wp\/v2\/media\/12559"}],"wp:attachment":[{"href":"https:\/\/www.ppdelugo.com\/es\/wp-json\/wp\/v2\/media?parent=13317"}],"wp:term":[{"taxonomy":"category","embeddable":true,"href":"https:\/\/www.ppdelugo.com\/es\/wp-json\/wp\/v2\/categories?post=13317"},{"taxonomy":"post_tag","embeddable":true,"href":"https:\/\/www.ppdelugo.com\/es\/wp-json\/wp\/v2\/tags?post=13317"}],"curies":[{"name":"wp","href":"https:\/\/api.w.org\/{rel}","templated":true}]}}