{"id":13301,"date":"2020-08-22T09:50:00","date_gmt":"2020-08-22T09:50:00","guid":{"rendered":"http:\/\/www.ppdelugo.com\/?p=13301"},"modified":"2020-08-31T09:50:53","modified_gmt":"2020-08-31T09:50:53","slug":"el-pp-afea-a-santos-que-como-el-mismo-dice-fomente-el-cachondeo-en-lugo-al-permitir-que-la-maleza-crezca-sin-control-en-lugo","status":"publish","type":"post","link":"https:\/\/www.ppdelugo.com\/es\/el-pp-afea-a-santos-que-como-el-mismo-dice-fomente-el-cachondeo-en-lugo-al-permitir-que-la-maleza-crezca-sin-control-en-lugo\/","title":{"rendered":"El PP afea a Santos que, como \u00e9l mismo dice, fomente el \u201c cachondeo\u201d en Lugo al permitir que la maleza crezca sin control en Lugo"},"content":{"rendered":"\n<p>El concejal del Grupo Municipal del PP Antonio Ameijide se hace eco de las quejas de los vecinos de varias comunidades de vecinos de la calle Flor de Malva, cansados de que el gobierno local no d\u00e9 una respuesta sus reclamaciones para que se limpie la maleza de varias hincas anexas sus viviendas y que, en caso alguno, invade parte de los domicilios<\/p>\n\n\n\n<p>O concelleiro do Grupo Municipal do Partido Popular no Concello de Lugo Antonio Ameijide, faise eco das queixas remitidas por varias comunidades de veci\u00f1os da R\u00faa Flor de Malva, no barrio de Albeiros, xa que os veci\u00f1os de varios edificios critican que o goberno local siga sen facer caso \u00e1s s\u00faas reclamaci\u00f3ns, xa que na parte traseira destes edificios hai varias fincas nas que a maleza medra sen control chegando, nalg\u00fan caso, a invadir parte dos seus domicilios.<\/p>\n\n\n\n<p>Antonio Ameijide recorda ao concelleiro de Desenvolvemento Local Sostible, \u00c1lvaro Santos, que hai unhas semanas asegurou que en Lugo se \u201cacabara o cachondeo\u201d en referencia \u00e1 ausencia de desbroces na cidade, tanto en propiedades particulares como p\u00fablicas, algo para o que asegurou o edil responsable de Medio Ambiente que realizara as notificaci\u00f3ns oportunas, pero semella que \u201cfoi un anuncio para ga\u00f1ar un titular\u201d.<\/p>\n\n\n\n<p>Ante esta situaci\u00f3n, Antonio Ameijide recorda a Santos a s\u00faa obriga de \u201ctomar cartas no asunto\u201d xa que pese a que as fincas poidan ser de titularidade privada, o goberno local ten que cumprir coas s\u00faas competencias e corrixir a situaci\u00f3n. \u201cCreo que non fai falta que lle recorde que ante o elevado risco de incendio e insalubridade, derivado da gran acumulaci\u00f3n de maleza, o Concello de Lugo, en cumprimento da actualizaci\u00f3n da lexislaci\u00f3n auton\u00f3mica de prevenci\u00f3n e defensa contra os incendios forestais de Galicia, ten que realizar a execuci\u00f3n subsidiaria de acordo co establecido no artigo 22 desta lei, sen prexu\u00edzo da instruci\u00f3n do correspondente expediente sancionador\u201d, indicou.<\/p>\n\n\n\n<p>En cumprimento desta normativa, o goberno local ten a obriga de controlar a suciedade e instar aos propietarios das fincas a que as te\u00f1an nas condici\u00f3ns axeitadas e, se \u00e9 preciso, actuar de xeito subsidiario para previr os incendios.<\/p>\n\n\n\n<p>Desde o Grupo Municipal Popular se presentar\u00e1n preguntas para co\u00f1ecer en que estado de tramitaci\u00f3n se atopa a limpeza das propiedades de titularidade municipal e cales foron os tramites realizados ata o momento polo Concello de Lugo para cumprir coas s\u00faas obrigas en materia de prevenci\u00f3n e defensa contra os incendios.<\/p>\n","protected":false},"excerpt":{"rendered":"<p>El concejal del Grupo Municipal del PP Antonio Ameijide se hace eco de las quejas de los vecinos de varias comunidades de vecinos de la calle Flor de Malva, cansados&#8230;<\/p>\n","protected":false},"author":8,"featured_media":13243,"comment_status":"open","ping_status":"closed","sticky":false,"template":"","format":"standard","meta":{"footnotes":""},"categories":[33],"tags":[],"class_list":{"0":"post-13301","1":"post","2":"type-post","3":"status-publish","4":"format-standard","5":"has-post-thumbnail","7":"category-medioambiente"},"yoast_head":"<!-- This site is optimized with the Yoast SEO plugin v27.4 - https:\/\/yoast.com\/product\/yoast-seo-wordpress\/ -->\n<title>El PP afea a Santos que, como \u00e9l mismo dice, fomente el \u201c cachondeo\u201d en Lugo al permitir que la maleza crezca sin control en Lugo - Grupo Municipal Partido Popular de Lugo<\/title>\n<meta name=\"robots\" content=\"index, follow, max-snippet:-1, max-image-preview:large, max-video-preview:-1\" \/>\n<link rel=\"canonical\" href=\"https:\/\/www.ppdelugo.com\/es\/el-pp-afea-a-santos-que-como-el-mismo-dice-fomente-el-cachondeo-en-lugo-al-permitir-que-la-maleza-crezca-sin-control-en-lugo\/\" \/>\n<meta property=\"og:locale\" content=\"es_ES\" \/>\n<meta property=\"og:type\" content=\"article\" \/>\n<meta property=\"og:title\" content=\"El PP afea a Santos que, como \u00e9l mismo dice, fomente el \u201c cachondeo\u201d en Lugo al permitir que la maleza crezca sin control en Lugo - Grupo Municipal Partido Popular de Lugo\" \/>\n<meta property=\"og:description\" content=\"El concejal del Grupo Municipal del PP Antonio Ameijide se hace eco de las quejas de los vecinos de varias comunidades de vecinos de la calle Flor de Malva, cansados...\" \/>\n<meta property=\"og:url\" content=\"https:\/\/www.ppdelugo.com\/es\/el-pp-afea-a-santos-que-como-el-mismo-dice-fomente-el-cachondeo-en-lugo-al-permitir-que-la-maleza-crezca-sin-control-en-lugo\/\" \/>\n<meta property=\"og:site_name\" content=\"Grupo Municipal Partido Popular de Lugo\" \/>\n<meta property=\"article:published_time\" content=\"2020-08-22T09:50:00+00:00\" \/>\n<meta property=\"article:modified_time\" content=\"2020-08-31T09:50:53+00:00\" \/>\n<meta property=\"og:image\" content=\"https:\/\/www.ppdelugo.com\/wp-content\/uploads\/2020\/08\/Maleza-3-1024x768.jpg\" \/>\n\t<meta property=\"og:image:width\" content=\"1024\" \/>\n\t<meta property=\"og:image:height\" content=\"768\" \/>\n\t<meta property=\"og:image:type\" content=\"image\/jpeg\" \/>\n<meta name=\"author\" content=\"ppdelugo\" \/>\n<meta name=\"twitter:card\" content=\"summary_large_image\" \/>\n<meta name=\"twitter:label1\" content=\"Escrito por\" \/>\n\t<meta name=\"twitter:data1\" content=\"ppdelugo\" \/>\n\t<meta name=\"twitter:label2\" content=\"Tiempo de lectura\" \/>\n\t<meta name=\"twitter:data2\" content=\"2 minutos\" \/>\n<script type=\"application\/ld+json\" class=\"yoast-schema-graph\">{\"@context\":\"https:\\\/\\\/schema.org\",\"@graph\":[{\"@type\":\"Article\",\"@id\":\"https:\\\/\\\/www.ppdelugo.com\\\/es\\\/el-pp-afea-a-santos-que-como-el-mismo-dice-fomente-el-cachondeo-en-lugo-al-permitir-que-la-maleza-crezca-sin-control-en-lugo\\\/#article\",\"isPartOf\":{\"@id\":\"https:\\\/\\\/www.ppdelugo.com\\\/es\\\/el-pp-afea-a-santos-que-como-el-mismo-dice-fomente-el-cachondeo-en-lugo-al-permitir-que-la-maleza-crezca-sin-control-en-lugo\\\/\"},\"author\":{\"name\":\"ppdelugo\",\"@id\":\"https:\\\/\\\/www.ppdelugo.com\\\/es\\\/#\\\/schema\\\/person\\\/4fa17dd371813e2c389a4417775cec48\"},\"headline\":\"El PP afea a Santos que, como \u00e9l mismo dice, fomente el \u201c cachondeo\u201d en Lugo al permitir que la maleza crezca sin control en Lugo\",\"datePublished\":\"2020-08-22T09:50:00+00:00\",\"dateModified\":\"2020-08-31T09:50:53+00:00\",\"mainEntityOfPage\":{\"@id\":\"https:\\\/\\\/www.ppdelugo.com\\\/es\\\/el-pp-afea-a-santos-que-como-el-mismo-dice-fomente-el-cachondeo-en-lugo-al-permitir-que-la-maleza-crezca-sin-control-en-lugo\\\/\"},\"wordCount\":453,\"commentCount\":0,\"image\":{\"@id\":\"https:\\\/\\\/www.ppdelugo.com\\\/es\\\/el-pp-afea-a-santos-que-como-el-mismo-dice-fomente-el-cachondeo-en-lugo-al-permitir-que-la-maleza-crezca-sin-control-en-lugo\\\/#primaryimage\"},\"thumbnailUrl\":\"https:\\\/\\\/www.ppdelugo.com\\\/wp-content\\\/uploads\\\/2020\\\/08\\\/Maleza-3.jpg\",\"articleSection\":[\"Medio Ambiente\"],\"inLanguage\":\"es\",\"potentialAction\":[{\"@type\":\"CommentAction\",\"name\":\"Comment\",\"target\":[\"https:\\\/\\\/www.ppdelugo.com\\\/es\\\/el-pp-afea-a-santos-que-como-el-mismo-dice-fomente-el-cachondeo-en-lugo-al-permitir-que-la-maleza-crezca-sin-control-en-lugo\\\/#respond\"]}]},{\"@type\":\"WebPage\",\"@id\":\"https:\\\/\\\/www.ppdelugo.com\\\/es\\\/el-pp-afea-a-santos-que-como-el-mismo-dice-fomente-el-cachondeo-en-lugo-al-permitir-que-la-maleza-crezca-sin-control-en-lugo\\\/\",\"url\":\"https:\\\/\\\/www.ppdelugo.com\\\/es\\\/el-pp-afea-a-santos-que-como-el-mismo-dice-fomente-el-cachondeo-en-lugo-al-permitir-que-la-maleza-crezca-sin-control-en-lugo\\\/\",\"name\":\"El PP afea a Santos que, como \u00e9l mismo dice, fomente el \u201c cachondeo\u201d en Lugo al permitir que la maleza crezca sin control en Lugo - Grupo Municipal Partido Popular de Lugo\",\"isPartOf\":{\"@id\":\"https:\\\/\\\/www.ppdelugo.com\\\/es\\\/#website\"},\"primaryImageOfPage\":{\"@id\":\"https:\\\/\\\/www.ppdelugo.com\\\/es\\\/el-pp-afea-a-santos-que-como-el-mismo-dice-fomente-el-cachondeo-en-lugo-al-permitir-que-la-maleza-crezca-sin-control-en-lugo\\\/#primaryimage\"},\"image\":{\"@id\":\"https:\\\/\\\/www.ppdelugo.com\\\/es\\\/el-pp-afea-a-santos-que-como-el-mismo-dice-fomente-el-cachondeo-en-lugo-al-permitir-que-la-maleza-crezca-sin-control-en-lugo\\\/#primaryimage\"},\"thumbnailUrl\":\"https:\\\/\\\/www.ppdelugo.com\\\/wp-content\\\/uploads\\\/2020\\\/08\\\/Maleza-3.jpg\",\"datePublished\":\"2020-08-22T09:50:00+00:00\",\"dateModified\":\"2020-08-31T09:50:53+00:00\",\"author\":{\"@id\":\"https:\\\/\\\/www.ppdelugo.com\\\/es\\\/#\\\/schema\\\/person\\\/4fa17dd371813e2c389a4417775cec48\"},\"breadcrumb\":{\"@id\":\"https:\\\/\\\/www.ppdelugo.com\\\/es\\\/el-pp-afea-a-santos-que-como-el-mismo-dice-fomente-el-cachondeo-en-lugo-al-permitir-que-la-maleza-crezca-sin-control-en-lugo\\\/#breadcrumb\"},\"inLanguage\":\"es\",\"potentialAction\":[{\"@type\":\"ReadAction\",\"target\":[\"https:\\\/\\\/www.ppdelugo.com\\\/es\\\/el-pp-afea-a-santos-que-como-el-mismo-dice-fomente-el-cachondeo-en-lugo-al-permitir-que-la-maleza-crezca-sin-control-en-lugo\\\/\"]}]},{\"@type\":\"ImageObject\",\"inLanguage\":\"es\",\"@id\":\"https:\\\/\\\/www.ppdelugo.com\\\/es\\\/el-pp-afea-a-santos-que-como-el-mismo-dice-fomente-el-cachondeo-en-lugo-al-permitir-que-la-maleza-crezca-sin-control-en-lugo\\\/#primaryimage\",\"url\":\"https:\\\/\\\/www.ppdelugo.com\\\/wp-content\\\/uploads\\\/2020\\\/08\\\/Maleza-3.jpg\",\"contentUrl\":\"https:\\\/\\\/www.ppdelugo.com\\\/wp-content\\\/uploads\\\/2020\\\/08\\\/Maleza-3.jpg\",\"width\":2560,\"height\":1920},{\"@type\":\"BreadcrumbList\",\"@id\":\"https:\\\/\\\/www.ppdelugo.com\\\/es\\\/el-pp-afea-a-santos-que-como-el-mismo-dice-fomente-el-cachondeo-en-lugo-al-permitir-que-la-maleza-crezca-sin-control-en-lugo\\\/#breadcrumb\",\"itemListElement\":[{\"@type\":\"ListItem\",\"position\":1,\"name\":\"Portada\",\"item\":\"https:\\\/\\\/www.ppdelugo.com\\\/es\\\/\"},{\"@type\":\"ListItem\",\"position\":2,\"name\":\"El PP afea a Santos que, como \u00e9l mismo dice, fomente el \u201c cachondeo\u201d en Lugo al permitir que la maleza crezca sin control en Lugo\"}]},{\"@type\":\"WebSite\",\"@id\":\"https:\\\/\\\/www.ppdelugo.com\\\/es\\\/#website\",\"url\":\"https:\\\/\\\/www.ppdelugo.com\\\/es\\\/\",\"name\":\"Grupo Municipal Partido Popular de Lugo\",\"description\":\"Web del Grupo Municipal del Partido Popular en el Ayuntamiento de Lugo, con informaci\u00f3n sobre Lugo y fomento de la participaci\u00f3n ciudadana\",\"potentialAction\":[{\"@type\":\"SearchAction\",\"target\":{\"@type\":\"EntryPoint\",\"urlTemplate\":\"https:\\\/\\\/www.ppdelugo.com\\\/es\\\/?s={search_term_string}\"},\"query-input\":{\"@type\":\"PropertyValueSpecification\",\"valueRequired\":true,\"valueName\":\"search_term_string\"}}],\"inLanguage\":\"es\"},{\"@type\":\"Person\",\"@id\":\"https:\\\/\\\/www.ppdelugo.com\\\/es\\\/#\\\/schema\\\/person\\\/4fa17dd371813e2c389a4417775cec48\",\"name\":\"ppdelugo\",\"url\":\"https:\\\/\\\/www.ppdelugo.com\\\/es\\\/author\\\/admin-2\\\/\"}]}<\/script>\n<!-- \/ Yoast SEO plugin. -->","yoast_head_json":{"title":"El PP afea a Santos que, como \u00e9l mismo dice, fomente el \u201c cachondeo\u201d en Lugo al permitir que la maleza crezca sin control en Lugo - Grupo Municipal Partido Popular de Lugo","robots":{"index":"index","follow":"follow","max-snippet":"max-snippet:-1","max-image-preview":"max-image-preview:large","max-video-preview":"max-video-preview:-1"},"canonical":"https:\/\/www.ppdelugo.com\/es\/el-pp-afea-a-santos-que-como-el-mismo-dice-fomente-el-cachondeo-en-lugo-al-permitir-que-la-maleza-crezca-sin-control-en-lugo\/","og_locale":"es_ES","og_type":"article","og_title":"El PP afea a Santos que, como \u00e9l mismo dice, fomente el \u201c cachondeo\u201d en Lugo al permitir que la maleza crezca sin control en Lugo - Grupo Municipal Partido Popular de Lugo","og_description":"El concejal del Grupo Municipal del PP Antonio Ameijide se hace eco de las quejas de los vecinos de varias comunidades de vecinos de la calle Flor de Malva, cansados...","og_url":"https:\/\/www.ppdelugo.com\/es\/el-pp-afea-a-santos-que-como-el-mismo-dice-fomente-el-cachondeo-en-lugo-al-permitir-que-la-maleza-crezca-sin-control-en-lugo\/","og_site_name":"Grupo Municipal Partido Popular de Lugo","article_published_time":"2020-08-22T09:50:00+00:00","article_modified_time":"2020-08-31T09:50:53+00:00","og_image":[{"width":1024,"height":768,"url":"https:\/\/www.ppdelugo.com\/wp-content\/uploads\/2020\/08\/Maleza-3-1024x768.jpg","type":"image\/jpeg"}],"author":"ppdelugo","twitter_card":"summary_large_image","twitter_misc":{"Escrito por":"ppdelugo","Tiempo de lectura":"2 minutos"},"schema":{"@context":"https:\/\/schema.org","@graph":[{"@type":"Article","@id":"https:\/\/www.ppdelugo.com\/es\/el-pp-afea-a-santos-que-como-el-mismo-dice-fomente-el-cachondeo-en-lugo-al-permitir-que-la-maleza-crezca-sin-control-en-lugo\/#article","isPartOf":{"@id":"https:\/\/www.ppdelugo.com\/es\/el-pp-afea-a-santos-que-como-el-mismo-dice-fomente-el-cachondeo-en-lugo-al-permitir-que-la-maleza-crezca-sin-control-en-lugo\/"},"author":{"name":"ppdelugo","@id":"https:\/\/www.ppdelugo.com\/es\/#\/schema\/person\/4fa17dd371813e2c389a4417775cec48"},"headline":"El PP afea a Santos que, como \u00e9l mismo dice, fomente el \u201c cachondeo\u201d en Lugo al permitir que la maleza crezca sin control en Lugo","datePublished":"2020-08-22T09:50:00+00:00","dateModified":"2020-08-31T09:50:53+00:00","mainEntityOfPage":{"@id":"https:\/\/www.ppdelugo.com\/es\/el-pp-afea-a-santos-que-como-el-mismo-dice-fomente-el-cachondeo-en-lugo-al-permitir-que-la-maleza-crezca-sin-control-en-lugo\/"},"wordCount":453,"commentCount":0,"image":{"@id":"https:\/\/www.ppdelugo.com\/es\/el-pp-afea-a-santos-que-como-el-mismo-dice-fomente-el-cachondeo-en-lugo-al-permitir-que-la-maleza-crezca-sin-control-en-lugo\/#primaryimage"},"thumbnailUrl":"https:\/\/www.ppdelugo.com\/wp-content\/uploads\/2020\/08\/Maleza-3.jpg","articleSection":["Medio Ambiente"],"inLanguage":"es","potentialAction":[{"@type":"CommentAction","name":"Comment","target":["https:\/\/www.ppdelugo.com\/es\/el-pp-afea-a-santos-que-como-el-mismo-dice-fomente-el-cachondeo-en-lugo-al-permitir-que-la-maleza-crezca-sin-control-en-lugo\/#respond"]}]},{"@type":"WebPage","@id":"https:\/\/www.ppdelugo.com\/es\/el-pp-afea-a-santos-que-como-el-mismo-dice-fomente-el-cachondeo-en-lugo-al-permitir-que-la-maleza-crezca-sin-control-en-lugo\/","url":"https:\/\/www.ppdelugo.com\/es\/el-pp-afea-a-santos-que-como-el-mismo-dice-fomente-el-cachondeo-en-lugo-al-permitir-que-la-maleza-crezca-sin-control-en-lugo\/","name":"El PP afea a Santos que, como \u00e9l mismo dice, fomente el \u201c cachondeo\u201d en Lugo al permitir que la maleza crezca sin control en Lugo - Grupo Municipal Partido Popular de Lugo","isPartOf":{"@id":"https:\/\/www.ppdelugo.com\/es\/#website"},"primaryImageOfPage":{"@id":"https:\/\/www.ppdelugo.com\/es\/el-pp-afea-a-santos-que-como-el-mismo-dice-fomente-el-cachondeo-en-lugo-al-permitir-que-la-maleza-crezca-sin-control-en-lugo\/#primaryimage"},"image":{"@id":"https:\/\/www.ppdelugo.com\/es\/el-pp-afea-a-santos-que-como-el-mismo-dice-fomente-el-cachondeo-en-lugo-al-permitir-que-la-maleza-crezca-sin-control-en-lugo\/#primaryimage"},"thumbnailUrl":"https:\/\/www.ppdelugo.com\/wp-content\/uploads\/2020\/08\/Maleza-3.jpg","datePublished":"2020-08-22T09:50:00+00:00","dateModified":"2020-08-31T09:50:53+00:00","author":{"@id":"https:\/\/www.ppdelugo.com\/es\/#\/schema\/person\/4fa17dd371813e2c389a4417775cec48"},"breadcrumb":{"@id":"https:\/\/www.ppdelugo.com\/es\/el-pp-afea-a-santos-que-como-el-mismo-dice-fomente-el-cachondeo-en-lugo-al-permitir-que-la-maleza-crezca-sin-control-en-lugo\/#breadcrumb"},"inLanguage":"es","potentialAction":[{"@type":"ReadAction","target":["https:\/\/www.ppdelugo.com\/es\/el-pp-afea-a-santos-que-como-el-mismo-dice-fomente-el-cachondeo-en-lugo-al-permitir-que-la-maleza-crezca-sin-control-en-lugo\/"]}]},{"@type":"ImageObject","inLanguage":"es","@id":"https:\/\/www.ppdelugo.com\/es\/el-pp-afea-a-santos-que-como-el-mismo-dice-fomente-el-cachondeo-en-lugo-al-permitir-que-la-maleza-crezca-sin-control-en-lugo\/#primaryimage","url":"https:\/\/www.ppdelugo.com\/wp-content\/uploads\/2020\/08\/Maleza-3.jpg","contentUrl":"https:\/\/www.ppdelugo.com\/wp-content\/uploads\/2020\/08\/Maleza-3.jpg","width":2560,"height":1920},{"@type":"BreadcrumbList","@id":"https:\/\/www.ppdelugo.com\/es\/el-pp-afea-a-santos-que-como-el-mismo-dice-fomente-el-cachondeo-en-lugo-al-permitir-que-la-maleza-crezca-sin-control-en-lugo\/#breadcrumb","itemListElement":[{"@type":"ListItem","position":1,"name":"Portada","item":"https:\/\/www.ppdelugo.com\/es\/"},{"@type":"ListItem","position":2,"name":"El PP afea a Santos que, como \u00e9l mismo dice, fomente el \u201c cachondeo\u201d en Lugo al permitir que la maleza crezca sin control en Lugo"}]},{"@type":"WebSite","@id":"https:\/\/www.ppdelugo.com\/es\/#website","url":"https:\/\/www.ppdelugo.com\/es\/","name":"Grupo Municipal Partido Popular de Lugo","description":"Web del Grupo Municipal del Partido Popular en el Ayuntamiento de Lugo, con informaci\u00f3n sobre Lugo y fomento de la participaci\u00f3n ciudadana","potentialAction":[{"@type":"SearchAction","target":{"@type":"EntryPoint","urlTemplate":"https:\/\/www.ppdelugo.com\/es\/?s={search_term_string}"},"query-input":{"@type":"PropertyValueSpecification","valueRequired":true,"valueName":"search_term_string"}}],"inLanguage":"es"},{"@type":"Person","@id":"https:\/\/www.ppdelugo.com\/es\/#\/schema\/person\/4fa17dd371813e2c389a4417775cec48","name":"ppdelugo","url":"https:\/\/www.ppdelugo.com\/es\/author\/admin-2\/"}]}},"_links":{"self":[{"href":"https:\/\/www.ppdelugo.com\/es\/wp-json\/wp\/v2\/posts\/13301","targetHints":{"allow":["GET"]}}],"collection":[{"href":"https:\/\/www.ppdelugo.com\/es\/wp-json\/wp\/v2\/posts"}],"about":[{"href":"https:\/\/www.ppdelugo.com\/es\/wp-json\/wp\/v2\/types\/post"}],"author":[{"embeddable":true,"href":"https:\/\/www.ppdelugo.com\/es\/wp-json\/wp\/v2\/users\/8"}],"replies":[{"embeddable":true,"href":"https:\/\/www.ppdelugo.com\/es\/wp-json\/wp\/v2\/comments?post=13301"}],"version-history":[{"count":1,"href":"https:\/\/www.ppdelugo.com\/es\/wp-json\/wp\/v2\/posts\/13301\/revisions"}],"predecessor-version":[{"id":13302,"href":"https:\/\/www.ppdelugo.com\/es\/wp-json\/wp\/v2\/posts\/13301\/revisions\/13302"}],"wp:featuredmedia":[{"embeddable":true,"href":"https:\/\/www.ppdelugo.com\/es\/wp-json\/wp\/v2\/media\/13243"}],"wp:attachment":[{"href":"https:\/\/www.ppdelugo.com\/es\/wp-json\/wp\/v2\/media?parent=13301"}],"wp:term":[{"taxonomy":"category","embeddable":true,"href":"https:\/\/www.ppdelugo.com\/es\/wp-json\/wp\/v2\/categories?post=13301"},{"taxonomy":"post_tag","embeddable":true,"href":"https:\/\/www.ppdelugo.com\/es\/wp-json\/wp\/v2\/tags?post=13301"}],"curies":[{"name":"wp","href":"https:\/\/api.w.org\/{rel}","templated":true}]}}