{"id":13283,"date":"2020-08-28T09:28:00","date_gmt":"2020-08-28T09:28:00","guid":{"rendered":"http:\/\/www.ppdelugo.com\/?p=13283"},"modified":"2020-08-31T09:28:52","modified_gmt":"2020-08-31T09:28:52","slug":"el-pp-propone-una-nueva-organizacion-de-los-puestos-textiles-artesanos-y-gastronomicos-del-san-froilan","status":"publish","type":"post","link":"https:\/\/www.ppdelugo.com\/es\/el-pp-propone-una-nueva-organizacion-de-los-puestos-textiles-artesanos-y-gastronomicos-del-san-froilan\/","title":{"rendered":"El PP propone una nueva organizaci\u00f3n de los puestos textiles, artesanos y gastron\u00f3micos del San Froil\u00e1n"},"content":{"rendered":"\n<p>En una segunda bater\u00eda de propuestas inscritas esta ma\u00f1ana para debatir en la comisi\u00f3n de fiestas del lunes el PP sugiere que se mantenga la localizaci\u00f3n de los puntos de venta en Rodr\u00edguez Mourelo, Ram\u00f3n Ferreiro o Plaza Mayor; que los puestos se coloquen en fila, en lugar de enfrentados, y que haya una entrada y salida \u00fanica y controlada<\/p>\n\n\n\n<p>O Partido Popular, dada a situaci\u00f3n sanitaria, actual solicita un cambio na organizaci\u00f3n dos postos t\u00edpicos de San Froil\u00e1n que se vi\u00f1an colocando no recinto feiral.<\/p>\n\n\n\n<p>A concelleira popular Beatriz V\u00e1zquez indicou que \u201cpensamos que se poder\u00eda manter a localizaci\u00f3n tradicional, tanto a medianera da Avenida de Rodr\u00edguez Mourelo as\u00ed como a da Avenida de Ram\u00f3n Ferreiro, ou Praza Maior pero haber\u00eda que darlle unha volta a s\u00faa colocaci\u00f3n\u201d. A popular indicou que \u201chaber\u00eda que colocar os postos en fila, en lugar de enfrontadas, cunha distancia entre posto e posto, e que para o p\u00fablico deber\u00eda haber unha entrada e sa\u00edda \u00fanicas e con control permanente de aforo\u201d.<\/p>\n\n\n\n<p>A popular asegura que \u201ccon esta distribuci\u00f3n dos postos de artesan\u00eda, productos gastron\u00f3micos, t\u00e9xtiles \u2026 se garantir\u00eda a limitaci\u00f3n do aforo po\u00f1endo como norma un m\u00e1ximo de d\u00faas ou tres persoas por punto de venda dependendo do seu tama\u00f1o. Se esixir\u00e1 o uso correcto da m\u00e1scara as\u00ed como a desinfecci\u00f3n con xeles hidroalcoh\u00f3licos\u201d.<\/p>\n\n\n\n<p>Tam\u00e9n, co \u00e1nimo de fomentar o consumo local para aquelas persoas que non queiran ou non poidan acudir a esta feira, propo\u00f1emos que o concello solicite as subvenci\u00f3ns para impulso da comercializaci\u00f3n dixital da Xunta para organizar unha Feira Virtual<strong>, <\/strong>de car\u00e1cter artesanal cunha duraci\u00f3n e tem\u00e1tica vinculada ao San Froil\u00e1n, na que participen tanto estes postos como o resto do comercio local.<\/p>\n\n\n\n<p>O Grupo Popular solicita que, por cuesti\u00f3ns sanitarias, nesta edici\u00f3n do San Froil\u00e1n non se entreguen programas impresos de mano. A concelleira popular Beatriz V\u00e1zquez solicitou que se realice \u201cun dese\u00f1o vistoso e atractivo\u201d da programaci\u00f3n para distribu\u00edr en redes sociais. Tam\u00e9n suxire que se coloque esta informaci\u00f3n nos mupis que hai&nbsp; por toda a cidade, en marquesinas e no transporte urbano.<\/p>\n\n\n\n<p>Outra suxesti\u00f3n para mellorar as actividades das patronais \u00e9 o dese\u00f1o dun programa de rutas tur\u00edsticas a p\u00e9.\u201cComo todo parece indicar que non teremos nin barracas, nin casetas, ni grandes actuaci\u00f3ns hai que buscar outras alternativas de ocio\u201d. Pensamos que este \u00e9 un bo momento paraachegar aos veci\u00f1os de Lugo o patrimonio, a historia de forma novidosa. V\u00e1zquez manifestou que \u201cpoder\u00edan facerse paseos nocturnos pola muralla; espect\u00e1culos de video mapping en edificios o prazas emblem\u00e1ticos;&nbsp; dar a co\u00f1ecer a figura do patr\u00f3n e que significou para Lugo\u201d. Tr\u00e1tase de fomentar acci\u00f3ns ao aire libre, cunha oferta ampla de horarios para que os grupos sexan reducidos e que poidan admirar, dende outro punto de vista, toda a riqueza que ten&nbsp; Lugo.<\/p>\n","protected":false},"excerpt":{"rendered":"<p>En una segunda bater\u00eda de propuestas inscritas esta ma\u00f1ana para debatir en la comisi\u00f3n de fiestas del lunes el PP sugiere que se mantenga la localizaci\u00f3n de los puntos de&#8230;<\/p>\n","protected":false},"author":8,"featured_media":10413,"comment_status":"open","ping_status":"closed","sticky":false,"template":"","format":"standard","meta":{"footnotes":""},"categories":[30],"tags":[],"class_list":{"0":"post-13283","1":"post","2":"type-post","3":"status-publish","4":"format-standard","5":"has-post-thumbnail","7":"category-cultura-es"},"yoast_head":"<!-- This site is optimized with the Yoast SEO plugin v27.4 - https:\/\/yoast.com\/product\/yoast-seo-wordpress\/ -->\n<title>El PP propone una nueva organizaci\u00f3n de los puestos textiles, artesanos y gastron\u00f3micos del San Froil\u00e1n - Grupo Municipal Partido Popular de Lugo<\/title>\n<meta name=\"robots\" content=\"index, follow, max-snippet:-1, max-image-preview:large, max-video-preview:-1\" \/>\n<link rel=\"canonical\" href=\"https:\/\/www.ppdelugo.com\/es\/el-pp-propone-una-nueva-organizacion-de-los-puestos-textiles-artesanos-y-gastronomicos-del-san-froilan\/\" \/>\n<meta property=\"og:locale\" content=\"es_ES\" \/>\n<meta property=\"og:type\" content=\"article\" \/>\n<meta property=\"og:title\" content=\"El PP propone una nueva organizaci\u00f3n de los puestos textiles, artesanos y gastron\u00f3micos del San Froil\u00e1n - Grupo Municipal Partido Popular de Lugo\" \/>\n<meta property=\"og:description\" content=\"En una segunda bater\u00eda de propuestas inscritas esta ma\u00f1ana para debatir en la comisi\u00f3n de fiestas del lunes el PP sugiere que se mantenga la localizaci\u00f3n de los puntos de...\" \/>\n<meta property=\"og:url\" content=\"https:\/\/www.ppdelugo.com\/es\/el-pp-propone-una-nueva-organizacion-de-los-puestos-textiles-artesanos-y-gastronomicos-del-san-froilan\/\" \/>\n<meta property=\"og:site_name\" content=\"Grupo Municipal Partido Popular de Lugo\" \/>\n<meta property=\"article:published_time\" content=\"2020-08-28T09:28:00+00:00\" \/>\n<meta property=\"article:modified_time\" content=\"2020-08-31T09:28:52+00:00\" \/>\n<meta property=\"og:image\" content=\"https:\/\/www.ppdelugo.com\/wp-content\/uploads\/2018\/04\/Concierto-San-Froil\u00e1n-2017.png\" \/>\n\t<meta property=\"og:image:width\" content=\"1134\" \/>\n\t<meta property=\"og:image:height\" content=\"859\" \/>\n\t<meta property=\"og:image:type\" content=\"image\/png\" \/>\n<meta name=\"author\" content=\"ppdelugo\" \/>\n<meta name=\"twitter:card\" content=\"summary_large_image\" \/>\n<meta name=\"twitter:label1\" content=\"Escrito por\" \/>\n\t<meta name=\"twitter:data1\" content=\"ppdelugo\" \/>\n\t<meta name=\"twitter:label2\" content=\"Tiempo de lectura\" \/>\n\t<meta name=\"twitter:data2\" content=\"3 minutos\" \/>\n<script type=\"application\/ld+json\" class=\"yoast-schema-graph\">{\"@context\":\"https:\\\/\\\/schema.org\",\"@graph\":[{\"@type\":\"Article\",\"@id\":\"https:\\\/\\\/www.ppdelugo.com\\\/es\\\/el-pp-propone-una-nueva-organizacion-de-los-puestos-textiles-artesanos-y-gastronomicos-del-san-froilan\\\/#article\",\"isPartOf\":{\"@id\":\"https:\\\/\\\/www.ppdelugo.com\\\/es\\\/el-pp-propone-una-nueva-organizacion-de-los-puestos-textiles-artesanos-y-gastronomicos-del-san-froilan\\\/\"},\"author\":{\"name\":\"ppdelugo\",\"@id\":\"https:\\\/\\\/www.ppdelugo.com\\\/es\\\/#\\\/schema\\\/person\\\/4fa17dd371813e2c389a4417775cec48\"},\"headline\":\"El PP propone una nueva organizaci\u00f3n de los puestos textiles, artesanos y gastron\u00f3micos del San Froil\u00e1n\",\"datePublished\":\"2020-08-28T09:28:00+00:00\",\"dateModified\":\"2020-08-31T09:28:52+00:00\",\"mainEntityOfPage\":{\"@id\":\"https:\\\/\\\/www.ppdelugo.com\\\/es\\\/el-pp-propone-una-nueva-organizacion-de-los-puestos-textiles-artesanos-y-gastronomicos-del-san-froilan\\\/\"},\"wordCount\":552,\"commentCount\":0,\"image\":{\"@id\":\"https:\\\/\\\/www.ppdelugo.com\\\/es\\\/el-pp-propone-una-nueva-organizacion-de-los-puestos-textiles-artesanos-y-gastronomicos-del-san-froilan\\\/#primaryimage\"},\"thumbnailUrl\":\"https:\\\/\\\/www.ppdelugo.com\\\/wp-content\\\/uploads\\\/2018\\\/04\\\/Concierto-San-Froil\u00e1n-2017.png\",\"articleSection\":[\"Cultura\"],\"inLanguage\":\"es\",\"potentialAction\":[{\"@type\":\"CommentAction\",\"name\":\"Comment\",\"target\":[\"https:\\\/\\\/www.ppdelugo.com\\\/es\\\/el-pp-propone-una-nueva-organizacion-de-los-puestos-textiles-artesanos-y-gastronomicos-del-san-froilan\\\/#respond\"]}]},{\"@type\":\"WebPage\",\"@id\":\"https:\\\/\\\/www.ppdelugo.com\\\/es\\\/el-pp-propone-una-nueva-organizacion-de-los-puestos-textiles-artesanos-y-gastronomicos-del-san-froilan\\\/\",\"url\":\"https:\\\/\\\/www.ppdelugo.com\\\/es\\\/el-pp-propone-una-nueva-organizacion-de-los-puestos-textiles-artesanos-y-gastronomicos-del-san-froilan\\\/\",\"name\":\"El PP propone una nueva organizaci\u00f3n de los puestos textiles, artesanos y gastron\u00f3micos del San Froil\u00e1n - Grupo Municipal Partido Popular de Lugo\",\"isPartOf\":{\"@id\":\"https:\\\/\\\/www.ppdelugo.com\\\/es\\\/#website\"},\"primaryImageOfPage\":{\"@id\":\"https:\\\/\\\/www.ppdelugo.com\\\/es\\\/el-pp-propone-una-nueva-organizacion-de-los-puestos-textiles-artesanos-y-gastronomicos-del-san-froilan\\\/#primaryimage\"},\"image\":{\"@id\":\"https:\\\/\\\/www.ppdelugo.com\\\/es\\\/el-pp-propone-una-nueva-organizacion-de-los-puestos-textiles-artesanos-y-gastronomicos-del-san-froilan\\\/#primaryimage\"},\"thumbnailUrl\":\"https:\\\/\\\/www.ppdelugo.com\\\/wp-content\\\/uploads\\\/2018\\\/04\\\/Concierto-San-Froil\u00e1n-2017.png\",\"datePublished\":\"2020-08-28T09:28:00+00:00\",\"dateModified\":\"2020-08-31T09:28:52+00:00\",\"author\":{\"@id\":\"https:\\\/\\\/www.ppdelugo.com\\\/es\\\/#\\\/schema\\\/person\\\/4fa17dd371813e2c389a4417775cec48\"},\"breadcrumb\":{\"@id\":\"https:\\\/\\\/www.ppdelugo.com\\\/es\\\/el-pp-propone-una-nueva-organizacion-de-los-puestos-textiles-artesanos-y-gastronomicos-del-san-froilan\\\/#breadcrumb\"},\"inLanguage\":\"es\",\"potentialAction\":[{\"@type\":\"ReadAction\",\"target\":[\"https:\\\/\\\/www.ppdelugo.com\\\/es\\\/el-pp-propone-una-nueva-organizacion-de-los-puestos-textiles-artesanos-y-gastronomicos-del-san-froilan\\\/\"]}]},{\"@type\":\"ImageObject\",\"inLanguage\":\"es\",\"@id\":\"https:\\\/\\\/www.ppdelugo.com\\\/es\\\/el-pp-propone-una-nueva-organizacion-de-los-puestos-textiles-artesanos-y-gastronomicos-del-san-froilan\\\/#primaryimage\",\"url\":\"https:\\\/\\\/www.ppdelugo.com\\\/wp-content\\\/uploads\\\/2018\\\/04\\\/Concierto-San-Froil\u00e1n-2017.png\",\"contentUrl\":\"https:\\\/\\\/www.ppdelugo.com\\\/wp-content\\\/uploads\\\/2018\\\/04\\\/Concierto-San-Froil\u00e1n-2017.png\",\"width\":1134,\"height\":859},{\"@type\":\"BreadcrumbList\",\"@id\":\"https:\\\/\\\/www.ppdelugo.com\\\/es\\\/el-pp-propone-una-nueva-organizacion-de-los-puestos-textiles-artesanos-y-gastronomicos-del-san-froilan\\\/#breadcrumb\",\"itemListElement\":[{\"@type\":\"ListItem\",\"position\":1,\"name\":\"Portada\",\"item\":\"https:\\\/\\\/www.ppdelugo.com\\\/es\\\/\"},{\"@type\":\"ListItem\",\"position\":2,\"name\":\"El PP propone una nueva organizaci\u00f3n de los puestos textiles, artesanos y gastron\u00f3micos del San Froil\u00e1n\"}]},{\"@type\":\"WebSite\",\"@id\":\"https:\\\/\\\/www.ppdelugo.com\\\/es\\\/#website\",\"url\":\"https:\\\/\\\/www.ppdelugo.com\\\/es\\\/\",\"name\":\"Grupo Municipal Partido Popular de Lugo\",\"description\":\"Web del Grupo Municipal del Partido Popular en el Ayuntamiento de Lugo, con informaci\u00f3n sobre Lugo y fomento de la participaci\u00f3n ciudadana\",\"potentialAction\":[{\"@type\":\"SearchAction\",\"target\":{\"@type\":\"EntryPoint\",\"urlTemplate\":\"https:\\\/\\\/www.ppdelugo.com\\\/es\\\/?s={search_term_string}\"},\"query-input\":{\"@type\":\"PropertyValueSpecification\",\"valueRequired\":true,\"valueName\":\"search_term_string\"}}],\"inLanguage\":\"es\"},{\"@type\":\"Person\",\"@id\":\"https:\\\/\\\/www.ppdelugo.com\\\/es\\\/#\\\/schema\\\/person\\\/4fa17dd371813e2c389a4417775cec48\",\"name\":\"ppdelugo\",\"url\":\"https:\\\/\\\/www.ppdelugo.com\\\/es\\\/author\\\/admin-2\\\/\"}]}<\/script>\n<!-- \/ Yoast SEO plugin. -->","yoast_head_json":{"title":"El PP propone una nueva organizaci\u00f3n de los puestos textiles, artesanos y gastron\u00f3micos del San Froil\u00e1n - Grupo Municipal Partido Popular de Lugo","robots":{"index":"index","follow":"follow","max-snippet":"max-snippet:-1","max-image-preview":"max-image-preview:large","max-video-preview":"max-video-preview:-1"},"canonical":"https:\/\/www.ppdelugo.com\/es\/el-pp-propone-una-nueva-organizacion-de-los-puestos-textiles-artesanos-y-gastronomicos-del-san-froilan\/","og_locale":"es_ES","og_type":"article","og_title":"El PP propone una nueva organizaci\u00f3n de los puestos textiles, artesanos y gastron\u00f3micos del San Froil\u00e1n - Grupo Municipal Partido Popular de Lugo","og_description":"En una segunda bater\u00eda de propuestas inscritas esta ma\u00f1ana para debatir en la comisi\u00f3n de fiestas del lunes el PP sugiere que se mantenga la localizaci\u00f3n de los puntos de...","og_url":"https:\/\/www.ppdelugo.com\/es\/el-pp-propone-una-nueva-organizacion-de-los-puestos-textiles-artesanos-y-gastronomicos-del-san-froilan\/","og_site_name":"Grupo Municipal Partido Popular de Lugo","article_published_time":"2020-08-28T09:28:00+00:00","article_modified_time":"2020-08-31T09:28:52+00:00","og_image":[{"width":1134,"height":859,"url":"https:\/\/www.ppdelugo.com\/wp-content\/uploads\/2018\/04\/Concierto-San-Froil\u00e1n-2017.png","type":"image\/png"}],"author":"ppdelugo","twitter_card":"summary_large_image","twitter_misc":{"Escrito por":"ppdelugo","Tiempo de lectura":"3 minutos"},"schema":{"@context":"https:\/\/schema.org","@graph":[{"@type":"Article","@id":"https:\/\/www.ppdelugo.com\/es\/el-pp-propone-una-nueva-organizacion-de-los-puestos-textiles-artesanos-y-gastronomicos-del-san-froilan\/#article","isPartOf":{"@id":"https:\/\/www.ppdelugo.com\/es\/el-pp-propone-una-nueva-organizacion-de-los-puestos-textiles-artesanos-y-gastronomicos-del-san-froilan\/"},"author":{"name":"ppdelugo","@id":"https:\/\/www.ppdelugo.com\/es\/#\/schema\/person\/4fa17dd371813e2c389a4417775cec48"},"headline":"El PP propone una nueva organizaci\u00f3n de los puestos textiles, artesanos y gastron\u00f3micos del San Froil\u00e1n","datePublished":"2020-08-28T09:28:00+00:00","dateModified":"2020-08-31T09:28:52+00:00","mainEntityOfPage":{"@id":"https:\/\/www.ppdelugo.com\/es\/el-pp-propone-una-nueva-organizacion-de-los-puestos-textiles-artesanos-y-gastronomicos-del-san-froilan\/"},"wordCount":552,"commentCount":0,"image":{"@id":"https:\/\/www.ppdelugo.com\/es\/el-pp-propone-una-nueva-organizacion-de-los-puestos-textiles-artesanos-y-gastronomicos-del-san-froilan\/#primaryimage"},"thumbnailUrl":"https:\/\/www.ppdelugo.com\/wp-content\/uploads\/2018\/04\/Concierto-San-Froil\u00e1n-2017.png","articleSection":["Cultura"],"inLanguage":"es","potentialAction":[{"@type":"CommentAction","name":"Comment","target":["https:\/\/www.ppdelugo.com\/es\/el-pp-propone-una-nueva-organizacion-de-los-puestos-textiles-artesanos-y-gastronomicos-del-san-froilan\/#respond"]}]},{"@type":"WebPage","@id":"https:\/\/www.ppdelugo.com\/es\/el-pp-propone-una-nueva-organizacion-de-los-puestos-textiles-artesanos-y-gastronomicos-del-san-froilan\/","url":"https:\/\/www.ppdelugo.com\/es\/el-pp-propone-una-nueva-organizacion-de-los-puestos-textiles-artesanos-y-gastronomicos-del-san-froilan\/","name":"El PP propone una nueva organizaci\u00f3n de los puestos textiles, artesanos y gastron\u00f3micos del San Froil\u00e1n - Grupo Municipal Partido Popular de Lugo","isPartOf":{"@id":"https:\/\/www.ppdelugo.com\/es\/#website"},"primaryImageOfPage":{"@id":"https:\/\/www.ppdelugo.com\/es\/el-pp-propone-una-nueva-organizacion-de-los-puestos-textiles-artesanos-y-gastronomicos-del-san-froilan\/#primaryimage"},"image":{"@id":"https:\/\/www.ppdelugo.com\/es\/el-pp-propone-una-nueva-organizacion-de-los-puestos-textiles-artesanos-y-gastronomicos-del-san-froilan\/#primaryimage"},"thumbnailUrl":"https:\/\/www.ppdelugo.com\/wp-content\/uploads\/2018\/04\/Concierto-San-Froil\u00e1n-2017.png","datePublished":"2020-08-28T09:28:00+00:00","dateModified":"2020-08-31T09:28:52+00:00","author":{"@id":"https:\/\/www.ppdelugo.com\/es\/#\/schema\/person\/4fa17dd371813e2c389a4417775cec48"},"breadcrumb":{"@id":"https:\/\/www.ppdelugo.com\/es\/el-pp-propone-una-nueva-organizacion-de-los-puestos-textiles-artesanos-y-gastronomicos-del-san-froilan\/#breadcrumb"},"inLanguage":"es","potentialAction":[{"@type":"ReadAction","target":["https:\/\/www.ppdelugo.com\/es\/el-pp-propone-una-nueva-organizacion-de-los-puestos-textiles-artesanos-y-gastronomicos-del-san-froilan\/"]}]},{"@type":"ImageObject","inLanguage":"es","@id":"https:\/\/www.ppdelugo.com\/es\/el-pp-propone-una-nueva-organizacion-de-los-puestos-textiles-artesanos-y-gastronomicos-del-san-froilan\/#primaryimage","url":"https:\/\/www.ppdelugo.com\/wp-content\/uploads\/2018\/04\/Concierto-San-Froil\u00e1n-2017.png","contentUrl":"https:\/\/www.ppdelugo.com\/wp-content\/uploads\/2018\/04\/Concierto-San-Froil\u00e1n-2017.png","width":1134,"height":859},{"@type":"BreadcrumbList","@id":"https:\/\/www.ppdelugo.com\/es\/el-pp-propone-una-nueva-organizacion-de-los-puestos-textiles-artesanos-y-gastronomicos-del-san-froilan\/#breadcrumb","itemListElement":[{"@type":"ListItem","position":1,"name":"Portada","item":"https:\/\/www.ppdelugo.com\/es\/"},{"@type":"ListItem","position":2,"name":"El PP propone una nueva organizaci\u00f3n de los puestos textiles, artesanos y gastron\u00f3micos del San Froil\u00e1n"}]},{"@type":"WebSite","@id":"https:\/\/www.ppdelugo.com\/es\/#website","url":"https:\/\/www.ppdelugo.com\/es\/","name":"Grupo Municipal Partido Popular de Lugo","description":"Web del Grupo Municipal del Partido Popular en el Ayuntamiento de Lugo, con informaci\u00f3n sobre Lugo y fomento de la participaci\u00f3n ciudadana","potentialAction":[{"@type":"SearchAction","target":{"@type":"EntryPoint","urlTemplate":"https:\/\/www.ppdelugo.com\/es\/?s={search_term_string}"},"query-input":{"@type":"PropertyValueSpecification","valueRequired":true,"valueName":"search_term_string"}}],"inLanguage":"es"},{"@type":"Person","@id":"https:\/\/www.ppdelugo.com\/es\/#\/schema\/person\/4fa17dd371813e2c389a4417775cec48","name":"ppdelugo","url":"https:\/\/www.ppdelugo.com\/es\/author\/admin-2\/"}]}},"_links":{"self":[{"href":"https:\/\/www.ppdelugo.com\/es\/wp-json\/wp\/v2\/posts\/13283","targetHints":{"allow":["GET"]}}],"collection":[{"href":"https:\/\/www.ppdelugo.com\/es\/wp-json\/wp\/v2\/posts"}],"about":[{"href":"https:\/\/www.ppdelugo.com\/es\/wp-json\/wp\/v2\/types\/post"}],"author":[{"embeddable":true,"href":"https:\/\/www.ppdelugo.com\/es\/wp-json\/wp\/v2\/users\/8"}],"replies":[{"embeddable":true,"href":"https:\/\/www.ppdelugo.com\/es\/wp-json\/wp\/v2\/comments?post=13283"}],"version-history":[{"count":1,"href":"https:\/\/www.ppdelugo.com\/es\/wp-json\/wp\/v2\/posts\/13283\/revisions"}],"predecessor-version":[{"id":13284,"href":"https:\/\/www.ppdelugo.com\/es\/wp-json\/wp\/v2\/posts\/13283\/revisions\/13284"}],"wp:featuredmedia":[{"embeddable":true,"href":"https:\/\/www.ppdelugo.com\/es\/wp-json\/wp\/v2\/media\/10413"}],"wp:attachment":[{"href":"https:\/\/www.ppdelugo.com\/es\/wp-json\/wp\/v2\/media?parent=13283"}],"wp:term":[{"taxonomy":"category","embeddable":true,"href":"https:\/\/www.ppdelugo.com\/es\/wp-json\/wp\/v2\/categories?post=13283"},{"taxonomy":"post_tag","embeddable":true,"href":"https:\/\/www.ppdelugo.com\/es\/wp-json\/wp\/v2\/tags?post=13283"}],"curies":[{"name":"wp","href":"https:\/\/api.w.org\/{rel}","templated":true}]}}