{"id":13262,"date":"2020-08-25T08:59:00","date_gmt":"2020-08-25T08:59:00","guid":{"rendered":"http:\/\/www.ppdelugo.com\/?p=13262"},"modified":"2020-08-31T09:43:23","modified_gmt":"2020-08-31T09:43:23","slug":"el-pp-urge-la-creacion-de-una-oficina-municipal-de-asesoramiento-y-apoyo-a-los-afectados-por-ocupaciones-en-lugo","status":"publish","type":"post","link":"https:\/\/www.ppdelugo.com\/es\/el-pp-urge-la-creacion-de-una-oficina-municipal-de-asesoramiento-y-apoyo-a-los-afectados-por-ocupaciones-en-lugo\/","title":{"rendered":"El PP urge la creaci\u00f3n de una oficina municipal de asesoramiento y apoyo a los afectados por ocupaciones en Lugo"},"content":{"rendered":"\n<p>Los populares consiguieron en 2018, pese a la negativa de PSOE y BNG, aprobar una iniciativa en pleno para impulsar este \u00f3rgano de asesoramiento gratuito a los lucenses pero \u201cM\u00e9ndez bocoiteou su puesta en marcha\u201d<br><\/p>\n\n\n\n<p>O Grupo Municipal do PP&nbsp; insta ao goberno local de PSOE e BNG a que cumpra o acordo de pleno de setembro de 2018 impulsado polo Partido Popular a trav\u00e9s do cal se aprobou \u201ccrear unha oficina de asesoramento e apoio aos propietarios de vivendas afectadas por ocupaci\u00f3ns irregulares\u201d. Segundo a proposici\u00f3n que saiu adiante cos votos de Lugonovo e Ciudadanos \u201cesta oficina tam\u00e9n ter\u00eda como misi\u00f3n informar das axudas ao aluguerio tanto municipais como as procedentes doutras administraci\u00f3ns, e tratar este fen\u00f3meno non s\u00f3 dende o punto de vista legal se non tam\u00e9n social\u201d.<\/p>\n\n\n\n<p>O vicevoceiro popular anuncia que levar\u00e1n unha iniciativa a Comisi\u00f3n para lembrar a M\u00e9ndez e Arroxo a s\u00faa obriga de acatar os acordos de pleno logo de co\u00f1ecerse unha nova ocupaci\u00f3n en Lugo nun pazo da Fervedoira.<\/p>\n\n\n\n<p>Os populares indican que a ocupaci\u00f3n ilegal \u00e9 hoxe un problema en Lugo e que xa hai varios focos en barrios como A Milagrosa, As G\u00e1ndaras, A Chanca e barrio Feijoo, aos que se suma este \u00faltimo da Fervedoira. \u201cA incidencia deste fen\u00f3meno, nestas zonas, preocupa aos veci\u00f1os polos problemas de convivencia que se producen\u201d destaca o vicevoceiro popular.<\/p>\n\n\n\n<p>Ameijide pedir\u00e1 informaci\u00f3n ao goberno local sobre se \u201cten cuantificado o n\u00famero de vivendas ocupadas e sobre que tipo de prestaci\u00f3ns reciben as persoas que ocupan estes inmobles dende os servicios sociais municipais\u201d<\/p>\n\n\n\n<p>Para os populares a administraci\u00f3n local conta con mecanismos e ferramentas para actuar sobre esta problem\u00e1tica, nese senso, adem\u00e1is de incrementar a presenza policial, \u00e9 necesario implementar medidas destinadas a apoiar e asesorar \u00e1s persoas afectadas, para que poidan recuperar as s\u00faas vivendas no menor tempo posible, especialmente nos casos de familias que carecen de recursos econ\u00f3micos suficientes para afrontar os gastos que sup\u00f3n iniciar un procedemento de desaloxo destas caracter\u00edsticas. De igual forma, \u00e9 preciso analizar desde os servizos sociais do Concello a situaci\u00f3n na que se atopan as persoas que por diferentes motivos act\u00faan \u00e1 marxe da Lei ocupando vivendas, que chegan inclusive a condicionar a s\u00faa sa\u00edda, a que os propietarios lles abonen importantes cantidades de di\u00f1eiro, o que sup\u00f3n unha extorsi\u00f3n intolerable nun Estado de Dereito.<\/p>\n\n\n\n<p>A celeridade \u00e1 hora de actuar por parte dos propietarios das vivendas que son obxecto de ocupaci\u00f3n \u00e9 primordial, por iso entendemos que o Concello de Lugo deber\u00eda crear unha oficina de asesoramento e apoio para que os propietarios das vivendas poidan obter informaci\u00f3n sobre os pasos adecuados que deben levar a cabo para recuperar as s\u00faas vivendas, e acompa\u00f1ar aos propietarios durante todo o proceso. <\/p>\n","protected":false},"excerpt":{"rendered":"<p>Los populares consiguieron en 2018, pese a la negativa de PSOE y BNG, aprobar una iniciativa en pleno para impulsar este \u00f3rgano de asesoramiento gratuito a los lucenses pero \u201cM\u00e9ndez&#8230;<\/p>\n","protected":false},"author":8,"featured_media":13259,"comment_status":"open","ping_status":"closed","sticky":false,"template":"","format":"standard","meta":{"footnotes":""},"categories":[36],"tags":[],"class_list":{"0":"post-13262","1":"post","2":"type-post","3":"status-publish","4":"format-standard","5":"has-post-thumbnail","7":"category-seguridad"},"yoast_head":"<!-- This site is optimized with the Yoast SEO plugin v27.4 - https:\/\/yoast.com\/product\/yoast-seo-wordpress\/ -->\n<title>El PP urge la creaci\u00f3n de una oficina municipal de asesoramiento y apoyo a los afectados por ocupaciones en Lugo - Grupo Municipal Partido Popular de Lugo<\/title>\n<meta name=\"robots\" content=\"index, follow, max-snippet:-1, max-image-preview:large, max-video-preview:-1\" \/>\n<link rel=\"canonical\" href=\"https:\/\/www.ppdelugo.com\/es\/el-pp-urge-la-creacion-de-una-oficina-municipal-de-asesoramiento-y-apoyo-a-los-afectados-por-ocupaciones-en-lugo\/\" \/>\n<meta property=\"og:locale\" content=\"es_ES\" \/>\n<meta property=\"og:type\" content=\"article\" \/>\n<meta property=\"og:title\" content=\"El PP urge la creaci\u00f3n de una oficina municipal de asesoramiento y apoyo a los afectados por ocupaciones en Lugo - Grupo Municipal Partido Popular de Lugo\" \/>\n<meta property=\"og:description\" content=\"Los populares consiguieron en 2018, pese a la negativa de PSOE y BNG, aprobar una iniciativa en pleno para impulsar este \u00f3rgano de asesoramiento gratuito a los lucenses pero \u201cM\u00e9ndez...\" \/>\n<meta property=\"og:url\" content=\"https:\/\/www.ppdelugo.com\/es\/el-pp-urge-la-creacion-de-una-oficina-municipal-de-asesoramiento-y-apoyo-a-los-afectados-por-ocupaciones-en-lugo\/\" \/>\n<meta property=\"og:site_name\" content=\"Grupo Municipal Partido Popular de Lugo\" \/>\n<meta property=\"article:published_time\" content=\"2020-08-25T08:59:00+00:00\" \/>\n<meta property=\"article:modified_time\" content=\"2020-08-31T09:43:23+00:00\" \/>\n<meta property=\"og:image\" content=\"https:\/\/www.ppdelugo.com\/wp-content\/uploads\/2020\/08\/Okupas-O-Pazo.jpg\" \/>\n\t<meta property=\"og:image:width\" content=\"1716\" \/>\n\t<meta property=\"og:image:height\" content=\"1102\" \/>\n\t<meta property=\"og:image:type\" content=\"image\/jpeg\" \/>\n<meta name=\"author\" content=\"ppdelugo\" \/>\n<meta name=\"twitter:card\" content=\"summary_large_image\" \/>\n<meta name=\"twitter:label1\" content=\"Escrito por\" \/>\n\t<meta name=\"twitter:data1\" content=\"ppdelugo\" \/>\n\t<meta name=\"twitter:label2\" content=\"Tiempo de lectura\" \/>\n\t<meta name=\"twitter:data2\" content=\"2 minutos\" \/>\n<script type=\"application\/ld+json\" class=\"yoast-schema-graph\">{\"@context\":\"https:\\\/\\\/schema.org\",\"@graph\":[{\"@type\":\"Article\",\"@id\":\"https:\\\/\\\/www.ppdelugo.com\\\/es\\\/el-pp-urge-la-creacion-de-una-oficina-municipal-de-asesoramiento-y-apoyo-a-los-afectados-por-ocupaciones-en-lugo\\\/#article\",\"isPartOf\":{\"@id\":\"https:\\\/\\\/www.ppdelugo.com\\\/es\\\/el-pp-urge-la-creacion-de-una-oficina-municipal-de-asesoramiento-y-apoyo-a-los-afectados-por-ocupaciones-en-lugo\\\/\"},\"author\":{\"name\":\"ppdelugo\",\"@id\":\"https:\\\/\\\/www.ppdelugo.com\\\/es\\\/#\\\/schema\\\/person\\\/4fa17dd371813e2c389a4417775cec48\"},\"headline\":\"El PP urge la creaci\u00f3n de una oficina municipal de asesoramiento y apoyo a los afectados por ocupaciones en Lugo\",\"datePublished\":\"2020-08-25T08:59:00+00:00\",\"dateModified\":\"2020-08-31T09:43:23+00:00\",\"mainEntityOfPage\":{\"@id\":\"https:\\\/\\\/www.ppdelugo.com\\\/es\\\/el-pp-urge-la-creacion-de-una-oficina-municipal-de-asesoramiento-y-apoyo-a-los-afectados-por-ocupaciones-en-lugo\\\/\"},\"wordCount\":511,\"commentCount\":0,\"image\":{\"@id\":\"https:\\\/\\\/www.ppdelugo.com\\\/es\\\/el-pp-urge-la-creacion-de-una-oficina-municipal-de-asesoramiento-y-apoyo-a-los-afectados-por-ocupaciones-en-lugo\\\/#primaryimage\"},\"thumbnailUrl\":\"https:\\\/\\\/www.ppdelugo.com\\\/wp-content\\\/uploads\\\/2020\\\/08\\\/Okupas-O-Pazo.jpg\",\"articleSection\":[\"Seguridad\"],\"inLanguage\":\"es\",\"potentialAction\":[{\"@type\":\"CommentAction\",\"name\":\"Comment\",\"target\":[\"https:\\\/\\\/www.ppdelugo.com\\\/es\\\/el-pp-urge-la-creacion-de-una-oficina-municipal-de-asesoramiento-y-apoyo-a-los-afectados-por-ocupaciones-en-lugo\\\/#respond\"]}]},{\"@type\":\"WebPage\",\"@id\":\"https:\\\/\\\/www.ppdelugo.com\\\/es\\\/el-pp-urge-la-creacion-de-una-oficina-municipal-de-asesoramiento-y-apoyo-a-los-afectados-por-ocupaciones-en-lugo\\\/\",\"url\":\"https:\\\/\\\/www.ppdelugo.com\\\/es\\\/el-pp-urge-la-creacion-de-una-oficina-municipal-de-asesoramiento-y-apoyo-a-los-afectados-por-ocupaciones-en-lugo\\\/\",\"name\":\"El PP urge la creaci\u00f3n de una oficina municipal de asesoramiento y apoyo a los afectados por ocupaciones en Lugo - Grupo Municipal Partido Popular de Lugo\",\"isPartOf\":{\"@id\":\"https:\\\/\\\/www.ppdelugo.com\\\/es\\\/#website\"},\"primaryImageOfPage\":{\"@id\":\"https:\\\/\\\/www.ppdelugo.com\\\/es\\\/el-pp-urge-la-creacion-de-una-oficina-municipal-de-asesoramiento-y-apoyo-a-los-afectados-por-ocupaciones-en-lugo\\\/#primaryimage\"},\"image\":{\"@id\":\"https:\\\/\\\/www.ppdelugo.com\\\/es\\\/el-pp-urge-la-creacion-de-una-oficina-municipal-de-asesoramiento-y-apoyo-a-los-afectados-por-ocupaciones-en-lugo\\\/#primaryimage\"},\"thumbnailUrl\":\"https:\\\/\\\/www.ppdelugo.com\\\/wp-content\\\/uploads\\\/2020\\\/08\\\/Okupas-O-Pazo.jpg\",\"datePublished\":\"2020-08-25T08:59:00+00:00\",\"dateModified\":\"2020-08-31T09:43:23+00:00\",\"author\":{\"@id\":\"https:\\\/\\\/www.ppdelugo.com\\\/es\\\/#\\\/schema\\\/person\\\/4fa17dd371813e2c389a4417775cec48\"},\"breadcrumb\":{\"@id\":\"https:\\\/\\\/www.ppdelugo.com\\\/es\\\/el-pp-urge-la-creacion-de-una-oficina-municipal-de-asesoramiento-y-apoyo-a-los-afectados-por-ocupaciones-en-lugo\\\/#breadcrumb\"},\"inLanguage\":\"es\",\"potentialAction\":[{\"@type\":\"ReadAction\",\"target\":[\"https:\\\/\\\/www.ppdelugo.com\\\/es\\\/el-pp-urge-la-creacion-de-una-oficina-municipal-de-asesoramiento-y-apoyo-a-los-afectados-por-ocupaciones-en-lugo\\\/\"]}]},{\"@type\":\"ImageObject\",\"inLanguage\":\"es\",\"@id\":\"https:\\\/\\\/www.ppdelugo.com\\\/es\\\/el-pp-urge-la-creacion-de-una-oficina-municipal-de-asesoramiento-y-apoyo-a-los-afectados-por-ocupaciones-en-lugo\\\/#primaryimage\",\"url\":\"https:\\\/\\\/www.ppdelugo.com\\\/wp-content\\\/uploads\\\/2020\\\/08\\\/Okupas-O-Pazo.jpg\",\"contentUrl\":\"https:\\\/\\\/www.ppdelugo.com\\\/wp-content\\\/uploads\\\/2020\\\/08\\\/Okupas-O-Pazo.jpg\",\"width\":1716,\"height\":1102},{\"@type\":\"BreadcrumbList\",\"@id\":\"https:\\\/\\\/www.ppdelugo.com\\\/es\\\/el-pp-urge-la-creacion-de-una-oficina-municipal-de-asesoramiento-y-apoyo-a-los-afectados-por-ocupaciones-en-lugo\\\/#breadcrumb\",\"itemListElement\":[{\"@type\":\"ListItem\",\"position\":1,\"name\":\"Portada\",\"item\":\"https:\\\/\\\/www.ppdelugo.com\\\/es\\\/\"},{\"@type\":\"ListItem\",\"position\":2,\"name\":\"El PP urge la creaci\u00f3n de una oficina municipal de asesoramiento y apoyo a los afectados por ocupaciones en Lugo\"}]},{\"@type\":\"WebSite\",\"@id\":\"https:\\\/\\\/www.ppdelugo.com\\\/es\\\/#website\",\"url\":\"https:\\\/\\\/www.ppdelugo.com\\\/es\\\/\",\"name\":\"Grupo Municipal Partido Popular de Lugo\",\"description\":\"Web del Grupo Municipal del Partido Popular en el Ayuntamiento de Lugo, con informaci\u00f3n sobre Lugo y fomento de la participaci\u00f3n ciudadana\",\"potentialAction\":[{\"@type\":\"SearchAction\",\"target\":{\"@type\":\"EntryPoint\",\"urlTemplate\":\"https:\\\/\\\/www.ppdelugo.com\\\/es\\\/?s={search_term_string}\"},\"query-input\":{\"@type\":\"PropertyValueSpecification\",\"valueRequired\":true,\"valueName\":\"search_term_string\"}}],\"inLanguage\":\"es\"},{\"@type\":\"Person\",\"@id\":\"https:\\\/\\\/www.ppdelugo.com\\\/es\\\/#\\\/schema\\\/person\\\/4fa17dd371813e2c389a4417775cec48\",\"name\":\"ppdelugo\",\"url\":\"https:\\\/\\\/www.ppdelugo.com\\\/es\\\/author\\\/admin-2\\\/\"}]}<\/script>\n<!-- \/ Yoast SEO plugin. -->","yoast_head_json":{"title":"El PP urge la creaci\u00f3n de una oficina municipal de asesoramiento y apoyo a los afectados por ocupaciones en Lugo - Grupo Municipal Partido Popular de Lugo","robots":{"index":"index","follow":"follow","max-snippet":"max-snippet:-1","max-image-preview":"max-image-preview:large","max-video-preview":"max-video-preview:-1"},"canonical":"https:\/\/www.ppdelugo.com\/es\/el-pp-urge-la-creacion-de-una-oficina-municipal-de-asesoramiento-y-apoyo-a-los-afectados-por-ocupaciones-en-lugo\/","og_locale":"es_ES","og_type":"article","og_title":"El PP urge la creaci\u00f3n de una oficina municipal de asesoramiento y apoyo a los afectados por ocupaciones en Lugo - Grupo Municipal Partido Popular de Lugo","og_description":"Los populares consiguieron en 2018, pese a la negativa de PSOE y BNG, aprobar una iniciativa en pleno para impulsar este \u00f3rgano de asesoramiento gratuito a los lucenses pero \u201cM\u00e9ndez...","og_url":"https:\/\/www.ppdelugo.com\/es\/el-pp-urge-la-creacion-de-una-oficina-municipal-de-asesoramiento-y-apoyo-a-los-afectados-por-ocupaciones-en-lugo\/","og_site_name":"Grupo Municipal Partido Popular de Lugo","article_published_time":"2020-08-25T08:59:00+00:00","article_modified_time":"2020-08-31T09:43:23+00:00","og_image":[{"width":1716,"height":1102,"url":"https:\/\/www.ppdelugo.com\/wp-content\/uploads\/2020\/08\/Okupas-O-Pazo.jpg","type":"image\/jpeg"}],"author":"ppdelugo","twitter_card":"summary_large_image","twitter_misc":{"Escrito por":"ppdelugo","Tiempo de lectura":"2 minutos"},"schema":{"@context":"https:\/\/schema.org","@graph":[{"@type":"Article","@id":"https:\/\/www.ppdelugo.com\/es\/el-pp-urge-la-creacion-de-una-oficina-municipal-de-asesoramiento-y-apoyo-a-los-afectados-por-ocupaciones-en-lugo\/#article","isPartOf":{"@id":"https:\/\/www.ppdelugo.com\/es\/el-pp-urge-la-creacion-de-una-oficina-municipal-de-asesoramiento-y-apoyo-a-los-afectados-por-ocupaciones-en-lugo\/"},"author":{"name":"ppdelugo","@id":"https:\/\/www.ppdelugo.com\/es\/#\/schema\/person\/4fa17dd371813e2c389a4417775cec48"},"headline":"El PP urge la creaci\u00f3n de una oficina municipal de asesoramiento y apoyo a los afectados por ocupaciones en Lugo","datePublished":"2020-08-25T08:59:00+00:00","dateModified":"2020-08-31T09:43:23+00:00","mainEntityOfPage":{"@id":"https:\/\/www.ppdelugo.com\/es\/el-pp-urge-la-creacion-de-una-oficina-municipal-de-asesoramiento-y-apoyo-a-los-afectados-por-ocupaciones-en-lugo\/"},"wordCount":511,"commentCount":0,"image":{"@id":"https:\/\/www.ppdelugo.com\/es\/el-pp-urge-la-creacion-de-una-oficina-municipal-de-asesoramiento-y-apoyo-a-los-afectados-por-ocupaciones-en-lugo\/#primaryimage"},"thumbnailUrl":"https:\/\/www.ppdelugo.com\/wp-content\/uploads\/2020\/08\/Okupas-O-Pazo.jpg","articleSection":["Seguridad"],"inLanguage":"es","potentialAction":[{"@type":"CommentAction","name":"Comment","target":["https:\/\/www.ppdelugo.com\/es\/el-pp-urge-la-creacion-de-una-oficina-municipal-de-asesoramiento-y-apoyo-a-los-afectados-por-ocupaciones-en-lugo\/#respond"]}]},{"@type":"WebPage","@id":"https:\/\/www.ppdelugo.com\/es\/el-pp-urge-la-creacion-de-una-oficina-municipal-de-asesoramiento-y-apoyo-a-los-afectados-por-ocupaciones-en-lugo\/","url":"https:\/\/www.ppdelugo.com\/es\/el-pp-urge-la-creacion-de-una-oficina-municipal-de-asesoramiento-y-apoyo-a-los-afectados-por-ocupaciones-en-lugo\/","name":"El PP urge la creaci\u00f3n de una oficina municipal de asesoramiento y apoyo a los afectados por ocupaciones en Lugo - Grupo Municipal Partido Popular de Lugo","isPartOf":{"@id":"https:\/\/www.ppdelugo.com\/es\/#website"},"primaryImageOfPage":{"@id":"https:\/\/www.ppdelugo.com\/es\/el-pp-urge-la-creacion-de-una-oficina-municipal-de-asesoramiento-y-apoyo-a-los-afectados-por-ocupaciones-en-lugo\/#primaryimage"},"image":{"@id":"https:\/\/www.ppdelugo.com\/es\/el-pp-urge-la-creacion-de-una-oficina-municipal-de-asesoramiento-y-apoyo-a-los-afectados-por-ocupaciones-en-lugo\/#primaryimage"},"thumbnailUrl":"https:\/\/www.ppdelugo.com\/wp-content\/uploads\/2020\/08\/Okupas-O-Pazo.jpg","datePublished":"2020-08-25T08:59:00+00:00","dateModified":"2020-08-31T09:43:23+00:00","author":{"@id":"https:\/\/www.ppdelugo.com\/es\/#\/schema\/person\/4fa17dd371813e2c389a4417775cec48"},"breadcrumb":{"@id":"https:\/\/www.ppdelugo.com\/es\/el-pp-urge-la-creacion-de-una-oficina-municipal-de-asesoramiento-y-apoyo-a-los-afectados-por-ocupaciones-en-lugo\/#breadcrumb"},"inLanguage":"es","potentialAction":[{"@type":"ReadAction","target":["https:\/\/www.ppdelugo.com\/es\/el-pp-urge-la-creacion-de-una-oficina-municipal-de-asesoramiento-y-apoyo-a-los-afectados-por-ocupaciones-en-lugo\/"]}]},{"@type":"ImageObject","inLanguage":"es","@id":"https:\/\/www.ppdelugo.com\/es\/el-pp-urge-la-creacion-de-una-oficina-municipal-de-asesoramiento-y-apoyo-a-los-afectados-por-ocupaciones-en-lugo\/#primaryimage","url":"https:\/\/www.ppdelugo.com\/wp-content\/uploads\/2020\/08\/Okupas-O-Pazo.jpg","contentUrl":"https:\/\/www.ppdelugo.com\/wp-content\/uploads\/2020\/08\/Okupas-O-Pazo.jpg","width":1716,"height":1102},{"@type":"BreadcrumbList","@id":"https:\/\/www.ppdelugo.com\/es\/el-pp-urge-la-creacion-de-una-oficina-municipal-de-asesoramiento-y-apoyo-a-los-afectados-por-ocupaciones-en-lugo\/#breadcrumb","itemListElement":[{"@type":"ListItem","position":1,"name":"Portada","item":"https:\/\/www.ppdelugo.com\/es\/"},{"@type":"ListItem","position":2,"name":"El PP urge la creaci\u00f3n de una oficina municipal de asesoramiento y apoyo a los afectados por ocupaciones en Lugo"}]},{"@type":"WebSite","@id":"https:\/\/www.ppdelugo.com\/es\/#website","url":"https:\/\/www.ppdelugo.com\/es\/","name":"Grupo Municipal Partido Popular de Lugo","description":"Web del Grupo Municipal del Partido Popular en el Ayuntamiento de Lugo, con informaci\u00f3n sobre Lugo y fomento de la participaci\u00f3n ciudadana","potentialAction":[{"@type":"SearchAction","target":{"@type":"EntryPoint","urlTemplate":"https:\/\/www.ppdelugo.com\/es\/?s={search_term_string}"},"query-input":{"@type":"PropertyValueSpecification","valueRequired":true,"valueName":"search_term_string"}}],"inLanguage":"es"},{"@type":"Person","@id":"https:\/\/www.ppdelugo.com\/es\/#\/schema\/person\/4fa17dd371813e2c389a4417775cec48","name":"ppdelugo","url":"https:\/\/www.ppdelugo.com\/es\/author\/admin-2\/"}]}},"_links":{"self":[{"href":"https:\/\/www.ppdelugo.com\/es\/wp-json\/wp\/v2\/posts\/13262","targetHints":{"allow":["GET"]}}],"collection":[{"href":"https:\/\/www.ppdelugo.com\/es\/wp-json\/wp\/v2\/posts"}],"about":[{"href":"https:\/\/www.ppdelugo.com\/es\/wp-json\/wp\/v2\/types\/post"}],"author":[{"embeddable":true,"href":"https:\/\/www.ppdelugo.com\/es\/wp-json\/wp\/v2\/users\/8"}],"replies":[{"embeddable":true,"href":"https:\/\/www.ppdelugo.com\/es\/wp-json\/wp\/v2\/comments?post=13262"}],"version-history":[{"count":1,"href":"https:\/\/www.ppdelugo.com\/es\/wp-json\/wp\/v2\/posts\/13262\/revisions"}],"predecessor-version":[{"id":13263,"href":"https:\/\/www.ppdelugo.com\/es\/wp-json\/wp\/v2\/posts\/13262\/revisions\/13263"}],"wp:featuredmedia":[{"embeddable":true,"href":"https:\/\/www.ppdelugo.com\/es\/wp-json\/wp\/v2\/media\/13259"}],"wp:attachment":[{"href":"https:\/\/www.ppdelugo.com\/es\/wp-json\/wp\/v2\/media?parent=13262"}],"wp:term":[{"taxonomy":"category","embeddable":true,"href":"https:\/\/www.ppdelugo.com\/es\/wp-json\/wp\/v2\/categories?post=13262"},{"taxonomy":"post_tag","embeddable":true,"href":"https:\/\/www.ppdelugo.com\/es\/wp-json\/wp\/v2\/tags?post=13262"}],"curies":[{"name":"wp","href":"https:\/\/api.w.org\/{rel}","templated":true}]}}