{"id":12932,"date":"2020-08-10T11:58:51","date_gmt":"2020-08-10T11:58:51","guid":{"rendered":"http:\/\/www.ppdelugo.com\/o-pp-denuncia-que-catro-anos-e-medio-despois-de-readxudicar-o-contrato-do-transporte-urbano-lugo-segue-sen-a-reestructuracion-total-do-modelo\/"},"modified":"2020-08-10T12:00:06","modified_gmt":"2020-08-10T12:00:06","slug":"o-pp-denuncia-que-catro-anos-e-medio-despois-de-readxudicar-o-contrato-do-transporte-urbano-lugo-segue-sen-a-reestructuracion-total-do-modelo","status":"publish","type":"post","link":"https:\/\/www.ppdelugo.com\/es\/o-pp-denuncia-que-catro-anos-e-medio-despois-de-readxudicar-o-contrato-do-transporte-urbano-lugo-segue-sen-a-reestructuracion-total-do-modelo\/","title":{"rendered":"El PP denuncia que cuatro a\u00f1os y medio despu\u00e9s de readjudicar el contrato del transporte urbano Lugo sigue sin la reestructuraci\u00f3n total del modelo"},"content":{"rendered":"<p>El concejal del Grupo Municipal del PP Antonio Ameijide lamenta que a punto de llegar al ecuador de este contrato (adjudicado por un per\u00edodo de 10 a\u00f1os), iniciado hay dos mandatos por L\u00f3pez Orozco, los lucenses seguimos esperando por la renovaci\u00f3n de las l\u00edneas de transporte, cambio que ten\u00eda que efectuarse en el primero a\u00f1o de la concesi\u00f3n.<\/p>\n<p><!--more--><\/p>\n<p>O concelleiro do Grupo Municipal do Partido Popular no Concello de Lugo, Antonio Ameijide, denuncia a \u201carcaica\u201d situaci\u00f3n na que vive o transporte urbano en Lugo a pesar de que estamos a piques de chegar ao ecuador do contrato deste servizo, que se readxudicou en febreiro de 2016, e todo a pesar de que Lugo conta cunha magn\u00edfica flota de autobuses e unha empresa con experiencia a nivel internacional.<\/p>\n<p>Antonio Ameijide sinala que semellaba que este novo contrato ser\u00eda o punto de inflexi\u00f3n para renovar o transporte urbano de Lugo, pero vemos como \u201ctodo segue igual\u201d a pesar de que neste contrato se asinou que hab\u00eda que renovar todas as li\u00f1as de transporte no primeiro ano da posta en servizo do contrato.<\/p>\n<p>Para o concelleiro popular o \u00fanico gran cambio que houbo nos autobuses urbanos de Lugo foi a cara do concelleiro responsable deste servizo, xa que pasou de mans de Lara M\u00e9ndez ao vicealcalde, Rub\u00e9n Arroxo. Un cambio que semellaba que ser\u00eda positivo para este servizo, dada a boa predisposici\u00f3n de Arroxo nas xuntanzas que se mantiveron nos \u00faltimos meses, pero que \u201cparece non serviron de nada\u201d. \u201cA realidade \u00e9 que no mandato anterior Lara M\u00e9ndez se empe\u00f1ou en boicotear este servizo e parece que pasamos a outro mandato no que a rexedora se est\u00e1 a encargar de que o novo responsable do servizo non poida facer nada por melloralo\u201d, indicou.<\/p>\n<p>Antonio Ameijide recorda que a tramitaci\u00f3n deste contrato comezou hai tres mandatos, co anterior alcalde Jos\u00e9 L\u00f3pez Orozco, e \u201cpor desgracia hoxe todo sigue igual\u201d. A\u00ednda segue pendente po\u00f1er en marcha medidas do Partido Popular como:<\/p>\n<ul>\n<li>Reestructuraci\u00f3n integral de todas as li\u00f1as, cubrindo toda a cidade con percorridos m\u00e1is curtos e frecuencias de paso entre 10 e 15 minutos<\/li>\n<li>Transbordos gratu\u00edtos, establecendo puntos que sirvan de n\u00f3s para facilitar transbordos<\/li>\n<li>Gratuidade para menores de 18 anos, xubilados pensionistas, parados e familias con escasos recursos<\/li>\n<li>Creaci\u00f3n dunha APP para m\u00f3biles para informar, en tempo real, das chegadas de autobuses, frecuencias, enlaces e posibles incidencias no servizo<\/li>\n<li>Mellorara da informaci\u00f3n das paradas coa posta en funcionamento dos paneis dixitais e colocaci\u00f3n de novos paneis informativos<\/li>\n<\/ul>\n<p>O concelleiro popular lamenta que nos \u00faltimos anos o \u00fanico que se fixo polo transporte urbano foi pintar de cor vermella tres autobuses, \u201cesa foi a gran revoluci\u00f3n nos autobuses urbanos de Lugo\u201d.<\/p>\n","protected":false},"excerpt":{"rendered":"<p>El concejal del Grupo Municipal del PP Antonio Ameijide lamenta que a punto de llegar al ecuador de este contrato (adjudicado por un per\u00edodo de 10 a\u00f1os), iniciado hay dos&#8230;<\/p>\n","protected":false},"author":8,"featured_media":12933,"comment_status":"open","ping_status":"closed","sticky":false,"template":"","format":"standard","meta":{"footnotes":""},"categories":[40],"tags":[],"class_list":{"0":"post-12932","1":"post","2":"type-post","3":"status-publish","4":"format-standard","5":"has-post-thumbnail","7":"category-transporte-urbano-es"},"yoast_head":"<!-- This site is optimized with the Yoast SEO plugin v27.4 - https:\/\/yoast.com\/product\/yoast-seo-wordpress\/ -->\n<title>El PP denuncia que cuatro a\u00f1os y medio despu\u00e9s de readjudicar el contrato del transporte urbano Lugo sigue sin la reestructuraci\u00f3n total del modelo - Grupo Municipal Partido Popular de Lugo<\/title>\n<meta name=\"robots\" content=\"index, follow, max-snippet:-1, max-image-preview:large, max-video-preview:-1\" \/>\n<link rel=\"canonical\" href=\"https:\/\/www.ppdelugo.com\/es\/o-pp-denuncia-que-catro-anos-e-medio-despois-de-readxudicar-o-contrato-do-transporte-urbano-lugo-segue-sen-a-reestructuracion-total-do-modelo\/\" \/>\n<meta property=\"og:locale\" content=\"es_ES\" \/>\n<meta property=\"og:type\" content=\"article\" \/>\n<meta property=\"og:title\" content=\"El PP denuncia que cuatro a\u00f1os y medio despu\u00e9s de readjudicar el contrato del transporte urbano Lugo sigue sin la reestructuraci\u00f3n total del modelo - Grupo Municipal Partido Popular de Lugo\" \/>\n<meta property=\"og:description\" content=\"El concejal del Grupo Municipal del PP Antonio Ameijide lamenta que a punto de llegar al ecuador de este contrato (adjudicado por un per\u00edodo de 10 a\u00f1os), iniciado hay dos...\" \/>\n<meta property=\"og:url\" content=\"https:\/\/www.ppdelugo.com\/es\/o-pp-denuncia-que-catro-anos-e-medio-despois-de-readxudicar-o-contrato-do-transporte-urbano-lugo-segue-sen-a-reestructuracion-total-do-modelo\/\" \/>\n<meta property=\"og:site_name\" content=\"Grupo Municipal Partido Popular de Lugo\" \/>\n<meta property=\"article:published_time\" content=\"2020-08-10T11:58:51+00:00\" \/>\n<meta property=\"article:modified_time\" content=\"2020-08-10T12:00:06+00:00\" \/>\n<meta property=\"og:image\" content=\"https:\/\/www.ppdelugo.com\/wp-content\/uploads\/2016\/08\/Magoi-e1470999905400.jpg\" \/>\n\t<meta property=\"og:image:width\" content=\"1669\" \/>\n\t<meta property=\"og:image:height\" content=\"1481\" \/>\n\t<meta property=\"og:image:type\" content=\"image\/jpeg\" \/>\n<meta name=\"author\" content=\"ppdelugo\" \/>\n<meta name=\"twitter:card\" content=\"summary_large_image\" \/>\n<meta name=\"twitter:label1\" content=\"Escrito por\" \/>\n\t<meta name=\"twitter:data1\" content=\"ppdelugo\" \/>\n\t<meta name=\"twitter:label2\" content=\"Tiempo de lectura\" \/>\n\t<meta name=\"twitter:data2\" content=\"2 minutos\" \/>\n<script type=\"application\/ld+json\" class=\"yoast-schema-graph\">{\"@context\":\"https:\\\/\\\/schema.org\",\"@graph\":[{\"@type\":\"Article\",\"@id\":\"https:\\\/\\\/www.ppdelugo.com\\\/es\\\/o-pp-denuncia-que-catro-anos-e-medio-despois-de-readxudicar-o-contrato-do-transporte-urbano-lugo-segue-sen-a-reestructuracion-total-do-modelo\\\/#article\",\"isPartOf\":{\"@id\":\"https:\\\/\\\/www.ppdelugo.com\\\/es\\\/o-pp-denuncia-que-catro-anos-e-medio-despois-de-readxudicar-o-contrato-do-transporte-urbano-lugo-segue-sen-a-reestructuracion-total-do-modelo\\\/\"},\"author\":{\"name\":\"ppdelugo\",\"@id\":\"https:\\\/\\\/www.ppdelugo.com\\\/es\\\/#\\\/schema\\\/person\\\/4fa17dd371813e2c389a4417775cec48\"},\"headline\":\"El PP denuncia que cuatro a\u00f1os y medio despu\u00e9s de readjudicar el contrato del transporte urbano Lugo sigue sin la reestructuraci\u00f3n total del modelo\",\"datePublished\":\"2020-08-10T11:58:51+00:00\",\"dateModified\":\"2020-08-10T12:00:06+00:00\",\"mainEntityOfPage\":{\"@id\":\"https:\\\/\\\/www.ppdelugo.com\\\/es\\\/o-pp-denuncia-que-catro-anos-e-medio-despois-de-readxudicar-o-contrato-do-transporte-urbano-lugo-segue-sen-a-reestructuracion-total-do-modelo\\\/\"},\"wordCount\":501,\"commentCount\":0,\"image\":{\"@id\":\"https:\\\/\\\/www.ppdelugo.com\\\/es\\\/o-pp-denuncia-que-catro-anos-e-medio-despois-de-readxudicar-o-contrato-do-transporte-urbano-lugo-segue-sen-a-reestructuracion-total-do-modelo\\\/#primaryimage\"},\"thumbnailUrl\":\"https:\\\/\\\/www.ppdelugo.com\\\/wp-content\\\/uploads\\\/2016\\\/08\\\/Magoi-e1470999905400.jpg\",\"articleSection\":[\"Transporte Urbano\"],\"inLanguage\":\"es\",\"potentialAction\":[{\"@type\":\"CommentAction\",\"name\":\"Comment\",\"target\":[\"https:\\\/\\\/www.ppdelugo.com\\\/es\\\/o-pp-denuncia-que-catro-anos-e-medio-despois-de-readxudicar-o-contrato-do-transporte-urbano-lugo-segue-sen-a-reestructuracion-total-do-modelo\\\/#respond\"]}]},{\"@type\":\"WebPage\",\"@id\":\"https:\\\/\\\/www.ppdelugo.com\\\/es\\\/o-pp-denuncia-que-catro-anos-e-medio-despois-de-readxudicar-o-contrato-do-transporte-urbano-lugo-segue-sen-a-reestructuracion-total-do-modelo\\\/\",\"url\":\"https:\\\/\\\/www.ppdelugo.com\\\/es\\\/o-pp-denuncia-que-catro-anos-e-medio-despois-de-readxudicar-o-contrato-do-transporte-urbano-lugo-segue-sen-a-reestructuracion-total-do-modelo\\\/\",\"name\":\"El PP denuncia que cuatro a\u00f1os y medio despu\u00e9s de readjudicar el contrato del transporte urbano Lugo sigue sin la reestructuraci\u00f3n total del modelo - Grupo Municipal Partido Popular de Lugo\",\"isPartOf\":{\"@id\":\"https:\\\/\\\/www.ppdelugo.com\\\/es\\\/#website\"},\"primaryImageOfPage\":{\"@id\":\"https:\\\/\\\/www.ppdelugo.com\\\/es\\\/o-pp-denuncia-que-catro-anos-e-medio-despois-de-readxudicar-o-contrato-do-transporte-urbano-lugo-segue-sen-a-reestructuracion-total-do-modelo\\\/#primaryimage\"},\"image\":{\"@id\":\"https:\\\/\\\/www.ppdelugo.com\\\/es\\\/o-pp-denuncia-que-catro-anos-e-medio-despois-de-readxudicar-o-contrato-do-transporte-urbano-lugo-segue-sen-a-reestructuracion-total-do-modelo\\\/#primaryimage\"},\"thumbnailUrl\":\"https:\\\/\\\/www.ppdelugo.com\\\/wp-content\\\/uploads\\\/2016\\\/08\\\/Magoi-e1470999905400.jpg\",\"datePublished\":\"2020-08-10T11:58:51+00:00\",\"dateModified\":\"2020-08-10T12:00:06+00:00\",\"author\":{\"@id\":\"https:\\\/\\\/www.ppdelugo.com\\\/es\\\/#\\\/schema\\\/person\\\/4fa17dd371813e2c389a4417775cec48\"},\"breadcrumb\":{\"@id\":\"https:\\\/\\\/www.ppdelugo.com\\\/es\\\/o-pp-denuncia-que-catro-anos-e-medio-despois-de-readxudicar-o-contrato-do-transporte-urbano-lugo-segue-sen-a-reestructuracion-total-do-modelo\\\/#breadcrumb\"},\"inLanguage\":\"es\",\"potentialAction\":[{\"@type\":\"ReadAction\",\"target\":[\"https:\\\/\\\/www.ppdelugo.com\\\/es\\\/o-pp-denuncia-que-catro-anos-e-medio-despois-de-readxudicar-o-contrato-do-transporte-urbano-lugo-segue-sen-a-reestructuracion-total-do-modelo\\\/\"]}]},{\"@type\":\"ImageObject\",\"inLanguage\":\"es\",\"@id\":\"https:\\\/\\\/www.ppdelugo.com\\\/es\\\/o-pp-denuncia-que-catro-anos-e-medio-despois-de-readxudicar-o-contrato-do-transporte-urbano-lugo-segue-sen-a-reestructuracion-total-do-modelo\\\/#primaryimage\",\"url\":\"https:\\\/\\\/www.ppdelugo.com\\\/wp-content\\\/uploads\\\/2016\\\/08\\\/Magoi-e1470999905400.jpg\",\"contentUrl\":\"https:\\\/\\\/www.ppdelugo.com\\\/wp-content\\\/uploads\\\/2016\\\/08\\\/Magoi-e1470999905400.jpg\",\"width\":1669,\"height\":1481,\"caption\":\"- PPLugo, PPdeLugo, Noticias Lugo, Noticias de Lugo, Novas Lugo, Novas de Lugo, Concello de Lugo, Ayuntamiento de Lugo, Ciudad de Lugo, Cidade de Lugo\"},{\"@type\":\"BreadcrumbList\",\"@id\":\"https:\\\/\\\/www.ppdelugo.com\\\/es\\\/o-pp-denuncia-que-catro-anos-e-medio-despois-de-readxudicar-o-contrato-do-transporte-urbano-lugo-segue-sen-a-reestructuracion-total-do-modelo\\\/#breadcrumb\",\"itemListElement\":[{\"@type\":\"ListItem\",\"position\":1,\"name\":\"Portada\",\"item\":\"https:\\\/\\\/www.ppdelugo.com\\\/es\\\/\"},{\"@type\":\"ListItem\",\"position\":2,\"name\":\"El PP denuncia que cuatro a\u00f1os y medio despu\u00e9s de readjudicar el contrato del transporte urbano Lugo sigue sin la reestructuraci\u00f3n total del modelo\"}]},{\"@type\":\"WebSite\",\"@id\":\"https:\\\/\\\/www.ppdelugo.com\\\/es\\\/#website\",\"url\":\"https:\\\/\\\/www.ppdelugo.com\\\/es\\\/\",\"name\":\"Grupo Municipal Partido Popular de Lugo\",\"description\":\"Web del Grupo Municipal del Partido Popular en el Ayuntamiento de Lugo, con informaci\u00f3n sobre Lugo y fomento de la participaci\u00f3n ciudadana\",\"potentialAction\":[{\"@type\":\"SearchAction\",\"target\":{\"@type\":\"EntryPoint\",\"urlTemplate\":\"https:\\\/\\\/www.ppdelugo.com\\\/es\\\/?s={search_term_string}\"},\"query-input\":{\"@type\":\"PropertyValueSpecification\",\"valueRequired\":true,\"valueName\":\"search_term_string\"}}],\"inLanguage\":\"es\"},{\"@type\":\"Person\",\"@id\":\"https:\\\/\\\/www.ppdelugo.com\\\/es\\\/#\\\/schema\\\/person\\\/4fa17dd371813e2c389a4417775cec48\",\"name\":\"ppdelugo\",\"url\":\"https:\\\/\\\/www.ppdelugo.com\\\/es\\\/author\\\/admin-2\\\/\"}]}<\/script>\n<!-- \/ Yoast SEO plugin. -->","yoast_head_json":{"title":"El PP denuncia que cuatro a\u00f1os y medio despu\u00e9s de readjudicar el contrato del transporte urbano Lugo sigue sin la reestructuraci\u00f3n total del modelo - Grupo Municipal Partido Popular de Lugo","robots":{"index":"index","follow":"follow","max-snippet":"max-snippet:-1","max-image-preview":"max-image-preview:large","max-video-preview":"max-video-preview:-1"},"canonical":"https:\/\/www.ppdelugo.com\/es\/o-pp-denuncia-que-catro-anos-e-medio-despois-de-readxudicar-o-contrato-do-transporte-urbano-lugo-segue-sen-a-reestructuracion-total-do-modelo\/","og_locale":"es_ES","og_type":"article","og_title":"El PP denuncia que cuatro a\u00f1os y medio despu\u00e9s de readjudicar el contrato del transporte urbano Lugo sigue sin la reestructuraci\u00f3n total del modelo - Grupo Municipal Partido Popular de Lugo","og_description":"El concejal del Grupo Municipal del PP Antonio Ameijide lamenta que a punto de llegar al ecuador de este contrato (adjudicado por un per\u00edodo de 10 a\u00f1os), iniciado hay dos...","og_url":"https:\/\/www.ppdelugo.com\/es\/o-pp-denuncia-que-catro-anos-e-medio-despois-de-readxudicar-o-contrato-do-transporte-urbano-lugo-segue-sen-a-reestructuracion-total-do-modelo\/","og_site_name":"Grupo Municipal Partido Popular de Lugo","article_published_time":"2020-08-10T11:58:51+00:00","article_modified_time":"2020-08-10T12:00:06+00:00","og_image":[{"width":1669,"height":1481,"url":"https:\/\/www.ppdelugo.com\/wp-content\/uploads\/2016\/08\/Magoi-e1470999905400.jpg","type":"image\/jpeg"}],"author":"ppdelugo","twitter_card":"summary_large_image","twitter_misc":{"Escrito por":"ppdelugo","Tiempo de lectura":"2 minutos"},"schema":{"@context":"https:\/\/schema.org","@graph":[{"@type":"Article","@id":"https:\/\/www.ppdelugo.com\/es\/o-pp-denuncia-que-catro-anos-e-medio-despois-de-readxudicar-o-contrato-do-transporte-urbano-lugo-segue-sen-a-reestructuracion-total-do-modelo\/#article","isPartOf":{"@id":"https:\/\/www.ppdelugo.com\/es\/o-pp-denuncia-que-catro-anos-e-medio-despois-de-readxudicar-o-contrato-do-transporte-urbano-lugo-segue-sen-a-reestructuracion-total-do-modelo\/"},"author":{"name":"ppdelugo","@id":"https:\/\/www.ppdelugo.com\/es\/#\/schema\/person\/4fa17dd371813e2c389a4417775cec48"},"headline":"El PP denuncia que cuatro a\u00f1os y medio despu\u00e9s de readjudicar el contrato del transporte urbano Lugo sigue sin la reestructuraci\u00f3n total del modelo","datePublished":"2020-08-10T11:58:51+00:00","dateModified":"2020-08-10T12:00:06+00:00","mainEntityOfPage":{"@id":"https:\/\/www.ppdelugo.com\/es\/o-pp-denuncia-que-catro-anos-e-medio-despois-de-readxudicar-o-contrato-do-transporte-urbano-lugo-segue-sen-a-reestructuracion-total-do-modelo\/"},"wordCount":501,"commentCount":0,"image":{"@id":"https:\/\/www.ppdelugo.com\/es\/o-pp-denuncia-que-catro-anos-e-medio-despois-de-readxudicar-o-contrato-do-transporte-urbano-lugo-segue-sen-a-reestructuracion-total-do-modelo\/#primaryimage"},"thumbnailUrl":"https:\/\/www.ppdelugo.com\/wp-content\/uploads\/2016\/08\/Magoi-e1470999905400.jpg","articleSection":["Transporte Urbano"],"inLanguage":"es","potentialAction":[{"@type":"CommentAction","name":"Comment","target":["https:\/\/www.ppdelugo.com\/es\/o-pp-denuncia-que-catro-anos-e-medio-despois-de-readxudicar-o-contrato-do-transporte-urbano-lugo-segue-sen-a-reestructuracion-total-do-modelo\/#respond"]}]},{"@type":"WebPage","@id":"https:\/\/www.ppdelugo.com\/es\/o-pp-denuncia-que-catro-anos-e-medio-despois-de-readxudicar-o-contrato-do-transporte-urbano-lugo-segue-sen-a-reestructuracion-total-do-modelo\/","url":"https:\/\/www.ppdelugo.com\/es\/o-pp-denuncia-que-catro-anos-e-medio-despois-de-readxudicar-o-contrato-do-transporte-urbano-lugo-segue-sen-a-reestructuracion-total-do-modelo\/","name":"El PP denuncia que cuatro a\u00f1os y medio despu\u00e9s de readjudicar el contrato del transporte urbano Lugo sigue sin la reestructuraci\u00f3n total del modelo - Grupo Municipal Partido Popular de Lugo","isPartOf":{"@id":"https:\/\/www.ppdelugo.com\/es\/#website"},"primaryImageOfPage":{"@id":"https:\/\/www.ppdelugo.com\/es\/o-pp-denuncia-que-catro-anos-e-medio-despois-de-readxudicar-o-contrato-do-transporte-urbano-lugo-segue-sen-a-reestructuracion-total-do-modelo\/#primaryimage"},"image":{"@id":"https:\/\/www.ppdelugo.com\/es\/o-pp-denuncia-que-catro-anos-e-medio-despois-de-readxudicar-o-contrato-do-transporte-urbano-lugo-segue-sen-a-reestructuracion-total-do-modelo\/#primaryimage"},"thumbnailUrl":"https:\/\/www.ppdelugo.com\/wp-content\/uploads\/2016\/08\/Magoi-e1470999905400.jpg","datePublished":"2020-08-10T11:58:51+00:00","dateModified":"2020-08-10T12:00:06+00:00","author":{"@id":"https:\/\/www.ppdelugo.com\/es\/#\/schema\/person\/4fa17dd371813e2c389a4417775cec48"},"breadcrumb":{"@id":"https:\/\/www.ppdelugo.com\/es\/o-pp-denuncia-que-catro-anos-e-medio-despois-de-readxudicar-o-contrato-do-transporte-urbano-lugo-segue-sen-a-reestructuracion-total-do-modelo\/#breadcrumb"},"inLanguage":"es","potentialAction":[{"@type":"ReadAction","target":["https:\/\/www.ppdelugo.com\/es\/o-pp-denuncia-que-catro-anos-e-medio-despois-de-readxudicar-o-contrato-do-transporte-urbano-lugo-segue-sen-a-reestructuracion-total-do-modelo\/"]}]},{"@type":"ImageObject","inLanguage":"es","@id":"https:\/\/www.ppdelugo.com\/es\/o-pp-denuncia-que-catro-anos-e-medio-despois-de-readxudicar-o-contrato-do-transporte-urbano-lugo-segue-sen-a-reestructuracion-total-do-modelo\/#primaryimage","url":"https:\/\/www.ppdelugo.com\/wp-content\/uploads\/2016\/08\/Magoi-e1470999905400.jpg","contentUrl":"https:\/\/www.ppdelugo.com\/wp-content\/uploads\/2016\/08\/Magoi-e1470999905400.jpg","width":1669,"height":1481,"caption":"- PPLugo, PPdeLugo, Noticias Lugo, Noticias de Lugo, Novas Lugo, Novas de Lugo, Concello de Lugo, Ayuntamiento de Lugo, Ciudad de Lugo, Cidade de Lugo"},{"@type":"BreadcrumbList","@id":"https:\/\/www.ppdelugo.com\/es\/o-pp-denuncia-que-catro-anos-e-medio-despois-de-readxudicar-o-contrato-do-transporte-urbano-lugo-segue-sen-a-reestructuracion-total-do-modelo\/#breadcrumb","itemListElement":[{"@type":"ListItem","position":1,"name":"Portada","item":"https:\/\/www.ppdelugo.com\/es\/"},{"@type":"ListItem","position":2,"name":"El PP denuncia que cuatro a\u00f1os y medio despu\u00e9s de readjudicar el contrato del transporte urbano Lugo sigue sin la reestructuraci\u00f3n total del modelo"}]},{"@type":"WebSite","@id":"https:\/\/www.ppdelugo.com\/es\/#website","url":"https:\/\/www.ppdelugo.com\/es\/","name":"Grupo Municipal Partido Popular de Lugo","description":"Web del Grupo Municipal del Partido Popular en el Ayuntamiento de Lugo, con informaci\u00f3n sobre Lugo y fomento de la participaci\u00f3n ciudadana","potentialAction":[{"@type":"SearchAction","target":{"@type":"EntryPoint","urlTemplate":"https:\/\/www.ppdelugo.com\/es\/?s={search_term_string}"},"query-input":{"@type":"PropertyValueSpecification","valueRequired":true,"valueName":"search_term_string"}}],"inLanguage":"es"},{"@type":"Person","@id":"https:\/\/www.ppdelugo.com\/es\/#\/schema\/person\/4fa17dd371813e2c389a4417775cec48","name":"ppdelugo","url":"https:\/\/www.ppdelugo.com\/es\/author\/admin-2\/"}]}},"_links":{"self":[{"href":"https:\/\/www.ppdelugo.com\/es\/wp-json\/wp\/v2\/posts\/12932","targetHints":{"allow":["GET"]}}],"collection":[{"href":"https:\/\/www.ppdelugo.com\/es\/wp-json\/wp\/v2\/posts"}],"about":[{"href":"https:\/\/www.ppdelugo.com\/es\/wp-json\/wp\/v2\/types\/post"}],"author":[{"embeddable":true,"href":"https:\/\/www.ppdelugo.com\/es\/wp-json\/wp\/v2\/users\/8"}],"replies":[{"embeddable":true,"href":"https:\/\/www.ppdelugo.com\/es\/wp-json\/wp\/v2\/comments?post=12932"}],"version-history":[{"count":0,"href":"https:\/\/www.ppdelugo.com\/es\/wp-json\/wp\/v2\/posts\/12932\/revisions"}],"wp:featuredmedia":[{"embeddable":true,"href":"https:\/\/www.ppdelugo.com\/es\/wp-json\/wp\/v2\/media\/12933"}],"wp:attachment":[{"href":"https:\/\/www.ppdelugo.com\/es\/wp-json\/wp\/v2\/media?parent=12932"}],"wp:term":[{"taxonomy":"category","embeddable":true,"href":"https:\/\/www.ppdelugo.com\/es\/wp-json\/wp\/v2\/categories?post=12932"},{"taxonomy":"post_tag","embeddable":true,"href":"https:\/\/www.ppdelugo.com\/es\/wp-json\/wp\/v2\/tags?post=12932"}],"curies":[{"name":"wp","href":"https:\/\/api.w.org\/{rel}","templated":true}]}}