{"id":12927,"date":"2020-08-06T11:32:56","date_gmt":"2020-08-06T11:32:56","guid":{"rendered":"http:\/\/www.ppdelugo.com\/o-pp-pregunta-por-que-se-estan-a-resolver-solicitudes-de-licenzas-de-este-ano-cando-ainda-hai-peticions-sen-abrir-dos-anos-anteriores\/"},"modified":"2020-08-06T11:33:32","modified_gmt":"2020-08-06T11:33:32","slug":"o-pp-pregunta-por-que-se-estan-a-resolver-solicitudes-de-licenzas-de-este-ano-cando-ainda-hai-peticions-sen-abrir-dos-anos-anteriores","status":"publish","type":"post","link":"https:\/\/www.ppdelugo.com\/es\/o-pp-pregunta-por-que-se-estan-a-resolver-solicitudes-de-licenzas-de-este-ano-cando-ainda-hai-peticions-sen-abrir-dos-anos-anteriores\/","title":{"rendered":"El PP pregunta por qu\u00e9 se est\u00e1n resolviendo solicitudes de licencias de este a\u00f1o cuando a\u00fan hay peticiones sin abrir de los a\u00f1os anteriores"},"content":{"rendered":"<p>El concejal del Grupo Municipal del PP Manuel L\u00f3pez explica que en Urbanismo se est\u00e1n resolviendo solicitudes de licencia presentadas este a\u00f1o a pesar de que hay peticiones de a\u00f1os anteriores sin comenzar a estudiar, tal y como reconoci\u00f3 el concejal de Urbanismo en la comisi\u00f3n de Desarrollo Sostenible de 24 de julio , cuando el criterio marcado para su estudio deber\u00eda de ser por orden de entrada<\/p>\n<p><!--more--><\/p>\n<p>O concelleiro do Grupo Municipal do Partido Popular no Concello de Lugo, Manuel L\u00f3pez, pregunta ao goberno local polos criterios que seguen \u00e1 hora de informar ou resolver as solicitudes de licenza de obra que reciben, xa que se comprobou como xa se resolveron varias solicitudes de licenza rexistradas neste ano, a pesar de que hai outras pendentes de anos anteriores e o criterio a seguir \u00e9 \u201cpor orde de entrada de rexistro\u201d.<\/p>\n<p>Manuel L\u00f3pez explica que foi o propio concelleiro responsable da \u00e1rea de Urbanismo, Miguel Couto, o que desvelou esta situaci\u00f3n, ao asegurar na comisi\u00f3n de Desenvolvemento Sostible do 24 de xullo que:<\/p>\n<p>\u201cDende o mes de xullo do 2019 ata o mes de xu\u00f1o de 2020 (12 meses) os datos obtidos da BBDD de licencias arroxa os seguintes datos: Nos 6 meses de 2019 solicit\u00e1ronse 11 licenzas de edificaci\u00f3ns relativas a construcci\u00f3ns de uso agr\u00edcola ou gandeiro, das cales 5 est\u00e1n resoltas por acordos da XGL (45,45%); en 2 emit\u00edronse informes desfavorables por parte dos t\u00e9cnicos e notific\u00e1ronse para a subsanaci\u00f3n de deficiencias ou aportaci\u00f3n de documentaci\u00f3n adicional e 4 est\u00e1n pendentes de informar por parte dos t\u00e9cnicos municipais. En resumo un 63,63% das solicitudes foron xestionadas por parte dos distintos servizos municipais. Nos 6 meses do ano 2020 present\u00e1ronse 8 licenzas da mesma tipolox\u00eda, das cales 2 xa est\u00e1n resoltas, outras 2 foron informadas desfavorablemente e notificadas para subsanaci\u00f3ns, e 4 expedientes est\u00e1n pendentes de informe por parte dos servicios municipais. Se agregamos os dous per\u00edodos indicados concl\u00faese que o 57% das solicitudes foron tramitadas polos servizos municipais\u201d.<\/p>\n<p>Ante esta situaci\u00f3n, Manuel L\u00f3pez pregunta a Miguel Couto por que hai catro solicitudes pendentes de informe do ano 2019, mentres que outras presentadas no 2020 xa se resolveron. \u201cGustar\u00edanos saber cales son as directrices que seguen agora na \u00e1rea de Miguel Couto para resolver ou informar as solicitudes que chegan porque vemos que xa non se segue o criterio de orde de entrada, polo que quizais te\u00f1a que explicar cal \u00e9 o novo criterio a seguir\u201d, sinala.<\/p>\n<p>Ante esta situaci\u00f3n, o concelleiro popular explica que hai outros veci\u00f1os do rural que presentaron solicitudes en anos anteriores e que seguen agardando por unha resposta para saber se poden desenvolver os seus proxectos no rural, polo que \u201cos veci\u00f1os te\u00f1en dereito a saber como est\u00e1 a ordenar o traballo o concelleiro responsable de Urbanismo\u201d.<\/p>\n<p>&nbsp;<\/p>\n","protected":false},"excerpt":{"rendered":"<p>El concejal del Grupo Municipal del PP Manuel L\u00f3pez explica que en Urbanismo se est\u00e1n resolviendo solicitudes de licencia presentadas este a\u00f1o a pesar de que hay peticiones de a\u00f1os&#8230;<\/p>\n","protected":false},"author":8,"featured_media":10091,"comment_status":"open","ping_status":"closed","sticky":false,"template":"","format":"standard","meta":{"footnotes":""},"categories":[44],"tags":[],"class_list":{"0":"post-12927","1":"post","2":"type-post","3":"status-publish","4":"format-standard","5":"has-post-thumbnail","7":"category-zona-rural-es"},"yoast_head":"<!-- This site is optimized with the Yoast SEO plugin v27.4 - https:\/\/yoast.com\/product\/yoast-seo-wordpress\/ -->\n<title>El PP pregunta por qu\u00e9 se est\u00e1n resolviendo solicitudes de licencias de este a\u00f1o cuando a\u00fan hay peticiones sin abrir de los a\u00f1os anteriores - Grupo Municipal Partido Popular de Lugo<\/title>\n<meta name=\"robots\" content=\"index, follow, max-snippet:-1, max-image-preview:large, max-video-preview:-1\" \/>\n<link rel=\"canonical\" href=\"https:\/\/www.ppdelugo.com\/es\/o-pp-pregunta-por-que-se-estan-a-resolver-solicitudes-de-licenzas-de-este-ano-cando-ainda-hai-peticions-sen-abrir-dos-anos-anteriores\/\" \/>\n<meta property=\"og:locale\" content=\"es_ES\" \/>\n<meta property=\"og:type\" content=\"article\" \/>\n<meta property=\"og:title\" content=\"El PP pregunta por qu\u00e9 se est\u00e1n resolviendo solicitudes de licencias de este a\u00f1o cuando a\u00fan hay peticiones sin abrir de los a\u00f1os anteriores - Grupo Municipal Partido Popular de Lugo\" \/>\n<meta property=\"og:description\" content=\"El concejal del Grupo Municipal del PP Manuel L\u00f3pez explica que en Urbanismo se est\u00e1n resolviendo solicitudes de licencia presentadas este a\u00f1o a pesar de que hay peticiones de a\u00f1os...\" \/>\n<meta property=\"og:url\" content=\"https:\/\/www.ppdelugo.com\/es\/o-pp-pregunta-por-que-se-estan-a-resolver-solicitudes-de-licenzas-de-este-ano-cando-ainda-hai-peticions-sen-abrir-dos-anos-anteriores\/\" \/>\n<meta property=\"og:site_name\" content=\"Grupo Municipal Partido Popular de Lugo\" \/>\n<meta property=\"article:published_time\" content=\"2020-08-06T11:32:56+00:00\" \/>\n<meta property=\"article:modified_time\" content=\"2020-08-06T11:33:32+00:00\" \/>\n<meta property=\"og:image\" content=\"https:\/\/www.ppdelugo.com\/wp-content\/uploads\/2016\/02\/PXOM-Rural-GMPPLugo-e1456488194655.jpg\" \/>\n\t<meta property=\"og:image:width\" content=\"1648\" \/>\n\t<meta property=\"og:image:height\" content=\"1236\" \/>\n\t<meta property=\"og:image:type\" content=\"image\/jpeg\" \/>\n<meta name=\"author\" content=\"ppdelugo\" \/>\n<meta name=\"twitter:card\" content=\"summary_large_image\" \/>\n<meta name=\"twitter:label1\" content=\"Escrito por\" \/>\n\t<meta name=\"twitter:data1\" content=\"ppdelugo\" \/>\n\t<meta name=\"twitter:label2\" content=\"Tiempo de lectura\" \/>\n\t<meta name=\"twitter:data2\" content=\"2 minutos\" \/>\n<script type=\"application\/ld+json\" class=\"yoast-schema-graph\">{\"@context\":\"https:\\\/\\\/schema.org\",\"@graph\":[{\"@type\":\"Article\",\"@id\":\"https:\\\/\\\/www.ppdelugo.com\\\/es\\\/o-pp-pregunta-por-que-se-estan-a-resolver-solicitudes-de-licenzas-de-este-ano-cando-ainda-hai-peticions-sen-abrir-dos-anos-anteriores\\\/#article\",\"isPartOf\":{\"@id\":\"https:\\\/\\\/www.ppdelugo.com\\\/es\\\/o-pp-pregunta-por-que-se-estan-a-resolver-solicitudes-de-licenzas-de-este-ano-cando-ainda-hai-peticions-sen-abrir-dos-anos-anteriores\\\/\"},\"author\":{\"name\":\"ppdelugo\",\"@id\":\"https:\\\/\\\/www.ppdelugo.com\\\/es\\\/#\\\/schema\\\/person\\\/4fa17dd371813e2c389a4417775cec48\"},\"headline\":\"El PP pregunta por qu\u00e9 se est\u00e1n resolviendo solicitudes de licencias de este a\u00f1o cuando a\u00fan hay peticiones sin abrir de los a\u00f1os anteriores\",\"datePublished\":\"2020-08-06T11:32:56+00:00\",\"dateModified\":\"2020-08-06T11:33:32+00:00\",\"mainEntityOfPage\":{\"@id\":\"https:\\\/\\\/www.ppdelugo.com\\\/es\\\/o-pp-pregunta-por-que-se-estan-a-resolver-solicitudes-de-licenzas-de-este-ano-cando-ainda-hai-peticions-sen-abrir-dos-anos-anteriores\\\/\"},\"wordCount\":505,\"commentCount\":0,\"image\":{\"@id\":\"https:\\\/\\\/www.ppdelugo.com\\\/es\\\/o-pp-pregunta-por-que-se-estan-a-resolver-solicitudes-de-licenzas-de-este-ano-cando-ainda-hai-peticions-sen-abrir-dos-anos-anteriores\\\/#primaryimage\"},\"thumbnailUrl\":\"https:\\\/\\\/www.ppdelugo.com\\\/wp-content\\\/uploads\\\/2016\\\/02\\\/PXOM-Rural-GMPPLugo-e1456488194655.jpg\",\"articleSection\":[\"Zona Rural\"],\"inLanguage\":\"es\",\"potentialAction\":[{\"@type\":\"CommentAction\",\"name\":\"Comment\",\"target\":[\"https:\\\/\\\/www.ppdelugo.com\\\/es\\\/o-pp-pregunta-por-que-se-estan-a-resolver-solicitudes-de-licenzas-de-este-ano-cando-ainda-hai-peticions-sen-abrir-dos-anos-anteriores\\\/#respond\"]}]},{\"@type\":\"WebPage\",\"@id\":\"https:\\\/\\\/www.ppdelugo.com\\\/es\\\/o-pp-pregunta-por-que-se-estan-a-resolver-solicitudes-de-licenzas-de-este-ano-cando-ainda-hai-peticions-sen-abrir-dos-anos-anteriores\\\/\",\"url\":\"https:\\\/\\\/www.ppdelugo.com\\\/es\\\/o-pp-pregunta-por-que-se-estan-a-resolver-solicitudes-de-licenzas-de-este-ano-cando-ainda-hai-peticions-sen-abrir-dos-anos-anteriores\\\/\",\"name\":\"El PP pregunta por qu\u00e9 se est\u00e1n resolviendo solicitudes de licencias de este a\u00f1o cuando a\u00fan hay peticiones sin abrir de los a\u00f1os anteriores - Grupo Municipal Partido Popular de Lugo\",\"isPartOf\":{\"@id\":\"https:\\\/\\\/www.ppdelugo.com\\\/es\\\/#website\"},\"primaryImageOfPage\":{\"@id\":\"https:\\\/\\\/www.ppdelugo.com\\\/es\\\/o-pp-pregunta-por-que-se-estan-a-resolver-solicitudes-de-licenzas-de-este-ano-cando-ainda-hai-peticions-sen-abrir-dos-anos-anteriores\\\/#primaryimage\"},\"image\":{\"@id\":\"https:\\\/\\\/www.ppdelugo.com\\\/es\\\/o-pp-pregunta-por-que-se-estan-a-resolver-solicitudes-de-licenzas-de-este-ano-cando-ainda-hai-peticions-sen-abrir-dos-anos-anteriores\\\/#primaryimage\"},\"thumbnailUrl\":\"https:\\\/\\\/www.ppdelugo.com\\\/wp-content\\\/uploads\\\/2016\\\/02\\\/PXOM-Rural-GMPPLugo-e1456488194655.jpg\",\"datePublished\":\"2020-08-06T11:32:56+00:00\",\"dateModified\":\"2020-08-06T11:33:32+00:00\",\"author\":{\"@id\":\"https:\\\/\\\/www.ppdelugo.com\\\/es\\\/#\\\/schema\\\/person\\\/4fa17dd371813e2c389a4417775cec48\"},\"breadcrumb\":{\"@id\":\"https:\\\/\\\/www.ppdelugo.com\\\/es\\\/o-pp-pregunta-por-que-se-estan-a-resolver-solicitudes-de-licenzas-de-este-ano-cando-ainda-hai-peticions-sen-abrir-dos-anos-anteriores\\\/#breadcrumb\"},\"inLanguage\":\"es\",\"potentialAction\":[{\"@type\":\"ReadAction\",\"target\":[\"https:\\\/\\\/www.ppdelugo.com\\\/es\\\/o-pp-pregunta-por-que-se-estan-a-resolver-solicitudes-de-licenzas-de-este-ano-cando-ainda-hai-peticions-sen-abrir-dos-anos-anteriores\\\/\"]}]},{\"@type\":\"ImageObject\",\"inLanguage\":\"es\",\"@id\":\"https:\\\/\\\/www.ppdelugo.com\\\/es\\\/o-pp-pregunta-por-que-se-estan-a-resolver-solicitudes-de-licenzas-de-este-ano-cando-ainda-hai-peticions-sen-abrir-dos-anos-anteriores\\\/#primaryimage\",\"url\":\"https:\\\/\\\/www.ppdelugo.com\\\/wp-content\\\/uploads\\\/2016\\\/02\\\/PXOM-Rural-GMPPLugo-e1456488194655.jpg\",\"contentUrl\":\"https:\\\/\\\/www.ppdelugo.com\\\/wp-content\\\/uploads\\\/2016\\\/02\\\/PXOM-Rural-GMPPLugo-e1456488194655.jpg\",\"width\":1648,\"height\":1236},{\"@type\":\"BreadcrumbList\",\"@id\":\"https:\\\/\\\/www.ppdelugo.com\\\/es\\\/o-pp-pregunta-por-que-se-estan-a-resolver-solicitudes-de-licenzas-de-este-ano-cando-ainda-hai-peticions-sen-abrir-dos-anos-anteriores\\\/#breadcrumb\",\"itemListElement\":[{\"@type\":\"ListItem\",\"position\":1,\"name\":\"Portada\",\"item\":\"https:\\\/\\\/www.ppdelugo.com\\\/es\\\/\"},{\"@type\":\"ListItem\",\"position\":2,\"name\":\"El PP pregunta por qu\u00e9 se est\u00e1n resolviendo solicitudes de licencias de este a\u00f1o cuando a\u00fan hay peticiones sin abrir de los a\u00f1os anteriores\"}]},{\"@type\":\"WebSite\",\"@id\":\"https:\\\/\\\/www.ppdelugo.com\\\/es\\\/#website\",\"url\":\"https:\\\/\\\/www.ppdelugo.com\\\/es\\\/\",\"name\":\"Grupo Municipal Partido Popular de Lugo\",\"description\":\"Web del Grupo Municipal del Partido Popular en el Ayuntamiento de Lugo, con informaci\u00f3n sobre Lugo y fomento de la participaci\u00f3n ciudadana\",\"potentialAction\":[{\"@type\":\"SearchAction\",\"target\":{\"@type\":\"EntryPoint\",\"urlTemplate\":\"https:\\\/\\\/www.ppdelugo.com\\\/es\\\/?s={search_term_string}\"},\"query-input\":{\"@type\":\"PropertyValueSpecification\",\"valueRequired\":true,\"valueName\":\"search_term_string\"}}],\"inLanguage\":\"es\"},{\"@type\":\"Person\",\"@id\":\"https:\\\/\\\/www.ppdelugo.com\\\/es\\\/#\\\/schema\\\/person\\\/4fa17dd371813e2c389a4417775cec48\",\"name\":\"ppdelugo\",\"url\":\"https:\\\/\\\/www.ppdelugo.com\\\/es\\\/author\\\/admin-2\\\/\"}]}<\/script>\n<!-- \/ Yoast SEO plugin. -->","yoast_head_json":{"title":"El PP pregunta por qu\u00e9 se est\u00e1n resolviendo solicitudes de licencias de este a\u00f1o cuando a\u00fan hay peticiones sin abrir de los a\u00f1os anteriores - Grupo Municipal Partido Popular de Lugo","robots":{"index":"index","follow":"follow","max-snippet":"max-snippet:-1","max-image-preview":"max-image-preview:large","max-video-preview":"max-video-preview:-1"},"canonical":"https:\/\/www.ppdelugo.com\/es\/o-pp-pregunta-por-que-se-estan-a-resolver-solicitudes-de-licenzas-de-este-ano-cando-ainda-hai-peticions-sen-abrir-dos-anos-anteriores\/","og_locale":"es_ES","og_type":"article","og_title":"El PP pregunta por qu\u00e9 se est\u00e1n resolviendo solicitudes de licencias de este a\u00f1o cuando a\u00fan hay peticiones sin abrir de los a\u00f1os anteriores - Grupo Municipal Partido Popular de Lugo","og_description":"El concejal del Grupo Municipal del PP Manuel L\u00f3pez explica que en Urbanismo se est\u00e1n resolviendo solicitudes de licencia presentadas este a\u00f1o a pesar de que hay peticiones de a\u00f1os...","og_url":"https:\/\/www.ppdelugo.com\/es\/o-pp-pregunta-por-que-se-estan-a-resolver-solicitudes-de-licenzas-de-este-ano-cando-ainda-hai-peticions-sen-abrir-dos-anos-anteriores\/","og_site_name":"Grupo Municipal Partido Popular de Lugo","article_published_time":"2020-08-06T11:32:56+00:00","article_modified_time":"2020-08-06T11:33:32+00:00","og_image":[{"width":1648,"height":1236,"url":"https:\/\/www.ppdelugo.com\/wp-content\/uploads\/2016\/02\/PXOM-Rural-GMPPLugo-e1456488194655.jpg","type":"image\/jpeg"}],"author":"ppdelugo","twitter_card":"summary_large_image","twitter_misc":{"Escrito por":"ppdelugo","Tiempo de lectura":"2 minutos"},"schema":{"@context":"https:\/\/schema.org","@graph":[{"@type":"Article","@id":"https:\/\/www.ppdelugo.com\/es\/o-pp-pregunta-por-que-se-estan-a-resolver-solicitudes-de-licenzas-de-este-ano-cando-ainda-hai-peticions-sen-abrir-dos-anos-anteriores\/#article","isPartOf":{"@id":"https:\/\/www.ppdelugo.com\/es\/o-pp-pregunta-por-que-se-estan-a-resolver-solicitudes-de-licenzas-de-este-ano-cando-ainda-hai-peticions-sen-abrir-dos-anos-anteriores\/"},"author":{"name":"ppdelugo","@id":"https:\/\/www.ppdelugo.com\/es\/#\/schema\/person\/4fa17dd371813e2c389a4417775cec48"},"headline":"El PP pregunta por qu\u00e9 se est\u00e1n resolviendo solicitudes de licencias de este a\u00f1o cuando a\u00fan hay peticiones sin abrir de los a\u00f1os anteriores","datePublished":"2020-08-06T11:32:56+00:00","dateModified":"2020-08-06T11:33:32+00:00","mainEntityOfPage":{"@id":"https:\/\/www.ppdelugo.com\/es\/o-pp-pregunta-por-que-se-estan-a-resolver-solicitudes-de-licenzas-de-este-ano-cando-ainda-hai-peticions-sen-abrir-dos-anos-anteriores\/"},"wordCount":505,"commentCount":0,"image":{"@id":"https:\/\/www.ppdelugo.com\/es\/o-pp-pregunta-por-que-se-estan-a-resolver-solicitudes-de-licenzas-de-este-ano-cando-ainda-hai-peticions-sen-abrir-dos-anos-anteriores\/#primaryimage"},"thumbnailUrl":"https:\/\/www.ppdelugo.com\/wp-content\/uploads\/2016\/02\/PXOM-Rural-GMPPLugo-e1456488194655.jpg","articleSection":["Zona Rural"],"inLanguage":"es","potentialAction":[{"@type":"CommentAction","name":"Comment","target":["https:\/\/www.ppdelugo.com\/es\/o-pp-pregunta-por-que-se-estan-a-resolver-solicitudes-de-licenzas-de-este-ano-cando-ainda-hai-peticions-sen-abrir-dos-anos-anteriores\/#respond"]}]},{"@type":"WebPage","@id":"https:\/\/www.ppdelugo.com\/es\/o-pp-pregunta-por-que-se-estan-a-resolver-solicitudes-de-licenzas-de-este-ano-cando-ainda-hai-peticions-sen-abrir-dos-anos-anteriores\/","url":"https:\/\/www.ppdelugo.com\/es\/o-pp-pregunta-por-que-se-estan-a-resolver-solicitudes-de-licenzas-de-este-ano-cando-ainda-hai-peticions-sen-abrir-dos-anos-anteriores\/","name":"El PP pregunta por qu\u00e9 se est\u00e1n resolviendo solicitudes de licencias de este a\u00f1o cuando a\u00fan hay peticiones sin abrir de los a\u00f1os anteriores - Grupo Municipal Partido Popular de Lugo","isPartOf":{"@id":"https:\/\/www.ppdelugo.com\/es\/#website"},"primaryImageOfPage":{"@id":"https:\/\/www.ppdelugo.com\/es\/o-pp-pregunta-por-que-se-estan-a-resolver-solicitudes-de-licenzas-de-este-ano-cando-ainda-hai-peticions-sen-abrir-dos-anos-anteriores\/#primaryimage"},"image":{"@id":"https:\/\/www.ppdelugo.com\/es\/o-pp-pregunta-por-que-se-estan-a-resolver-solicitudes-de-licenzas-de-este-ano-cando-ainda-hai-peticions-sen-abrir-dos-anos-anteriores\/#primaryimage"},"thumbnailUrl":"https:\/\/www.ppdelugo.com\/wp-content\/uploads\/2016\/02\/PXOM-Rural-GMPPLugo-e1456488194655.jpg","datePublished":"2020-08-06T11:32:56+00:00","dateModified":"2020-08-06T11:33:32+00:00","author":{"@id":"https:\/\/www.ppdelugo.com\/es\/#\/schema\/person\/4fa17dd371813e2c389a4417775cec48"},"breadcrumb":{"@id":"https:\/\/www.ppdelugo.com\/es\/o-pp-pregunta-por-que-se-estan-a-resolver-solicitudes-de-licenzas-de-este-ano-cando-ainda-hai-peticions-sen-abrir-dos-anos-anteriores\/#breadcrumb"},"inLanguage":"es","potentialAction":[{"@type":"ReadAction","target":["https:\/\/www.ppdelugo.com\/es\/o-pp-pregunta-por-que-se-estan-a-resolver-solicitudes-de-licenzas-de-este-ano-cando-ainda-hai-peticions-sen-abrir-dos-anos-anteriores\/"]}]},{"@type":"ImageObject","inLanguage":"es","@id":"https:\/\/www.ppdelugo.com\/es\/o-pp-pregunta-por-que-se-estan-a-resolver-solicitudes-de-licenzas-de-este-ano-cando-ainda-hai-peticions-sen-abrir-dos-anos-anteriores\/#primaryimage","url":"https:\/\/www.ppdelugo.com\/wp-content\/uploads\/2016\/02\/PXOM-Rural-GMPPLugo-e1456488194655.jpg","contentUrl":"https:\/\/www.ppdelugo.com\/wp-content\/uploads\/2016\/02\/PXOM-Rural-GMPPLugo-e1456488194655.jpg","width":1648,"height":1236},{"@type":"BreadcrumbList","@id":"https:\/\/www.ppdelugo.com\/es\/o-pp-pregunta-por-que-se-estan-a-resolver-solicitudes-de-licenzas-de-este-ano-cando-ainda-hai-peticions-sen-abrir-dos-anos-anteriores\/#breadcrumb","itemListElement":[{"@type":"ListItem","position":1,"name":"Portada","item":"https:\/\/www.ppdelugo.com\/es\/"},{"@type":"ListItem","position":2,"name":"El PP pregunta por qu\u00e9 se est\u00e1n resolviendo solicitudes de licencias de este a\u00f1o cuando a\u00fan hay peticiones sin abrir de los a\u00f1os anteriores"}]},{"@type":"WebSite","@id":"https:\/\/www.ppdelugo.com\/es\/#website","url":"https:\/\/www.ppdelugo.com\/es\/","name":"Grupo Municipal Partido Popular de Lugo","description":"Web del Grupo Municipal del Partido Popular en el Ayuntamiento de Lugo, con informaci\u00f3n sobre Lugo y fomento de la participaci\u00f3n ciudadana","potentialAction":[{"@type":"SearchAction","target":{"@type":"EntryPoint","urlTemplate":"https:\/\/www.ppdelugo.com\/es\/?s={search_term_string}"},"query-input":{"@type":"PropertyValueSpecification","valueRequired":true,"valueName":"search_term_string"}}],"inLanguage":"es"},{"@type":"Person","@id":"https:\/\/www.ppdelugo.com\/es\/#\/schema\/person\/4fa17dd371813e2c389a4417775cec48","name":"ppdelugo","url":"https:\/\/www.ppdelugo.com\/es\/author\/admin-2\/"}]}},"_links":{"self":[{"href":"https:\/\/www.ppdelugo.com\/es\/wp-json\/wp\/v2\/posts\/12927","targetHints":{"allow":["GET"]}}],"collection":[{"href":"https:\/\/www.ppdelugo.com\/es\/wp-json\/wp\/v2\/posts"}],"about":[{"href":"https:\/\/www.ppdelugo.com\/es\/wp-json\/wp\/v2\/types\/post"}],"author":[{"embeddable":true,"href":"https:\/\/www.ppdelugo.com\/es\/wp-json\/wp\/v2\/users\/8"}],"replies":[{"embeddable":true,"href":"https:\/\/www.ppdelugo.com\/es\/wp-json\/wp\/v2\/comments?post=12927"}],"version-history":[{"count":0,"href":"https:\/\/www.ppdelugo.com\/es\/wp-json\/wp\/v2\/posts\/12927\/revisions"}],"wp:featuredmedia":[{"embeddable":true,"href":"https:\/\/www.ppdelugo.com\/es\/wp-json\/wp\/v2\/media\/10091"}],"wp:attachment":[{"href":"https:\/\/www.ppdelugo.com\/es\/wp-json\/wp\/v2\/media?parent=12927"}],"wp:term":[{"taxonomy":"category","embeddable":true,"href":"https:\/\/www.ppdelugo.com\/es\/wp-json\/wp\/v2\/categories?post=12927"},{"taxonomy":"post_tag","embeddable":true,"href":"https:\/\/www.ppdelugo.com\/es\/wp-json\/wp\/v2\/tags?post=12927"}],"curies":[{"name":"wp","href":"https:\/\/api.w.org\/{rel}","templated":true}]}}