{"id":12903,"date":"2020-08-05T11:21:04","date_gmt":"2020-08-05T11:21:04","guid":{"rendered":"http:\/\/www.ppdelugo.com\/o-pp-insta-a-couto-a-dar-por-escrito-a-orde-de-incumprir-o-pxom-aos-particulares-e-administracions-aos-que-pide-que-ignoren-a-normativa\/"},"modified":"2020-08-05T11:21:51","modified_gmt":"2020-08-05T11:21:51","slug":"o-pp-insta-a-couto-a-dar-por-escrito-a-orde-de-incumprir-o-pxom-aos-particulares-e-administracions-aos-que-pide-que-ignoren-a-normativa","status":"publish","type":"post","link":"https:\/\/www.ppdelugo.com\/es\/o-pp-insta-a-couto-a-dar-por-escrito-a-orde-de-incumprir-o-pxom-aos-particulares-e-administracions-aos-que-pide-que-ignoren-a-normativa\/","title":{"rendered":"El PP insta a Couto a dar por escrito la orden de incumplir lo PGOM a los particulares y Administraciones a los que pide que ignoren la normativa"},"content":{"rendered":"<p>El concejal del Grupo Municipal del PP Antonio Ameijide explica que el Plan General califica la nave de Correos de la estaci\u00f3n de tren como un edificio \u201cprotegido\u201d e impide la \u201cdemolici\u00f3n y obras de nueva planta\u201d, por lo que pregunta a Couto qu\u00e9 t\u00e9cnico va a informar favorablemente el derrumbamiento de este edificio para la construcci\u00f3n de la intermodal si no se revisa lo PGOM<\/p>\n<p><!--more--><\/p>\n<p>O concelleiro do Grupo Municipal do Partido Popular no Concello de Lugo, Antonio Ameijide, non da cr\u00e9dito \u00e1 petici\u00f3n que realiza nos medios de comunicaci\u00f3n o edil de Urbanismo, Miguel Couto, que pide a particulares e administraci\u00f3ns que ignoren as directrices marcadas no PXOM de Lugo e pasen por alto, por exemplo, a protecci\u00f3n que se marca para a nave de Correos que hai na estaci\u00f3n de tren, polo que insta ao concelleiro de Urbanismo a emitir esa orde por escrito.<\/p>\n<p>Antonio Ameijide explica que segundo o Plan Xeral tr\u00e1tase \u201cdun edificio protexido\u201d que v\u00e9n definido na p\u00e1xina 110 do cat\u00e1logo do PXOM, no plano L-53, impedindo a \u201cdemolici\u00f3n e obras de nova planta\u201d, permitindo unicamente \u201ca rehabilitaci\u00f3n, consolidaci\u00f3n ou conservaci\u00f3n\u201d. Ante esta situaci\u00f3n, o concelleiro popular pregunta a Miguel Couto \u201cse pode garantir\u201d que o Concello de Lugo dar\u00eda licenza se solicitasen a demolici\u00f3n deste edificio, que \u00e9 un edificio protexido. \u201cQue t\u00e9cnico vai a informar favorablemente a demolici\u00f3n deste edificio para a construci\u00f3n da intermodal\u201d, preguntou.<\/p>\n<p>Para o Grupo Municipal Popular estamos ante \u201cun gran desprop\u00f3sito\u201d xa que est\u00e1n a pedir publicamente a unha administraci\u00f3n p\u00fablica que \u201cignore\u201d o que marca o Plan Xeral de Ordenaci\u00f3n Urban\u00edstica e seguir adiante, pese a que non pode asegurar que \u201chaber\u00e1 un t\u00e9cnico que ignore a legalidade e pasar\u00e1 por alto esta protecci\u00f3n\u201d. \u201cA responsabilidade do Concello de Lugo e do edil de Urbanismo e corrixir os erros, en lugar de pedir que incumpran o PXOM, polo que non se pode concebir que o concelleiro de Urbanismo pida que se ignore o PXOM, dando a entender que permiten unha barra libre de infracci\u00f3ns\u201d, afirmou.<\/p>\n<p>O concelleiro popular explica que hai unha situaci\u00f3n semellante ao outro lado das v\u00edas do tren, en Serra de Meira, onde as diferenzas de criterio entre o Concello de Lugo e a Confederaci\u00f3n Hidrogr\u00e1fica impiden \u00e1 Xunta de Galicia realizar unha obra paralizada desde hai anos. \u201cEn Serra de Meira nin Concello nin Confederaci\u00f3n se sentaron a buscar unha soluci\u00f3n e agora Miguel Couto, lonxe de asumir un erro e tentar corrixilo, o \u00fanico que busca e escorrer o bulto e tirar adiante\u201d, sinalou.<\/p>\n<p>Desde o Grupo Municipal do Partido Popular se presentar\u00e1n preguntas para a s\u00faa resposta por escrito para co\u00f1ecer se \u00e9 posible que un particular, unha empresa ou mesmo unha administraci\u00f3n p\u00fablica poida saltarse as normas marcadas \u00e1 hora de solicitar unha licenza de obra ou realizar a execuci\u00f3n dun proxecto xa aprobado.<\/p>\n","protected":false},"excerpt":{"rendered":"<p>El concejal del Grupo Municipal del PP Antonio Ameijide explica que el Plan General califica la nave de Correos de la estaci\u00f3n de tren como un edificio \u201cprotegido\u201d e impide&#8230;<\/p>\n","protected":false},"author":8,"featured_media":12900,"comment_status":"open","ping_status":"closed","sticky":false,"template":"","format":"standard","meta":{"footnotes":""},"categories":[42],"tags":[],"class_list":{"0":"post-12903","1":"post","2":"type-post","3":"status-publish","4":"format-standard","5":"has-post-thumbnail","7":"category-urbanismo-es"},"yoast_head":"<!-- This site is optimized with the Yoast SEO plugin v27.4 - https:\/\/yoast.com\/product\/yoast-seo-wordpress\/ -->\n<title>El PP insta a Couto a dar por escrito la orden de incumplir lo PGOM a los particulares y Administraciones a los que pide que ignoren la normativa - Grupo Municipal Partido Popular de Lugo<\/title>\n<meta name=\"robots\" content=\"index, follow, max-snippet:-1, max-image-preview:large, max-video-preview:-1\" \/>\n<link rel=\"canonical\" href=\"https:\/\/www.ppdelugo.com\/es\/o-pp-insta-a-couto-a-dar-por-escrito-a-orde-de-incumprir-o-pxom-aos-particulares-e-administracions-aos-que-pide-que-ignoren-a-normativa\/\" \/>\n<meta property=\"og:locale\" content=\"es_ES\" \/>\n<meta property=\"og:type\" content=\"article\" \/>\n<meta property=\"og:title\" content=\"El PP insta a Couto a dar por escrito la orden de incumplir lo PGOM a los particulares y Administraciones a los que pide que ignoren la normativa - Grupo Municipal Partido Popular de Lugo\" \/>\n<meta property=\"og:description\" content=\"El concejal del Grupo Municipal del PP Antonio Ameijide explica que el Plan General califica la nave de Correos de la estaci\u00f3n de tren como un edificio \u201cprotegido\u201d e impide...\" \/>\n<meta property=\"og:url\" content=\"https:\/\/www.ppdelugo.com\/es\/o-pp-insta-a-couto-a-dar-por-escrito-a-orde-de-incumprir-o-pxom-aos-particulares-e-administracions-aos-que-pide-que-ignoren-a-normativa\/\" \/>\n<meta property=\"og:site_name\" content=\"Grupo Municipal Partido Popular de Lugo\" \/>\n<meta property=\"article:published_time\" content=\"2020-08-05T11:21:04+00:00\" \/>\n<meta property=\"article:modified_time\" content=\"2020-08-05T11:21:51+00:00\" \/>\n<meta property=\"og:image\" content=\"https:\/\/www.ppdelugo.com\/wp-content\/uploads\/2020\/08\/correos.png\" \/>\n\t<meta property=\"og:image:width\" content=\"853\" \/>\n\t<meta property=\"og:image:height\" content=\"637\" \/>\n\t<meta property=\"og:image:type\" content=\"image\/png\" \/>\n<meta name=\"author\" content=\"ppdelugo\" \/>\n<meta name=\"twitter:card\" content=\"summary_large_image\" \/>\n<meta name=\"twitter:label1\" content=\"Escrito por\" \/>\n\t<meta name=\"twitter:data1\" content=\"ppdelugo\" \/>\n\t<meta name=\"twitter:label2\" content=\"Tiempo de lectura\" \/>\n\t<meta name=\"twitter:data2\" content=\"3 minutos\" \/>\n<script type=\"application\/ld+json\" class=\"yoast-schema-graph\">{\"@context\":\"https:\\\/\\\/schema.org\",\"@graph\":[{\"@type\":\"Article\",\"@id\":\"https:\\\/\\\/www.ppdelugo.com\\\/es\\\/o-pp-insta-a-couto-a-dar-por-escrito-a-orde-de-incumprir-o-pxom-aos-particulares-e-administracions-aos-que-pide-que-ignoren-a-normativa\\\/#article\",\"isPartOf\":{\"@id\":\"https:\\\/\\\/www.ppdelugo.com\\\/es\\\/o-pp-insta-a-couto-a-dar-por-escrito-a-orde-de-incumprir-o-pxom-aos-particulares-e-administracions-aos-que-pide-que-ignoren-a-normativa\\\/\"},\"author\":{\"name\":\"ppdelugo\",\"@id\":\"https:\\\/\\\/www.ppdelugo.com\\\/es\\\/#\\\/schema\\\/person\\\/4fa17dd371813e2c389a4417775cec48\"},\"headline\":\"El PP insta a Couto a dar por escrito la orden de incumplir lo PGOM a los particulares y Administraciones a los que pide que ignoren la normativa\",\"datePublished\":\"2020-08-05T11:21:04+00:00\",\"dateModified\":\"2020-08-05T11:21:51+00:00\",\"mainEntityOfPage\":{\"@id\":\"https:\\\/\\\/www.ppdelugo.com\\\/es\\\/o-pp-insta-a-couto-a-dar-por-escrito-a-orde-de-incumprir-o-pxom-aos-particulares-e-administracions-aos-que-pide-que-ignoren-a-normativa\\\/\"},\"wordCount\":542,\"commentCount\":0,\"image\":{\"@id\":\"https:\\\/\\\/www.ppdelugo.com\\\/es\\\/o-pp-insta-a-couto-a-dar-por-escrito-a-orde-de-incumprir-o-pxom-aos-particulares-e-administracions-aos-que-pide-que-ignoren-a-normativa\\\/#primaryimage\"},\"thumbnailUrl\":\"https:\\\/\\\/www.ppdelugo.com\\\/wp-content\\\/uploads\\\/2020\\\/08\\\/correos.png\",\"articleSection\":[\"Urbanismo\"],\"inLanguage\":\"es\",\"potentialAction\":[{\"@type\":\"CommentAction\",\"name\":\"Comment\",\"target\":[\"https:\\\/\\\/www.ppdelugo.com\\\/es\\\/o-pp-insta-a-couto-a-dar-por-escrito-a-orde-de-incumprir-o-pxom-aos-particulares-e-administracions-aos-que-pide-que-ignoren-a-normativa\\\/#respond\"]}]},{\"@type\":\"WebPage\",\"@id\":\"https:\\\/\\\/www.ppdelugo.com\\\/es\\\/o-pp-insta-a-couto-a-dar-por-escrito-a-orde-de-incumprir-o-pxom-aos-particulares-e-administracions-aos-que-pide-que-ignoren-a-normativa\\\/\",\"url\":\"https:\\\/\\\/www.ppdelugo.com\\\/es\\\/o-pp-insta-a-couto-a-dar-por-escrito-a-orde-de-incumprir-o-pxom-aos-particulares-e-administracions-aos-que-pide-que-ignoren-a-normativa\\\/\",\"name\":\"El PP insta a Couto a dar por escrito la orden de incumplir lo PGOM a los particulares y Administraciones a los que pide que ignoren la normativa - Grupo Municipal Partido Popular de Lugo\",\"isPartOf\":{\"@id\":\"https:\\\/\\\/www.ppdelugo.com\\\/es\\\/#website\"},\"primaryImageOfPage\":{\"@id\":\"https:\\\/\\\/www.ppdelugo.com\\\/es\\\/o-pp-insta-a-couto-a-dar-por-escrito-a-orde-de-incumprir-o-pxom-aos-particulares-e-administracions-aos-que-pide-que-ignoren-a-normativa\\\/#primaryimage\"},\"image\":{\"@id\":\"https:\\\/\\\/www.ppdelugo.com\\\/es\\\/o-pp-insta-a-couto-a-dar-por-escrito-a-orde-de-incumprir-o-pxom-aos-particulares-e-administracions-aos-que-pide-que-ignoren-a-normativa\\\/#primaryimage\"},\"thumbnailUrl\":\"https:\\\/\\\/www.ppdelugo.com\\\/wp-content\\\/uploads\\\/2020\\\/08\\\/correos.png\",\"datePublished\":\"2020-08-05T11:21:04+00:00\",\"dateModified\":\"2020-08-05T11:21:51+00:00\",\"author\":{\"@id\":\"https:\\\/\\\/www.ppdelugo.com\\\/es\\\/#\\\/schema\\\/person\\\/4fa17dd371813e2c389a4417775cec48\"},\"breadcrumb\":{\"@id\":\"https:\\\/\\\/www.ppdelugo.com\\\/es\\\/o-pp-insta-a-couto-a-dar-por-escrito-a-orde-de-incumprir-o-pxom-aos-particulares-e-administracions-aos-que-pide-que-ignoren-a-normativa\\\/#breadcrumb\"},\"inLanguage\":\"es\",\"potentialAction\":[{\"@type\":\"ReadAction\",\"target\":[\"https:\\\/\\\/www.ppdelugo.com\\\/es\\\/o-pp-insta-a-couto-a-dar-por-escrito-a-orde-de-incumprir-o-pxom-aos-particulares-e-administracions-aos-que-pide-que-ignoren-a-normativa\\\/\"]}]},{\"@type\":\"ImageObject\",\"inLanguage\":\"es\",\"@id\":\"https:\\\/\\\/www.ppdelugo.com\\\/es\\\/o-pp-insta-a-couto-a-dar-por-escrito-a-orde-de-incumprir-o-pxom-aos-particulares-e-administracions-aos-que-pide-que-ignoren-a-normativa\\\/#primaryimage\",\"url\":\"https:\\\/\\\/www.ppdelugo.com\\\/wp-content\\\/uploads\\\/2020\\\/08\\\/correos.png\",\"contentUrl\":\"https:\\\/\\\/www.ppdelugo.com\\\/wp-content\\\/uploads\\\/2020\\\/08\\\/correos.png\",\"width\":853,\"height\":637},{\"@type\":\"BreadcrumbList\",\"@id\":\"https:\\\/\\\/www.ppdelugo.com\\\/es\\\/o-pp-insta-a-couto-a-dar-por-escrito-a-orde-de-incumprir-o-pxom-aos-particulares-e-administracions-aos-que-pide-que-ignoren-a-normativa\\\/#breadcrumb\",\"itemListElement\":[{\"@type\":\"ListItem\",\"position\":1,\"name\":\"Portada\",\"item\":\"https:\\\/\\\/www.ppdelugo.com\\\/es\\\/\"},{\"@type\":\"ListItem\",\"position\":2,\"name\":\"El PP insta a Couto a dar por escrito la orden de incumplir lo PGOM a los particulares y Administraciones a los que pide que ignoren la normativa\"}]},{\"@type\":\"WebSite\",\"@id\":\"https:\\\/\\\/www.ppdelugo.com\\\/es\\\/#website\",\"url\":\"https:\\\/\\\/www.ppdelugo.com\\\/es\\\/\",\"name\":\"Grupo Municipal Partido Popular de Lugo\",\"description\":\"Web del Grupo Municipal del Partido Popular en el Ayuntamiento de Lugo, con informaci\u00f3n sobre Lugo y fomento de la participaci\u00f3n ciudadana\",\"potentialAction\":[{\"@type\":\"SearchAction\",\"target\":{\"@type\":\"EntryPoint\",\"urlTemplate\":\"https:\\\/\\\/www.ppdelugo.com\\\/es\\\/?s={search_term_string}\"},\"query-input\":{\"@type\":\"PropertyValueSpecification\",\"valueRequired\":true,\"valueName\":\"search_term_string\"}}],\"inLanguage\":\"es\"},{\"@type\":\"Person\",\"@id\":\"https:\\\/\\\/www.ppdelugo.com\\\/es\\\/#\\\/schema\\\/person\\\/4fa17dd371813e2c389a4417775cec48\",\"name\":\"ppdelugo\",\"url\":\"https:\\\/\\\/www.ppdelugo.com\\\/es\\\/author\\\/admin-2\\\/\"}]}<\/script>\n<!-- \/ Yoast SEO plugin. -->","yoast_head_json":{"title":"El PP insta a Couto a dar por escrito la orden de incumplir lo PGOM a los particulares y Administraciones a los que pide que ignoren la normativa - Grupo Municipal Partido Popular de Lugo","robots":{"index":"index","follow":"follow","max-snippet":"max-snippet:-1","max-image-preview":"max-image-preview:large","max-video-preview":"max-video-preview:-1"},"canonical":"https:\/\/www.ppdelugo.com\/es\/o-pp-insta-a-couto-a-dar-por-escrito-a-orde-de-incumprir-o-pxom-aos-particulares-e-administracions-aos-que-pide-que-ignoren-a-normativa\/","og_locale":"es_ES","og_type":"article","og_title":"El PP insta a Couto a dar por escrito la orden de incumplir lo PGOM a los particulares y Administraciones a los que pide que ignoren la normativa - Grupo Municipal Partido Popular de Lugo","og_description":"El concejal del Grupo Municipal del PP Antonio Ameijide explica que el Plan General califica la nave de Correos de la estaci\u00f3n de tren como un edificio \u201cprotegido\u201d e impide...","og_url":"https:\/\/www.ppdelugo.com\/es\/o-pp-insta-a-couto-a-dar-por-escrito-a-orde-de-incumprir-o-pxom-aos-particulares-e-administracions-aos-que-pide-que-ignoren-a-normativa\/","og_site_name":"Grupo Municipal Partido Popular de Lugo","article_published_time":"2020-08-05T11:21:04+00:00","article_modified_time":"2020-08-05T11:21:51+00:00","og_image":[{"width":853,"height":637,"url":"https:\/\/www.ppdelugo.com\/wp-content\/uploads\/2020\/08\/correos.png","type":"image\/png"}],"author":"ppdelugo","twitter_card":"summary_large_image","twitter_misc":{"Escrito por":"ppdelugo","Tiempo de lectura":"3 minutos"},"schema":{"@context":"https:\/\/schema.org","@graph":[{"@type":"Article","@id":"https:\/\/www.ppdelugo.com\/es\/o-pp-insta-a-couto-a-dar-por-escrito-a-orde-de-incumprir-o-pxom-aos-particulares-e-administracions-aos-que-pide-que-ignoren-a-normativa\/#article","isPartOf":{"@id":"https:\/\/www.ppdelugo.com\/es\/o-pp-insta-a-couto-a-dar-por-escrito-a-orde-de-incumprir-o-pxom-aos-particulares-e-administracions-aos-que-pide-que-ignoren-a-normativa\/"},"author":{"name":"ppdelugo","@id":"https:\/\/www.ppdelugo.com\/es\/#\/schema\/person\/4fa17dd371813e2c389a4417775cec48"},"headline":"El PP insta a Couto a dar por escrito la orden de incumplir lo PGOM a los particulares y Administraciones a los que pide que ignoren la normativa","datePublished":"2020-08-05T11:21:04+00:00","dateModified":"2020-08-05T11:21:51+00:00","mainEntityOfPage":{"@id":"https:\/\/www.ppdelugo.com\/es\/o-pp-insta-a-couto-a-dar-por-escrito-a-orde-de-incumprir-o-pxom-aos-particulares-e-administracions-aos-que-pide-que-ignoren-a-normativa\/"},"wordCount":542,"commentCount":0,"image":{"@id":"https:\/\/www.ppdelugo.com\/es\/o-pp-insta-a-couto-a-dar-por-escrito-a-orde-de-incumprir-o-pxom-aos-particulares-e-administracions-aos-que-pide-que-ignoren-a-normativa\/#primaryimage"},"thumbnailUrl":"https:\/\/www.ppdelugo.com\/wp-content\/uploads\/2020\/08\/correos.png","articleSection":["Urbanismo"],"inLanguage":"es","potentialAction":[{"@type":"CommentAction","name":"Comment","target":["https:\/\/www.ppdelugo.com\/es\/o-pp-insta-a-couto-a-dar-por-escrito-a-orde-de-incumprir-o-pxom-aos-particulares-e-administracions-aos-que-pide-que-ignoren-a-normativa\/#respond"]}]},{"@type":"WebPage","@id":"https:\/\/www.ppdelugo.com\/es\/o-pp-insta-a-couto-a-dar-por-escrito-a-orde-de-incumprir-o-pxom-aos-particulares-e-administracions-aos-que-pide-que-ignoren-a-normativa\/","url":"https:\/\/www.ppdelugo.com\/es\/o-pp-insta-a-couto-a-dar-por-escrito-a-orde-de-incumprir-o-pxom-aos-particulares-e-administracions-aos-que-pide-que-ignoren-a-normativa\/","name":"El PP insta a Couto a dar por escrito la orden de incumplir lo PGOM a los particulares y Administraciones a los que pide que ignoren la normativa - Grupo Municipal Partido Popular de Lugo","isPartOf":{"@id":"https:\/\/www.ppdelugo.com\/es\/#website"},"primaryImageOfPage":{"@id":"https:\/\/www.ppdelugo.com\/es\/o-pp-insta-a-couto-a-dar-por-escrito-a-orde-de-incumprir-o-pxom-aos-particulares-e-administracions-aos-que-pide-que-ignoren-a-normativa\/#primaryimage"},"image":{"@id":"https:\/\/www.ppdelugo.com\/es\/o-pp-insta-a-couto-a-dar-por-escrito-a-orde-de-incumprir-o-pxom-aos-particulares-e-administracions-aos-que-pide-que-ignoren-a-normativa\/#primaryimage"},"thumbnailUrl":"https:\/\/www.ppdelugo.com\/wp-content\/uploads\/2020\/08\/correos.png","datePublished":"2020-08-05T11:21:04+00:00","dateModified":"2020-08-05T11:21:51+00:00","author":{"@id":"https:\/\/www.ppdelugo.com\/es\/#\/schema\/person\/4fa17dd371813e2c389a4417775cec48"},"breadcrumb":{"@id":"https:\/\/www.ppdelugo.com\/es\/o-pp-insta-a-couto-a-dar-por-escrito-a-orde-de-incumprir-o-pxom-aos-particulares-e-administracions-aos-que-pide-que-ignoren-a-normativa\/#breadcrumb"},"inLanguage":"es","potentialAction":[{"@type":"ReadAction","target":["https:\/\/www.ppdelugo.com\/es\/o-pp-insta-a-couto-a-dar-por-escrito-a-orde-de-incumprir-o-pxom-aos-particulares-e-administracions-aos-que-pide-que-ignoren-a-normativa\/"]}]},{"@type":"ImageObject","inLanguage":"es","@id":"https:\/\/www.ppdelugo.com\/es\/o-pp-insta-a-couto-a-dar-por-escrito-a-orde-de-incumprir-o-pxom-aos-particulares-e-administracions-aos-que-pide-que-ignoren-a-normativa\/#primaryimage","url":"https:\/\/www.ppdelugo.com\/wp-content\/uploads\/2020\/08\/correos.png","contentUrl":"https:\/\/www.ppdelugo.com\/wp-content\/uploads\/2020\/08\/correos.png","width":853,"height":637},{"@type":"BreadcrumbList","@id":"https:\/\/www.ppdelugo.com\/es\/o-pp-insta-a-couto-a-dar-por-escrito-a-orde-de-incumprir-o-pxom-aos-particulares-e-administracions-aos-que-pide-que-ignoren-a-normativa\/#breadcrumb","itemListElement":[{"@type":"ListItem","position":1,"name":"Portada","item":"https:\/\/www.ppdelugo.com\/es\/"},{"@type":"ListItem","position":2,"name":"El PP insta a Couto a dar por escrito la orden de incumplir lo PGOM a los particulares y Administraciones a los que pide que ignoren la normativa"}]},{"@type":"WebSite","@id":"https:\/\/www.ppdelugo.com\/es\/#website","url":"https:\/\/www.ppdelugo.com\/es\/","name":"Grupo Municipal Partido Popular de Lugo","description":"Web del Grupo Municipal del Partido Popular en el Ayuntamiento de Lugo, con informaci\u00f3n sobre Lugo y fomento de la participaci\u00f3n ciudadana","potentialAction":[{"@type":"SearchAction","target":{"@type":"EntryPoint","urlTemplate":"https:\/\/www.ppdelugo.com\/es\/?s={search_term_string}"},"query-input":{"@type":"PropertyValueSpecification","valueRequired":true,"valueName":"search_term_string"}}],"inLanguage":"es"},{"@type":"Person","@id":"https:\/\/www.ppdelugo.com\/es\/#\/schema\/person\/4fa17dd371813e2c389a4417775cec48","name":"ppdelugo","url":"https:\/\/www.ppdelugo.com\/es\/author\/admin-2\/"}]}},"_links":{"self":[{"href":"https:\/\/www.ppdelugo.com\/es\/wp-json\/wp\/v2\/posts\/12903","targetHints":{"allow":["GET"]}}],"collection":[{"href":"https:\/\/www.ppdelugo.com\/es\/wp-json\/wp\/v2\/posts"}],"about":[{"href":"https:\/\/www.ppdelugo.com\/es\/wp-json\/wp\/v2\/types\/post"}],"author":[{"embeddable":true,"href":"https:\/\/www.ppdelugo.com\/es\/wp-json\/wp\/v2\/users\/8"}],"replies":[{"embeddable":true,"href":"https:\/\/www.ppdelugo.com\/es\/wp-json\/wp\/v2\/comments?post=12903"}],"version-history":[{"count":0,"href":"https:\/\/www.ppdelugo.com\/es\/wp-json\/wp\/v2\/posts\/12903\/revisions"}],"wp:featuredmedia":[{"embeddable":true,"href":"https:\/\/www.ppdelugo.com\/es\/wp-json\/wp\/v2\/media\/12900"}],"wp:attachment":[{"href":"https:\/\/www.ppdelugo.com\/es\/wp-json\/wp\/v2\/media?parent=12903"}],"wp:term":[{"taxonomy":"category","embeddable":true,"href":"https:\/\/www.ppdelugo.com\/es\/wp-json\/wp\/v2\/categories?post=12903"},{"taxonomy":"post_tag","embeddable":true,"href":"https:\/\/www.ppdelugo.com\/es\/wp-json\/wp\/v2\/tags?post=12903"}],"curies":[{"name":"wp","href":"https:\/\/api.w.org\/{rel}","templated":true}]}}