{"id":12850,"date":"2020-08-01T06:54:44","date_gmt":"2020-08-01T06:54:44","guid":{"rendered":"http:\/\/www.ppdelugo.com\/o-pp-afirma-que-segundo-os-pregos-do-novo-contrato-do-lixo-quedan-sen-servizo-a-17-parroquias-do-rural-e-non-se-contempla-a-recollida-de-plasticos-agricolas\/"},"modified":"2020-08-01T06:55:17","modified_gmt":"2020-08-01T06:55:17","slug":"o-pp-afirma-que-segundo-os-pregos-do-novo-contrato-do-lixo-quedan-sen-servizo-a-17-parroquias-do-rural-e-non-se-contempla-a-recollida-de-plasticos-agricolas","status":"publish","type":"post","link":"https:\/\/www.ppdelugo.com\/es\/o-pp-afirma-que-segundo-os-pregos-do-novo-contrato-do-lixo-quedan-sen-servizo-a-17-parroquias-do-rural-e-non-se-contempla-a-recollida-de-plasticos-agricolas\/","title":{"rendered":"El PP afirma que seg\u00fan los pliegos del nuevo contrato de la basura quedan sin servicio a 17 parroquias del rural y no se contempla la recogida de pl\u00e1sticos agr\u00edcolas"},"content":{"rendered":"<p>El concejal del Grupo Municipal del PP Manuel L\u00f3pez explica que los socialistas siguen dando de lado a los vecinos del rural, ya que nos pliegos de licitaci\u00f3n del nuevo contrato de la recogida de la basura se excluye al 31% de las parroquias al no recogerlas en la documentaci\u00f3n<\/p>\n<p><!--more--><\/p>\n<p>O concelleiro do Grupo Municipal do Partido Popular no Concello de Lugo, Manuel L\u00f3pez, sinala que a an\u00e1lise que os concelleiros populares est\u00e1n a realizar dos pregos de licitaci\u00f3n do contrato da recollida do lixo deixou ao descuberto que o novo contrato non contempla este servizo en 17 parroquias do rural.<\/p>\n<p>Manuel L\u00f3pez sinala que nos pregos de licitaci\u00f3n do novo contrato aparecen recollidas unha serie de parroquias da zona rural nas que se desenvolver\u00e1 este servizo, mentres que hai unha serie de parroquias que non aparecen por ningunha parte dos pregos. Deste xeito, quedar\u00edan sen servizo Pi\u00f1eiro, Piugos, Poutomillos, Pr\u00f3galo, Recimil, Ribas de Mi\u00f1o, Rome\u00e1n, Rubi\u00e1s, Santiago de Saa, San Rom\u00e1n, Santa Comba, So\u00f1ar, Teixeiro, Tirimol, Torible, Veral e Vilach\u00e1 de Mera.<\/p>\n<p>Neste senso, as parroquias da zona rural tam\u00e9n se ven esquecidas neste prego de licitaci\u00f3n xa que non se contempla a posta en marcha dun punto limpo m\u00f3bil para recoller os residuos que se xeran nestas parroquias e que, en moitos casos, os veci\u00f1os do rural non poden levar ata o propio punto limpo. Unha medida completamente \u201cinxusta\u201d que se acompa\u00f1a da ausencia de recollida de pl\u00e1sticos agr\u00edcolas, xa que non se recolle nada referente a estes residuos en todo o prego de condici\u00f3ns do novo contrato da recollida do lixo.<\/p>\n<p>O concelleiro popular tam\u00e9n sinala as incongruencias que aparecen nos pregos sobre os veh\u00edculos que empregar\u00e1 a nova empresa adxudicataria do servizo. Nos pregos ind\u00edcase que ter\u00e1n que ir equipados con sistemas GPS para localizalos, pero non se incl\u00fae ningunha referencia a que te\u00f1an que estar dotados de c\u00e1maras. \u201cSemella razoable que estes cami\u00f3ns, sexan do tama\u00f1o que sexan, conten con c\u00e1maras ao igual que calquera veh\u00edculo que hai hoxe no mercado\u201d, sinalou.<\/p>\n<p>Neste senso, L\u00f3pez tam\u00e9n fai referencia \u00e1 entrega dos veh\u00edculos que se empregan na actualidade \u00e1 nova empresa adxudicataria do servizo, xa que non hai ningunha valoraci\u00f3n econ\u00f3mica dos mesmos nos pregos. O concelleiro popular fai referencia a este punto xa que \u201cpese aos anos cos que contan estes veh\u00edculos e as eivas que poidan ter\u201d seguen a contar cun valor econ\u00f3mico que non se reflicte por ningures e que sup\u00f3n un agravio para as arcas municipais \u201cxa que se entregan sen contraprestaci\u00f3n algunha a cambio\u201d.<\/p>\n<p>Ante esta situaci\u00f3n, desde o Grupo Municipal Popular aproveitan para sinalar que se pedir\u00e1 acceso e copia aos 11 documentos que xa se anunciara o pasado luns que non figuraban entre a documentaci\u00f3n aprobaba en xunta de goberno local e que se puxo a disposici\u00f3n dos grupos municipais. Documentos de gran importancia, como pode ser a planimetr\u00eda da cidade para detallar a recollida do lixo, a relaci\u00f3n de persoal e o seu custe, ou a relaci\u00f3n de medios materiais que o Concello por\u00e1 a disposici\u00f3n da nova empresa adxudicataria e a valoraci\u00f3n econ\u00f3mica dos mesmos.<\/p>\n<p>Por \u00faltimo, Manuel L\u00f3pez fai referencia a outro dos aspectos curiosos destes pregos, como \u00e9 a obrigatoriedade para a nova empresa adxudicataria de constru\u00edr unha gasinera e unha nave propia nunha parcela municipal no prazo m\u00e1ximo dun ano, contado a partir da entrada en vigor da actividade. \u201cDado o atasco que hai no Concello de Lugo no que se refire as licenzas urban\u00edsticas, semella un prazo imposible de cumprir, xa que se as cousas seguen como na actualidade pasar\u00e1n varios meses antes de que se informe a licenza para a construci\u00f3n destas d\u00faas infraestruturas\u201d, apunta.<\/p>\n","protected":false},"excerpt":{"rendered":"<p>El concejal del Grupo Municipal del PP Manuel L\u00f3pez explica que los socialistas siguen dando de lado a los vecinos del rural, ya que nos pliegos de licitaci\u00f3n del nuevo&#8230;<\/p>\n","protected":false},"author":8,"featured_media":11580,"comment_status":"open","ping_status":"closed","sticky":false,"template":"","format":"standard","meta":{"footnotes":""},"categories":[98,33,44],"tags":[],"class_list":{"0":"post-12850","1":"post","2":"type-post","3":"status-publish","4":"format-standard","5":"has-post-thumbnail","7":"category-limpeza-es","8":"category-medioambiente","9":"category-zona-rural-es"},"yoast_head":"<!-- This site is optimized with the Yoast SEO plugin v27.4 - https:\/\/yoast.com\/product\/yoast-seo-wordpress\/ -->\n<title>El PP afirma que seg\u00fan los pliegos del nuevo contrato de la basura quedan sin servicio a 17 parroquias del rural y no se contempla la recogida de pl\u00e1sticos agr\u00edcolas - Grupo Municipal Partido Popular de Lugo<\/title>\n<meta name=\"robots\" content=\"index, follow, max-snippet:-1, max-image-preview:large, max-video-preview:-1\" \/>\n<link rel=\"canonical\" href=\"https:\/\/www.ppdelugo.com\/es\/o-pp-afirma-que-segundo-os-pregos-do-novo-contrato-do-lixo-quedan-sen-servizo-a-17-parroquias-do-rural-e-non-se-contempla-a-recollida-de-plasticos-agricolas\/\" \/>\n<meta property=\"og:locale\" content=\"es_ES\" \/>\n<meta property=\"og:type\" content=\"article\" \/>\n<meta property=\"og:title\" content=\"El PP afirma que seg\u00fan los pliegos del nuevo contrato de la basura quedan sin servicio a 17 parroquias del rural y no se contempla la recogida de pl\u00e1sticos agr\u00edcolas - Grupo Municipal Partido Popular de Lugo\" \/>\n<meta property=\"og:description\" content=\"El concejal del Grupo Municipal del PP Manuel L\u00f3pez explica que los socialistas siguen dando de lado a los vecinos del rural, ya que nos pliegos de licitaci\u00f3n del nuevo...\" \/>\n<meta property=\"og:url\" content=\"https:\/\/www.ppdelugo.com\/es\/o-pp-afirma-que-segundo-os-pregos-do-novo-contrato-do-lixo-quedan-sen-servizo-a-17-parroquias-do-rural-e-non-se-contempla-a-recollida-de-plasticos-agricolas\/\" \/>\n<meta property=\"og:site_name\" content=\"Grupo Municipal Partido Popular de Lugo\" \/>\n<meta property=\"article:published_time\" content=\"2020-08-01T06:54:44+00:00\" \/>\n<meta property=\"article:modified_time\" content=\"2020-08-01T06:55:17+00:00\" \/>\n<meta property=\"og:image\" content=\"https:\/\/www.ppdelugo.com\/wp-content\/uploads\/2020\/01\/PHOTO-2019-12-17-09-18-23-2.jpg\" \/>\n\t<meta property=\"og:image:width\" content=\"2048\" \/>\n\t<meta property=\"og:image:height\" content=\"1536\" \/>\n\t<meta property=\"og:image:type\" content=\"image\/jpeg\" \/>\n<meta name=\"author\" content=\"ppdelugo\" \/>\n<meta name=\"twitter:card\" content=\"summary_large_image\" \/>\n<meta name=\"twitter:label1\" content=\"Escrito por\" \/>\n\t<meta name=\"twitter:data1\" content=\"ppdelugo\" \/>\n\t<meta name=\"twitter:label2\" content=\"Tiempo de lectura\" \/>\n\t<meta name=\"twitter:data2\" content=\"3 minutos\" \/>\n<script type=\"application\/ld+json\" class=\"yoast-schema-graph\">{\"@context\":\"https:\\\/\\\/schema.org\",\"@graph\":[{\"@type\":\"Article\",\"@id\":\"https:\\\/\\\/www.ppdelugo.com\\\/es\\\/o-pp-afirma-que-segundo-os-pregos-do-novo-contrato-do-lixo-quedan-sen-servizo-a-17-parroquias-do-rural-e-non-se-contempla-a-recollida-de-plasticos-agricolas\\\/#article\",\"isPartOf\":{\"@id\":\"https:\\\/\\\/www.ppdelugo.com\\\/es\\\/o-pp-afirma-que-segundo-os-pregos-do-novo-contrato-do-lixo-quedan-sen-servizo-a-17-parroquias-do-rural-e-non-se-contempla-a-recollida-de-plasticos-agricolas\\\/\"},\"author\":{\"name\":\"ppdelugo\",\"@id\":\"https:\\\/\\\/www.ppdelugo.com\\\/es\\\/#\\\/schema\\\/person\\\/4fa17dd371813e2c389a4417775cec48\"},\"headline\":\"El PP afirma que seg\u00fan los pliegos del nuevo contrato de la basura quedan sin servicio a 17 parroquias del rural y no se contempla la recogida de pl\u00e1sticos agr\u00edcolas\",\"datePublished\":\"2020-08-01T06:54:44+00:00\",\"dateModified\":\"2020-08-01T06:55:17+00:00\",\"mainEntityOfPage\":{\"@id\":\"https:\\\/\\\/www.ppdelugo.com\\\/es\\\/o-pp-afirma-que-segundo-os-pregos-do-novo-contrato-do-lixo-quedan-sen-servizo-a-17-parroquias-do-rural-e-non-se-contempla-a-recollida-de-plasticos-agricolas\\\/\"},\"wordCount\":700,\"commentCount\":0,\"image\":{\"@id\":\"https:\\\/\\\/www.ppdelugo.com\\\/es\\\/o-pp-afirma-que-segundo-os-pregos-do-novo-contrato-do-lixo-quedan-sen-servizo-a-17-parroquias-do-rural-e-non-se-contempla-a-recollida-de-plasticos-agricolas\\\/#primaryimage\"},\"thumbnailUrl\":\"https:\\\/\\\/www.ppdelugo.com\\\/wp-content\\\/uploads\\\/2020\\\/01\\\/PHOTO-2019-12-17-09-18-23-2.jpg\",\"articleSection\":[\"Limpeza\",\"Medio Ambiente\",\"Zona Rural\"],\"inLanguage\":\"es\",\"potentialAction\":[{\"@type\":\"CommentAction\",\"name\":\"Comment\",\"target\":[\"https:\\\/\\\/www.ppdelugo.com\\\/es\\\/o-pp-afirma-que-segundo-os-pregos-do-novo-contrato-do-lixo-quedan-sen-servizo-a-17-parroquias-do-rural-e-non-se-contempla-a-recollida-de-plasticos-agricolas\\\/#respond\"]}]},{\"@type\":\"WebPage\",\"@id\":\"https:\\\/\\\/www.ppdelugo.com\\\/es\\\/o-pp-afirma-que-segundo-os-pregos-do-novo-contrato-do-lixo-quedan-sen-servizo-a-17-parroquias-do-rural-e-non-se-contempla-a-recollida-de-plasticos-agricolas\\\/\",\"url\":\"https:\\\/\\\/www.ppdelugo.com\\\/es\\\/o-pp-afirma-que-segundo-os-pregos-do-novo-contrato-do-lixo-quedan-sen-servizo-a-17-parroquias-do-rural-e-non-se-contempla-a-recollida-de-plasticos-agricolas\\\/\",\"name\":\"El PP afirma que seg\u00fan los pliegos del nuevo contrato de la basura quedan sin servicio a 17 parroquias del rural y no se contempla la recogida de pl\u00e1sticos agr\u00edcolas - Grupo Municipal Partido Popular de Lugo\",\"isPartOf\":{\"@id\":\"https:\\\/\\\/www.ppdelugo.com\\\/es\\\/#website\"},\"primaryImageOfPage\":{\"@id\":\"https:\\\/\\\/www.ppdelugo.com\\\/es\\\/o-pp-afirma-que-segundo-os-pregos-do-novo-contrato-do-lixo-quedan-sen-servizo-a-17-parroquias-do-rural-e-non-se-contempla-a-recollida-de-plasticos-agricolas\\\/#primaryimage\"},\"image\":{\"@id\":\"https:\\\/\\\/www.ppdelugo.com\\\/es\\\/o-pp-afirma-que-segundo-os-pregos-do-novo-contrato-do-lixo-quedan-sen-servizo-a-17-parroquias-do-rural-e-non-se-contempla-a-recollida-de-plasticos-agricolas\\\/#primaryimage\"},\"thumbnailUrl\":\"https:\\\/\\\/www.ppdelugo.com\\\/wp-content\\\/uploads\\\/2020\\\/01\\\/PHOTO-2019-12-17-09-18-23-2.jpg\",\"datePublished\":\"2020-08-01T06:54:44+00:00\",\"dateModified\":\"2020-08-01T06:55:17+00:00\",\"author\":{\"@id\":\"https:\\\/\\\/www.ppdelugo.com\\\/es\\\/#\\\/schema\\\/person\\\/4fa17dd371813e2c389a4417775cec48\"},\"breadcrumb\":{\"@id\":\"https:\\\/\\\/www.ppdelugo.com\\\/es\\\/o-pp-afirma-que-segundo-os-pregos-do-novo-contrato-do-lixo-quedan-sen-servizo-a-17-parroquias-do-rural-e-non-se-contempla-a-recollida-de-plasticos-agricolas\\\/#breadcrumb\"},\"inLanguage\":\"es\",\"potentialAction\":[{\"@type\":\"ReadAction\",\"target\":[\"https:\\\/\\\/www.ppdelugo.com\\\/es\\\/o-pp-afirma-que-segundo-os-pregos-do-novo-contrato-do-lixo-quedan-sen-servizo-a-17-parroquias-do-rural-e-non-se-contempla-a-recollida-de-plasticos-agricolas\\\/\"]}]},{\"@type\":\"ImageObject\",\"inLanguage\":\"es\",\"@id\":\"https:\\\/\\\/www.ppdelugo.com\\\/es\\\/o-pp-afirma-que-segundo-os-pregos-do-novo-contrato-do-lixo-quedan-sen-servizo-a-17-parroquias-do-rural-e-non-se-contempla-a-recollida-de-plasticos-agricolas\\\/#primaryimage\",\"url\":\"https:\\\/\\\/www.ppdelugo.com\\\/wp-content\\\/uploads\\\/2020\\\/01\\\/PHOTO-2019-12-17-09-18-23-2.jpg\",\"contentUrl\":\"https:\\\/\\\/www.ppdelugo.com\\\/wp-content\\\/uploads\\\/2020\\\/01\\\/PHOTO-2019-12-17-09-18-23-2.jpg\",\"width\":2048,\"height\":1536},{\"@type\":\"BreadcrumbList\",\"@id\":\"https:\\\/\\\/www.ppdelugo.com\\\/es\\\/o-pp-afirma-que-segundo-os-pregos-do-novo-contrato-do-lixo-quedan-sen-servizo-a-17-parroquias-do-rural-e-non-se-contempla-a-recollida-de-plasticos-agricolas\\\/#breadcrumb\",\"itemListElement\":[{\"@type\":\"ListItem\",\"position\":1,\"name\":\"Portada\",\"item\":\"https:\\\/\\\/www.ppdelugo.com\\\/es\\\/\"},{\"@type\":\"ListItem\",\"position\":2,\"name\":\"El PP afirma que seg\u00fan los pliegos del nuevo contrato de la basura quedan sin servicio a 17 parroquias del rural y no se contempla la recogida de pl\u00e1sticos agr\u00edcolas\"}]},{\"@type\":\"WebSite\",\"@id\":\"https:\\\/\\\/www.ppdelugo.com\\\/es\\\/#website\",\"url\":\"https:\\\/\\\/www.ppdelugo.com\\\/es\\\/\",\"name\":\"Grupo Municipal Partido Popular de Lugo\",\"description\":\"Web del Grupo Municipal del Partido Popular en el Ayuntamiento de Lugo, con informaci\u00f3n sobre Lugo y fomento de la participaci\u00f3n ciudadana\",\"potentialAction\":[{\"@type\":\"SearchAction\",\"target\":{\"@type\":\"EntryPoint\",\"urlTemplate\":\"https:\\\/\\\/www.ppdelugo.com\\\/es\\\/?s={search_term_string}\"},\"query-input\":{\"@type\":\"PropertyValueSpecification\",\"valueRequired\":true,\"valueName\":\"search_term_string\"}}],\"inLanguage\":\"es\"},{\"@type\":\"Person\",\"@id\":\"https:\\\/\\\/www.ppdelugo.com\\\/es\\\/#\\\/schema\\\/person\\\/4fa17dd371813e2c389a4417775cec48\",\"name\":\"ppdelugo\",\"url\":\"https:\\\/\\\/www.ppdelugo.com\\\/es\\\/author\\\/admin-2\\\/\"}]}<\/script>\n<!-- \/ Yoast SEO plugin. -->","yoast_head_json":{"title":"El PP afirma que seg\u00fan los pliegos del nuevo contrato de la basura quedan sin servicio a 17 parroquias del rural y no se contempla la recogida de pl\u00e1sticos agr\u00edcolas - Grupo Municipal Partido Popular de Lugo","robots":{"index":"index","follow":"follow","max-snippet":"max-snippet:-1","max-image-preview":"max-image-preview:large","max-video-preview":"max-video-preview:-1"},"canonical":"https:\/\/www.ppdelugo.com\/es\/o-pp-afirma-que-segundo-os-pregos-do-novo-contrato-do-lixo-quedan-sen-servizo-a-17-parroquias-do-rural-e-non-se-contempla-a-recollida-de-plasticos-agricolas\/","og_locale":"es_ES","og_type":"article","og_title":"El PP afirma que seg\u00fan los pliegos del nuevo contrato de la basura quedan sin servicio a 17 parroquias del rural y no se contempla la recogida de pl\u00e1sticos agr\u00edcolas - Grupo Municipal Partido Popular de Lugo","og_description":"El concejal del Grupo Municipal del PP Manuel L\u00f3pez explica que los socialistas siguen dando de lado a los vecinos del rural, ya que nos pliegos de licitaci\u00f3n del nuevo...","og_url":"https:\/\/www.ppdelugo.com\/es\/o-pp-afirma-que-segundo-os-pregos-do-novo-contrato-do-lixo-quedan-sen-servizo-a-17-parroquias-do-rural-e-non-se-contempla-a-recollida-de-plasticos-agricolas\/","og_site_name":"Grupo Municipal Partido Popular de Lugo","article_published_time":"2020-08-01T06:54:44+00:00","article_modified_time":"2020-08-01T06:55:17+00:00","og_image":[{"width":2048,"height":1536,"url":"https:\/\/www.ppdelugo.com\/wp-content\/uploads\/2020\/01\/PHOTO-2019-12-17-09-18-23-2.jpg","type":"image\/jpeg"}],"author":"ppdelugo","twitter_card":"summary_large_image","twitter_misc":{"Escrito por":"ppdelugo","Tiempo de lectura":"3 minutos"},"schema":{"@context":"https:\/\/schema.org","@graph":[{"@type":"Article","@id":"https:\/\/www.ppdelugo.com\/es\/o-pp-afirma-que-segundo-os-pregos-do-novo-contrato-do-lixo-quedan-sen-servizo-a-17-parroquias-do-rural-e-non-se-contempla-a-recollida-de-plasticos-agricolas\/#article","isPartOf":{"@id":"https:\/\/www.ppdelugo.com\/es\/o-pp-afirma-que-segundo-os-pregos-do-novo-contrato-do-lixo-quedan-sen-servizo-a-17-parroquias-do-rural-e-non-se-contempla-a-recollida-de-plasticos-agricolas\/"},"author":{"name":"ppdelugo","@id":"https:\/\/www.ppdelugo.com\/es\/#\/schema\/person\/4fa17dd371813e2c389a4417775cec48"},"headline":"El PP afirma que seg\u00fan los pliegos del nuevo contrato de la basura quedan sin servicio a 17 parroquias del rural y no se contempla la recogida de pl\u00e1sticos agr\u00edcolas","datePublished":"2020-08-01T06:54:44+00:00","dateModified":"2020-08-01T06:55:17+00:00","mainEntityOfPage":{"@id":"https:\/\/www.ppdelugo.com\/es\/o-pp-afirma-que-segundo-os-pregos-do-novo-contrato-do-lixo-quedan-sen-servizo-a-17-parroquias-do-rural-e-non-se-contempla-a-recollida-de-plasticos-agricolas\/"},"wordCount":700,"commentCount":0,"image":{"@id":"https:\/\/www.ppdelugo.com\/es\/o-pp-afirma-que-segundo-os-pregos-do-novo-contrato-do-lixo-quedan-sen-servizo-a-17-parroquias-do-rural-e-non-se-contempla-a-recollida-de-plasticos-agricolas\/#primaryimage"},"thumbnailUrl":"https:\/\/www.ppdelugo.com\/wp-content\/uploads\/2020\/01\/PHOTO-2019-12-17-09-18-23-2.jpg","articleSection":["Limpeza","Medio Ambiente","Zona Rural"],"inLanguage":"es","potentialAction":[{"@type":"CommentAction","name":"Comment","target":["https:\/\/www.ppdelugo.com\/es\/o-pp-afirma-que-segundo-os-pregos-do-novo-contrato-do-lixo-quedan-sen-servizo-a-17-parroquias-do-rural-e-non-se-contempla-a-recollida-de-plasticos-agricolas\/#respond"]}]},{"@type":"WebPage","@id":"https:\/\/www.ppdelugo.com\/es\/o-pp-afirma-que-segundo-os-pregos-do-novo-contrato-do-lixo-quedan-sen-servizo-a-17-parroquias-do-rural-e-non-se-contempla-a-recollida-de-plasticos-agricolas\/","url":"https:\/\/www.ppdelugo.com\/es\/o-pp-afirma-que-segundo-os-pregos-do-novo-contrato-do-lixo-quedan-sen-servizo-a-17-parroquias-do-rural-e-non-se-contempla-a-recollida-de-plasticos-agricolas\/","name":"El PP afirma que seg\u00fan los pliegos del nuevo contrato de la basura quedan sin servicio a 17 parroquias del rural y no se contempla la recogida de pl\u00e1sticos agr\u00edcolas - Grupo Municipal Partido Popular de Lugo","isPartOf":{"@id":"https:\/\/www.ppdelugo.com\/es\/#website"},"primaryImageOfPage":{"@id":"https:\/\/www.ppdelugo.com\/es\/o-pp-afirma-que-segundo-os-pregos-do-novo-contrato-do-lixo-quedan-sen-servizo-a-17-parroquias-do-rural-e-non-se-contempla-a-recollida-de-plasticos-agricolas\/#primaryimage"},"image":{"@id":"https:\/\/www.ppdelugo.com\/es\/o-pp-afirma-que-segundo-os-pregos-do-novo-contrato-do-lixo-quedan-sen-servizo-a-17-parroquias-do-rural-e-non-se-contempla-a-recollida-de-plasticos-agricolas\/#primaryimage"},"thumbnailUrl":"https:\/\/www.ppdelugo.com\/wp-content\/uploads\/2020\/01\/PHOTO-2019-12-17-09-18-23-2.jpg","datePublished":"2020-08-01T06:54:44+00:00","dateModified":"2020-08-01T06:55:17+00:00","author":{"@id":"https:\/\/www.ppdelugo.com\/es\/#\/schema\/person\/4fa17dd371813e2c389a4417775cec48"},"breadcrumb":{"@id":"https:\/\/www.ppdelugo.com\/es\/o-pp-afirma-que-segundo-os-pregos-do-novo-contrato-do-lixo-quedan-sen-servizo-a-17-parroquias-do-rural-e-non-se-contempla-a-recollida-de-plasticos-agricolas\/#breadcrumb"},"inLanguage":"es","potentialAction":[{"@type":"ReadAction","target":["https:\/\/www.ppdelugo.com\/es\/o-pp-afirma-que-segundo-os-pregos-do-novo-contrato-do-lixo-quedan-sen-servizo-a-17-parroquias-do-rural-e-non-se-contempla-a-recollida-de-plasticos-agricolas\/"]}]},{"@type":"ImageObject","inLanguage":"es","@id":"https:\/\/www.ppdelugo.com\/es\/o-pp-afirma-que-segundo-os-pregos-do-novo-contrato-do-lixo-quedan-sen-servizo-a-17-parroquias-do-rural-e-non-se-contempla-a-recollida-de-plasticos-agricolas\/#primaryimage","url":"https:\/\/www.ppdelugo.com\/wp-content\/uploads\/2020\/01\/PHOTO-2019-12-17-09-18-23-2.jpg","contentUrl":"https:\/\/www.ppdelugo.com\/wp-content\/uploads\/2020\/01\/PHOTO-2019-12-17-09-18-23-2.jpg","width":2048,"height":1536},{"@type":"BreadcrumbList","@id":"https:\/\/www.ppdelugo.com\/es\/o-pp-afirma-que-segundo-os-pregos-do-novo-contrato-do-lixo-quedan-sen-servizo-a-17-parroquias-do-rural-e-non-se-contempla-a-recollida-de-plasticos-agricolas\/#breadcrumb","itemListElement":[{"@type":"ListItem","position":1,"name":"Portada","item":"https:\/\/www.ppdelugo.com\/es\/"},{"@type":"ListItem","position":2,"name":"El PP afirma que seg\u00fan los pliegos del nuevo contrato de la basura quedan sin servicio a 17 parroquias del rural y no se contempla la recogida de pl\u00e1sticos agr\u00edcolas"}]},{"@type":"WebSite","@id":"https:\/\/www.ppdelugo.com\/es\/#website","url":"https:\/\/www.ppdelugo.com\/es\/","name":"Grupo Municipal Partido Popular de Lugo","description":"Web del Grupo Municipal del Partido Popular en el Ayuntamiento de Lugo, con informaci\u00f3n sobre Lugo y fomento de la participaci\u00f3n ciudadana","potentialAction":[{"@type":"SearchAction","target":{"@type":"EntryPoint","urlTemplate":"https:\/\/www.ppdelugo.com\/es\/?s={search_term_string}"},"query-input":{"@type":"PropertyValueSpecification","valueRequired":true,"valueName":"search_term_string"}}],"inLanguage":"es"},{"@type":"Person","@id":"https:\/\/www.ppdelugo.com\/es\/#\/schema\/person\/4fa17dd371813e2c389a4417775cec48","name":"ppdelugo","url":"https:\/\/www.ppdelugo.com\/es\/author\/admin-2\/"}]}},"_links":{"self":[{"href":"https:\/\/www.ppdelugo.com\/es\/wp-json\/wp\/v2\/posts\/12850","targetHints":{"allow":["GET"]}}],"collection":[{"href":"https:\/\/www.ppdelugo.com\/es\/wp-json\/wp\/v2\/posts"}],"about":[{"href":"https:\/\/www.ppdelugo.com\/es\/wp-json\/wp\/v2\/types\/post"}],"author":[{"embeddable":true,"href":"https:\/\/www.ppdelugo.com\/es\/wp-json\/wp\/v2\/users\/8"}],"replies":[{"embeddable":true,"href":"https:\/\/www.ppdelugo.com\/es\/wp-json\/wp\/v2\/comments?post=12850"}],"version-history":[{"count":0,"href":"https:\/\/www.ppdelugo.com\/es\/wp-json\/wp\/v2\/posts\/12850\/revisions"}],"wp:featuredmedia":[{"embeddable":true,"href":"https:\/\/www.ppdelugo.com\/es\/wp-json\/wp\/v2\/media\/11580"}],"wp:attachment":[{"href":"https:\/\/www.ppdelugo.com\/es\/wp-json\/wp\/v2\/media?parent=12850"}],"wp:term":[{"taxonomy":"category","embeddable":true,"href":"https:\/\/www.ppdelugo.com\/es\/wp-json\/wp\/v2\/categories?post=12850"},{"taxonomy":"post_tag","embeddable":true,"href":"https:\/\/www.ppdelugo.com\/es\/wp-json\/wp\/v2\/tags?post=12850"}],"curies":[{"name":"wp","href":"https:\/\/api.w.org\/{rel}","templated":true}]}}