{"id":12819,"date":"2020-07-24T08:08:58","date_gmt":"2020-07-24T08:08:58","guid":{"rendered":"http:\/\/www.ppdelugo.com\/?p=12819"},"modified":"2020-07-24T08:12:07","modified_gmt":"2020-07-24T08:12:07","slug":"el-pp-lamenta-que-por-la-falta-de-prevision-del-gobierno-local-la-casa-de-los-mosaicos-este-cerrada-hasta-septiembre","status":"publish","type":"post","link":"https:\/\/www.ppdelugo.com\/es\/el-pp-lamenta-que-por-la-falta-de-prevision-del-gobierno-local-la-casa-de-los-mosaicos-este-cerrada-hasta-septiembre\/","title":{"rendered":"El PP lamenta que \u201cpor la falta de previsi\u00f3n del gobierno local\u201d la Casa de los Mosaicos est\u00e9 cerrada hasta septiembre"},"content":{"rendered":"<p>La concejala popular Beatriz V\u00e1zquez lamenta que por \u201cfalta de previsi\u00f3n para hacer tareas de mantenimiento se prive a turistas y lucenses de entrar en uno de los Museos m\u00e1s visitados de la ciudad\u00a0 como es la Casa de los Mosaicos, una sala que lleva cerrada desde el confinamiento, en el mes de marzo\u201d.<\/p>\n<p>Segundo informou hoxe o goberno local, na comisi\u00f3n de cultura, ata o mes de setembro non se volver\u00e1n a abrir as s\u00faas portas xa que \u201cse est\u00e1n facendo tarefas de mantemento como arranxos para evitar filtraci\u00f3ns, arranxos en equipos audivisuais e tam\u00e9n en instalaci\u00f3ns el\u00e9ctricas\u201d.<\/p>\n<p>A popular agradece que, polo menos, e a raiz da denuncia do Grupo Popular sobre falta de informaci\u00f3n do peche da Casa dos Mosaicos, se decidisen a sinalizar cun cartel que a sala est\u00e1 f\u00f3ra de servizo.<\/p>\n<p>Por outra parte, os populares conseguiron que o goberno local tome en consideraci\u00f3n a reedici\u00f3n e actualizaci\u00f3n dos folletos individuais de cada unha das salas da rede muse\u00edstica municipal as\u00ed como do folleto de \u201cLugo accesible\u201d.<\/p>\n","protected":false},"excerpt":{"rendered":"<p>La concejala popular Beatriz V\u00e1zquez lamenta que por \u201cfalta de previsi\u00f3n para hacer tareas de mantenimiento se prive a turistas y lucenses de entrar en uno de los Museos m\u00e1s&#8230;<\/p>\n","protected":false},"author":8,"featured_media":12816,"comment_status":"open","ping_status":"closed","sticky":false,"template":"","format":"standard","meta":{"footnotes":""},"categories":[30],"tags":[],"class_list":{"0":"post-12819","1":"post","2":"type-post","3":"status-publish","4":"format-standard","5":"has-post-thumbnail","7":"category-cultura-es"},"yoast_head":"<!-- This site is optimized with the Yoast SEO plugin v27.5 - https:\/\/yoast.com\/product\/yoast-seo-wordpress\/ -->\n<title>El PP lamenta que \u201cpor la falta de previsi\u00f3n del gobierno local\u201d la Casa de los Mosaicos est\u00e9 cerrada hasta septiembre - Grupo Municipal Partido Popular de Lugo<\/title>\n<meta name=\"robots\" content=\"index, follow, max-snippet:-1, max-image-preview:large, max-video-preview:-1\" \/>\n<link rel=\"canonical\" href=\"https:\/\/www.ppdelugo.com\/es\/el-pp-lamenta-que-por-la-falta-de-prevision-del-gobierno-local-la-casa-de-los-mosaicos-este-cerrada-hasta-septiembre\/\" \/>\n<meta property=\"og:locale\" content=\"es_ES\" \/>\n<meta property=\"og:type\" content=\"article\" \/>\n<meta property=\"og:title\" content=\"El PP lamenta que \u201cpor la falta de previsi\u00f3n del gobierno local\u201d la Casa de los Mosaicos est\u00e9 cerrada hasta septiembre - Grupo Municipal Partido Popular de Lugo\" \/>\n<meta property=\"og:description\" content=\"La concejala popular Beatriz V\u00e1zquez lamenta que por \u201cfalta de previsi\u00f3n para hacer tareas de mantenimiento se prive a turistas y lucenses de entrar en uno de los Museos m\u00e1s...\" \/>\n<meta property=\"og:url\" content=\"https:\/\/www.ppdelugo.com\/es\/el-pp-lamenta-que-por-la-falta-de-prevision-del-gobierno-local-la-casa-de-los-mosaicos-este-cerrada-hasta-septiembre\/\" \/>\n<meta property=\"og:site_name\" content=\"Grupo Municipal Partido Popular de Lugo\" \/>\n<meta property=\"article:published_time\" content=\"2020-07-24T08:08:58+00:00\" \/>\n<meta property=\"article:modified_time\" content=\"2020-07-24T08:12:07+00:00\" \/>\n<meta property=\"og:image\" content=\"https:\/\/www.ppdelugo.com\/wp-content\/uploads\/2020\/07\/Casa-Mosaicos-Pechada-temporalmente.jpg\" \/>\n\t<meta property=\"og:image:width\" content=\"3024\" \/>\n\t<meta property=\"og:image:height\" content=\"4032\" \/>\n\t<meta property=\"og:image:type\" content=\"image\/jpeg\" \/>\n<meta name=\"author\" content=\"ppdelugo\" \/>\n<meta name=\"twitter:card\" content=\"summary_large_image\" \/>\n<meta name=\"twitter:label1\" content=\"Escrito por\" \/>\n\t<meta name=\"twitter:data1\" content=\"ppdelugo\" \/>\n\t<meta name=\"twitter:label2\" content=\"Tiempo de lectura\" \/>\n\t<meta name=\"twitter:data2\" content=\"1 minuto\" \/>\n<script type=\"application\/ld+json\" class=\"yoast-schema-graph\">{\"@context\":\"https:\\\/\\\/schema.org\",\"@graph\":[{\"@type\":\"Article\",\"@id\":\"https:\\\/\\\/www.ppdelugo.com\\\/es\\\/el-pp-lamenta-que-por-la-falta-de-prevision-del-gobierno-local-la-casa-de-los-mosaicos-este-cerrada-hasta-septiembre\\\/#article\",\"isPartOf\":{\"@id\":\"https:\\\/\\\/www.ppdelugo.com\\\/es\\\/el-pp-lamenta-que-por-la-falta-de-prevision-del-gobierno-local-la-casa-de-los-mosaicos-este-cerrada-hasta-septiembre\\\/\"},\"author\":{\"name\":\"ppdelugo\",\"@id\":\"https:\\\/\\\/www.ppdelugo.com\\\/es\\\/#\\\/schema\\\/person\\\/4fa17dd371813e2c389a4417775cec48\"},\"headline\":\"El PP lamenta que \u201cpor la falta de previsi\u00f3n del gobierno local\u201d la Casa de los Mosaicos est\u00e9 cerrada hasta septiembre\",\"datePublished\":\"2020-07-24T08:08:58+00:00\",\"dateModified\":\"2020-07-24T08:12:07+00:00\",\"mainEntityOfPage\":{\"@id\":\"https:\\\/\\\/www.ppdelugo.com\\\/es\\\/el-pp-lamenta-que-por-la-falta-de-prevision-del-gobierno-local-la-casa-de-los-mosaicos-este-cerrada-hasta-septiembre\\\/\"},\"wordCount\":211,\"commentCount\":0,\"image\":{\"@id\":\"https:\\\/\\\/www.ppdelugo.com\\\/es\\\/el-pp-lamenta-que-por-la-falta-de-prevision-del-gobierno-local-la-casa-de-los-mosaicos-este-cerrada-hasta-septiembre\\\/#primaryimage\"},\"thumbnailUrl\":\"https:\\\/\\\/www.ppdelugo.com\\\/wp-content\\\/uploads\\\/2020\\\/07\\\/Casa-Mosaicos-Pechada-temporalmente.jpg\",\"articleSection\":[\"Cultura\"],\"inLanguage\":\"es\",\"potentialAction\":[{\"@type\":\"CommentAction\",\"name\":\"Comment\",\"target\":[\"https:\\\/\\\/www.ppdelugo.com\\\/es\\\/el-pp-lamenta-que-por-la-falta-de-prevision-del-gobierno-local-la-casa-de-los-mosaicos-este-cerrada-hasta-septiembre\\\/#respond\"]}]},{\"@type\":\"WebPage\",\"@id\":\"https:\\\/\\\/www.ppdelugo.com\\\/es\\\/el-pp-lamenta-que-por-la-falta-de-prevision-del-gobierno-local-la-casa-de-los-mosaicos-este-cerrada-hasta-septiembre\\\/\",\"url\":\"https:\\\/\\\/www.ppdelugo.com\\\/es\\\/el-pp-lamenta-que-por-la-falta-de-prevision-del-gobierno-local-la-casa-de-los-mosaicos-este-cerrada-hasta-septiembre\\\/\",\"name\":\"El PP lamenta que \u201cpor la falta de previsi\u00f3n del gobierno local\u201d la Casa de los Mosaicos est\u00e9 cerrada hasta septiembre - Grupo Municipal Partido Popular de Lugo\",\"isPartOf\":{\"@id\":\"https:\\\/\\\/www.ppdelugo.com\\\/es\\\/#website\"},\"primaryImageOfPage\":{\"@id\":\"https:\\\/\\\/www.ppdelugo.com\\\/es\\\/el-pp-lamenta-que-por-la-falta-de-prevision-del-gobierno-local-la-casa-de-los-mosaicos-este-cerrada-hasta-septiembre\\\/#primaryimage\"},\"image\":{\"@id\":\"https:\\\/\\\/www.ppdelugo.com\\\/es\\\/el-pp-lamenta-que-por-la-falta-de-prevision-del-gobierno-local-la-casa-de-los-mosaicos-este-cerrada-hasta-septiembre\\\/#primaryimage\"},\"thumbnailUrl\":\"https:\\\/\\\/www.ppdelugo.com\\\/wp-content\\\/uploads\\\/2020\\\/07\\\/Casa-Mosaicos-Pechada-temporalmente.jpg\",\"datePublished\":\"2020-07-24T08:08:58+00:00\",\"dateModified\":\"2020-07-24T08:12:07+00:00\",\"author\":{\"@id\":\"https:\\\/\\\/www.ppdelugo.com\\\/es\\\/#\\\/schema\\\/person\\\/4fa17dd371813e2c389a4417775cec48\"},\"breadcrumb\":{\"@id\":\"https:\\\/\\\/www.ppdelugo.com\\\/es\\\/el-pp-lamenta-que-por-la-falta-de-prevision-del-gobierno-local-la-casa-de-los-mosaicos-este-cerrada-hasta-septiembre\\\/#breadcrumb\"},\"inLanguage\":\"es\",\"potentialAction\":[{\"@type\":\"ReadAction\",\"target\":[\"https:\\\/\\\/www.ppdelugo.com\\\/es\\\/el-pp-lamenta-que-por-la-falta-de-prevision-del-gobierno-local-la-casa-de-los-mosaicos-este-cerrada-hasta-septiembre\\\/\"]}]},{\"@type\":\"ImageObject\",\"inLanguage\":\"es\",\"@id\":\"https:\\\/\\\/www.ppdelugo.com\\\/es\\\/el-pp-lamenta-que-por-la-falta-de-prevision-del-gobierno-local-la-casa-de-los-mosaicos-este-cerrada-hasta-septiembre\\\/#primaryimage\",\"url\":\"https:\\\/\\\/www.ppdelugo.com\\\/wp-content\\\/uploads\\\/2020\\\/07\\\/Casa-Mosaicos-Pechada-temporalmente.jpg\",\"contentUrl\":\"https:\\\/\\\/www.ppdelugo.com\\\/wp-content\\\/uploads\\\/2020\\\/07\\\/Casa-Mosaicos-Pechada-temporalmente.jpg\",\"width\":3024,\"height\":4032},{\"@type\":\"BreadcrumbList\",\"@id\":\"https:\\\/\\\/www.ppdelugo.com\\\/es\\\/el-pp-lamenta-que-por-la-falta-de-prevision-del-gobierno-local-la-casa-de-los-mosaicos-este-cerrada-hasta-septiembre\\\/#breadcrumb\",\"itemListElement\":[{\"@type\":\"ListItem\",\"position\":1,\"name\":\"Portada\",\"item\":\"https:\\\/\\\/www.ppdelugo.com\\\/es\\\/\"},{\"@type\":\"ListItem\",\"position\":2,\"name\":\"El PP lamenta que \u201cpor la falta de previsi\u00f3n del gobierno local\u201d la Casa de los Mosaicos est\u00e9 cerrada hasta septiembre\"}]},{\"@type\":\"WebSite\",\"@id\":\"https:\\\/\\\/www.ppdelugo.com\\\/es\\\/#website\",\"url\":\"https:\\\/\\\/www.ppdelugo.com\\\/es\\\/\",\"name\":\"Grupo Municipal Partido Popular de Lugo\",\"description\":\"Web del Grupo Municipal del Partido Popular en el Ayuntamiento de Lugo, con informaci\u00f3n sobre Lugo y fomento de la participaci\u00f3n ciudadana\",\"potentialAction\":[{\"@type\":\"SearchAction\",\"target\":{\"@type\":\"EntryPoint\",\"urlTemplate\":\"https:\\\/\\\/www.ppdelugo.com\\\/es\\\/?s={search_term_string}\"},\"query-input\":{\"@type\":\"PropertyValueSpecification\",\"valueRequired\":true,\"valueName\":\"search_term_string\"}}],\"inLanguage\":\"es\"},{\"@type\":\"Person\",\"@id\":\"https:\\\/\\\/www.ppdelugo.com\\\/es\\\/#\\\/schema\\\/person\\\/4fa17dd371813e2c389a4417775cec48\",\"name\":\"ppdelugo\",\"url\":\"https:\\\/\\\/www.ppdelugo.com\\\/es\\\/author\\\/admin-2\\\/\"}]}<\/script>\n<!-- \/ Yoast SEO plugin. -->","yoast_head_json":{"title":"El PP lamenta que \u201cpor la falta de previsi\u00f3n del gobierno local\u201d la Casa de los Mosaicos est\u00e9 cerrada hasta septiembre - Grupo Municipal Partido Popular de Lugo","robots":{"index":"index","follow":"follow","max-snippet":"max-snippet:-1","max-image-preview":"max-image-preview:large","max-video-preview":"max-video-preview:-1"},"canonical":"https:\/\/www.ppdelugo.com\/es\/el-pp-lamenta-que-por-la-falta-de-prevision-del-gobierno-local-la-casa-de-los-mosaicos-este-cerrada-hasta-septiembre\/","og_locale":"es_ES","og_type":"article","og_title":"El PP lamenta que \u201cpor la falta de previsi\u00f3n del gobierno local\u201d la Casa de los Mosaicos est\u00e9 cerrada hasta septiembre - Grupo Municipal Partido Popular de Lugo","og_description":"La concejala popular Beatriz V\u00e1zquez lamenta que por \u201cfalta de previsi\u00f3n para hacer tareas de mantenimiento se prive a turistas y lucenses de entrar en uno de los Museos m\u00e1s...","og_url":"https:\/\/www.ppdelugo.com\/es\/el-pp-lamenta-que-por-la-falta-de-prevision-del-gobierno-local-la-casa-de-los-mosaicos-este-cerrada-hasta-septiembre\/","og_site_name":"Grupo Municipal Partido Popular de Lugo","article_published_time":"2020-07-24T08:08:58+00:00","article_modified_time":"2020-07-24T08:12:07+00:00","og_image":[{"width":3024,"height":4032,"url":"https:\/\/www.ppdelugo.com\/wp-content\/uploads\/2020\/07\/Casa-Mosaicos-Pechada-temporalmente.jpg","type":"image\/jpeg"}],"author":"ppdelugo","twitter_card":"summary_large_image","twitter_misc":{"Escrito por":"ppdelugo","Tiempo de lectura":"1 minuto"},"schema":{"@context":"https:\/\/schema.org","@graph":[{"@type":"Article","@id":"https:\/\/www.ppdelugo.com\/es\/el-pp-lamenta-que-por-la-falta-de-prevision-del-gobierno-local-la-casa-de-los-mosaicos-este-cerrada-hasta-septiembre\/#article","isPartOf":{"@id":"https:\/\/www.ppdelugo.com\/es\/el-pp-lamenta-que-por-la-falta-de-prevision-del-gobierno-local-la-casa-de-los-mosaicos-este-cerrada-hasta-septiembre\/"},"author":{"name":"ppdelugo","@id":"https:\/\/www.ppdelugo.com\/es\/#\/schema\/person\/4fa17dd371813e2c389a4417775cec48"},"headline":"El PP lamenta que \u201cpor la falta de previsi\u00f3n del gobierno local\u201d la Casa de los Mosaicos est\u00e9 cerrada hasta septiembre","datePublished":"2020-07-24T08:08:58+00:00","dateModified":"2020-07-24T08:12:07+00:00","mainEntityOfPage":{"@id":"https:\/\/www.ppdelugo.com\/es\/el-pp-lamenta-que-por-la-falta-de-prevision-del-gobierno-local-la-casa-de-los-mosaicos-este-cerrada-hasta-septiembre\/"},"wordCount":211,"commentCount":0,"image":{"@id":"https:\/\/www.ppdelugo.com\/es\/el-pp-lamenta-que-por-la-falta-de-prevision-del-gobierno-local-la-casa-de-los-mosaicos-este-cerrada-hasta-septiembre\/#primaryimage"},"thumbnailUrl":"https:\/\/www.ppdelugo.com\/wp-content\/uploads\/2020\/07\/Casa-Mosaicos-Pechada-temporalmente.jpg","articleSection":["Cultura"],"inLanguage":"es","potentialAction":[{"@type":"CommentAction","name":"Comment","target":["https:\/\/www.ppdelugo.com\/es\/el-pp-lamenta-que-por-la-falta-de-prevision-del-gobierno-local-la-casa-de-los-mosaicos-este-cerrada-hasta-septiembre\/#respond"]}]},{"@type":"WebPage","@id":"https:\/\/www.ppdelugo.com\/es\/el-pp-lamenta-que-por-la-falta-de-prevision-del-gobierno-local-la-casa-de-los-mosaicos-este-cerrada-hasta-septiembre\/","url":"https:\/\/www.ppdelugo.com\/es\/el-pp-lamenta-que-por-la-falta-de-prevision-del-gobierno-local-la-casa-de-los-mosaicos-este-cerrada-hasta-septiembre\/","name":"El PP lamenta que \u201cpor la falta de previsi\u00f3n del gobierno local\u201d la Casa de los Mosaicos est\u00e9 cerrada hasta septiembre - Grupo Municipal Partido Popular de Lugo","isPartOf":{"@id":"https:\/\/www.ppdelugo.com\/es\/#website"},"primaryImageOfPage":{"@id":"https:\/\/www.ppdelugo.com\/es\/el-pp-lamenta-que-por-la-falta-de-prevision-del-gobierno-local-la-casa-de-los-mosaicos-este-cerrada-hasta-septiembre\/#primaryimage"},"image":{"@id":"https:\/\/www.ppdelugo.com\/es\/el-pp-lamenta-que-por-la-falta-de-prevision-del-gobierno-local-la-casa-de-los-mosaicos-este-cerrada-hasta-septiembre\/#primaryimage"},"thumbnailUrl":"https:\/\/www.ppdelugo.com\/wp-content\/uploads\/2020\/07\/Casa-Mosaicos-Pechada-temporalmente.jpg","datePublished":"2020-07-24T08:08:58+00:00","dateModified":"2020-07-24T08:12:07+00:00","author":{"@id":"https:\/\/www.ppdelugo.com\/es\/#\/schema\/person\/4fa17dd371813e2c389a4417775cec48"},"breadcrumb":{"@id":"https:\/\/www.ppdelugo.com\/es\/el-pp-lamenta-que-por-la-falta-de-prevision-del-gobierno-local-la-casa-de-los-mosaicos-este-cerrada-hasta-septiembre\/#breadcrumb"},"inLanguage":"es","potentialAction":[{"@type":"ReadAction","target":["https:\/\/www.ppdelugo.com\/es\/el-pp-lamenta-que-por-la-falta-de-prevision-del-gobierno-local-la-casa-de-los-mosaicos-este-cerrada-hasta-septiembre\/"]}]},{"@type":"ImageObject","inLanguage":"es","@id":"https:\/\/www.ppdelugo.com\/es\/el-pp-lamenta-que-por-la-falta-de-prevision-del-gobierno-local-la-casa-de-los-mosaicos-este-cerrada-hasta-septiembre\/#primaryimage","url":"https:\/\/www.ppdelugo.com\/wp-content\/uploads\/2020\/07\/Casa-Mosaicos-Pechada-temporalmente.jpg","contentUrl":"https:\/\/www.ppdelugo.com\/wp-content\/uploads\/2020\/07\/Casa-Mosaicos-Pechada-temporalmente.jpg","width":3024,"height":4032},{"@type":"BreadcrumbList","@id":"https:\/\/www.ppdelugo.com\/es\/el-pp-lamenta-que-por-la-falta-de-prevision-del-gobierno-local-la-casa-de-los-mosaicos-este-cerrada-hasta-septiembre\/#breadcrumb","itemListElement":[{"@type":"ListItem","position":1,"name":"Portada","item":"https:\/\/www.ppdelugo.com\/es\/"},{"@type":"ListItem","position":2,"name":"El PP lamenta que \u201cpor la falta de previsi\u00f3n del gobierno local\u201d la Casa de los Mosaicos est\u00e9 cerrada hasta septiembre"}]},{"@type":"WebSite","@id":"https:\/\/www.ppdelugo.com\/es\/#website","url":"https:\/\/www.ppdelugo.com\/es\/","name":"Grupo Municipal Partido Popular de Lugo","description":"Web del Grupo Municipal del Partido Popular en el Ayuntamiento de Lugo, con informaci\u00f3n sobre Lugo y fomento de la participaci\u00f3n ciudadana","potentialAction":[{"@type":"SearchAction","target":{"@type":"EntryPoint","urlTemplate":"https:\/\/www.ppdelugo.com\/es\/?s={search_term_string}"},"query-input":{"@type":"PropertyValueSpecification","valueRequired":true,"valueName":"search_term_string"}}],"inLanguage":"es"},{"@type":"Person","@id":"https:\/\/www.ppdelugo.com\/es\/#\/schema\/person\/4fa17dd371813e2c389a4417775cec48","name":"ppdelugo","url":"https:\/\/www.ppdelugo.com\/es\/author\/admin-2\/"}]}},"_links":{"self":[{"href":"https:\/\/www.ppdelugo.com\/es\/wp-json\/wp\/v2\/posts\/12819","targetHints":{"allow":["GET"]}}],"collection":[{"href":"https:\/\/www.ppdelugo.com\/es\/wp-json\/wp\/v2\/posts"}],"about":[{"href":"https:\/\/www.ppdelugo.com\/es\/wp-json\/wp\/v2\/types\/post"}],"author":[{"embeddable":true,"href":"https:\/\/www.ppdelugo.com\/es\/wp-json\/wp\/v2\/users\/8"}],"replies":[{"embeddable":true,"href":"https:\/\/www.ppdelugo.com\/es\/wp-json\/wp\/v2\/comments?post=12819"}],"version-history":[{"count":0,"href":"https:\/\/www.ppdelugo.com\/es\/wp-json\/wp\/v2\/posts\/12819\/revisions"}],"wp:featuredmedia":[{"embeddable":true,"href":"https:\/\/www.ppdelugo.com\/es\/wp-json\/wp\/v2\/media\/12816"}],"wp:attachment":[{"href":"https:\/\/www.ppdelugo.com\/es\/wp-json\/wp\/v2\/media?parent=12819"}],"wp:term":[{"taxonomy":"category","embeddable":true,"href":"https:\/\/www.ppdelugo.com\/es\/wp-json\/wp\/v2\/categories?post=12819"},{"taxonomy":"post_tag","embeddable":true,"href":"https:\/\/www.ppdelugo.com\/es\/wp-json\/wp\/v2\/tags?post=12819"}],"curies":[{"name":"wp","href":"https:\/\/api.w.org\/{rel}","templated":true}]}}