{"id":12806,"date":"2020-07-23T11:33:10","date_gmt":"2020-07-23T11:33:10","guid":{"rendered":"http:\/\/www.ppdelugo.com\/?p=12806"},"modified":"2020-07-22T11:37:25","modified_gmt":"2020-07-22T11:37:25","slug":"el-pp-critica-que-en-5-meses-por-la-descoordinacion-entre-psoe-bng-no-se-retirase-la-escombrera-de-una-fuga-de-agua-en-iglesias-alvarino","status":"publish","type":"post","link":"https:\/\/www.ppdelugo.com\/es\/el-pp-critica-que-en-5-meses-por-la-descoordinacion-entre-psoe-bng-no-se-retirase-la-escombrera-de-una-fuga-de-agua-en-iglesias-alvarino\/","title":{"rendered":"El PP critica que en 5 meses \u201cpor la descoordinaci\u00f3n entre PSOE-BNG\u201d no se retirase la escombrera de una fuga de agua en Iglesias Alvari\u00f1o"},"content":{"rendered":"<p>El PP pide coordinaci\u00f3n entre el servicio de aguas que depende del PSOE u el\u00a0 de v\u00edas y obras que es competencia del BNG para \u00a0\u201cevitar que puntos onde se reparan fugas tarden semanas, incluso meses en pecharse\u201d.<\/p>\n<p>O concelleiro popular Rafael P\u00e9rez puxo como exemplo desta situaci\u00f3n a fuga de auga que tivo lugar hai 5 meses na r\u00faa Aquilino Iglesias Alvari\u00f1o onde \u201c\u00e1 altura do n\u00famero 6 hai unha escombreira que pecha a escaleira da entrada a un edificio\u201d. O edil do PP asegura que \u201cesta escombreira, e as cintas que cortan o paso dan un aspecto de total abandono e provisionalidade\u201d. Nese senso reclama que de forma urxente repare a zona onde estiveron a traballar os traballadores de augas.<\/p>\n<p>\u201cPensamos que no concello deber\u00eda fixar un prazo, dun m\u00e1ximo dunha semana, entre que abren a zanxa para reparar e logo a pechan\u201d e, precisamente nese senso anuncian que presentar\u00e1n un rogo a comisi\u00f3n.<\/p>\n<p>Dende o Partido Popular volveron a insistir na necesidade de elaborar un estudo da rede de augas e lembran que nun pleno, celebrado en 2010, decidiuse a petici\u00f3n do Grupo popular realizar unha planimetr\u00eda da rede, sen que ata o de agora se fixese ning\u00fan traballo para dar cumprimento a este acordo plenario.<\/p>\n<p>O concelleiro do PP Rafael P\u00e9rez explica que o estudo que propo\u00f1en permitir\u00eda co\u00f1ecer que tuber\u00edas conte\u00f1en fibrocemento co obxecto de substitu\u00edlas de forma progresiva. Entre as \u00faltimas fugas detectadas est\u00e1n as rexistradas na noite do domingo ao luns no barrio de Fingoi. \u201cReventou primeiro na r\u00faa Bataneira, e unha vez que se reparou houbo outras tres roturas nesta zona. Hoxe os operarios municipais seguen reparando a fuga que hai na r\u00faa Figueira\u201d explicou.<\/p>\n<p>Os populares, que comprobaron en primera persoa a situaci\u00f3n que hai neste barrio, aseguran que o problema vai seguir polo que \u201cos arranxos que se est\u00e1n a facer non son m\u00e1is que parches provisionais e piden que de xeito urxente se substit\u00faa toda a canalizaci\u00f3n desta zona\u201d.<\/p>\n","protected":false},"excerpt":{"rendered":"<p>El PP pide coordinaci\u00f3n entre el servicio de aguas que depende del PSOE u el\u00a0 de v\u00edas y obras que es competencia del BNG para \u00a0\u201cevitar que puntos onde se&#8230;<\/p>\n","protected":false},"author":8,"featured_media":12804,"comment_status":"open","ping_status":"closed","sticky":false,"template":"","format":"standard","meta":{"footnotes":""},"categories":[32],"tags":[],"class_list":{"0":"post-12806","1":"post","2":"type-post","3":"status-publish","4":"format-standard","5":"has-post-thumbnail","7":"category-infraestructuras-es"},"yoast_head":"<!-- This site is optimized with the Yoast SEO plugin v27.4 - https:\/\/yoast.com\/product\/yoast-seo-wordpress\/ -->\n<title>El PP critica que en 5 meses \u201cpor la descoordinaci\u00f3n entre PSOE-BNG\u201d no se retirase la escombrera de una fuga de agua en Iglesias Alvari\u00f1o - Grupo Municipal Partido Popular de Lugo<\/title>\n<meta name=\"robots\" content=\"index, follow, max-snippet:-1, max-image-preview:large, max-video-preview:-1\" \/>\n<link rel=\"canonical\" href=\"https:\/\/www.ppdelugo.com\/es\/el-pp-critica-que-en-5-meses-por-la-descoordinacion-entre-psoe-bng-no-se-retirase-la-escombrera-de-una-fuga-de-agua-en-iglesias-alvarino\/\" \/>\n<meta property=\"og:locale\" content=\"es_ES\" \/>\n<meta property=\"og:type\" content=\"article\" \/>\n<meta property=\"og:title\" content=\"El PP critica que en 5 meses \u201cpor la descoordinaci\u00f3n entre PSOE-BNG\u201d no se retirase la escombrera de una fuga de agua en Iglesias Alvari\u00f1o - Grupo Municipal Partido Popular de Lugo\" \/>\n<meta property=\"og:description\" content=\"El PP pide coordinaci\u00f3n entre el servicio de aguas que depende del PSOE u el\u00a0 de v\u00edas y obras que es competencia del BNG para \u00a0\u201cevitar que puntos onde se...\" \/>\n<meta property=\"og:url\" content=\"https:\/\/www.ppdelugo.com\/es\/el-pp-critica-que-en-5-meses-por-la-descoordinacion-entre-psoe-bng-no-se-retirase-la-escombrera-de-una-fuga-de-agua-en-iglesias-alvarino\/\" \/>\n<meta property=\"og:site_name\" content=\"Grupo Municipal Partido Popular de Lugo\" \/>\n<meta property=\"article:published_time\" content=\"2020-07-23T11:33:10+00:00\" \/>\n<meta property=\"og:image\" content=\"https:\/\/www.ppdelugo.com\/wp-content\/uploads\/2020\/07\/R\u00faa-Bataneira-1024x768.jpg\" \/>\n\t<meta property=\"og:image:width\" content=\"1024\" \/>\n\t<meta property=\"og:image:height\" content=\"768\" \/>\n\t<meta property=\"og:image:type\" content=\"image\/jpeg\" \/>\n<meta name=\"author\" content=\"ppdelugo\" \/>\n<meta name=\"twitter:card\" content=\"summary_large_image\" \/>\n<meta name=\"twitter:label1\" content=\"Escrito por\" \/>\n\t<meta name=\"twitter:data1\" content=\"ppdelugo\" \/>\n\t<meta name=\"twitter:label2\" content=\"Tiempo de lectura\" \/>\n\t<meta name=\"twitter:data2\" content=\"2 minutos\" \/>\n<script type=\"application\/ld+json\" class=\"yoast-schema-graph\">{\"@context\":\"https:\\\/\\\/schema.org\",\"@graph\":[{\"@type\":\"Article\",\"@id\":\"https:\\\/\\\/www.ppdelugo.com\\\/es\\\/el-pp-critica-que-en-5-meses-por-la-descoordinacion-entre-psoe-bng-no-se-retirase-la-escombrera-de-una-fuga-de-agua-en-iglesias-alvarino\\\/#article\",\"isPartOf\":{\"@id\":\"https:\\\/\\\/www.ppdelugo.com\\\/es\\\/el-pp-critica-que-en-5-meses-por-la-descoordinacion-entre-psoe-bng-no-se-retirase-la-escombrera-de-una-fuga-de-agua-en-iglesias-alvarino\\\/\"},\"author\":{\"name\":\"ppdelugo\",\"@id\":\"https:\\\/\\\/www.ppdelugo.com\\\/es\\\/#\\\/schema\\\/person\\\/4fa17dd371813e2c389a4417775cec48\"},\"headline\":\"El PP critica que en 5 meses \u201cpor la descoordinaci\u00f3n entre PSOE-BNG\u201d no se retirase la escombrera de una fuga de agua en Iglesias Alvari\u00f1o\",\"datePublished\":\"2020-07-23T11:33:10+00:00\",\"mainEntityOfPage\":{\"@id\":\"https:\\\/\\\/www.ppdelugo.com\\\/es\\\/el-pp-critica-que-en-5-meses-por-la-descoordinacion-entre-psoe-bng-no-se-retirase-la-escombrera-de-una-fuga-de-agua-en-iglesias-alvarino\\\/\"},\"wordCount\":381,\"commentCount\":0,\"image\":{\"@id\":\"https:\\\/\\\/www.ppdelugo.com\\\/es\\\/el-pp-critica-que-en-5-meses-por-la-descoordinacion-entre-psoe-bng-no-se-retirase-la-escombrera-de-una-fuga-de-agua-en-iglesias-alvarino\\\/#primaryimage\"},\"thumbnailUrl\":\"https:\\\/\\\/www.ppdelugo.com\\\/wp-content\\\/uploads\\\/2020\\\/07\\\/R\u00faa-Bataneira.jpg\",\"articleSection\":[\"Infraestructuras\"],\"inLanguage\":\"es\",\"potentialAction\":[{\"@type\":\"CommentAction\",\"name\":\"Comment\",\"target\":[\"https:\\\/\\\/www.ppdelugo.com\\\/es\\\/el-pp-critica-que-en-5-meses-por-la-descoordinacion-entre-psoe-bng-no-se-retirase-la-escombrera-de-una-fuga-de-agua-en-iglesias-alvarino\\\/#respond\"]}]},{\"@type\":\"WebPage\",\"@id\":\"https:\\\/\\\/www.ppdelugo.com\\\/es\\\/el-pp-critica-que-en-5-meses-por-la-descoordinacion-entre-psoe-bng-no-se-retirase-la-escombrera-de-una-fuga-de-agua-en-iglesias-alvarino\\\/\",\"url\":\"https:\\\/\\\/www.ppdelugo.com\\\/es\\\/el-pp-critica-que-en-5-meses-por-la-descoordinacion-entre-psoe-bng-no-se-retirase-la-escombrera-de-una-fuga-de-agua-en-iglesias-alvarino\\\/\",\"name\":\"El PP critica que en 5 meses \u201cpor la descoordinaci\u00f3n entre PSOE-BNG\u201d no se retirase la escombrera de una fuga de agua en Iglesias Alvari\u00f1o - Grupo Municipal Partido Popular de Lugo\",\"isPartOf\":{\"@id\":\"https:\\\/\\\/www.ppdelugo.com\\\/es\\\/#website\"},\"primaryImageOfPage\":{\"@id\":\"https:\\\/\\\/www.ppdelugo.com\\\/es\\\/el-pp-critica-que-en-5-meses-por-la-descoordinacion-entre-psoe-bng-no-se-retirase-la-escombrera-de-una-fuga-de-agua-en-iglesias-alvarino\\\/#primaryimage\"},\"image\":{\"@id\":\"https:\\\/\\\/www.ppdelugo.com\\\/es\\\/el-pp-critica-que-en-5-meses-por-la-descoordinacion-entre-psoe-bng-no-se-retirase-la-escombrera-de-una-fuga-de-agua-en-iglesias-alvarino\\\/#primaryimage\"},\"thumbnailUrl\":\"https:\\\/\\\/www.ppdelugo.com\\\/wp-content\\\/uploads\\\/2020\\\/07\\\/R\u00faa-Bataneira.jpg\",\"datePublished\":\"2020-07-23T11:33:10+00:00\",\"author\":{\"@id\":\"https:\\\/\\\/www.ppdelugo.com\\\/es\\\/#\\\/schema\\\/person\\\/4fa17dd371813e2c389a4417775cec48\"},\"breadcrumb\":{\"@id\":\"https:\\\/\\\/www.ppdelugo.com\\\/es\\\/el-pp-critica-que-en-5-meses-por-la-descoordinacion-entre-psoe-bng-no-se-retirase-la-escombrera-de-una-fuga-de-agua-en-iglesias-alvarino\\\/#breadcrumb\"},\"inLanguage\":\"es\",\"potentialAction\":[{\"@type\":\"ReadAction\",\"target\":[\"https:\\\/\\\/www.ppdelugo.com\\\/es\\\/el-pp-critica-que-en-5-meses-por-la-descoordinacion-entre-psoe-bng-no-se-retirase-la-escombrera-de-una-fuga-de-agua-en-iglesias-alvarino\\\/\"]}]},{\"@type\":\"ImageObject\",\"inLanguage\":\"es\",\"@id\":\"https:\\\/\\\/www.ppdelugo.com\\\/es\\\/el-pp-critica-que-en-5-meses-por-la-descoordinacion-entre-psoe-bng-no-se-retirase-la-escombrera-de-una-fuga-de-agua-en-iglesias-alvarino\\\/#primaryimage\",\"url\":\"https:\\\/\\\/www.ppdelugo.com\\\/wp-content\\\/uploads\\\/2020\\\/07\\\/R\u00faa-Bataneira.jpg\",\"contentUrl\":\"https:\\\/\\\/www.ppdelugo.com\\\/wp-content\\\/uploads\\\/2020\\\/07\\\/R\u00faa-Bataneira.jpg\",\"width\":4032,\"height\":3024},{\"@type\":\"BreadcrumbList\",\"@id\":\"https:\\\/\\\/www.ppdelugo.com\\\/es\\\/el-pp-critica-que-en-5-meses-por-la-descoordinacion-entre-psoe-bng-no-se-retirase-la-escombrera-de-una-fuga-de-agua-en-iglesias-alvarino\\\/#breadcrumb\",\"itemListElement\":[{\"@type\":\"ListItem\",\"position\":1,\"name\":\"Portada\",\"item\":\"https:\\\/\\\/www.ppdelugo.com\\\/es\\\/\"},{\"@type\":\"ListItem\",\"position\":2,\"name\":\"El PP critica que en 5 meses \u201cpor la descoordinaci\u00f3n entre PSOE-BNG\u201d no se retirase la escombrera de una fuga de agua en Iglesias Alvari\u00f1o\"}]},{\"@type\":\"WebSite\",\"@id\":\"https:\\\/\\\/www.ppdelugo.com\\\/es\\\/#website\",\"url\":\"https:\\\/\\\/www.ppdelugo.com\\\/es\\\/\",\"name\":\"Grupo Municipal Partido Popular de Lugo\",\"description\":\"Web del Grupo Municipal del Partido Popular en el Ayuntamiento de Lugo, con informaci\u00f3n sobre Lugo y fomento de la participaci\u00f3n ciudadana\",\"potentialAction\":[{\"@type\":\"SearchAction\",\"target\":{\"@type\":\"EntryPoint\",\"urlTemplate\":\"https:\\\/\\\/www.ppdelugo.com\\\/es\\\/?s={search_term_string}\"},\"query-input\":{\"@type\":\"PropertyValueSpecification\",\"valueRequired\":true,\"valueName\":\"search_term_string\"}}],\"inLanguage\":\"es\"},{\"@type\":\"Person\",\"@id\":\"https:\\\/\\\/www.ppdelugo.com\\\/es\\\/#\\\/schema\\\/person\\\/4fa17dd371813e2c389a4417775cec48\",\"name\":\"ppdelugo\",\"url\":\"https:\\\/\\\/www.ppdelugo.com\\\/es\\\/author\\\/admin-2\\\/\"}]}<\/script>\n<!-- \/ Yoast SEO plugin. -->","yoast_head_json":{"title":"El PP critica que en 5 meses \u201cpor la descoordinaci\u00f3n entre PSOE-BNG\u201d no se retirase la escombrera de una fuga de agua en Iglesias Alvari\u00f1o - Grupo Municipal Partido Popular de Lugo","robots":{"index":"index","follow":"follow","max-snippet":"max-snippet:-1","max-image-preview":"max-image-preview:large","max-video-preview":"max-video-preview:-1"},"canonical":"https:\/\/www.ppdelugo.com\/es\/el-pp-critica-que-en-5-meses-por-la-descoordinacion-entre-psoe-bng-no-se-retirase-la-escombrera-de-una-fuga-de-agua-en-iglesias-alvarino\/","og_locale":"es_ES","og_type":"article","og_title":"El PP critica que en 5 meses \u201cpor la descoordinaci\u00f3n entre PSOE-BNG\u201d no se retirase la escombrera de una fuga de agua en Iglesias Alvari\u00f1o - Grupo Municipal Partido Popular de Lugo","og_description":"El PP pide coordinaci\u00f3n entre el servicio de aguas que depende del PSOE u el\u00a0 de v\u00edas y obras que es competencia del BNG para \u00a0\u201cevitar que puntos onde se...","og_url":"https:\/\/www.ppdelugo.com\/es\/el-pp-critica-que-en-5-meses-por-la-descoordinacion-entre-psoe-bng-no-se-retirase-la-escombrera-de-una-fuga-de-agua-en-iglesias-alvarino\/","og_site_name":"Grupo Municipal Partido Popular de Lugo","article_published_time":"2020-07-23T11:33:10+00:00","og_image":[{"width":1024,"height":768,"url":"https:\/\/www.ppdelugo.com\/wp-content\/uploads\/2020\/07\/R\u00faa-Bataneira-1024x768.jpg","type":"image\/jpeg"}],"author":"ppdelugo","twitter_card":"summary_large_image","twitter_misc":{"Escrito por":"ppdelugo","Tiempo de lectura":"2 minutos"},"schema":{"@context":"https:\/\/schema.org","@graph":[{"@type":"Article","@id":"https:\/\/www.ppdelugo.com\/es\/el-pp-critica-que-en-5-meses-por-la-descoordinacion-entre-psoe-bng-no-se-retirase-la-escombrera-de-una-fuga-de-agua-en-iglesias-alvarino\/#article","isPartOf":{"@id":"https:\/\/www.ppdelugo.com\/es\/el-pp-critica-que-en-5-meses-por-la-descoordinacion-entre-psoe-bng-no-se-retirase-la-escombrera-de-una-fuga-de-agua-en-iglesias-alvarino\/"},"author":{"name":"ppdelugo","@id":"https:\/\/www.ppdelugo.com\/es\/#\/schema\/person\/4fa17dd371813e2c389a4417775cec48"},"headline":"El PP critica que en 5 meses \u201cpor la descoordinaci\u00f3n entre PSOE-BNG\u201d no se retirase la escombrera de una fuga de agua en Iglesias Alvari\u00f1o","datePublished":"2020-07-23T11:33:10+00:00","mainEntityOfPage":{"@id":"https:\/\/www.ppdelugo.com\/es\/el-pp-critica-que-en-5-meses-por-la-descoordinacion-entre-psoe-bng-no-se-retirase-la-escombrera-de-una-fuga-de-agua-en-iglesias-alvarino\/"},"wordCount":381,"commentCount":0,"image":{"@id":"https:\/\/www.ppdelugo.com\/es\/el-pp-critica-que-en-5-meses-por-la-descoordinacion-entre-psoe-bng-no-se-retirase-la-escombrera-de-una-fuga-de-agua-en-iglesias-alvarino\/#primaryimage"},"thumbnailUrl":"https:\/\/www.ppdelugo.com\/wp-content\/uploads\/2020\/07\/R\u00faa-Bataneira.jpg","articleSection":["Infraestructuras"],"inLanguage":"es","potentialAction":[{"@type":"CommentAction","name":"Comment","target":["https:\/\/www.ppdelugo.com\/es\/el-pp-critica-que-en-5-meses-por-la-descoordinacion-entre-psoe-bng-no-se-retirase-la-escombrera-de-una-fuga-de-agua-en-iglesias-alvarino\/#respond"]}]},{"@type":"WebPage","@id":"https:\/\/www.ppdelugo.com\/es\/el-pp-critica-que-en-5-meses-por-la-descoordinacion-entre-psoe-bng-no-se-retirase-la-escombrera-de-una-fuga-de-agua-en-iglesias-alvarino\/","url":"https:\/\/www.ppdelugo.com\/es\/el-pp-critica-que-en-5-meses-por-la-descoordinacion-entre-psoe-bng-no-se-retirase-la-escombrera-de-una-fuga-de-agua-en-iglesias-alvarino\/","name":"El PP critica que en 5 meses \u201cpor la descoordinaci\u00f3n entre PSOE-BNG\u201d no se retirase la escombrera de una fuga de agua en Iglesias Alvari\u00f1o - Grupo Municipal Partido Popular de Lugo","isPartOf":{"@id":"https:\/\/www.ppdelugo.com\/es\/#website"},"primaryImageOfPage":{"@id":"https:\/\/www.ppdelugo.com\/es\/el-pp-critica-que-en-5-meses-por-la-descoordinacion-entre-psoe-bng-no-se-retirase-la-escombrera-de-una-fuga-de-agua-en-iglesias-alvarino\/#primaryimage"},"image":{"@id":"https:\/\/www.ppdelugo.com\/es\/el-pp-critica-que-en-5-meses-por-la-descoordinacion-entre-psoe-bng-no-se-retirase-la-escombrera-de-una-fuga-de-agua-en-iglesias-alvarino\/#primaryimage"},"thumbnailUrl":"https:\/\/www.ppdelugo.com\/wp-content\/uploads\/2020\/07\/R\u00faa-Bataneira.jpg","datePublished":"2020-07-23T11:33:10+00:00","author":{"@id":"https:\/\/www.ppdelugo.com\/es\/#\/schema\/person\/4fa17dd371813e2c389a4417775cec48"},"breadcrumb":{"@id":"https:\/\/www.ppdelugo.com\/es\/el-pp-critica-que-en-5-meses-por-la-descoordinacion-entre-psoe-bng-no-se-retirase-la-escombrera-de-una-fuga-de-agua-en-iglesias-alvarino\/#breadcrumb"},"inLanguage":"es","potentialAction":[{"@type":"ReadAction","target":["https:\/\/www.ppdelugo.com\/es\/el-pp-critica-que-en-5-meses-por-la-descoordinacion-entre-psoe-bng-no-se-retirase-la-escombrera-de-una-fuga-de-agua-en-iglesias-alvarino\/"]}]},{"@type":"ImageObject","inLanguage":"es","@id":"https:\/\/www.ppdelugo.com\/es\/el-pp-critica-que-en-5-meses-por-la-descoordinacion-entre-psoe-bng-no-se-retirase-la-escombrera-de-una-fuga-de-agua-en-iglesias-alvarino\/#primaryimage","url":"https:\/\/www.ppdelugo.com\/wp-content\/uploads\/2020\/07\/R\u00faa-Bataneira.jpg","contentUrl":"https:\/\/www.ppdelugo.com\/wp-content\/uploads\/2020\/07\/R\u00faa-Bataneira.jpg","width":4032,"height":3024},{"@type":"BreadcrumbList","@id":"https:\/\/www.ppdelugo.com\/es\/el-pp-critica-que-en-5-meses-por-la-descoordinacion-entre-psoe-bng-no-se-retirase-la-escombrera-de-una-fuga-de-agua-en-iglesias-alvarino\/#breadcrumb","itemListElement":[{"@type":"ListItem","position":1,"name":"Portada","item":"https:\/\/www.ppdelugo.com\/es\/"},{"@type":"ListItem","position":2,"name":"El PP critica que en 5 meses \u201cpor la descoordinaci\u00f3n entre PSOE-BNG\u201d no se retirase la escombrera de una fuga de agua en Iglesias Alvari\u00f1o"}]},{"@type":"WebSite","@id":"https:\/\/www.ppdelugo.com\/es\/#website","url":"https:\/\/www.ppdelugo.com\/es\/","name":"Grupo Municipal Partido Popular de Lugo","description":"Web del Grupo Municipal del Partido Popular en el Ayuntamiento de Lugo, con informaci\u00f3n sobre Lugo y fomento de la participaci\u00f3n ciudadana","potentialAction":[{"@type":"SearchAction","target":{"@type":"EntryPoint","urlTemplate":"https:\/\/www.ppdelugo.com\/es\/?s={search_term_string}"},"query-input":{"@type":"PropertyValueSpecification","valueRequired":true,"valueName":"search_term_string"}}],"inLanguage":"es"},{"@type":"Person","@id":"https:\/\/www.ppdelugo.com\/es\/#\/schema\/person\/4fa17dd371813e2c389a4417775cec48","name":"ppdelugo","url":"https:\/\/www.ppdelugo.com\/es\/author\/admin-2\/"}]}},"_links":{"self":[{"href":"https:\/\/www.ppdelugo.com\/es\/wp-json\/wp\/v2\/posts\/12806","targetHints":{"allow":["GET"]}}],"collection":[{"href":"https:\/\/www.ppdelugo.com\/es\/wp-json\/wp\/v2\/posts"}],"about":[{"href":"https:\/\/www.ppdelugo.com\/es\/wp-json\/wp\/v2\/types\/post"}],"author":[{"embeddable":true,"href":"https:\/\/www.ppdelugo.com\/es\/wp-json\/wp\/v2\/users\/8"}],"replies":[{"embeddable":true,"href":"https:\/\/www.ppdelugo.com\/es\/wp-json\/wp\/v2\/comments?post=12806"}],"version-history":[{"count":0,"href":"https:\/\/www.ppdelugo.com\/es\/wp-json\/wp\/v2\/posts\/12806\/revisions"}],"wp:featuredmedia":[{"embeddable":true,"href":"https:\/\/www.ppdelugo.com\/es\/wp-json\/wp\/v2\/media\/12804"}],"wp:attachment":[{"href":"https:\/\/www.ppdelugo.com\/es\/wp-json\/wp\/v2\/media?parent=12806"}],"wp:term":[{"taxonomy":"category","embeddable":true,"href":"https:\/\/www.ppdelugo.com\/es\/wp-json\/wp\/v2\/categories?post=12806"},{"taxonomy":"post_tag","embeddable":true,"href":"https:\/\/www.ppdelugo.com\/es\/wp-json\/wp\/v2\/tags?post=12806"}],"curies":[{"name":"wp","href":"https:\/\/api.w.org\/{rel}","templated":true}]}}