{"id":12798,"date":"2020-07-21T11:18:28","date_gmt":"2020-07-21T11:18:28","guid":{"rendered":"http:\/\/www.ppdelugo.com\/?p=12798"},"modified":"2020-07-21T11:21:16","modified_gmt":"2020-07-21T11:21:16","slug":"12798","status":"publish","type":"post","link":"https:\/\/www.ppdelugo.com\/es\/12798\/","title":{"rendered":"El PP propone invertir los 2,4M\u20ac sobrantes del Reanima en ayudas a familias, emprendedores, aut\u00f3nomos y entidades sociales"},"content":{"rendered":"<p>El Grupo Popular elevar\u00e1 a pleno una proposici\u00f3n para que se inviertan los 2.368.290\u20ac sobrantes del programa Reanima en ayudas directas a familias que m\u00e1s lo necesiten; tambi\u00e9n \u00a0ayudas a emprendedores a fondo perdido, ayudas a aut\u00f3nomos y empresarios para su consolidaci\u00f3n tras la crise del Covid as\u00ed como para la modernizaci\u00f3n y digitalizaci\u00f3n de las empresas.<\/p>\n<p>Tam\u00e9n se solicitan \u00a0axudas para entidades sociais que traballaron e est\u00e1n a traballar activamente para paliar as consecuencias do covid no noso municipio e que \u201cfroito da situaci\u00f3n viron como o n\u00famero de usuarios dos seus servizos medrou de xeito exponencial durante estes meses\u201d.<\/p>\n<p>O vicevoceiro popular Antonio Ameijide presentaba este plan de est\u00edmulo \u00e1 econom\u00eda local e ao emprendemento tras lamentar \u201co fiasco do Reanima\u201d e, como proba deste fracaso, explicaba que na li\u00f1a do Mill\u00f3n de euros para familias tan s\u00f3 se concederon 48.658 \u20ac o que sup\u00f3n \u201cunha rid\u00edcula porcentaxe\u201d do 4.8% do total que se traduciu en 405 axudas directas.<\/p>\n<p>Con respecto aos 4 M\u20ac habilitados para aut\u00f3nomos e empresas se utilizou o 64,6% da partida, outorgando 2.436 axudas por un montante de 2.583.060 \u20ac, quedando sen distribuir 1.416.940 \u20ac.<\/p>\n<p>En conclusi\u00f3n, argumenta Ameijide o Plan Reanima acumula un sobrante que sup\u00f3n unha porcentaxe do 47,4%, por este motivo, podemos dicir que \u201co plan non funcionou, non cobriu as necesidades da sociedade lucense e como xa anunciaramos dende o PP, non se adaptaba \u00e1 realidade\u201d.<\/p>\n<p>O vicevoceiro popular invitaba ao goberno local a reflexionar sobre a necesidade de mellorar as bases dunha segunda edici\u00f3n do Reanima porque \u201cas porcentaxes do concedido demostran que o importante non \u00e9 a idea sen\u00f3n a s\u00faa execuci\u00f3n e, no caso do concello de Lugo, observamos como te\u00f1en graves problemas para xestionar\u201d.<\/p>\n<p>O popular explica que \u201cos socialistas se conforman con dicir que foron os pioneiros dun programa deste tipo, pero ser os primeiros non significa ser os mellores, como as\u00ed se demostrou\u201d. \u201cNon foron capaces de xestionar o programa, e se retrasaron meses en aboar as axudas xa que acaban de empezar a facer os ingresos polo que a maior\u00eda dos beneficiarios siguen sin cobrar\u201d.<\/p>\n","protected":false},"excerpt":{"rendered":"<p>El Grupo Popular elevar\u00e1 a pleno una proposici\u00f3n para que se inviertan los 2.368.290\u20ac sobrantes del programa Reanima en ayudas directas a familias que m\u00e1s lo necesiten; tambi\u00e9n \u00a0ayudas a&#8230;<\/p>\n","protected":false},"author":8,"featured_media":8871,"comment_status":"open","ping_status":"closed","sticky":false,"template":"","format":"standard","meta":{"footnotes":""},"categories":[31],"tags":[],"class_list":{"0":"post-12798","1":"post","2":"type-post","3":"status-publish","4":"format-standard","5":"has-post-thumbnail","7":"category-economia-es"},"yoast_head":"<!-- This site is optimized with the Yoast SEO plugin v27.4 - https:\/\/yoast.com\/product\/yoast-seo-wordpress\/ -->\n<title>El PP propone invertir los 2,4M\u20ac sobrantes del Reanima en ayudas a familias, emprendedores, aut\u00f3nomos y entidades sociales - Grupo Municipal Partido Popular de Lugo<\/title>\n<meta name=\"robots\" content=\"index, follow, max-snippet:-1, max-image-preview:large, max-video-preview:-1\" \/>\n<link rel=\"canonical\" href=\"https:\/\/www.ppdelugo.com\/es\/12798\/\" \/>\n<meta property=\"og:locale\" content=\"es_ES\" \/>\n<meta property=\"og:type\" content=\"article\" \/>\n<meta property=\"og:title\" content=\"El PP propone invertir los 2,4M\u20ac sobrantes del Reanima en ayudas a familias, emprendedores, aut\u00f3nomos y entidades sociales - Grupo Municipal Partido Popular de Lugo\" \/>\n<meta property=\"og:description\" content=\"El Grupo Popular elevar\u00e1 a pleno una proposici\u00f3n para que se inviertan los 2.368.290\u20ac sobrantes del programa Reanima en ayudas directas a familias que m\u00e1s lo necesiten; tambi\u00e9n \u00a0ayudas a...\" \/>\n<meta property=\"og:url\" content=\"https:\/\/www.ppdelugo.com\/es\/12798\/\" \/>\n<meta property=\"og:site_name\" content=\"Grupo Municipal Partido Popular de Lugo\" \/>\n<meta property=\"article:published_time\" content=\"2020-07-21T11:18:28+00:00\" \/>\n<meta property=\"article:modified_time\" content=\"2020-07-21T11:21:16+00:00\" \/>\n<meta property=\"og:image\" content=\"https:\/\/www.ppdelugo.com\/wp-content\/uploads\/2017\/06\/P\u00e1x-Econom\u00eda-1-1024x683.jpg\" \/>\n\t<meta property=\"og:image:width\" content=\"1024\" \/>\n\t<meta property=\"og:image:height\" content=\"683\" \/>\n\t<meta property=\"og:image:type\" content=\"image\/jpeg\" \/>\n<meta name=\"author\" content=\"ppdelugo\" \/>\n<meta name=\"twitter:card\" content=\"summary_large_image\" \/>\n<meta name=\"twitter:label1\" content=\"Escrito por\" \/>\n\t<meta name=\"twitter:data1\" content=\"ppdelugo\" \/>\n\t<meta name=\"twitter:label2\" content=\"Tiempo de lectura\" \/>\n\t<meta name=\"twitter:data2\" content=\"2 minutos\" \/>\n<script type=\"application\/ld+json\" class=\"yoast-schema-graph\">{\"@context\":\"https:\\\/\\\/schema.org\",\"@graph\":[{\"@type\":\"Article\",\"@id\":\"https:\\\/\\\/www.ppdelugo.com\\\/es\\\/12798\\\/#article\",\"isPartOf\":{\"@id\":\"https:\\\/\\\/www.ppdelugo.com\\\/es\\\/12798\\\/\"},\"author\":{\"name\":\"ppdelugo\",\"@id\":\"https:\\\/\\\/www.ppdelugo.com\\\/es\\\/#\\\/schema\\\/person\\\/4fa17dd371813e2c389a4417775cec48\"},\"headline\":\"El PP propone invertir los 2,4M\u20ac sobrantes del Reanima en ayudas a familias, emprendedores, aut\u00f3nomos y entidades sociales\",\"datePublished\":\"2020-07-21T11:18:28+00:00\",\"dateModified\":\"2020-07-21T11:21:16+00:00\",\"mainEntityOfPage\":{\"@id\":\"https:\\\/\\\/www.ppdelugo.com\\\/es\\\/12798\\\/\"},\"wordCount\":381,\"commentCount\":0,\"image\":{\"@id\":\"https:\\\/\\\/www.ppdelugo.com\\\/es\\\/12798\\\/#primaryimage\"},\"thumbnailUrl\":\"https:\\\/\\\/www.ppdelugo.com\\\/wp-content\\\/uploads\\\/2017\\\/06\\\/P\u00e1x-Econom\u00eda-1.jpg\",\"articleSection\":[\"Econom\u00eda\"],\"inLanguage\":\"es\",\"potentialAction\":[{\"@type\":\"CommentAction\",\"name\":\"Comment\",\"target\":[\"https:\\\/\\\/www.ppdelugo.com\\\/es\\\/12798\\\/#respond\"]}]},{\"@type\":\"WebPage\",\"@id\":\"https:\\\/\\\/www.ppdelugo.com\\\/es\\\/12798\\\/\",\"url\":\"https:\\\/\\\/www.ppdelugo.com\\\/es\\\/12798\\\/\",\"name\":\"El PP propone invertir los 2,4M\u20ac sobrantes del Reanima en ayudas a familias, emprendedores, aut\u00f3nomos y entidades sociales - Grupo Municipal Partido Popular de Lugo\",\"isPartOf\":{\"@id\":\"https:\\\/\\\/www.ppdelugo.com\\\/es\\\/#website\"},\"primaryImageOfPage\":{\"@id\":\"https:\\\/\\\/www.ppdelugo.com\\\/es\\\/12798\\\/#primaryimage\"},\"image\":{\"@id\":\"https:\\\/\\\/www.ppdelugo.com\\\/es\\\/12798\\\/#primaryimage\"},\"thumbnailUrl\":\"https:\\\/\\\/www.ppdelugo.com\\\/wp-content\\\/uploads\\\/2017\\\/06\\\/P\u00e1x-Econom\u00eda-1.jpg\",\"datePublished\":\"2020-07-21T11:18:28+00:00\",\"dateModified\":\"2020-07-21T11:21:16+00:00\",\"author\":{\"@id\":\"https:\\\/\\\/www.ppdelugo.com\\\/es\\\/#\\\/schema\\\/person\\\/4fa17dd371813e2c389a4417775cec48\"},\"breadcrumb\":{\"@id\":\"https:\\\/\\\/www.ppdelugo.com\\\/es\\\/12798\\\/#breadcrumb\"},\"inLanguage\":\"es\",\"potentialAction\":[{\"@type\":\"ReadAction\",\"target\":[\"https:\\\/\\\/www.ppdelugo.com\\\/es\\\/12798\\\/\"]}]},{\"@type\":\"ImageObject\",\"inLanguage\":\"es\",\"@id\":\"https:\\\/\\\/www.ppdelugo.com\\\/es\\\/12798\\\/#primaryimage\",\"url\":\"https:\\\/\\\/www.ppdelugo.com\\\/wp-content\\\/uploads\\\/2017\\\/06\\\/P\u00e1x-Econom\u00eda-1.jpg\",\"contentUrl\":\"https:\\\/\\\/www.ppdelugo.com\\\/wp-content\\\/uploads\\\/2017\\\/06\\\/P\u00e1x-Econom\u00eda-1.jpg\",\"width\":6000,\"height\":4000},{\"@type\":\"BreadcrumbList\",\"@id\":\"https:\\\/\\\/www.ppdelugo.com\\\/es\\\/12798\\\/#breadcrumb\",\"itemListElement\":[{\"@type\":\"ListItem\",\"position\":1,\"name\":\"Portada\",\"item\":\"https:\\\/\\\/www.ppdelugo.com\\\/es\\\/\"},{\"@type\":\"ListItem\",\"position\":2,\"name\":\"El PP propone invertir los 2,4M\u20ac sobrantes del Reanima en ayudas a familias, emprendedores, aut\u00f3nomos y entidades sociales\"}]},{\"@type\":\"WebSite\",\"@id\":\"https:\\\/\\\/www.ppdelugo.com\\\/es\\\/#website\",\"url\":\"https:\\\/\\\/www.ppdelugo.com\\\/es\\\/\",\"name\":\"Grupo Municipal Partido Popular de Lugo\",\"description\":\"Web del Grupo Municipal del Partido Popular en el Ayuntamiento de Lugo, con informaci\u00f3n sobre Lugo y fomento de la participaci\u00f3n ciudadana\",\"potentialAction\":[{\"@type\":\"SearchAction\",\"target\":{\"@type\":\"EntryPoint\",\"urlTemplate\":\"https:\\\/\\\/www.ppdelugo.com\\\/es\\\/?s={search_term_string}\"},\"query-input\":{\"@type\":\"PropertyValueSpecification\",\"valueRequired\":true,\"valueName\":\"search_term_string\"}}],\"inLanguage\":\"es\"},{\"@type\":\"Person\",\"@id\":\"https:\\\/\\\/www.ppdelugo.com\\\/es\\\/#\\\/schema\\\/person\\\/4fa17dd371813e2c389a4417775cec48\",\"name\":\"ppdelugo\",\"url\":\"https:\\\/\\\/www.ppdelugo.com\\\/es\\\/author\\\/admin-2\\\/\"}]}<\/script>\n<!-- \/ Yoast SEO plugin. -->","yoast_head_json":{"title":"El PP propone invertir los 2,4M\u20ac sobrantes del Reanima en ayudas a familias, emprendedores, aut\u00f3nomos y entidades sociales - Grupo Municipal Partido Popular de Lugo","robots":{"index":"index","follow":"follow","max-snippet":"max-snippet:-1","max-image-preview":"max-image-preview:large","max-video-preview":"max-video-preview:-1"},"canonical":"https:\/\/www.ppdelugo.com\/es\/12798\/","og_locale":"es_ES","og_type":"article","og_title":"El PP propone invertir los 2,4M\u20ac sobrantes del Reanima en ayudas a familias, emprendedores, aut\u00f3nomos y entidades sociales - Grupo Municipal Partido Popular de Lugo","og_description":"El Grupo Popular elevar\u00e1 a pleno una proposici\u00f3n para que se inviertan los 2.368.290\u20ac sobrantes del programa Reanima en ayudas directas a familias que m\u00e1s lo necesiten; tambi\u00e9n \u00a0ayudas a...","og_url":"https:\/\/www.ppdelugo.com\/es\/12798\/","og_site_name":"Grupo Municipal Partido Popular de Lugo","article_published_time":"2020-07-21T11:18:28+00:00","article_modified_time":"2020-07-21T11:21:16+00:00","og_image":[{"width":1024,"height":683,"url":"https:\/\/www.ppdelugo.com\/wp-content\/uploads\/2017\/06\/P\u00e1x-Econom\u00eda-1-1024x683.jpg","type":"image\/jpeg"}],"author":"ppdelugo","twitter_card":"summary_large_image","twitter_misc":{"Escrito por":"ppdelugo","Tiempo de lectura":"2 minutos"},"schema":{"@context":"https:\/\/schema.org","@graph":[{"@type":"Article","@id":"https:\/\/www.ppdelugo.com\/es\/12798\/#article","isPartOf":{"@id":"https:\/\/www.ppdelugo.com\/es\/12798\/"},"author":{"name":"ppdelugo","@id":"https:\/\/www.ppdelugo.com\/es\/#\/schema\/person\/4fa17dd371813e2c389a4417775cec48"},"headline":"El PP propone invertir los 2,4M\u20ac sobrantes del Reanima en ayudas a familias, emprendedores, aut\u00f3nomos y entidades sociales","datePublished":"2020-07-21T11:18:28+00:00","dateModified":"2020-07-21T11:21:16+00:00","mainEntityOfPage":{"@id":"https:\/\/www.ppdelugo.com\/es\/12798\/"},"wordCount":381,"commentCount":0,"image":{"@id":"https:\/\/www.ppdelugo.com\/es\/12798\/#primaryimage"},"thumbnailUrl":"https:\/\/www.ppdelugo.com\/wp-content\/uploads\/2017\/06\/P\u00e1x-Econom\u00eda-1.jpg","articleSection":["Econom\u00eda"],"inLanguage":"es","potentialAction":[{"@type":"CommentAction","name":"Comment","target":["https:\/\/www.ppdelugo.com\/es\/12798\/#respond"]}]},{"@type":"WebPage","@id":"https:\/\/www.ppdelugo.com\/es\/12798\/","url":"https:\/\/www.ppdelugo.com\/es\/12798\/","name":"El PP propone invertir los 2,4M\u20ac sobrantes del Reanima en ayudas a familias, emprendedores, aut\u00f3nomos y entidades sociales - Grupo Municipal Partido Popular de Lugo","isPartOf":{"@id":"https:\/\/www.ppdelugo.com\/es\/#website"},"primaryImageOfPage":{"@id":"https:\/\/www.ppdelugo.com\/es\/12798\/#primaryimage"},"image":{"@id":"https:\/\/www.ppdelugo.com\/es\/12798\/#primaryimage"},"thumbnailUrl":"https:\/\/www.ppdelugo.com\/wp-content\/uploads\/2017\/06\/P\u00e1x-Econom\u00eda-1.jpg","datePublished":"2020-07-21T11:18:28+00:00","dateModified":"2020-07-21T11:21:16+00:00","author":{"@id":"https:\/\/www.ppdelugo.com\/es\/#\/schema\/person\/4fa17dd371813e2c389a4417775cec48"},"breadcrumb":{"@id":"https:\/\/www.ppdelugo.com\/es\/12798\/#breadcrumb"},"inLanguage":"es","potentialAction":[{"@type":"ReadAction","target":["https:\/\/www.ppdelugo.com\/es\/12798\/"]}]},{"@type":"ImageObject","inLanguage":"es","@id":"https:\/\/www.ppdelugo.com\/es\/12798\/#primaryimage","url":"https:\/\/www.ppdelugo.com\/wp-content\/uploads\/2017\/06\/P\u00e1x-Econom\u00eda-1.jpg","contentUrl":"https:\/\/www.ppdelugo.com\/wp-content\/uploads\/2017\/06\/P\u00e1x-Econom\u00eda-1.jpg","width":6000,"height":4000},{"@type":"BreadcrumbList","@id":"https:\/\/www.ppdelugo.com\/es\/12798\/#breadcrumb","itemListElement":[{"@type":"ListItem","position":1,"name":"Portada","item":"https:\/\/www.ppdelugo.com\/es\/"},{"@type":"ListItem","position":2,"name":"El PP propone invertir los 2,4M\u20ac sobrantes del Reanima en ayudas a familias, emprendedores, aut\u00f3nomos y entidades sociales"}]},{"@type":"WebSite","@id":"https:\/\/www.ppdelugo.com\/es\/#website","url":"https:\/\/www.ppdelugo.com\/es\/","name":"Grupo Municipal Partido Popular de Lugo","description":"Web del Grupo Municipal del Partido Popular en el Ayuntamiento de Lugo, con informaci\u00f3n sobre Lugo y fomento de la participaci\u00f3n ciudadana","potentialAction":[{"@type":"SearchAction","target":{"@type":"EntryPoint","urlTemplate":"https:\/\/www.ppdelugo.com\/es\/?s={search_term_string}"},"query-input":{"@type":"PropertyValueSpecification","valueRequired":true,"valueName":"search_term_string"}}],"inLanguage":"es"},{"@type":"Person","@id":"https:\/\/www.ppdelugo.com\/es\/#\/schema\/person\/4fa17dd371813e2c389a4417775cec48","name":"ppdelugo","url":"https:\/\/www.ppdelugo.com\/es\/author\/admin-2\/"}]}},"_links":{"self":[{"href":"https:\/\/www.ppdelugo.com\/es\/wp-json\/wp\/v2\/posts\/12798","targetHints":{"allow":["GET"]}}],"collection":[{"href":"https:\/\/www.ppdelugo.com\/es\/wp-json\/wp\/v2\/posts"}],"about":[{"href":"https:\/\/www.ppdelugo.com\/es\/wp-json\/wp\/v2\/types\/post"}],"author":[{"embeddable":true,"href":"https:\/\/www.ppdelugo.com\/es\/wp-json\/wp\/v2\/users\/8"}],"replies":[{"embeddable":true,"href":"https:\/\/www.ppdelugo.com\/es\/wp-json\/wp\/v2\/comments?post=12798"}],"version-history":[{"count":0,"href":"https:\/\/www.ppdelugo.com\/es\/wp-json\/wp\/v2\/posts\/12798\/revisions"}],"wp:featuredmedia":[{"embeddable":true,"href":"https:\/\/www.ppdelugo.com\/es\/wp-json\/wp\/v2\/media\/8871"}],"wp:attachment":[{"href":"https:\/\/www.ppdelugo.com\/es\/wp-json\/wp\/v2\/media?parent=12798"}],"wp:term":[{"taxonomy":"category","embeddable":true,"href":"https:\/\/www.ppdelugo.com\/es\/wp-json\/wp\/v2\/categories?post=12798"},{"taxonomy":"post_tag","embeddable":true,"href":"https:\/\/www.ppdelugo.com\/es\/wp-json\/wp\/v2\/tags?post=12798"}],"curies":[{"name":"wp","href":"https:\/\/api.w.org\/{rel}","templated":true}]}}