{"id":12785,"date":"2020-07-20T10:43:24","date_gmt":"2020-07-20T10:43:24","guid":{"rendered":"http:\/\/www.ppdelugo.com\/?p=12785"},"modified":"2020-07-20T10:46:31","modified_gmt":"2020-07-20T10:46:31","slug":"el-pp-pide-un-consenso-de-todos-los-grupos-en-el-gabinete-de-trafico-del-modelo-de-movilidad-post-covid-de-lugo","status":"publish","type":"post","link":"https:\/\/www.ppdelugo.com\/es\/el-pp-pide-un-consenso-de-todos-los-grupos-en-el-gabinete-de-trafico-del-modelo-de-movilidad-post-covid-de-lugo\/","title":{"rendered":"El PP pide un consenso de todos los grupos, en el gabinete de tr\u00e1fico, del modelo de movilidad post covid de Lugo"},"content":{"rendered":"<p>Antonio Ameijide, explica que en las \u00faltimas semanas el Ayuntamiento sufri\u00f3 numerosos cambios en lo que se refiere a la circulaci\u00f3n, modificaciones importantes como la perdida de un carril de circulaci\u00f3n en la Ronda de la Muralla o el cambio de de direcci\u00f3n de diferentes calles en la Milagrosa, en el Barrio Feijoo, peatonalizaciones como la de Recatelo o cortes de calles como consecuencia de la colocaci\u00f3n de terrazas como Rafael de Vega.<\/p>\n<p>Por este motivo, Antonio Ameijide sinala que nos meses de ver\u00e1n, nos que a densidade do tr\u00e1fico red\u00facese notablemente na cidade, \u00e9 un bo momento para que o goberno local convoque unha xuntanza peri\u00f3dica do gabinete de tr\u00e1fico, cita na que tam\u00e9n poder\u00eda convidar aos grupos municipais da oposici\u00f3n para poder avaliar entre todos os cambios sufridos na cidade e como afectar\u00e1n \u00e1 vida dos lucenses, toda vez que en setembro se recupere a actividade diaria normal da cidade. \u201cPedimos algo moi sinxelo que pensamos redundar\u00e1 no beneficio dos lucenses: traballar en conxunto para buscar alternativas ao tr\u00e1fico, ao estacionamento e ao transporte urbano\u201d, explica.<\/p>\n<p>O concelleiro popular pide a Lara M\u00e9ndez e a Rub\u00e9n Arroxo que consideren esta proposta, xa que entre todas as partes podamos confeccionar unha visi\u00f3n conxunta de cidade. \u201cFalamos de po\u00f1er sobre a mesa diferentes puntos de vista de en que situaci\u00f3n quedar\u00e1 a cidade, para chegar ao mellor consenso para facilitar a vida dos lucenses. Estamos dispostos a arrimar o ombreiro e aportar ideas polo ben de Lugo\u201d, explicou.<\/p>\n<p>Antonio Ameijide pide altura de miras \u00e1 alcaldesa e ao vicealcalde para deixar atr\u00e1s \u201ca improvisaci\u00f3n e as decisi\u00f3ns unilaterais\u201d que nalg\u00fan caso se converteron en \u201cactuaci\u00f3ns perigosas\u201d. \u201cNon dubidamos da eficacia destas medidas, pero as cousas hai que facelas con estudios previos, proxectos de obra e unha sinalizaci\u00f3n correcta\u201d, apuntou.<\/p>\n<p>Neste senso, o popular explica que nesta comisi\u00f3n p\u00f3dese valorar de maneira conxunta a peonalizaci\u00f3n dun carril da Ronda da Muralla, a peonalizaci\u00f3n da Mosquera (unha actuaci\u00f3n aprobada en pleno), a peonalizaci\u00f3n de Quiroga Ballesteros, os cambios efectuados na Milagrosa, no Barrio Feijoo, en Recatelo ou en que situaci\u00f3n queda o transporte urbano despois de todos estes trocos que xa se efectuaron ou se van a efectuar nos vindeiros meses<\/p>\n<p>O popular conclu\u00eda \u201cestamos nun momento no que estas obras e actuaci\u00f3ns transformar\u00e1n, de xeito definido o d\u00eda a d\u00eda da cidade, e c\u00f3mpre analizadas para estudar, entre todos, o impacto destas medidas no entorno as\u00ed como as alternativa ao tr\u00e1fico e estacionamento\u201d.<\/p>\n<p>&nbsp;<\/p>\n","protected":false},"excerpt":{"rendered":"<p>Antonio Ameijide, explica que en las \u00faltimas semanas el Ayuntamiento sufri\u00f3 numerosos cambios en lo que se refiere a la circulaci\u00f3n, modificaciones importantes como la perdida de un carril de&#8230;<\/p>\n","protected":false},"author":8,"featured_media":12782,"comment_status":"open","ping_status":"closed","sticky":false,"template":"","format":"standard","meta":{"footnotes":""},"categories":[38],"tags":[],"class_list":{"0":"post-12785","1":"post","2":"type-post","3":"status-publish","4":"format-standard","5":"has-post-thumbnail","7":"category-trafico-es"},"yoast_head":"<!-- This site is optimized with the Yoast SEO plugin v27.4 - https:\/\/yoast.com\/product\/yoast-seo-wordpress\/ -->\n<title>El PP pide un consenso de todos los grupos, en el gabinete de tr\u00e1fico, del modelo de movilidad post covid de Lugo - Grupo Municipal Partido Popular de Lugo<\/title>\n<meta name=\"robots\" content=\"index, follow, max-snippet:-1, max-image-preview:large, max-video-preview:-1\" \/>\n<link rel=\"canonical\" href=\"https:\/\/www.ppdelugo.com\/es\/el-pp-pide-un-consenso-de-todos-los-grupos-en-el-gabinete-de-trafico-del-modelo-de-movilidad-post-covid-de-lugo\/\" \/>\n<meta property=\"og:locale\" content=\"es_ES\" \/>\n<meta property=\"og:type\" content=\"article\" \/>\n<meta property=\"og:title\" content=\"El PP pide un consenso de todos los grupos, en el gabinete de tr\u00e1fico, del modelo de movilidad post covid de Lugo - Grupo Municipal Partido Popular de Lugo\" \/>\n<meta property=\"og:description\" content=\"Antonio Ameijide, explica que en las \u00faltimas semanas el Ayuntamiento sufri\u00f3 numerosos cambios en lo que se refiere a la circulaci\u00f3n, modificaciones importantes como la perdida de un carril de...\" \/>\n<meta property=\"og:url\" content=\"https:\/\/www.ppdelugo.com\/es\/el-pp-pide-un-consenso-de-todos-los-grupos-en-el-gabinete-de-trafico-del-modelo-de-movilidad-post-covid-de-lugo\/\" \/>\n<meta property=\"og:site_name\" content=\"Grupo Municipal Partido Popular de Lugo\" \/>\n<meta property=\"article:published_time\" content=\"2020-07-20T10:43:24+00:00\" \/>\n<meta property=\"article:modified_time\" content=\"2020-07-20T10:46:31+00:00\" \/>\n<meta property=\"og:image\" content=\"https:\/\/www.ppdelugo.com\/wp-content\/uploads\/2020\/07\/Mobilidade-post-covid.jpg\" \/>\n\t<meta property=\"og:image:width\" content=\"3024\" \/>\n\t<meta property=\"og:image:height\" content=\"4032\" \/>\n\t<meta property=\"og:image:type\" content=\"image\/jpeg\" \/>\n<meta name=\"author\" content=\"ppdelugo\" \/>\n<meta name=\"twitter:card\" content=\"summary_large_image\" \/>\n<meta name=\"twitter:label1\" content=\"Escrito por\" \/>\n\t<meta name=\"twitter:data1\" content=\"ppdelugo\" \/>\n\t<meta name=\"twitter:label2\" content=\"Tiempo de lectura\" \/>\n\t<meta name=\"twitter:data2\" content=\"2 minutos\" \/>\n<script type=\"application\/ld+json\" class=\"yoast-schema-graph\">{\"@context\":\"https:\\\/\\\/schema.org\",\"@graph\":[{\"@type\":\"Article\",\"@id\":\"https:\\\/\\\/www.ppdelugo.com\\\/es\\\/el-pp-pide-un-consenso-de-todos-los-grupos-en-el-gabinete-de-trafico-del-modelo-de-movilidad-post-covid-de-lugo\\\/#article\",\"isPartOf\":{\"@id\":\"https:\\\/\\\/www.ppdelugo.com\\\/es\\\/el-pp-pide-un-consenso-de-todos-los-grupos-en-el-gabinete-de-trafico-del-modelo-de-movilidad-post-covid-de-lugo\\\/\"},\"author\":{\"name\":\"ppdelugo\",\"@id\":\"https:\\\/\\\/www.ppdelugo.com\\\/es\\\/#\\\/schema\\\/person\\\/4fa17dd371813e2c389a4417775cec48\"},\"headline\":\"El PP pide un consenso de todos los grupos, en el gabinete de tr\u00e1fico, del modelo de movilidad post covid de Lugo\",\"datePublished\":\"2020-07-20T10:43:24+00:00\",\"dateModified\":\"2020-07-20T10:46:31+00:00\",\"mainEntityOfPage\":{\"@id\":\"https:\\\/\\\/www.ppdelugo.com\\\/es\\\/el-pp-pide-un-consenso-de-todos-los-grupos-en-el-gabinete-de-trafico-del-modelo-de-movilidad-post-covid-de-lugo\\\/\"},\"wordCount\":472,\"commentCount\":0,\"image\":{\"@id\":\"https:\\\/\\\/www.ppdelugo.com\\\/es\\\/el-pp-pide-un-consenso-de-todos-los-grupos-en-el-gabinete-de-trafico-del-modelo-de-movilidad-post-covid-de-lugo\\\/#primaryimage\"},\"thumbnailUrl\":\"https:\\\/\\\/www.ppdelugo.com\\\/wp-content\\\/uploads\\\/2020\\\/07\\\/Mobilidade-post-covid.jpg\",\"articleSection\":[\"Tr\u00e1fico\"],\"inLanguage\":\"es\",\"potentialAction\":[{\"@type\":\"CommentAction\",\"name\":\"Comment\",\"target\":[\"https:\\\/\\\/www.ppdelugo.com\\\/es\\\/el-pp-pide-un-consenso-de-todos-los-grupos-en-el-gabinete-de-trafico-del-modelo-de-movilidad-post-covid-de-lugo\\\/#respond\"]}]},{\"@type\":\"WebPage\",\"@id\":\"https:\\\/\\\/www.ppdelugo.com\\\/es\\\/el-pp-pide-un-consenso-de-todos-los-grupos-en-el-gabinete-de-trafico-del-modelo-de-movilidad-post-covid-de-lugo\\\/\",\"url\":\"https:\\\/\\\/www.ppdelugo.com\\\/es\\\/el-pp-pide-un-consenso-de-todos-los-grupos-en-el-gabinete-de-trafico-del-modelo-de-movilidad-post-covid-de-lugo\\\/\",\"name\":\"El PP pide un consenso de todos los grupos, en el gabinete de tr\u00e1fico, del modelo de movilidad post covid de Lugo - Grupo Municipal Partido Popular de Lugo\",\"isPartOf\":{\"@id\":\"https:\\\/\\\/www.ppdelugo.com\\\/es\\\/#website\"},\"primaryImageOfPage\":{\"@id\":\"https:\\\/\\\/www.ppdelugo.com\\\/es\\\/el-pp-pide-un-consenso-de-todos-los-grupos-en-el-gabinete-de-trafico-del-modelo-de-movilidad-post-covid-de-lugo\\\/#primaryimage\"},\"image\":{\"@id\":\"https:\\\/\\\/www.ppdelugo.com\\\/es\\\/el-pp-pide-un-consenso-de-todos-los-grupos-en-el-gabinete-de-trafico-del-modelo-de-movilidad-post-covid-de-lugo\\\/#primaryimage\"},\"thumbnailUrl\":\"https:\\\/\\\/www.ppdelugo.com\\\/wp-content\\\/uploads\\\/2020\\\/07\\\/Mobilidade-post-covid.jpg\",\"datePublished\":\"2020-07-20T10:43:24+00:00\",\"dateModified\":\"2020-07-20T10:46:31+00:00\",\"author\":{\"@id\":\"https:\\\/\\\/www.ppdelugo.com\\\/es\\\/#\\\/schema\\\/person\\\/4fa17dd371813e2c389a4417775cec48\"},\"breadcrumb\":{\"@id\":\"https:\\\/\\\/www.ppdelugo.com\\\/es\\\/el-pp-pide-un-consenso-de-todos-los-grupos-en-el-gabinete-de-trafico-del-modelo-de-movilidad-post-covid-de-lugo\\\/#breadcrumb\"},\"inLanguage\":\"es\",\"potentialAction\":[{\"@type\":\"ReadAction\",\"target\":[\"https:\\\/\\\/www.ppdelugo.com\\\/es\\\/el-pp-pide-un-consenso-de-todos-los-grupos-en-el-gabinete-de-trafico-del-modelo-de-movilidad-post-covid-de-lugo\\\/\"]}]},{\"@type\":\"ImageObject\",\"inLanguage\":\"es\",\"@id\":\"https:\\\/\\\/www.ppdelugo.com\\\/es\\\/el-pp-pide-un-consenso-de-todos-los-grupos-en-el-gabinete-de-trafico-del-modelo-de-movilidad-post-covid-de-lugo\\\/#primaryimage\",\"url\":\"https:\\\/\\\/www.ppdelugo.com\\\/wp-content\\\/uploads\\\/2020\\\/07\\\/Mobilidade-post-covid.jpg\",\"contentUrl\":\"https:\\\/\\\/www.ppdelugo.com\\\/wp-content\\\/uploads\\\/2020\\\/07\\\/Mobilidade-post-covid.jpg\",\"width\":3024,\"height\":4032},{\"@type\":\"BreadcrumbList\",\"@id\":\"https:\\\/\\\/www.ppdelugo.com\\\/es\\\/el-pp-pide-un-consenso-de-todos-los-grupos-en-el-gabinete-de-trafico-del-modelo-de-movilidad-post-covid-de-lugo\\\/#breadcrumb\",\"itemListElement\":[{\"@type\":\"ListItem\",\"position\":1,\"name\":\"Portada\",\"item\":\"https:\\\/\\\/www.ppdelugo.com\\\/es\\\/\"},{\"@type\":\"ListItem\",\"position\":2,\"name\":\"El PP pide un consenso de todos los grupos, en el gabinete de tr\u00e1fico, del modelo de movilidad post covid de Lugo\"}]},{\"@type\":\"WebSite\",\"@id\":\"https:\\\/\\\/www.ppdelugo.com\\\/es\\\/#website\",\"url\":\"https:\\\/\\\/www.ppdelugo.com\\\/es\\\/\",\"name\":\"Grupo Municipal Partido Popular de Lugo\",\"description\":\"Web del Grupo Municipal del Partido Popular en el Ayuntamiento de Lugo, con informaci\u00f3n sobre Lugo y fomento de la participaci\u00f3n ciudadana\",\"potentialAction\":[{\"@type\":\"SearchAction\",\"target\":{\"@type\":\"EntryPoint\",\"urlTemplate\":\"https:\\\/\\\/www.ppdelugo.com\\\/es\\\/?s={search_term_string}\"},\"query-input\":{\"@type\":\"PropertyValueSpecification\",\"valueRequired\":true,\"valueName\":\"search_term_string\"}}],\"inLanguage\":\"es\"},{\"@type\":\"Person\",\"@id\":\"https:\\\/\\\/www.ppdelugo.com\\\/es\\\/#\\\/schema\\\/person\\\/4fa17dd371813e2c389a4417775cec48\",\"name\":\"ppdelugo\",\"url\":\"https:\\\/\\\/www.ppdelugo.com\\\/es\\\/author\\\/admin-2\\\/\"}]}<\/script>\n<!-- \/ Yoast SEO plugin. -->","yoast_head_json":{"title":"El PP pide un consenso de todos los grupos, en el gabinete de tr\u00e1fico, del modelo de movilidad post covid de Lugo - Grupo Municipal Partido Popular de Lugo","robots":{"index":"index","follow":"follow","max-snippet":"max-snippet:-1","max-image-preview":"max-image-preview:large","max-video-preview":"max-video-preview:-1"},"canonical":"https:\/\/www.ppdelugo.com\/es\/el-pp-pide-un-consenso-de-todos-los-grupos-en-el-gabinete-de-trafico-del-modelo-de-movilidad-post-covid-de-lugo\/","og_locale":"es_ES","og_type":"article","og_title":"El PP pide un consenso de todos los grupos, en el gabinete de tr\u00e1fico, del modelo de movilidad post covid de Lugo - Grupo Municipal Partido Popular de Lugo","og_description":"Antonio Ameijide, explica que en las \u00faltimas semanas el Ayuntamiento sufri\u00f3 numerosos cambios en lo que se refiere a la circulaci\u00f3n, modificaciones importantes como la perdida de un carril de...","og_url":"https:\/\/www.ppdelugo.com\/es\/el-pp-pide-un-consenso-de-todos-los-grupos-en-el-gabinete-de-trafico-del-modelo-de-movilidad-post-covid-de-lugo\/","og_site_name":"Grupo Municipal Partido Popular de Lugo","article_published_time":"2020-07-20T10:43:24+00:00","article_modified_time":"2020-07-20T10:46:31+00:00","og_image":[{"width":3024,"height":4032,"url":"https:\/\/www.ppdelugo.com\/wp-content\/uploads\/2020\/07\/Mobilidade-post-covid.jpg","type":"image\/jpeg"}],"author":"ppdelugo","twitter_card":"summary_large_image","twitter_misc":{"Escrito por":"ppdelugo","Tiempo de lectura":"2 minutos"},"schema":{"@context":"https:\/\/schema.org","@graph":[{"@type":"Article","@id":"https:\/\/www.ppdelugo.com\/es\/el-pp-pide-un-consenso-de-todos-los-grupos-en-el-gabinete-de-trafico-del-modelo-de-movilidad-post-covid-de-lugo\/#article","isPartOf":{"@id":"https:\/\/www.ppdelugo.com\/es\/el-pp-pide-un-consenso-de-todos-los-grupos-en-el-gabinete-de-trafico-del-modelo-de-movilidad-post-covid-de-lugo\/"},"author":{"name":"ppdelugo","@id":"https:\/\/www.ppdelugo.com\/es\/#\/schema\/person\/4fa17dd371813e2c389a4417775cec48"},"headline":"El PP pide un consenso de todos los grupos, en el gabinete de tr\u00e1fico, del modelo de movilidad post covid de Lugo","datePublished":"2020-07-20T10:43:24+00:00","dateModified":"2020-07-20T10:46:31+00:00","mainEntityOfPage":{"@id":"https:\/\/www.ppdelugo.com\/es\/el-pp-pide-un-consenso-de-todos-los-grupos-en-el-gabinete-de-trafico-del-modelo-de-movilidad-post-covid-de-lugo\/"},"wordCount":472,"commentCount":0,"image":{"@id":"https:\/\/www.ppdelugo.com\/es\/el-pp-pide-un-consenso-de-todos-los-grupos-en-el-gabinete-de-trafico-del-modelo-de-movilidad-post-covid-de-lugo\/#primaryimage"},"thumbnailUrl":"https:\/\/www.ppdelugo.com\/wp-content\/uploads\/2020\/07\/Mobilidade-post-covid.jpg","articleSection":["Tr\u00e1fico"],"inLanguage":"es","potentialAction":[{"@type":"CommentAction","name":"Comment","target":["https:\/\/www.ppdelugo.com\/es\/el-pp-pide-un-consenso-de-todos-los-grupos-en-el-gabinete-de-trafico-del-modelo-de-movilidad-post-covid-de-lugo\/#respond"]}]},{"@type":"WebPage","@id":"https:\/\/www.ppdelugo.com\/es\/el-pp-pide-un-consenso-de-todos-los-grupos-en-el-gabinete-de-trafico-del-modelo-de-movilidad-post-covid-de-lugo\/","url":"https:\/\/www.ppdelugo.com\/es\/el-pp-pide-un-consenso-de-todos-los-grupos-en-el-gabinete-de-trafico-del-modelo-de-movilidad-post-covid-de-lugo\/","name":"El PP pide un consenso de todos los grupos, en el gabinete de tr\u00e1fico, del modelo de movilidad post covid de Lugo - Grupo Municipal Partido Popular de Lugo","isPartOf":{"@id":"https:\/\/www.ppdelugo.com\/es\/#website"},"primaryImageOfPage":{"@id":"https:\/\/www.ppdelugo.com\/es\/el-pp-pide-un-consenso-de-todos-los-grupos-en-el-gabinete-de-trafico-del-modelo-de-movilidad-post-covid-de-lugo\/#primaryimage"},"image":{"@id":"https:\/\/www.ppdelugo.com\/es\/el-pp-pide-un-consenso-de-todos-los-grupos-en-el-gabinete-de-trafico-del-modelo-de-movilidad-post-covid-de-lugo\/#primaryimage"},"thumbnailUrl":"https:\/\/www.ppdelugo.com\/wp-content\/uploads\/2020\/07\/Mobilidade-post-covid.jpg","datePublished":"2020-07-20T10:43:24+00:00","dateModified":"2020-07-20T10:46:31+00:00","author":{"@id":"https:\/\/www.ppdelugo.com\/es\/#\/schema\/person\/4fa17dd371813e2c389a4417775cec48"},"breadcrumb":{"@id":"https:\/\/www.ppdelugo.com\/es\/el-pp-pide-un-consenso-de-todos-los-grupos-en-el-gabinete-de-trafico-del-modelo-de-movilidad-post-covid-de-lugo\/#breadcrumb"},"inLanguage":"es","potentialAction":[{"@type":"ReadAction","target":["https:\/\/www.ppdelugo.com\/es\/el-pp-pide-un-consenso-de-todos-los-grupos-en-el-gabinete-de-trafico-del-modelo-de-movilidad-post-covid-de-lugo\/"]}]},{"@type":"ImageObject","inLanguage":"es","@id":"https:\/\/www.ppdelugo.com\/es\/el-pp-pide-un-consenso-de-todos-los-grupos-en-el-gabinete-de-trafico-del-modelo-de-movilidad-post-covid-de-lugo\/#primaryimage","url":"https:\/\/www.ppdelugo.com\/wp-content\/uploads\/2020\/07\/Mobilidade-post-covid.jpg","contentUrl":"https:\/\/www.ppdelugo.com\/wp-content\/uploads\/2020\/07\/Mobilidade-post-covid.jpg","width":3024,"height":4032},{"@type":"BreadcrumbList","@id":"https:\/\/www.ppdelugo.com\/es\/el-pp-pide-un-consenso-de-todos-los-grupos-en-el-gabinete-de-trafico-del-modelo-de-movilidad-post-covid-de-lugo\/#breadcrumb","itemListElement":[{"@type":"ListItem","position":1,"name":"Portada","item":"https:\/\/www.ppdelugo.com\/es\/"},{"@type":"ListItem","position":2,"name":"El PP pide un consenso de todos los grupos, en el gabinete de tr\u00e1fico, del modelo de movilidad post covid de Lugo"}]},{"@type":"WebSite","@id":"https:\/\/www.ppdelugo.com\/es\/#website","url":"https:\/\/www.ppdelugo.com\/es\/","name":"Grupo Municipal Partido Popular de Lugo","description":"Web del Grupo Municipal del Partido Popular en el Ayuntamiento de Lugo, con informaci\u00f3n sobre Lugo y fomento de la participaci\u00f3n ciudadana","potentialAction":[{"@type":"SearchAction","target":{"@type":"EntryPoint","urlTemplate":"https:\/\/www.ppdelugo.com\/es\/?s={search_term_string}"},"query-input":{"@type":"PropertyValueSpecification","valueRequired":true,"valueName":"search_term_string"}}],"inLanguage":"es"},{"@type":"Person","@id":"https:\/\/www.ppdelugo.com\/es\/#\/schema\/person\/4fa17dd371813e2c389a4417775cec48","name":"ppdelugo","url":"https:\/\/www.ppdelugo.com\/es\/author\/admin-2\/"}]}},"_links":{"self":[{"href":"https:\/\/www.ppdelugo.com\/es\/wp-json\/wp\/v2\/posts\/12785","targetHints":{"allow":["GET"]}}],"collection":[{"href":"https:\/\/www.ppdelugo.com\/es\/wp-json\/wp\/v2\/posts"}],"about":[{"href":"https:\/\/www.ppdelugo.com\/es\/wp-json\/wp\/v2\/types\/post"}],"author":[{"embeddable":true,"href":"https:\/\/www.ppdelugo.com\/es\/wp-json\/wp\/v2\/users\/8"}],"replies":[{"embeddable":true,"href":"https:\/\/www.ppdelugo.com\/es\/wp-json\/wp\/v2\/comments?post=12785"}],"version-history":[{"count":0,"href":"https:\/\/www.ppdelugo.com\/es\/wp-json\/wp\/v2\/posts\/12785\/revisions"}],"wp:featuredmedia":[{"embeddable":true,"href":"https:\/\/www.ppdelugo.com\/es\/wp-json\/wp\/v2\/media\/12782"}],"wp:attachment":[{"href":"https:\/\/www.ppdelugo.com\/es\/wp-json\/wp\/v2\/media?parent=12785"}],"wp:term":[{"taxonomy":"category","embeddable":true,"href":"https:\/\/www.ppdelugo.com\/es\/wp-json\/wp\/v2\/categories?post=12785"},{"taxonomy":"post_tag","embeddable":true,"href":"https:\/\/www.ppdelugo.com\/es\/wp-json\/wp\/v2\/tags?post=12785"}],"curies":[{"name":"wp","href":"https:\/\/api.w.org\/{rel}","templated":true}]}}