{"id":1272,"date":"2015-09-01T10:46:43","date_gmt":"2015-09-01T10:46:43","guid":{"rendered":"http:\/\/www.ppdelugo.com\/es\/el-pp-critica-que-la-rehabilitacion-de-la-carcel-se-encarecera-en-otros-340-000e\/"},"modified":"2016-02-01T13:05:17","modified_gmt":"2016-02-01T13:05:17","slug":"el-pp-critica-que-la-rehabilitacion-de-la-carcel-se-encarecera-en-otros-340-000e","status":"publish","type":"post","link":"https:\/\/www.ppdelugo.com\/es\/el-pp-critica-que-la-rehabilitacion-de-la-carcel-se-encarecera-en-otros-340-000e\/","title":{"rendered":"El PP critica que la rehabilitaci\u00f3n del c\u00e1rcel se encarecer\u00e1 en otros 340.000\u20ac"},"content":{"rendered":"[vc_row type=\u00bbin_container\u00bb scene_position=\u00bbcenter\u00bb text_color=\u00bbdark\u00bb text_align=\u00bbleft\u00bb top_padding=\u00bb-10&#8243;][vc_column column_padding=\u00bbno-extra-padding\u00bb column_padding_position=\u00bball\u00bb background_color_opacity=\u00bb1&#8243; background_hover_color_opacity=\u00bb1&#8243; width=\u00bb1\/1&#8243;][vc_column_text]\n<p>Isabel Devesa explica que \u201cparece que se trata de partidas que existen en el\u00a0proyecto inicial, algunas ya certificadas y pagadas, otras que se corresponden con excesos de medici\u00f3n y otras con errores de proyecto\u201d, que no deber\u00eda asumir el Ayuntamiento<\/p>\n<p><!--more--><\/p>\n<p>La concejala del Grupo Municipal del Partido Popular Isabel Devesa critic\u00f3 esta ma\u00f1ana en rueda de prensa que las obras de rehabilitaci\u00f3n de la vieja c\u00e1rcel se encarecer\u00e1n en unos 340.000 euros, seg\u00fan el proyecto de obras a mayores necesarias para la puesta en servicio del edificio y que afecta a ambas fases.<\/p>\n<p>Seg\u00fan explic\u00f3 la edil popular, en este nuevo proyecto se incorporan \u201ccaprichos\u201d del gobierno municipal, ya que entre los cambios introducidos figuran una nueva barandilla de mimbre, por importe de m\u00e1s de 20.000 euros; el cambio de acabados en los armarios para instalaciones; o nuevo mobiliario en roble y m\u00e1rmol para los bancos de los pasillos.<\/p>\n<p>Isabel Devesa denunci\u00f3 que algunas de las cuestiones que ahora prev\u00e9 modificar el gobierno con \u201celementos esenciales y que, al ser tan b\u00e1sicos, deber\u00edan haber formado parte del proyecto de construcci\u00f3n\u201d como tapas de arquetas, pavimentaci\u00f3n de diversas zonas del edificio, barandillas de protecci\u00f3n o elementos de piedra como jambas y dinteles. \u201cEl colmo es que en este nuevo procedimiento se incluye incluso la demolici\u00f3n de la solera de la base de la gr\u00faa, que obviamente est\u00e1 incluido en la licitaci\u00f3n inicial\u201d, apunt\u00f3 la popular.<\/p>\n<p>En tercer lugar, adem\u00e1s de los \u201ccaprichos\u201d y de las partidas b\u00e1sicas de obra, tambi\u00e9n se incorporan otros elementos como ba\u00f1os y vestuarios que ya se contrataron hace casi dos a\u00f1os, en diciembre de 2013, y a los que, debido al tiempo transcurrido, la empresa adjudicataria ha renunciado. \u201cPor cierto, unas obras que se contrataron por un importe de 26.233,61 euros incluidas en un proyecto denominado <em>Valoraci\u00f3n de obras a mayores en las obras de rehabilitaci\u00f3n de la antigua c\u00e1rcel<\/em>, y que el t\u00e9cnico municipal no recuerda haber informado, y, por lo tanto, desconoce el procedimiento llevado a cabo para su contrataci\u00f3n\u201d, detall\u00f3, lo que en opini\u00f3n de los populares pone de manifiesto \u201cel absoluto descontrol y descoordinaci\u00f3n\u201d en esta obra.<\/p>\n<p>Asimismo, Isabel Devesa apunt\u00f3 que \u201clos t\u00e9cnicos advierten de la posible duplicidad de partidas para un mismo concepto\u201d. En ese sentido, la concejala popular insisti\u00f3 en que \u201clos propios informes t\u00e9cnicos\u201d se\u00f1alan que estos cambios parecen afectar a partidas que ya forman parte de certificaciones pagadas o bien que est\u00e1n incluso en ejecuci\u00f3n. Al mismo tiempo, existen \u201cdiversos aspectos\u201d cuya modificaci\u00f3n, a juicio de los t\u00e9cnicos municipales, \u201cno est\u00e1 debidamente justificada\u201d, como la acometida a la red de voz y datos o varios metros cuadrados de pintura de la obra.<\/p>\n<p><strong>Importe final obras.-<\/strong><\/p>\n<p>Tras este proyecto, la edil popular advirti\u00f3 que \u201cel coste final\u201d de esta intervenci\u00f3n ascender\u00e1 al menos a 4,3 millones de euros, \u201clo que supone 400.000 euros m\u00e1s que el total de inversiones municipales del a\u00f1o 2014\u201d. En esa l\u00ednea, apunt\u00f3 que a los 2.378.845,47 euros de la fase 1 y los 1.371.141,70 euros de la fase 2 hay que a\u00f1adir los 124.712,69 euros del contrato necesario para la reparaci\u00f3n de da\u00f1os formalizado en febrero de 2015, los 337.196,22 euros de este proyecto para la puesta en servicio de este equipamiento y los al menos 70.000 euros a mayores detectados como facturas en Juntas de Compras.<\/p>\n<p>Por \u00faltimo, Isabel Devesa reproch\u00f3 que \u201ces un proyecto que ya tuvo que ser objeto de ajustes del proyecto a las condiciones reales de la obra, los modificados y los proyectos complementarios para recoger partidas nuevas que quiso incorporar el Concello, como ba\u00f1os en la planta baja, y record\u00f3 que el propio interventor municipal advirti\u00f3 que se estaba ejecutando sin ajustarse en parte al proyecto. \u201cDa la impresi\u00f3n de que el objetivo del gobierno es acabar la obra a cualquier precio\u201d, concluy\u00f3 la popular.<\/p>\n[\/vc_column_text][\/vc_column][\/vc_row][vc_row type=\u00bbin_container\u00bb scene_position=\u00bbcenter\u00bb text_color=\u00bbdark\u00bb text_align=\u00bbleft\u00bb][vc_column column_padding=\u00bbno-extra-padding\u00bb column_padding_position=\u00bball\u00bb background_color_opacity=\u00bb1&#8243; background_hover_color_opacity=\u00bb1&#8243; width=\u00bb1\/1&#8243;][vc_column_text]\n<audio class=\"wp-audio-shortcode\" id=\"audio-1272-1\" preload=\"none\" style=\"width: 100%;\" controls=\"controls\"><source type=\"audio\/mpeg\" src=\"http:\/\/www.ppdelugo.com\/wp-content\/uploads\/2016\/01\/CORTE-DEVESA-ENCARECIMIENTO-OBRAS-CARCEL-1-9-15.mp3?_=1\" \/><a href=\"http:\/\/www.ppdelugo.com\/wp-content\/uploads\/2016\/01\/CORTE-DEVESA-ENCARECIMIENTO-OBRAS-CARCEL-1-9-15.mp3\">http:\/\/www.ppdelugo.com\/wp-content\/uploads\/2016\/01\/CORTE-DEVESA-ENCARECIMIENTO-OBRAS-CARCEL-1-9-15.mp3<\/a><\/audio>\n[\/vc_column_text][\/vc_column][\/vc_row]\n","protected":false},"excerpt":{"rendered":"<p>[vc_row type=\u00bbin_container\u00bb scene_position=\u00bbcenter\u00bb text_color=\u00bbdark\u00bb text_align=\u00bbleft\u00bb top_padding=\u00bb-10&#8243;][vc_column column_padding=\u00bbno-extra-padding\u00bb column_padding_position=\u00bball\u00bb background_color_opacity=\u00bb1&#8243; background_hover_color_opacity=\u00bb1&#8243; width=\u00bb1\/1&#8243;][vc_column_text] Isabel Devesa explica que \u201cparece que se trata de partidas que existen en el\u00a0proyecto inicial, algunas ya certificadas y&#8230;<\/p>\n","protected":false},"author":8,"featured_media":438,"comment_status":"closed","ping_status":"closed","sticky":false,"template":"","format":"standard","meta":{"footnotes":""},"categories":[31,42],"tags":[],"class_list":{"0":"post-1272","1":"post","2":"type-post","3":"status-publish","4":"format-standard","5":"has-post-thumbnail","7":"category-economia-es","8":"category-urbanismo-es"},"yoast_head":"<!-- This site is optimized with the Yoast SEO plugin v27.4 - https:\/\/yoast.com\/product\/yoast-seo-wordpress\/ -->\n<title>El PP critica que la rehabilitaci\u00f3n del c\u00e1rcel se encarecer\u00e1 en otros 340.000\u20ac - Grupo Municipal Partido Popular de Lugo<\/title>\n<meta name=\"robots\" content=\"index, follow, max-snippet:-1, max-image-preview:large, max-video-preview:-1\" \/>\n<link rel=\"canonical\" href=\"https:\/\/www.ppdelugo.com\/es\/el-pp-critica-que-la-rehabilitacion-de-la-carcel-se-encarecera-en-otros-340-000e\/\" \/>\n<meta property=\"og:locale\" content=\"es_ES\" \/>\n<meta property=\"og:type\" content=\"article\" \/>\n<meta property=\"og:title\" content=\"El PP critica que la rehabilitaci\u00f3n del c\u00e1rcel se encarecer\u00e1 en otros 340.000\u20ac - Grupo Municipal Partido Popular de Lugo\" \/>\n<meta property=\"og:description\" content=\"[vc_row type=\u00bbin_container\u00bb scene_position=\u00bbcenter\u00bb text_color=\u00bbdark\u00bb text_align=\u00bbleft\u00bb top_padding=\u00bb-10&#8243;][vc_column column_padding=\u00bbno-extra-padding\u00bb column_padding_position=\u00bball\u00bb background_color_opacity=\u00bb1&#8243; background_hover_color_opacity=\u00bb1&#8243; width=\u00bb1\/1&#8243;][vc_column_text] Isabel Devesa explica que \u201cparece que se trata de partidas que existen en el\u00a0proyecto inicial, algunas ya certificadas y...\" \/>\n<meta property=\"og:url\" content=\"https:\/\/www.ppdelugo.com\/es\/el-pp-critica-que-la-rehabilitacion-de-la-carcel-se-encarecera-en-otros-340-000e\/\" \/>\n<meta property=\"og:site_name\" content=\"Grupo Municipal Partido Popular de Lugo\" \/>\n<meta property=\"article:published_time\" content=\"2015-09-01T10:46:43+00:00\" \/>\n<meta property=\"article:modified_time\" content=\"2016-02-01T13:05:17+00:00\" \/>\n<meta property=\"og:image\" content=\"https:\/\/www.ppdelugo.com\/wp-content\/uploads\/2015\/12\/Devesa-25-5-12-1024x768.jpg\" \/>\n\t<meta property=\"og:image:width\" content=\"1024\" \/>\n\t<meta property=\"og:image:height\" content=\"768\" \/>\n\t<meta property=\"og:image:type\" content=\"image\/jpeg\" \/>\n<meta name=\"author\" content=\"ppdelugo\" \/>\n<meta name=\"twitter:card\" content=\"summary_large_image\" \/>\n<meta name=\"twitter:label1\" content=\"Escrito por\" \/>\n\t<meta name=\"twitter:data1\" content=\"ppdelugo\" \/>\n\t<meta name=\"twitter:label2\" content=\"Tiempo de lectura\" \/>\n\t<meta name=\"twitter:data2\" content=\"4 minutos\" \/>\n<script type=\"application\/ld+json\" class=\"yoast-schema-graph\">{\"@context\":\"https:\\\/\\\/schema.org\",\"@graph\":[{\"@type\":\"Article\",\"@id\":\"https:\\\/\\\/www.ppdelugo.com\\\/es\\\/el-pp-critica-que-la-rehabilitacion-de-la-carcel-se-encarecera-en-otros-340-000e\\\/#article\",\"isPartOf\":{\"@id\":\"https:\\\/\\\/www.ppdelugo.com\\\/es\\\/el-pp-critica-que-la-rehabilitacion-de-la-carcel-se-encarecera-en-otros-340-000e\\\/\"},\"author\":{\"name\":\"ppdelugo\",\"@id\":\"https:\\\/\\\/www.ppdelugo.com\\\/es\\\/#\\\/schema\\\/person\\\/4fa17dd371813e2c389a4417775cec48\"},\"headline\":\"El PP critica que la rehabilitaci\u00f3n del c\u00e1rcel se encarecer\u00e1 en otros 340.000\u20ac\",\"datePublished\":\"2015-09-01T10:46:43+00:00\",\"dateModified\":\"2016-02-01T13:05:17+00:00\",\"mainEntityOfPage\":{\"@id\":\"https:\\\/\\\/www.ppdelugo.com\\\/es\\\/el-pp-critica-que-la-rehabilitacion-de-la-carcel-se-encarecera-en-otros-340-000e\\\/\"},\"wordCount\":783,\"image\":{\"@id\":\"https:\\\/\\\/www.ppdelugo.com\\\/es\\\/el-pp-critica-que-la-rehabilitacion-de-la-carcel-se-encarecera-en-otros-340-000e\\\/#primaryimage\"},\"thumbnailUrl\":\"https:\\\/\\\/www.ppdelugo.com\\\/wp-content\\\/uploads\\\/2015\\\/12\\\/Devesa-25-5-12.jpg\",\"articleSection\":[\"Econom\u00eda\",\"Urbanismo\"],\"inLanguage\":\"es\"},{\"@type\":\"WebPage\",\"@id\":\"https:\\\/\\\/www.ppdelugo.com\\\/es\\\/el-pp-critica-que-la-rehabilitacion-de-la-carcel-se-encarecera-en-otros-340-000e\\\/\",\"url\":\"https:\\\/\\\/www.ppdelugo.com\\\/es\\\/el-pp-critica-que-la-rehabilitacion-de-la-carcel-se-encarecera-en-otros-340-000e\\\/\",\"name\":\"El PP critica que la rehabilitaci\u00f3n del c\u00e1rcel se encarecer\u00e1 en otros 340.000\u20ac - Grupo Municipal Partido Popular de Lugo\",\"isPartOf\":{\"@id\":\"https:\\\/\\\/www.ppdelugo.com\\\/es\\\/#website\"},\"primaryImageOfPage\":{\"@id\":\"https:\\\/\\\/www.ppdelugo.com\\\/es\\\/el-pp-critica-que-la-rehabilitacion-de-la-carcel-se-encarecera-en-otros-340-000e\\\/#primaryimage\"},\"image\":{\"@id\":\"https:\\\/\\\/www.ppdelugo.com\\\/es\\\/el-pp-critica-que-la-rehabilitacion-de-la-carcel-se-encarecera-en-otros-340-000e\\\/#primaryimage\"},\"thumbnailUrl\":\"https:\\\/\\\/www.ppdelugo.com\\\/wp-content\\\/uploads\\\/2015\\\/12\\\/Devesa-25-5-12.jpg\",\"datePublished\":\"2015-09-01T10:46:43+00:00\",\"dateModified\":\"2016-02-01T13:05:17+00:00\",\"author\":{\"@id\":\"https:\\\/\\\/www.ppdelugo.com\\\/es\\\/#\\\/schema\\\/person\\\/4fa17dd371813e2c389a4417775cec48\"},\"breadcrumb\":{\"@id\":\"https:\\\/\\\/www.ppdelugo.com\\\/es\\\/el-pp-critica-que-la-rehabilitacion-de-la-carcel-se-encarecera-en-otros-340-000e\\\/#breadcrumb\"},\"inLanguage\":\"es\",\"potentialAction\":[{\"@type\":\"ReadAction\",\"target\":[\"https:\\\/\\\/www.ppdelugo.com\\\/es\\\/el-pp-critica-que-la-rehabilitacion-de-la-carcel-se-encarecera-en-otros-340-000e\\\/\"]}]},{\"@type\":\"ImageObject\",\"inLanguage\":\"es\",\"@id\":\"https:\\\/\\\/www.ppdelugo.com\\\/es\\\/el-pp-critica-que-la-rehabilitacion-de-la-carcel-se-encarecera-en-otros-340-000e\\\/#primaryimage\",\"url\":\"https:\\\/\\\/www.ppdelugo.com\\\/wp-content\\\/uploads\\\/2015\\\/12\\\/Devesa-25-5-12.jpg\",\"contentUrl\":\"https:\\\/\\\/www.ppdelugo.com\\\/wp-content\\\/uploads\\\/2015\\\/12\\\/Devesa-25-5-12.jpg\",\"width\":4320,\"height\":3240},{\"@type\":\"BreadcrumbList\",\"@id\":\"https:\\\/\\\/www.ppdelugo.com\\\/es\\\/el-pp-critica-que-la-rehabilitacion-de-la-carcel-se-encarecera-en-otros-340-000e\\\/#breadcrumb\",\"itemListElement\":[{\"@type\":\"ListItem\",\"position\":1,\"name\":\"Portada\",\"item\":\"https:\\\/\\\/www.ppdelugo.com\\\/es\\\/\"},{\"@type\":\"ListItem\",\"position\":2,\"name\":\"El PP critica que la rehabilitaci\u00f3n del c\u00e1rcel se encarecer\u00e1 en otros 340.000\u20ac\"}]},{\"@type\":\"WebSite\",\"@id\":\"https:\\\/\\\/www.ppdelugo.com\\\/es\\\/#website\",\"url\":\"https:\\\/\\\/www.ppdelugo.com\\\/es\\\/\",\"name\":\"Grupo Municipal Partido Popular de Lugo\",\"description\":\"Web del Grupo Municipal del Partido Popular en el Ayuntamiento de Lugo, con informaci\u00f3n sobre Lugo y fomento de la participaci\u00f3n ciudadana\",\"potentialAction\":[{\"@type\":\"SearchAction\",\"target\":{\"@type\":\"EntryPoint\",\"urlTemplate\":\"https:\\\/\\\/www.ppdelugo.com\\\/es\\\/?s={search_term_string}\"},\"query-input\":{\"@type\":\"PropertyValueSpecification\",\"valueRequired\":true,\"valueName\":\"search_term_string\"}}],\"inLanguage\":\"es\"},{\"@type\":\"Person\",\"@id\":\"https:\\\/\\\/www.ppdelugo.com\\\/es\\\/#\\\/schema\\\/person\\\/4fa17dd371813e2c389a4417775cec48\",\"name\":\"ppdelugo\",\"url\":\"https:\\\/\\\/www.ppdelugo.com\\\/es\\\/author\\\/admin-2\\\/\"}]}<\/script>\n<!-- \/ Yoast SEO plugin. -->","yoast_head_json":{"title":"El PP critica que la rehabilitaci\u00f3n del c\u00e1rcel se encarecer\u00e1 en otros 340.000\u20ac - Grupo Municipal Partido Popular de Lugo","robots":{"index":"index","follow":"follow","max-snippet":"max-snippet:-1","max-image-preview":"max-image-preview:large","max-video-preview":"max-video-preview:-1"},"canonical":"https:\/\/www.ppdelugo.com\/es\/el-pp-critica-que-la-rehabilitacion-de-la-carcel-se-encarecera-en-otros-340-000e\/","og_locale":"es_ES","og_type":"article","og_title":"El PP critica que la rehabilitaci\u00f3n del c\u00e1rcel se encarecer\u00e1 en otros 340.000\u20ac - Grupo Municipal Partido Popular de Lugo","og_description":"[vc_row type=\u00bbin_container\u00bb scene_position=\u00bbcenter\u00bb text_color=\u00bbdark\u00bb text_align=\u00bbleft\u00bb top_padding=\u00bb-10&#8243;][vc_column column_padding=\u00bbno-extra-padding\u00bb column_padding_position=\u00bball\u00bb background_color_opacity=\u00bb1&#8243; background_hover_color_opacity=\u00bb1&#8243; width=\u00bb1\/1&#8243;][vc_column_text] Isabel Devesa explica que \u201cparece que se trata de partidas que existen en el\u00a0proyecto inicial, algunas ya certificadas y...","og_url":"https:\/\/www.ppdelugo.com\/es\/el-pp-critica-que-la-rehabilitacion-de-la-carcel-se-encarecera-en-otros-340-000e\/","og_site_name":"Grupo Municipal Partido Popular de Lugo","article_published_time":"2015-09-01T10:46:43+00:00","article_modified_time":"2016-02-01T13:05:17+00:00","og_image":[{"width":1024,"height":768,"url":"https:\/\/www.ppdelugo.com\/wp-content\/uploads\/2015\/12\/Devesa-25-5-12-1024x768.jpg","type":"image\/jpeg"}],"author":"ppdelugo","twitter_card":"summary_large_image","twitter_misc":{"Escrito por":"ppdelugo","Tiempo de lectura":"4 minutos"},"schema":{"@context":"https:\/\/schema.org","@graph":[{"@type":"Article","@id":"https:\/\/www.ppdelugo.com\/es\/el-pp-critica-que-la-rehabilitacion-de-la-carcel-se-encarecera-en-otros-340-000e\/#article","isPartOf":{"@id":"https:\/\/www.ppdelugo.com\/es\/el-pp-critica-que-la-rehabilitacion-de-la-carcel-se-encarecera-en-otros-340-000e\/"},"author":{"name":"ppdelugo","@id":"https:\/\/www.ppdelugo.com\/es\/#\/schema\/person\/4fa17dd371813e2c389a4417775cec48"},"headline":"El PP critica que la rehabilitaci\u00f3n del c\u00e1rcel se encarecer\u00e1 en otros 340.000\u20ac","datePublished":"2015-09-01T10:46:43+00:00","dateModified":"2016-02-01T13:05:17+00:00","mainEntityOfPage":{"@id":"https:\/\/www.ppdelugo.com\/es\/el-pp-critica-que-la-rehabilitacion-de-la-carcel-se-encarecera-en-otros-340-000e\/"},"wordCount":783,"image":{"@id":"https:\/\/www.ppdelugo.com\/es\/el-pp-critica-que-la-rehabilitacion-de-la-carcel-se-encarecera-en-otros-340-000e\/#primaryimage"},"thumbnailUrl":"https:\/\/www.ppdelugo.com\/wp-content\/uploads\/2015\/12\/Devesa-25-5-12.jpg","articleSection":["Econom\u00eda","Urbanismo"],"inLanguage":"es"},{"@type":"WebPage","@id":"https:\/\/www.ppdelugo.com\/es\/el-pp-critica-que-la-rehabilitacion-de-la-carcel-se-encarecera-en-otros-340-000e\/","url":"https:\/\/www.ppdelugo.com\/es\/el-pp-critica-que-la-rehabilitacion-de-la-carcel-se-encarecera-en-otros-340-000e\/","name":"El PP critica que la rehabilitaci\u00f3n del c\u00e1rcel se encarecer\u00e1 en otros 340.000\u20ac - Grupo Municipal Partido Popular de Lugo","isPartOf":{"@id":"https:\/\/www.ppdelugo.com\/es\/#website"},"primaryImageOfPage":{"@id":"https:\/\/www.ppdelugo.com\/es\/el-pp-critica-que-la-rehabilitacion-de-la-carcel-se-encarecera-en-otros-340-000e\/#primaryimage"},"image":{"@id":"https:\/\/www.ppdelugo.com\/es\/el-pp-critica-que-la-rehabilitacion-de-la-carcel-se-encarecera-en-otros-340-000e\/#primaryimage"},"thumbnailUrl":"https:\/\/www.ppdelugo.com\/wp-content\/uploads\/2015\/12\/Devesa-25-5-12.jpg","datePublished":"2015-09-01T10:46:43+00:00","dateModified":"2016-02-01T13:05:17+00:00","author":{"@id":"https:\/\/www.ppdelugo.com\/es\/#\/schema\/person\/4fa17dd371813e2c389a4417775cec48"},"breadcrumb":{"@id":"https:\/\/www.ppdelugo.com\/es\/el-pp-critica-que-la-rehabilitacion-de-la-carcel-se-encarecera-en-otros-340-000e\/#breadcrumb"},"inLanguage":"es","potentialAction":[{"@type":"ReadAction","target":["https:\/\/www.ppdelugo.com\/es\/el-pp-critica-que-la-rehabilitacion-de-la-carcel-se-encarecera-en-otros-340-000e\/"]}]},{"@type":"ImageObject","inLanguage":"es","@id":"https:\/\/www.ppdelugo.com\/es\/el-pp-critica-que-la-rehabilitacion-de-la-carcel-se-encarecera-en-otros-340-000e\/#primaryimage","url":"https:\/\/www.ppdelugo.com\/wp-content\/uploads\/2015\/12\/Devesa-25-5-12.jpg","contentUrl":"https:\/\/www.ppdelugo.com\/wp-content\/uploads\/2015\/12\/Devesa-25-5-12.jpg","width":4320,"height":3240},{"@type":"BreadcrumbList","@id":"https:\/\/www.ppdelugo.com\/es\/el-pp-critica-que-la-rehabilitacion-de-la-carcel-se-encarecera-en-otros-340-000e\/#breadcrumb","itemListElement":[{"@type":"ListItem","position":1,"name":"Portada","item":"https:\/\/www.ppdelugo.com\/es\/"},{"@type":"ListItem","position":2,"name":"El PP critica que la rehabilitaci\u00f3n del c\u00e1rcel se encarecer\u00e1 en otros 340.000\u20ac"}]},{"@type":"WebSite","@id":"https:\/\/www.ppdelugo.com\/es\/#website","url":"https:\/\/www.ppdelugo.com\/es\/","name":"Grupo Municipal Partido Popular de Lugo","description":"Web del Grupo Municipal del Partido Popular en el Ayuntamiento de Lugo, con informaci\u00f3n sobre Lugo y fomento de la participaci\u00f3n ciudadana","potentialAction":[{"@type":"SearchAction","target":{"@type":"EntryPoint","urlTemplate":"https:\/\/www.ppdelugo.com\/es\/?s={search_term_string}"},"query-input":{"@type":"PropertyValueSpecification","valueRequired":true,"valueName":"search_term_string"}}],"inLanguage":"es"},{"@type":"Person","@id":"https:\/\/www.ppdelugo.com\/es\/#\/schema\/person\/4fa17dd371813e2c389a4417775cec48","name":"ppdelugo","url":"https:\/\/www.ppdelugo.com\/es\/author\/admin-2\/"}]}},"_links":{"self":[{"href":"https:\/\/www.ppdelugo.com\/es\/wp-json\/wp\/v2\/posts\/1272","targetHints":{"allow":["GET"]}}],"collection":[{"href":"https:\/\/www.ppdelugo.com\/es\/wp-json\/wp\/v2\/posts"}],"about":[{"href":"https:\/\/www.ppdelugo.com\/es\/wp-json\/wp\/v2\/types\/post"}],"author":[{"embeddable":true,"href":"https:\/\/www.ppdelugo.com\/es\/wp-json\/wp\/v2\/users\/8"}],"replies":[{"embeddable":true,"href":"https:\/\/www.ppdelugo.com\/es\/wp-json\/wp\/v2\/comments?post=1272"}],"version-history":[{"count":0,"href":"https:\/\/www.ppdelugo.com\/es\/wp-json\/wp\/v2\/posts\/1272\/revisions"}],"wp:featuredmedia":[{"embeddable":true,"href":"https:\/\/www.ppdelugo.com\/es\/wp-json\/wp\/v2\/media\/438"}],"wp:attachment":[{"href":"https:\/\/www.ppdelugo.com\/es\/wp-json\/wp\/v2\/media?parent=1272"}],"wp:term":[{"taxonomy":"category","embeddable":true,"href":"https:\/\/www.ppdelugo.com\/es\/wp-json\/wp\/v2\/categories?post=1272"},{"taxonomy":"post_tag","embeddable":true,"href":"https:\/\/www.ppdelugo.com\/es\/wp-json\/wp\/v2\/tags?post=1272"}],"curies":[{"name":"wp","href":"https:\/\/api.w.org\/{rel}","templated":true}]}}