{"id":12672,"date":"2020-06-25T08:14:01","date_gmt":"2020-06-25T08:14:01","guid":{"rendered":"http:\/\/www.ppdelugo.com\/proposicion-do-grupo-municipal-popular-para-solicitar-o-inicio-de-expedientes-de-responsabilidade-derivados-da-xestion-da-concesion-da-fabrica-da-luz\/"},"modified":"2020-06-25T11:33:58","modified_gmt":"2020-06-25T11:33:58","slug":"proposicion-do-grupo-municipal-popular-para-solicitar-o-inicio-de-expedientes-de-responsabilidade-derivados-da-xestion-da-concesion-da-fabrica-da-luz","status":"publish","type":"post","link":"https:\/\/www.ppdelugo.com\/es\/proposicion-do-grupo-municipal-popular-para-solicitar-o-inicio-de-expedientes-de-responsabilidade-derivados-da-xestion-da-concesion-da-fabrica-da-luz\/","title":{"rendered":"El PP lidera la unanimidad del pleno para que sean los pol\u00edticos responsables los que asuman la indemnizaci\u00f3n millonaria de la F\u00e1brica da Luz"},"content":{"rendered":"<p>El Grupo Municipal del PP explica que gracias a la iniciativa presentada por su grupo, toda la corporaci\u00f3n se puso de acuerdo en que deben de ser las autoridades pol\u00edticas responsables de las decisiones que se tomaron en la F\u00e1brica da Luz los que asuman las consecuencias derivadas de sus actos, en lugar de que sean todos los lucenses los que paguen<\/p>\n<p><!--more--><\/p>\n<p>O pasado luns, 8 de xu\u00f1o, La Voz de Galicia recoll\u00eda nas s\u00faas p\u00e1xinas a noticia da condena ao Concello de Lugo pola caducidade da concesi\u00f3n administrativa da F\u00e1brica da Luz. Este \u00e9 o desenlace dunha situaci\u00f3n que este grupo xa advertira p\u00fablicamente no ano 2019 e que non foi atallada por este equipo de goberno nin polo anterior, m\u00e1is ben, seg\u00fan o recollido  na sentencia e publicado nos medios, parece que foi propiciado polos mesmos.<br \/>\n\u00c9 por elo que esta falta de responsabilidade non debe quedar exenta, e \u00f3 amparo do artigo 36 da Lei 40\/2015, unha vez indemnizados os lesionados, esixir\u00e1 de oficio en v\u00eda administrativa das s\u00faas autoridades a responsabilidade na que houberan incurrido por dolo, culpa ou neglixencia, previa instruci\u00f3n do correpondente procedemento.<br \/>\nDado que o procedemento a seguir se sustanciar\u00e1 conforme \u00f3 disposto na Lei 39\/2015 de Procedemento Administrativo Com\u00fan das Administraci\u00f3ns P\u00fablicas, \u00e9 menester que a corporaci\u00f3n municipal proceda a iniciar os mesmos co obxectivo de que o custe da irresponsabilidade de determinados cargos p\u00fablicos non te\u00f1a que ser asumido por todos os veci\u00f1os de Lugo e s\u00ed por quen pode realmente ter a responsabilidade do desenlace \u00f3 que nos levou todo esta falta de actuaci\u00f3ns polos equipos de goberno que xestionaroneste concello nos \u00faltimos anos.<br \/>\nSe o goberno que dirix\u00eda esta administraci\u00f3n naquelas datas e o que o fai actualmente non foron quen de reaccionar ante a situaci\u00f3n que se v\u00eda vir, tal como manifestou este grupo municipal no mes de xaneiro do 2019, non \u00e9 de xustiza que os veci\u00f1os de Lugo te\u00f1an que ser quen de asumir o custo \u00f3 que nos levou a inacci\u00f3n dos cargos pol\u00edticos responsables do mesmo.<br \/>\nO grupo municipal do PP xa manifestou en numerosas ocasi\u00f3ns as irregularidades que levou consigo toda a tramitaci\u00f3n desta concesi\u00f3n que se iniciou no ano 2008 e que xa se preve\u00eda que estaba condenada ao fracaso dende ent\u00f3n. A falta de firma en prazo da pr\u00f3rroga da concesi\u00f3n ou retrasos na tramitaci\u00f3n en xeral, fan indefendible por parte deste equipo de goberno a actuaci\u00f3n levada a cabo e inexcusable a b\u00fasqueda de responsabilidade entre as autoridades que xestionaron este asunto.<\/p>\n<p>Polo exposto, o Grupo Municipal Popular no concello de Lugo presenta a seguinte:<\/p>\n<p>PROPOSTA DE ACORDOS<\/p>\n<p>1.\tO Concello de Lugo iniciar\u00e1 os tr\u00e1mites previstos nos artigos 36 e 37 da Lei 40\/2015 do R\u00e9ximen Xur\u00eddico do Sector P\u00fablico e na Lei 39\/2015 de Procedemento Administrativo Com\u00fan das Administraci\u00f3ns P\u00fablicas para esixir de oficio a responsabilidade das \u201cautoridades p\u00fablicas\u201d no relativo ao procedemento da F\u00e1brica da Luz.<\/p>\n<p>2.\tO Concello de Lugo inicie un estudio das alternativas para os usos futuros da intalaci\u00f3n da F\u00e1brica da Luz.<\/p>\n","protected":false},"excerpt":{"rendered":"<p>El Grupo Municipal del PP explica que gracias a la iniciativa presentada por su grupo, toda la corporaci\u00f3n se puso de acuerdo en que deben de ser las autoridades pol\u00edticas&#8230;<\/p>\n","protected":false},"author":8,"featured_media":12433,"comment_status":"open","ping_status":"closed","sticky":false,"template":"","format":"standard","meta":{"footnotes":""},"categories":[31,32],"tags":[],"class_list":{"0":"post-12672","1":"post","2":"type-post","3":"status-publish","4":"format-standard","5":"has-post-thumbnail","7":"category-economia-es","8":"category-infraestructuras-es"},"yoast_head":"<!-- This site is optimized with the Yoast SEO plugin v27.4 - https:\/\/yoast.com\/product\/yoast-seo-wordpress\/ -->\n<title>El PP lidera la unanimidad del pleno para que sean los pol\u00edticos responsables los que asuman la indemnizaci\u00f3n millonaria de la F\u00e1brica da Luz - Grupo Municipal Partido Popular de Lugo<\/title>\n<meta name=\"robots\" content=\"index, follow, max-snippet:-1, max-image-preview:large, max-video-preview:-1\" \/>\n<link rel=\"canonical\" href=\"https:\/\/www.ppdelugo.com\/es\/proposicion-do-grupo-municipal-popular-para-solicitar-o-inicio-de-expedientes-de-responsabilidade-derivados-da-xestion-da-concesion-da-fabrica-da-luz\/\" \/>\n<meta property=\"og:locale\" content=\"es_ES\" \/>\n<meta property=\"og:type\" content=\"article\" \/>\n<meta property=\"og:title\" content=\"El PP lidera la unanimidad del pleno para que sean los pol\u00edticos responsables los que asuman la indemnizaci\u00f3n millonaria de la F\u00e1brica da Luz - Grupo Municipal Partido Popular de Lugo\" \/>\n<meta property=\"og:description\" content=\"El Grupo Municipal del PP explica que gracias a la iniciativa presentada por su grupo, toda la corporaci\u00f3n se puso de acuerdo en que deben de ser las autoridades pol\u00edticas...\" \/>\n<meta property=\"og:url\" content=\"https:\/\/www.ppdelugo.com\/es\/proposicion-do-grupo-municipal-popular-para-solicitar-o-inicio-de-expedientes-de-responsabilidade-derivados-da-xestion-da-concesion-da-fabrica-da-luz\/\" \/>\n<meta property=\"og:site_name\" content=\"Grupo Municipal Partido Popular de Lugo\" \/>\n<meta property=\"article:published_time\" content=\"2020-06-25T08:14:01+00:00\" \/>\n<meta property=\"article:modified_time\" content=\"2020-06-25T11:33:58+00:00\" \/>\n<meta property=\"og:image\" content=\"https:\/\/www.ppdelugo.com\/wp-content\/uploads\/2020\/05\/Antonio.jpeg\" \/>\n\t<meta property=\"og:image:width\" content=\"1024\" \/>\n\t<meta property=\"og:image:height\" content=\"768\" \/>\n\t<meta property=\"og:image:type\" content=\"image\/jpeg\" \/>\n<meta name=\"author\" content=\"ppdelugo\" \/>\n<meta name=\"twitter:card\" content=\"summary_large_image\" \/>\n<meta name=\"twitter:label1\" content=\"Escrito por\" \/>\n\t<meta name=\"twitter:data1\" content=\"ppdelugo\" \/>\n\t<meta name=\"twitter:label2\" content=\"Tiempo de lectura\" \/>\n\t<meta name=\"twitter:data2\" content=\"3 minutos\" \/>\n<script type=\"application\/ld+json\" class=\"yoast-schema-graph\">{\"@context\":\"https:\\\/\\\/schema.org\",\"@graph\":[{\"@type\":\"Article\",\"@id\":\"https:\\\/\\\/www.ppdelugo.com\\\/es\\\/proposicion-do-grupo-municipal-popular-para-solicitar-o-inicio-de-expedientes-de-responsabilidade-derivados-da-xestion-da-concesion-da-fabrica-da-luz\\\/#article\",\"isPartOf\":{\"@id\":\"https:\\\/\\\/www.ppdelugo.com\\\/es\\\/proposicion-do-grupo-municipal-popular-para-solicitar-o-inicio-de-expedientes-de-responsabilidade-derivados-da-xestion-da-concesion-da-fabrica-da-luz\\\/\"},\"author\":{\"name\":\"ppdelugo\",\"@id\":\"https:\\\/\\\/www.ppdelugo.com\\\/es\\\/#\\\/schema\\\/person\\\/4fa17dd371813e2c389a4417775cec48\"},\"headline\":\"El PP lidera la unanimidad del pleno para que sean los pol\u00edticos responsables los que asuman la indemnizaci\u00f3n millonaria de la F\u00e1brica da Luz\",\"datePublished\":\"2020-06-25T08:14:01+00:00\",\"dateModified\":\"2020-06-25T11:33:58+00:00\",\"mainEntityOfPage\":{\"@id\":\"https:\\\/\\\/www.ppdelugo.com\\\/es\\\/proposicion-do-grupo-municipal-popular-para-solicitar-o-inicio-de-expedientes-de-responsabilidade-derivados-da-xestion-da-concesion-da-fabrica-da-luz\\\/\"},\"wordCount\":568,\"commentCount\":0,\"image\":{\"@id\":\"https:\\\/\\\/www.ppdelugo.com\\\/es\\\/proposicion-do-grupo-municipal-popular-para-solicitar-o-inicio-de-expedientes-de-responsabilidade-derivados-da-xestion-da-concesion-da-fabrica-da-luz\\\/#primaryimage\"},\"thumbnailUrl\":\"https:\\\/\\\/www.ppdelugo.com\\\/wp-content\\\/uploads\\\/2020\\\/05\\\/Antonio.jpeg\",\"articleSection\":[\"Econom\u00eda\",\"Infraestructuras\"],\"inLanguage\":\"es\",\"potentialAction\":[{\"@type\":\"CommentAction\",\"name\":\"Comment\",\"target\":[\"https:\\\/\\\/www.ppdelugo.com\\\/es\\\/proposicion-do-grupo-municipal-popular-para-solicitar-o-inicio-de-expedientes-de-responsabilidade-derivados-da-xestion-da-concesion-da-fabrica-da-luz\\\/#respond\"]}]},{\"@type\":\"WebPage\",\"@id\":\"https:\\\/\\\/www.ppdelugo.com\\\/es\\\/proposicion-do-grupo-municipal-popular-para-solicitar-o-inicio-de-expedientes-de-responsabilidade-derivados-da-xestion-da-concesion-da-fabrica-da-luz\\\/\",\"url\":\"https:\\\/\\\/www.ppdelugo.com\\\/es\\\/proposicion-do-grupo-municipal-popular-para-solicitar-o-inicio-de-expedientes-de-responsabilidade-derivados-da-xestion-da-concesion-da-fabrica-da-luz\\\/\",\"name\":\"El PP lidera la unanimidad del pleno para que sean los pol\u00edticos responsables los que asuman la indemnizaci\u00f3n millonaria de la F\u00e1brica da Luz - Grupo Municipal Partido Popular de Lugo\",\"isPartOf\":{\"@id\":\"https:\\\/\\\/www.ppdelugo.com\\\/es\\\/#website\"},\"primaryImageOfPage\":{\"@id\":\"https:\\\/\\\/www.ppdelugo.com\\\/es\\\/proposicion-do-grupo-municipal-popular-para-solicitar-o-inicio-de-expedientes-de-responsabilidade-derivados-da-xestion-da-concesion-da-fabrica-da-luz\\\/#primaryimage\"},\"image\":{\"@id\":\"https:\\\/\\\/www.ppdelugo.com\\\/es\\\/proposicion-do-grupo-municipal-popular-para-solicitar-o-inicio-de-expedientes-de-responsabilidade-derivados-da-xestion-da-concesion-da-fabrica-da-luz\\\/#primaryimage\"},\"thumbnailUrl\":\"https:\\\/\\\/www.ppdelugo.com\\\/wp-content\\\/uploads\\\/2020\\\/05\\\/Antonio.jpeg\",\"datePublished\":\"2020-06-25T08:14:01+00:00\",\"dateModified\":\"2020-06-25T11:33:58+00:00\",\"author\":{\"@id\":\"https:\\\/\\\/www.ppdelugo.com\\\/es\\\/#\\\/schema\\\/person\\\/4fa17dd371813e2c389a4417775cec48\"},\"breadcrumb\":{\"@id\":\"https:\\\/\\\/www.ppdelugo.com\\\/es\\\/proposicion-do-grupo-municipal-popular-para-solicitar-o-inicio-de-expedientes-de-responsabilidade-derivados-da-xestion-da-concesion-da-fabrica-da-luz\\\/#breadcrumb\"},\"inLanguage\":\"es\",\"potentialAction\":[{\"@type\":\"ReadAction\",\"target\":[\"https:\\\/\\\/www.ppdelugo.com\\\/es\\\/proposicion-do-grupo-municipal-popular-para-solicitar-o-inicio-de-expedientes-de-responsabilidade-derivados-da-xestion-da-concesion-da-fabrica-da-luz\\\/\"]}]},{\"@type\":\"ImageObject\",\"inLanguage\":\"es\",\"@id\":\"https:\\\/\\\/www.ppdelugo.com\\\/es\\\/proposicion-do-grupo-municipal-popular-para-solicitar-o-inicio-de-expedientes-de-responsabilidade-derivados-da-xestion-da-concesion-da-fabrica-da-luz\\\/#primaryimage\",\"url\":\"https:\\\/\\\/www.ppdelugo.com\\\/wp-content\\\/uploads\\\/2020\\\/05\\\/Antonio.jpeg\",\"contentUrl\":\"https:\\\/\\\/www.ppdelugo.com\\\/wp-content\\\/uploads\\\/2020\\\/05\\\/Antonio.jpeg\",\"width\":1024,\"height\":768},{\"@type\":\"BreadcrumbList\",\"@id\":\"https:\\\/\\\/www.ppdelugo.com\\\/es\\\/proposicion-do-grupo-municipal-popular-para-solicitar-o-inicio-de-expedientes-de-responsabilidade-derivados-da-xestion-da-concesion-da-fabrica-da-luz\\\/#breadcrumb\",\"itemListElement\":[{\"@type\":\"ListItem\",\"position\":1,\"name\":\"Portada\",\"item\":\"https:\\\/\\\/www.ppdelugo.com\\\/es\\\/\"},{\"@type\":\"ListItem\",\"position\":2,\"name\":\"El PP lidera la unanimidad del pleno para que sean los pol\u00edticos responsables los que asuman la indemnizaci\u00f3n millonaria de la F\u00e1brica da Luz\"}]},{\"@type\":\"WebSite\",\"@id\":\"https:\\\/\\\/www.ppdelugo.com\\\/es\\\/#website\",\"url\":\"https:\\\/\\\/www.ppdelugo.com\\\/es\\\/\",\"name\":\"Grupo Municipal Partido Popular de Lugo\",\"description\":\"Web del Grupo Municipal del Partido Popular en el Ayuntamiento de Lugo, con informaci\u00f3n sobre Lugo y fomento de la participaci\u00f3n ciudadana\",\"potentialAction\":[{\"@type\":\"SearchAction\",\"target\":{\"@type\":\"EntryPoint\",\"urlTemplate\":\"https:\\\/\\\/www.ppdelugo.com\\\/es\\\/?s={search_term_string}\"},\"query-input\":{\"@type\":\"PropertyValueSpecification\",\"valueRequired\":true,\"valueName\":\"search_term_string\"}}],\"inLanguage\":\"es\"},{\"@type\":\"Person\",\"@id\":\"https:\\\/\\\/www.ppdelugo.com\\\/es\\\/#\\\/schema\\\/person\\\/4fa17dd371813e2c389a4417775cec48\",\"name\":\"ppdelugo\",\"url\":\"https:\\\/\\\/www.ppdelugo.com\\\/es\\\/author\\\/admin-2\\\/\"}]}<\/script>\n<!-- \/ Yoast SEO plugin. -->","yoast_head_json":{"title":"El PP lidera la unanimidad del pleno para que sean los pol\u00edticos responsables los que asuman la indemnizaci\u00f3n millonaria de la F\u00e1brica da Luz - Grupo Municipal Partido Popular de Lugo","robots":{"index":"index","follow":"follow","max-snippet":"max-snippet:-1","max-image-preview":"max-image-preview:large","max-video-preview":"max-video-preview:-1"},"canonical":"https:\/\/www.ppdelugo.com\/es\/proposicion-do-grupo-municipal-popular-para-solicitar-o-inicio-de-expedientes-de-responsabilidade-derivados-da-xestion-da-concesion-da-fabrica-da-luz\/","og_locale":"es_ES","og_type":"article","og_title":"El PP lidera la unanimidad del pleno para que sean los pol\u00edticos responsables los que asuman la indemnizaci\u00f3n millonaria de la F\u00e1brica da Luz - Grupo Municipal Partido Popular de Lugo","og_description":"El Grupo Municipal del PP explica que gracias a la iniciativa presentada por su grupo, toda la corporaci\u00f3n se puso de acuerdo en que deben de ser las autoridades pol\u00edticas...","og_url":"https:\/\/www.ppdelugo.com\/es\/proposicion-do-grupo-municipal-popular-para-solicitar-o-inicio-de-expedientes-de-responsabilidade-derivados-da-xestion-da-concesion-da-fabrica-da-luz\/","og_site_name":"Grupo Municipal Partido Popular de Lugo","article_published_time":"2020-06-25T08:14:01+00:00","article_modified_time":"2020-06-25T11:33:58+00:00","og_image":[{"width":1024,"height":768,"url":"https:\/\/www.ppdelugo.com\/wp-content\/uploads\/2020\/05\/Antonio.jpeg","type":"image\/jpeg"}],"author":"ppdelugo","twitter_card":"summary_large_image","twitter_misc":{"Escrito por":"ppdelugo","Tiempo de lectura":"3 minutos"},"schema":{"@context":"https:\/\/schema.org","@graph":[{"@type":"Article","@id":"https:\/\/www.ppdelugo.com\/es\/proposicion-do-grupo-municipal-popular-para-solicitar-o-inicio-de-expedientes-de-responsabilidade-derivados-da-xestion-da-concesion-da-fabrica-da-luz\/#article","isPartOf":{"@id":"https:\/\/www.ppdelugo.com\/es\/proposicion-do-grupo-municipal-popular-para-solicitar-o-inicio-de-expedientes-de-responsabilidade-derivados-da-xestion-da-concesion-da-fabrica-da-luz\/"},"author":{"name":"ppdelugo","@id":"https:\/\/www.ppdelugo.com\/es\/#\/schema\/person\/4fa17dd371813e2c389a4417775cec48"},"headline":"El PP lidera la unanimidad del pleno para que sean los pol\u00edticos responsables los que asuman la indemnizaci\u00f3n millonaria de la F\u00e1brica da Luz","datePublished":"2020-06-25T08:14:01+00:00","dateModified":"2020-06-25T11:33:58+00:00","mainEntityOfPage":{"@id":"https:\/\/www.ppdelugo.com\/es\/proposicion-do-grupo-municipal-popular-para-solicitar-o-inicio-de-expedientes-de-responsabilidade-derivados-da-xestion-da-concesion-da-fabrica-da-luz\/"},"wordCount":568,"commentCount":0,"image":{"@id":"https:\/\/www.ppdelugo.com\/es\/proposicion-do-grupo-municipal-popular-para-solicitar-o-inicio-de-expedientes-de-responsabilidade-derivados-da-xestion-da-concesion-da-fabrica-da-luz\/#primaryimage"},"thumbnailUrl":"https:\/\/www.ppdelugo.com\/wp-content\/uploads\/2020\/05\/Antonio.jpeg","articleSection":["Econom\u00eda","Infraestructuras"],"inLanguage":"es","potentialAction":[{"@type":"CommentAction","name":"Comment","target":["https:\/\/www.ppdelugo.com\/es\/proposicion-do-grupo-municipal-popular-para-solicitar-o-inicio-de-expedientes-de-responsabilidade-derivados-da-xestion-da-concesion-da-fabrica-da-luz\/#respond"]}]},{"@type":"WebPage","@id":"https:\/\/www.ppdelugo.com\/es\/proposicion-do-grupo-municipal-popular-para-solicitar-o-inicio-de-expedientes-de-responsabilidade-derivados-da-xestion-da-concesion-da-fabrica-da-luz\/","url":"https:\/\/www.ppdelugo.com\/es\/proposicion-do-grupo-municipal-popular-para-solicitar-o-inicio-de-expedientes-de-responsabilidade-derivados-da-xestion-da-concesion-da-fabrica-da-luz\/","name":"El PP lidera la unanimidad del pleno para que sean los pol\u00edticos responsables los que asuman la indemnizaci\u00f3n millonaria de la F\u00e1brica da Luz - Grupo Municipal Partido Popular de Lugo","isPartOf":{"@id":"https:\/\/www.ppdelugo.com\/es\/#website"},"primaryImageOfPage":{"@id":"https:\/\/www.ppdelugo.com\/es\/proposicion-do-grupo-municipal-popular-para-solicitar-o-inicio-de-expedientes-de-responsabilidade-derivados-da-xestion-da-concesion-da-fabrica-da-luz\/#primaryimage"},"image":{"@id":"https:\/\/www.ppdelugo.com\/es\/proposicion-do-grupo-municipal-popular-para-solicitar-o-inicio-de-expedientes-de-responsabilidade-derivados-da-xestion-da-concesion-da-fabrica-da-luz\/#primaryimage"},"thumbnailUrl":"https:\/\/www.ppdelugo.com\/wp-content\/uploads\/2020\/05\/Antonio.jpeg","datePublished":"2020-06-25T08:14:01+00:00","dateModified":"2020-06-25T11:33:58+00:00","author":{"@id":"https:\/\/www.ppdelugo.com\/es\/#\/schema\/person\/4fa17dd371813e2c389a4417775cec48"},"breadcrumb":{"@id":"https:\/\/www.ppdelugo.com\/es\/proposicion-do-grupo-municipal-popular-para-solicitar-o-inicio-de-expedientes-de-responsabilidade-derivados-da-xestion-da-concesion-da-fabrica-da-luz\/#breadcrumb"},"inLanguage":"es","potentialAction":[{"@type":"ReadAction","target":["https:\/\/www.ppdelugo.com\/es\/proposicion-do-grupo-municipal-popular-para-solicitar-o-inicio-de-expedientes-de-responsabilidade-derivados-da-xestion-da-concesion-da-fabrica-da-luz\/"]}]},{"@type":"ImageObject","inLanguage":"es","@id":"https:\/\/www.ppdelugo.com\/es\/proposicion-do-grupo-municipal-popular-para-solicitar-o-inicio-de-expedientes-de-responsabilidade-derivados-da-xestion-da-concesion-da-fabrica-da-luz\/#primaryimage","url":"https:\/\/www.ppdelugo.com\/wp-content\/uploads\/2020\/05\/Antonio.jpeg","contentUrl":"https:\/\/www.ppdelugo.com\/wp-content\/uploads\/2020\/05\/Antonio.jpeg","width":1024,"height":768},{"@type":"BreadcrumbList","@id":"https:\/\/www.ppdelugo.com\/es\/proposicion-do-grupo-municipal-popular-para-solicitar-o-inicio-de-expedientes-de-responsabilidade-derivados-da-xestion-da-concesion-da-fabrica-da-luz\/#breadcrumb","itemListElement":[{"@type":"ListItem","position":1,"name":"Portada","item":"https:\/\/www.ppdelugo.com\/es\/"},{"@type":"ListItem","position":2,"name":"El PP lidera la unanimidad del pleno para que sean los pol\u00edticos responsables los que asuman la indemnizaci\u00f3n millonaria de la F\u00e1brica da Luz"}]},{"@type":"WebSite","@id":"https:\/\/www.ppdelugo.com\/es\/#website","url":"https:\/\/www.ppdelugo.com\/es\/","name":"Grupo Municipal Partido Popular de Lugo","description":"Web del Grupo Municipal del Partido Popular en el Ayuntamiento de Lugo, con informaci\u00f3n sobre Lugo y fomento de la participaci\u00f3n ciudadana","potentialAction":[{"@type":"SearchAction","target":{"@type":"EntryPoint","urlTemplate":"https:\/\/www.ppdelugo.com\/es\/?s={search_term_string}"},"query-input":{"@type":"PropertyValueSpecification","valueRequired":true,"valueName":"search_term_string"}}],"inLanguage":"es"},{"@type":"Person","@id":"https:\/\/www.ppdelugo.com\/es\/#\/schema\/person\/4fa17dd371813e2c389a4417775cec48","name":"ppdelugo","url":"https:\/\/www.ppdelugo.com\/es\/author\/admin-2\/"}]}},"_links":{"self":[{"href":"https:\/\/www.ppdelugo.com\/es\/wp-json\/wp\/v2\/posts\/12672","targetHints":{"allow":["GET"]}}],"collection":[{"href":"https:\/\/www.ppdelugo.com\/es\/wp-json\/wp\/v2\/posts"}],"about":[{"href":"https:\/\/www.ppdelugo.com\/es\/wp-json\/wp\/v2\/types\/post"}],"author":[{"embeddable":true,"href":"https:\/\/www.ppdelugo.com\/es\/wp-json\/wp\/v2\/users\/8"}],"replies":[{"embeddable":true,"href":"https:\/\/www.ppdelugo.com\/es\/wp-json\/wp\/v2\/comments?post=12672"}],"version-history":[{"count":0,"href":"https:\/\/www.ppdelugo.com\/es\/wp-json\/wp\/v2\/posts\/12672\/revisions"}],"wp:featuredmedia":[{"embeddable":true,"href":"https:\/\/www.ppdelugo.com\/es\/wp-json\/wp\/v2\/media\/12433"}],"wp:attachment":[{"href":"https:\/\/www.ppdelugo.com\/es\/wp-json\/wp\/v2\/media?parent=12672"}],"wp:term":[{"taxonomy":"category","embeddable":true,"href":"https:\/\/www.ppdelugo.com\/es\/wp-json\/wp\/v2\/categories?post=12672"},{"taxonomy":"post_tag","embeddable":true,"href":"https:\/\/www.ppdelugo.com\/es\/wp-json\/wp\/v2\/tags?post=12672"}],"curies":[{"name":"wp","href":"https:\/\/api.w.org\/{rel}","templated":true}]}}