{"id":12661,"date":"2020-06-25T08:12:29","date_gmt":"2020-06-25T08:12:29","guid":{"rendered":"http:\/\/www.ppdelugo.com\/proposicion-para-solicitar-a-union-dos-parque-do-rio-rato-e-do-rio-mino\/"},"modified":"2020-06-25T09:49:23","modified_gmt":"2020-06-25T09:49:23","slug":"proposicion-para-solicitar-a-union-dos-parque-do-rio-rato-e-do-rio-mino","status":"publish","type":"post","link":"https:\/\/www.ppdelugo.com\/es\/proposicion-para-solicitar-a-union-dos-parque-do-rio-rato-e-do-rio-mino\/","title":{"rendered":"El PP critica el cambio de rumbo del bigobierno, que ahora vota en contra de unir los Paseos del Mi\u00f1o y del Rato"},"content":{"rendered":"<p>El Grupo Municipal del Partido Popular critica el cambio de criterio del bigobierno, que ahora vota en contra de la uni\u00f3n de los paseos del Mi\u00f1o y del Rato, una iniciativa que apoyaron hace unos a\u00f1os, cuando los populares tambi\u00e9n defendieron una propuesta semejante en el pleno.<\/p>\n<p><!--more--><\/p>\n<p>Despois de m\u00e1is de 20 anos sen incrementar nin un s\u00f3 metro cadrado de zonas verdes no entorno fluvial da nosa cidade, faise necesario un esforzo por parte do Concello de Lugo para conquerir a uni\u00f3n dos parques do R\u00edo Rato e do R\u00edo Mi\u00f1o. A adquisici\u00f3n de algo m\u00e1is de 39.000 m2 na uni\u00f3n de ambos parques, na conexi\u00f3n da N-VI ca Avda. de Madrid, permitir\u00eda a consolidaci\u00f3n dun gran parque periurbano que atenda as necesidades recreativas e de ocio da poboaci\u00f3n lucense, formando un anel verde que dar\u00e1 continuidade \u00f3s sendeiros, instalaci\u00f3ns deportivas e de ocio \u00f3 aire libre.<\/p>\n<p>Os gobernantes te\u00f1en a obriga de sacar o maior rendemento aos recursos que temos na cidade, e os cursos fluviais dos r\u00edos Mi\u00f1o e Rato deben consolidarse como eixes vertebradores das actividades l\u00fadico-deportivas en Lugo, sendo adem\u00e1is un foco m\u00e1is de atracci\u00f3n do turismo e mellorando a imaxe do municipio.<\/p>\n<p>Por todo elo, o Grupo Municipal do Partido Popular solicita: <\/p>\n<p>\u2022\tInicio das xesti\u00f3ns oportunas para a adquisici\u00f3n de todas as parcelas sitas entre os parques do r\u00edo Mi\u00f1o, do r\u00edo Rato e o parque da Tolda coa finalidade de unir \u00edntegramente ambos parques e completar o parque periurbano da cidade.<br \/>\n\u2022\tElaboraci\u00f3n dun plan de mellora e mantenemento do Paseos do Mi\u00f1o e do Rato.<br \/>\n\u2022\tInstalaci\u00f3n de mobiliario e aparellos para o fomento de actividades deportivas, sendeirismo, parques infant\u00eds e de exercicios para maiores e mozos \u00f3 aire libre.<\/p>\n","protected":false},"excerpt":{"rendered":"<p>El Grupo Municipal del Partido Popular critica el cambio de criterio del bigobierno, que ahora vota en contra de la uni\u00f3n de los paseos del Mi\u00f1o y del Rato, una&#8230;<\/p>\n","protected":false},"author":8,"featured_media":12310,"comment_status":"open","ping_status":"closed","sticky":false,"template":"","format":"standard","meta":{"footnotes":""},"categories":[33,50],"tags":[],"class_list":{"0":"post-12661","1":"post","2":"type-post","3":"status-publish","4":"format-standard","5":"has-post-thumbnail","7":"category-medioambiente","8":"category-proposiciones"},"yoast_head":"<!-- This site is optimized with the Yoast SEO plugin v27.4 - https:\/\/yoast.com\/product\/yoast-seo-wordpress\/ -->\n<title>El PP critica el cambio de rumbo del bigobierno, que ahora vota en contra de unir los Paseos del Mi\u00f1o y del Rato - Grupo Municipal Partido Popular de Lugo<\/title>\n<meta name=\"robots\" content=\"index, follow, max-snippet:-1, max-image-preview:large, max-video-preview:-1\" \/>\n<link rel=\"canonical\" href=\"https:\/\/www.ppdelugo.com\/es\/proposicion-para-solicitar-a-union-dos-parque-do-rio-rato-e-do-rio-mino\/\" \/>\n<meta property=\"og:locale\" content=\"es_ES\" \/>\n<meta property=\"og:type\" content=\"article\" \/>\n<meta property=\"og:title\" content=\"El PP critica el cambio de rumbo del bigobierno, que ahora vota en contra de unir los Paseos del Mi\u00f1o y del Rato - Grupo Municipal Partido Popular de Lugo\" \/>\n<meta property=\"og:description\" content=\"El Grupo Municipal del Partido Popular critica el cambio de criterio del bigobierno, que ahora vota en contra de la uni\u00f3n de los paseos del Mi\u00f1o y del Rato, una...\" \/>\n<meta property=\"og:url\" content=\"https:\/\/www.ppdelugo.com\/es\/proposicion-para-solicitar-a-union-dos-parque-do-rio-rato-e-do-rio-mino\/\" \/>\n<meta property=\"og:site_name\" content=\"Grupo Municipal Partido Popular de Lugo\" \/>\n<meta property=\"article:published_time\" content=\"2020-06-25T08:12:29+00:00\" \/>\n<meta property=\"article:modified_time\" content=\"2020-06-25T09:49:23+00:00\" \/>\n<meta property=\"og:image\" content=\"https:\/\/www.ppdelugo.com\/wp-content\/uploads\/2017\/07\/RIO_MINHO_LUGO.jpg\" \/>\n\t<meta property=\"og:image:width\" content=\"2560\" \/>\n\t<meta property=\"og:image:height\" content=\"1920\" \/>\n\t<meta property=\"og:image:type\" content=\"image\/jpeg\" \/>\n<meta name=\"author\" content=\"ppdelugo\" \/>\n<meta name=\"twitter:card\" content=\"summary_large_image\" \/>\n<meta name=\"twitter:label1\" content=\"Escrito por\" \/>\n\t<meta name=\"twitter:data1\" content=\"ppdelugo\" \/>\n\t<meta name=\"twitter:label2\" content=\"Tiempo de lectura\" \/>\n\t<meta name=\"twitter:data2\" content=\"2 minutos\" \/>\n<script type=\"application\/ld+json\" class=\"yoast-schema-graph\">{\"@context\":\"https:\\\/\\\/schema.org\",\"@graph\":[{\"@type\":\"Article\",\"@id\":\"https:\\\/\\\/www.ppdelugo.com\\\/es\\\/proposicion-para-solicitar-a-union-dos-parque-do-rio-rato-e-do-rio-mino\\\/#article\",\"isPartOf\":{\"@id\":\"https:\\\/\\\/www.ppdelugo.com\\\/es\\\/proposicion-para-solicitar-a-union-dos-parque-do-rio-rato-e-do-rio-mino\\\/\"},\"author\":{\"name\":\"ppdelugo\",\"@id\":\"https:\\\/\\\/www.ppdelugo.com\\\/es\\\/#\\\/schema\\\/person\\\/4fa17dd371813e2c389a4417775cec48\"},\"headline\":\"El PP critica el cambio de rumbo del bigobierno, que ahora vota en contra de unir los Paseos del Mi\u00f1o y del Rato\",\"datePublished\":\"2020-06-25T08:12:29+00:00\",\"dateModified\":\"2020-06-25T09:49:23+00:00\",\"mainEntityOfPage\":{\"@id\":\"https:\\\/\\\/www.ppdelugo.com\\\/es\\\/proposicion-para-solicitar-a-union-dos-parque-do-rio-rato-e-do-rio-mino\\\/\"},\"wordCount\":339,\"commentCount\":0,\"image\":{\"@id\":\"https:\\\/\\\/www.ppdelugo.com\\\/es\\\/proposicion-para-solicitar-a-union-dos-parque-do-rio-rato-e-do-rio-mino\\\/#primaryimage\"},\"thumbnailUrl\":\"https:\\\/\\\/www.ppdelugo.com\\\/wp-content\\\/uploads\\\/2017\\\/07\\\/RIO_MINHO_LUGO.jpg\",\"articleSection\":[\"Medio Ambiente\",\"Proposiciones\"],\"inLanguage\":\"es\",\"potentialAction\":[{\"@type\":\"CommentAction\",\"name\":\"Comment\",\"target\":[\"https:\\\/\\\/www.ppdelugo.com\\\/es\\\/proposicion-para-solicitar-a-union-dos-parque-do-rio-rato-e-do-rio-mino\\\/#respond\"]}]},{\"@type\":\"WebPage\",\"@id\":\"https:\\\/\\\/www.ppdelugo.com\\\/es\\\/proposicion-para-solicitar-a-union-dos-parque-do-rio-rato-e-do-rio-mino\\\/\",\"url\":\"https:\\\/\\\/www.ppdelugo.com\\\/es\\\/proposicion-para-solicitar-a-union-dos-parque-do-rio-rato-e-do-rio-mino\\\/\",\"name\":\"El PP critica el cambio de rumbo del bigobierno, que ahora vota en contra de unir los Paseos del Mi\u00f1o y del Rato - Grupo Municipal Partido Popular de Lugo\",\"isPartOf\":{\"@id\":\"https:\\\/\\\/www.ppdelugo.com\\\/es\\\/#website\"},\"primaryImageOfPage\":{\"@id\":\"https:\\\/\\\/www.ppdelugo.com\\\/es\\\/proposicion-para-solicitar-a-union-dos-parque-do-rio-rato-e-do-rio-mino\\\/#primaryimage\"},\"image\":{\"@id\":\"https:\\\/\\\/www.ppdelugo.com\\\/es\\\/proposicion-para-solicitar-a-union-dos-parque-do-rio-rato-e-do-rio-mino\\\/#primaryimage\"},\"thumbnailUrl\":\"https:\\\/\\\/www.ppdelugo.com\\\/wp-content\\\/uploads\\\/2017\\\/07\\\/RIO_MINHO_LUGO.jpg\",\"datePublished\":\"2020-06-25T08:12:29+00:00\",\"dateModified\":\"2020-06-25T09:49:23+00:00\",\"author\":{\"@id\":\"https:\\\/\\\/www.ppdelugo.com\\\/es\\\/#\\\/schema\\\/person\\\/4fa17dd371813e2c389a4417775cec48\"},\"breadcrumb\":{\"@id\":\"https:\\\/\\\/www.ppdelugo.com\\\/es\\\/proposicion-para-solicitar-a-union-dos-parque-do-rio-rato-e-do-rio-mino\\\/#breadcrumb\"},\"inLanguage\":\"es\",\"potentialAction\":[{\"@type\":\"ReadAction\",\"target\":[\"https:\\\/\\\/www.ppdelugo.com\\\/es\\\/proposicion-para-solicitar-a-union-dos-parque-do-rio-rato-e-do-rio-mino\\\/\"]}]},{\"@type\":\"ImageObject\",\"inLanguage\":\"es\",\"@id\":\"https:\\\/\\\/www.ppdelugo.com\\\/es\\\/proposicion-para-solicitar-a-union-dos-parque-do-rio-rato-e-do-rio-mino\\\/#primaryimage\",\"url\":\"https:\\\/\\\/www.ppdelugo.com\\\/wp-content\\\/uploads\\\/2017\\\/07\\\/RIO_MINHO_LUGO.jpg\",\"contentUrl\":\"https:\\\/\\\/www.ppdelugo.com\\\/wp-content\\\/uploads\\\/2017\\\/07\\\/RIO_MINHO_LUGO.jpg\",\"width\":2560,\"height\":1920},{\"@type\":\"BreadcrumbList\",\"@id\":\"https:\\\/\\\/www.ppdelugo.com\\\/es\\\/proposicion-para-solicitar-a-union-dos-parque-do-rio-rato-e-do-rio-mino\\\/#breadcrumb\",\"itemListElement\":[{\"@type\":\"ListItem\",\"position\":1,\"name\":\"Portada\",\"item\":\"https:\\\/\\\/www.ppdelugo.com\\\/es\\\/\"},{\"@type\":\"ListItem\",\"position\":2,\"name\":\"El PP critica el cambio de rumbo del bigobierno, que ahora vota en contra de unir los Paseos del Mi\u00f1o y del Rato\"}]},{\"@type\":\"WebSite\",\"@id\":\"https:\\\/\\\/www.ppdelugo.com\\\/es\\\/#website\",\"url\":\"https:\\\/\\\/www.ppdelugo.com\\\/es\\\/\",\"name\":\"Grupo Municipal Partido Popular de Lugo\",\"description\":\"Web del Grupo Municipal del Partido Popular en el Ayuntamiento de Lugo, con informaci\u00f3n sobre Lugo y fomento de la participaci\u00f3n ciudadana\",\"potentialAction\":[{\"@type\":\"SearchAction\",\"target\":{\"@type\":\"EntryPoint\",\"urlTemplate\":\"https:\\\/\\\/www.ppdelugo.com\\\/es\\\/?s={search_term_string}\"},\"query-input\":{\"@type\":\"PropertyValueSpecification\",\"valueRequired\":true,\"valueName\":\"search_term_string\"}}],\"inLanguage\":\"es\"},{\"@type\":\"Person\",\"@id\":\"https:\\\/\\\/www.ppdelugo.com\\\/es\\\/#\\\/schema\\\/person\\\/4fa17dd371813e2c389a4417775cec48\",\"name\":\"ppdelugo\",\"url\":\"https:\\\/\\\/www.ppdelugo.com\\\/es\\\/author\\\/admin-2\\\/\"}]}<\/script>\n<!-- \/ Yoast SEO plugin. -->","yoast_head_json":{"title":"El PP critica el cambio de rumbo del bigobierno, que ahora vota en contra de unir los Paseos del Mi\u00f1o y del Rato - Grupo Municipal Partido Popular de Lugo","robots":{"index":"index","follow":"follow","max-snippet":"max-snippet:-1","max-image-preview":"max-image-preview:large","max-video-preview":"max-video-preview:-1"},"canonical":"https:\/\/www.ppdelugo.com\/es\/proposicion-para-solicitar-a-union-dos-parque-do-rio-rato-e-do-rio-mino\/","og_locale":"es_ES","og_type":"article","og_title":"El PP critica el cambio de rumbo del bigobierno, que ahora vota en contra de unir los Paseos del Mi\u00f1o y del Rato - Grupo Municipal Partido Popular de Lugo","og_description":"El Grupo Municipal del Partido Popular critica el cambio de criterio del bigobierno, que ahora vota en contra de la uni\u00f3n de los paseos del Mi\u00f1o y del Rato, una...","og_url":"https:\/\/www.ppdelugo.com\/es\/proposicion-para-solicitar-a-union-dos-parque-do-rio-rato-e-do-rio-mino\/","og_site_name":"Grupo Municipal Partido Popular de Lugo","article_published_time":"2020-06-25T08:12:29+00:00","article_modified_time":"2020-06-25T09:49:23+00:00","og_image":[{"width":2560,"height":1920,"url":"https:\/\/www.ppdelugo.com\/wp-content\/uploads\/2017\/07\/RIO_MINHO_LUGO.jpg","type":"image\/jpeg"}],"author":"ppdelugo","twitter_card":"summary_large_image","twitter_misc":{"Escrito por":"ppdelugo","Tiempo de lectura":"2 minutos"},"schema":{"@context":"https:\/\/schema.org","@graph":[{"@type":"Article","@id":"https:\/\/www.ppdelugo.com\/es\/proposicion-para-solicitar-a-union-dos-parque-do-rio-rato-e-do-rio-mino\/#article","isPartOf":{"@id":"https:\/\/www.ppdelugo.com\/es\/proposicion-para-solicitar-a-union-dos-parque-do-rio-rato-e-do-rio-mino\/"},"author":{"name":"ppdelugo","@id":"https:\/\/www.ppdelugo.com\/es\/#\/schema\/person\/4fa17dd371813e2c389a4417775cec48"},"headline":"El PP critica el cambio de rumbo del bigobierno, que ahora vota en contra de unir los Paseos del Mi\u00f1o y del Rato","datePublished":"2020-06-25T08:12:29+00:00","dateModified":"2020-06-25T09:49:23+00:00","mainEntityOfPage":{"@id":"https:\/\/www.ppdelugo.com\/es\/proposicion-para-solicitar-a-union-dos-parque-do-rio-rato-e-do-rio-mino\/"},"wordCount":339,"commentCount":0,"image":{"@id":"https:\/\/www.ppdelugo.com\/es\/proposicion-para-solicitar-a-union-dos-parque-do-rio-rato-e-do-rio-mino\/#primaryimage"},"thumbnailUrl":"https:\/\/www.ppdelugo.com\/wp-content\/uploads\/2017\/07\/RIO_MINHO_LUGO.jpg","articleSection":["Medio Ambiente","Proposiciones"],"inLanguage":"es","potentialAction":[{"@type":"CommentAction","name":"Comment","target":["https:\/\/www.ppdelugo.com\/es\/proposicion-para-solicitar-a-union-dos-parque-do-rio-rato-e-do-rio-mino\/#respond"]}]},{"@type":"WebPage","@id":"https:\/\/www.ppdelugo.com\/es\/proposicion-para-solicitar-a-union-dos-parque-do-rio-rato-e-do-rio-mino\/","url":"https:\/\/www.ppdelugo.com\/es\/proposicion-para-solicitar-a-union-dos-parque-do-rio-rato-e-do-rio-mino\/","name":"El PP critica el cambio de rumbo del bigobierno, que ahora vota en contra de unir los Paseos del Mi\u00f1o y del Rato - Grupo Municipal Partido Popular de Lugo","isPartOf":{"@id":"https:\/\/www.ppdelugo.com\/es\/#website"},"primaryImageOfPage":{"@id":"https:\/\/www.ppdelugo.com\/es\/proposicion-para-solicitar-a-union-dos-parque-do-rio-rato-e-do-rio-mino\/#primaryimage"},"image":{"@id":"https:\/\/www.ppdelugo.com\/es\/proposicion-para-solicitar-a-union-dos-parque-do-rio-rato-e-do-rio-mino\/#primaryimage"},"thumbnailUrl":"https:\/\/www.ppdelugo.com\/wp-content\/uploads\/2017\/07\/RIO_MINHO_LUGO.jpg","datePublished":"2020-06-25T08:12:29+00:00","dateModified":"2020-06-25T09:49:23+00:00","author":{"@id":"https:\/\/www.ppdelugo.com\/es\/#\/schema\/person\/4fa17dd371813e2c389a4417775cec48"},"breadcrumb":{"@id":"https:\/\/www.ppdelugo.com\/es\/proposicion-para-solicitar-a-union-dos-parque-do-rio-rato-e-do-rio-mino\/#breadcrumb"},"inLanguage":"es","potentialAction":[{"@type":"ReadAction","target":["https:\/\/www.ppdelugo.com\/es\/proposicion-para-solicitar-a-union-dos-parque-do-rio-rato-e-do-rio-mino\/"]}]},{"@type":"ImageObject","inLanguage":"es","@id":"https:\/\/www.ppdelugo.com\/es\/proposicion-para-solicitar-a-union-dos-parque-do-rio-rato-e-do-rio-mino\/#primaryimage","url":"https:\/\/www.ppdelugo.com\/wp-content\/uploads\/2017\/07\/RIO_MINHO_LUGO.jpg","contentUrl":"https:\/\/www.ppdelugo.com\/wp-content\/uploads\/2017\/07\/RIO_MINHO_LUGO.jpg","width":2560,"height":1920},{"@type":"BreadcrumbList","@id":"https:\/\/www.ppdelugo.com\/es\/proposicion-para-solicitar-a-union-dos-parque-do-rio-rato-e-do-rio-mino\/#breadcrumb","itemListElement":[{"@type":"ListItem","position":1,"name":"Portada","item":"https:\/\/www.ppdelugo.com\/es\/"},{"@type":"ListItem","position":2,"name":"El PP critica el cambio de rumbo del bigobierno, que ahora vota en contra de unir los Paseos del Mi\u00f1o y del Rato"}]},{"@type":"WebSite","@id":"https:\/\/www.ppdelugo.com\/es\/#website","url":"https:\/\/www.ppdelugo.com\/es\/","name":"Grupo Municipal Partido Popular de Lugo","description":"Web del Grupo Municipal del Partido Popular en el Ayuntamiento de Lugo, con informaci\u00f3n sobre Lugo y fomento de la participaci\u00f3n ciudadana","potentialAction":[{"@type":"SearchAction","target":{"@type":"EntryPoint","urlTemplate":"https:\/\/www.ppdelugo.com\/es\/?s={search_term_string}"},"query-input":{"@type":"PropertyValueSpecification","valueRequired":true,"valueName":"search_term_string"}}],"inLanguage":"es"},{"@type":"Person","@id":"https:\/\/www.ppdelugo.com\/es\/#\/schema\/person\/4fa17dd371813e2c389a4417775cec48","name":"ppdelugo","url":"https:\/\/www.ppdelugo.com\/es\/author\/admin-2\/"}]}},"_links":{"self":[{"href":"https:\/\/www.ppdelugo.com\/es\/wp-json\/wp\/v2\/posts\/12661","targetHints":{"allow":["GET"]}}],"collection":[{"href":"https:\/\/www.ppdelugo.com\/es\/wp-json\/wp\/v2\/posts"}],"about":[{"href":"https:\/\/www.ppdelugo.com\/es\/wp-json\/wp\/v2\/types\/post"}],"author":[{"embeddable":true,"href":"https:\/\/www.ppdelugo.com\/es\/wp-json\/wp\/v2\/users\/8"}],"replies":[{"embeddable":true,"href":"https:\/\/www.ppdelugo.com\/es\/wp-json\/wp\/v2\/comments?post=12661"}],"version-history":[{"count":0,"href":"https:\/\/www.ppdelugo.com\/es\/wp-json\/wp\/v2\/posts\/12661\/revisions"}],"wp:featuredmedia":[{"embeddable":true,"href":"https:\/\/www.ppdelugo.com\/es\/wp-json\/wp\/v2\/media\/12310"}],"wp:attachment":[{"href":"https:\/\/www.ppdelugo.com\/es\/wp-json\/wp\/v2\/media?parent=12661"}],"wp:term":[{"taxonomy":"category","embeddable":true,"href":"https:\/\/www.ppdelugo.com\/es\/wp-json\/wp\/v2\/categories?post=12661"},{"taxonomy":"post_tag","embeddable":true,"href":"https:\/\/www.ppdelugo.com\/es\/wp-json\/wp\/v2\/tags?post=12661"}],"curies":[{"name":"wp","href":"https:\/\/api.w.org\/{rel}","templated":true}]}}