{"id":12647,"date":"2020-06-23T11:48:37","date_gmt":"2020-06-23T11:48:37","guid":{"rendered":"http:\/\/www.ppdelugo.com\/o-pp-afirma-que-moitos-lucenses-non-poderan-facer-o-lume-novo-nas-suas-fincas-particulares-porque-mendez-renunciou-a-autorizalas-cun-bando\/"},"modified":"2020-06-23T11:56:28","modified_gmt":"2020-06-23T11:56:28","slug":"o-pp-afirma-que-moitos-lucenses-non-poderan-facer-o-lume-novo-nas-suas-fincas-particulares-porque-mendez-renunciou-a-autorizalas-cun-bando","status":"publish","type":"post","link":"https:\/\/www.ppdelugo.com\/es\/o-pp-afirma-que-moitos-lucenses-non-poderan-facer-o-lume-novo-nas-suas-fincas-particulares-porque-mendez-renunciou-a-autorizalas-cun-bando\/","title":{"rendered":"El PP afirma que muchos lucenses no podr\u00e1n hacer el fuego nuevo en sus fincas particulares porque M\u00e9ndez renunci\u00f3 a autorizarlas con un bando"},"content":{"rendered":"<p>Los populares acusan al gobierno local \u201cde mentir descaradamente a los vecinos a qui\u00e9n se les est\u00e1 informando  err\u00f3neamente que es la Xunta a que  proh\u00edbe las  cacharelas cuando lo que, \u00fanicamente, no autoriza es hacer las hogueras en espacios p\u00fablicos\u201d<\/p>\n<p><!--more--><\/p>\n<p>Dende o Partido Popular aseguran que moitos veci\u00f1os de Lugo desistiron esta noite de facer as fogueiras do San Xo\u00e1n en fincas privadas pola neglixencia da alcaldesa de Lugo. O vicevoceiro popular explicaba que Lara M\u00e9ndez \u201cnon foi previsora e renunciou a facer un bando, tal e como fixeron noutros municipios galegos, onde se autorizaba a facer cacharelas en parcelas ou xard\u00edns particulares con grupos reducidos de persoas. <\/p>\n<p>Antonio Ameijide tam\u00e9n amosou o seu malestar porque dende o goberno local se ordena que o 010 est\u00e9 trasladando unha informaci\u00f3n falsa aos lucenses que preguntan como poden solicitar permisos para o lume novo. <\/p>\n<p>O popular explica que \u201cse minte de forma descarada cando aseguran que \u00e9 a Xunta a que prohibe estas fogueiras, algo totalmente falso porque o \u00fanico que non autoriza \u00e9 facelas en espazos p\u00fablicos\u201d. \u201cDiante desta informaci\u00f3n \u00e9 normal que non haxa petici\u00f3ns no concello\u201d razoaba Ameijide.<\/p>\n<p>Os populares lembran que a competencia sobre si se poden facer ou non cacharelas en fincas ou xard\u00edns privados \u00e9 dos concellos polo que lamenta a inacci\u00f3n de socialistas e nacionalistas nesta cuesti\u00f3n. \u201c\u00c9 un contrasentido que organicen actos do arde lucus, ou actos entorno \u00e1 muralla cando logo impiden aos lucenses que fagan cacharelas para os seus fillos, netos ou grupos moi reducidos de amigos.<\/p>\n","protected":false},"excerpt":{"rendered":"<p>Los populares acusan al gobierno local \u201cde mentir descaradamente a los vecinos a qui\u00e9n se les est\u00e1 informando err\u00f3neamente que es la Xunta a que proh\u00edbe las cacharelas cuando lo&#8230;<\/p>\n","protected":false},"author":8,"featured_media":12653,"comment_status":"open","ping_status":"closed","sticky":false,"template":"","format":"standard","meta":{"footnotes":""},"categories":[30],"tags":[],"class_list":{"0":"post-12647","1":"post","2":"type-post","3":"status-publish","4":"format-standard","5":"has-post-thumbnail","7":"category-cultura-es"},"yoast_head":"<!-- This site is optimized with the Yoast SEO plugin v27.4 - https:\/\/yoast.com\/product\/yoast-seo-wordpress\/ -->\n<title>El PP afirma que muchos lucenses no podr\u00e1n hacer el fuego nuevo en sus fincas particulares porque M\u00e9ndez renunci\u00f3 a autorizarlas con un bando - Grupo Municipal Partido Popular de Lugo<\/title>\n<meta name=\"robots\" content=\"index, follow, max-snippet:-1, max-image-preview:large, max-video-preview:-1\" \/>\n<link rel=\"canonical\" href=\"https:\/\/www.ppdelugo.com\/es\/o-pp-afirma-que-moitos-lucenses-non-poderan-facer-o-lume-novo-nas-suas-fincas-particulares-porque-mendez-renunciou-a-autorizalas-cun-bando\/\" \/>\n<meta property=\"og:locale\" content=\"es_ES\" \/>\n<meta property=\"og:type\" content=\"article\" \/>\n<meta property=\"og:title\" content=\"El PP afirma que muchos lucenses no podr\u00e1n hacer el fuego nuevo en sus fincas particulares porque M\u00e9ndez renunci\u00f3 a autorizarlas con un bando - Grupo Municipal Partido Popular de Lugo\" \/>\n<meta property=\"og:description\" content=\"Los populares acusan al gobierno local \u201cde mentir descaradamente a los vecinos a qui\u00e9n se les est\u00e1 informando err\u00f3neamente que es la Xunta a que proh\u00edbe las cacharelas cuando lo...\" \/>\n<meta property=\"og:url\" content=\"https:\/\/www.ppdelugo.com\/es\/o-pp-afirma-que-moitos-lucenses-non-poderan-facer-o-lume-novo-nas-suas-fincas-particulares-porque-mendez-renunciou-a-autorizalas-cun-bando\/\" \/>\n<meta property=\"og:site_name\" content=\"Grupo Municipal Partido Popular de Lugo\" \/>\n<meta property=\"article:published_time\" content=\"2020-06-23T11:48:37+00:00\" \/>\n<meta property=\"article:modified_time\" content=\"2020-06-23T11:56:28+00:00\" \/>\n<meta property=\"og:image\" content=\"https:\/\/www.ppdelugo.com\/wp-content\/uploads\/2020\/06\/descarga.jpg\" \/>\n\t<meta property=\"og:image:width\" content=\"275\" \/>\n\t<meta property=\"og:image:height\" content=\"183\" \/>\n\t<meta property=\"og:image:type\" content=\"image\/jpeg\" \/>\n<meta name=\"author\" content=\"ppdelugo\" \/>\n<meta name=\"twitter:card\" content=\"summary_large_image\" \/>\n<meta name=\"twitter:label1\" content=\"Escrito por\" \/>\n\t<meta name=\"twitter:data1\" content=\"ppdelugo\" \/>\n\t<meta name=\"twitter:label2\" content=\"Tiempo de lectura\" \/>\n\t<meta name=\"twitter:data2\" content=\"1 minuto\" \/>\n<script type=\"application\/ld+json\" class=\"yoast-schema-graph\">{\"@context\":\"https:\\\/\\\/schema.org\",\"@graph\":[{\"@type\":\"Article\",\"@id\":\"https:\\\/\\\/www.ppdelugo.com\\\/es\\\/o-pp-afirma-que-moitos-lucenses-non-poderan-facer-o-lume-novo-nas-suas-fincas-particulares-porque-mendez-renunciou-a-autorizalas-cun-bando\\\/#article\",\"isPartOf\":{\"@id\":\"https:\\\/\\\/www.ppdelugo.com\\\/es\\\/o-pp-afirma-que-moitos-lucenses-non-poderan-facer-o-lume-novo-nas-suas-fincas-particulares-porque-mendez-renunciou-a-autorizalas-cun-bando\\\/\"},\"author\":{\"name\":\"ppdelugo\",\"@id\":\"https:\\\/\\\/www.ppdelugo.com\\\/es\\\/#\\\/schema\\\/person\\\/4fa17dd371813e2c389a4417775cec48\"},\"headline\":\"El PP afirma que muchos lucenses no podr\u00e1n hacer el fuego nuevo en sus fincas particulares porque M\u00e9ndez renunci\u00f3 a autorizarlas con un bando\",\"datePublished\":\"2020-06-23T11:48:37+00:00\",\"dateModified\":\"2020-06-23T11:56:28+00:00\",\"mainEntityOfPage\":{\"@id\":\"https:\\\/\\\/www.ppdelugo.com\\\/es\\\/o-pp-afirma-que-moitos-lucenses-non-poderan-facer-o-lume-novo-nas-suas-fincas-particulares-porque-mendez-renunciou-a-autorizalas-cun-bando\\\/\"},\"wordCount\":291,\"commentCount\":0,\"image\":{\"@id\":\"https:\\\/\\\/www.ppdelugo.com\\\/es\\\/o-pp-afirma-que-moitos-lucenses-non-poderan-facer-o-lume-novo-nas-suas-fincas-particulares-porque-mendez-renunciou-a-autorizalas-cun-bando\\\/#primaryimage\"},\"thumbnailUrl\":\"https:\\\/\\\/www.ppdelugo.com\\\/wp-content\\\/uploads\\\/2020\\\/06\\\/descarga.jpg\",\"articleSection\":[\"Cultura\"],\"inLanguage\":\"es\",\"potentialAction\":[{\"@type\":\"CommentAction\",\"name\":\"Comment\",\"target\":[\"https:\\\/\\\/www.ppdelugo.com\\\/es\\\/o-pp-afirma-que-moitos-lucenses-non-poderan-facer-o-lume-novo-nas-suas-fincas-particulares-porque-mendez-renunciou-a-autorizalas-cun-bando\\\/#respond\"]}]},{\"@type\":\"WebPage\",\"@id\":\"https:\\\/\\\/www.ppdelugo.com\\\/es\\\/o-pp-afirma-que-moitos-lucenses-non-poderan-facer-o-lume-novo-nas-suas-fincas-particulares-porque-mendez-renunciou-a-autorizalas-cun-bando\\\/\",\"url\":\"https:\\\/\\\/www.ppdelugo.com\\\/es\\\/o-pp-afirma-que-moitos-lucenses-non-poderan-facer-o-lume-novo-nas-suas-fincas-particulares-porque-mendez-renunciou-a-autorizalas-cun-bando\\\/\",\"name\":\"El PP afirma que muchos lucenses no podr\u00e1n hacer el fuego nuevo en sus fincas particulares porque M\u00e9ndez renunci\u00f3 a autorizarlas con un bando - Grupo Municipal Partido Popular de Lugo\",\"isPartOf\":{\"@id\":\"https:\\\/\\\/www.ppdelugo.com\\\/es\\\/#website\"},\"primaryImageOfPage\":{\"@id\":\"https:\\\/\\\/www.ppdelugo.com\\\/es\\\/o-pp-afirma-que-moitos-lucenses-non-poderan-facer-o-lume-novo-nas-suas-fincas-particulares-porque-mendez-renunciou-a-autorizalas-cun-bando\\\/#primaryimage\"},\"image\":{\"@id\":\"https:\\\/\\\/www.ppdelugo.com\\\/es\\\/o-pp-afirma-que-moitos-lucenses-non-poderan-facer-o-lume-novo-nas-suas-fincas-particulares-porque-mendez-renunciou-a-autorizalas-cun-bando\\\/#primaryimage\"},\"thumbnailUrl\":\"https:\\\/\\\/www.ppdelugo.com\\\/wp-content\\\/uploads\\\/2020\\\/06\\\/descarga.jpg\",\"datePublished\":\"2020-06-23T11:48:37+00:00\",\"dateModified\":\"2020-06-23T11:56:28+00:00\",\"author\":{\"@id\":\"https:\\\/\\\/www.ppdelugo.com\\\/es\\\/#\\\/schema\\\/person\\\/4fa17dd371813e2c389a4417775cec48\"},\"breadcrumb\":{\"@id\":\"https:\\\/\\\/www.ppdelugo.com\\\/es\\\/o-pp-afirma-que-moitos-lucenses-non-poderan-facer-o-lume-novo-nas-suas-fincas-particulares-porque-mendez-renunciou-a-autorizalas-cun-bando\\\/#breadcrumb\"},\"inLanguage\":\"es\",\"potentialAction\":[{\"@type\":\"ReadAction\",\"target\":[\"https:\\\/\\\/www.ppdelugo.com\\\/es\\\/o-pp-afirma-que-moitos-lucenses-non-poderan-facer-o-lume-novo-nas-suas-fincas-particulares-porque-mendez-renunciou-a-autorizalas-cun-bando\\\/\"]}]},{\"@type\":\"ImageObject\",\"inLanguage\":\"es\",\"@id\":\"https:\\\/\\\/www.ppdelugo.com\\\/es\\\/o-pp-afirma-que-moitos-lucenses-non-poderan-facer-o-lume-novo-nas-suas-fincas-particulares-porque-mendez-renunciou-a-autorizalas-cun-bando\\\/#primaryimage\",\"url\":\"https:\\\/\\\/www.ppdelugo.com\\\/wp-content\\\/uploads\\\/2020\\\/06\\\/descarga.jpg\",\"contentUrl\":\"https:\\\/\\\/www.ppdelugo.com\\\/wp-content\\\/uploads\\\/2020\\\/06\\\/descarga.jpg\",\"width\":275,\"height\":183},{\"@type\":\"BreadcrumbList\",\"@id\":\"https:\\\/\\\/www.ppdelugo.com\\\/es\\\/o-pp-afirma-que-moitos-lucenses-non-poderan-facer-o-lume-novo-nas-suas-fincas-particulares-porque-mendez-renunciou-a-autorizalas-cun-bando\\\/#breadcrumb\",\"itemListElement\":[{\"@type\":\"ListItem\",\"position\":1,\"name\":\"Portada\",\"item\":\"https:\\\/\\\/www.ppdelugo.com\\\/es\\\/\"},{\"@type\":\"ListItem\",\"position\":2,\"name\":\"El PP afirma que muchos lucenses no podr\u00e1n hacer el fuego nuevo en sus fincas particulares porque M\u00e9ndez renunci\u00f3 a autorizarlas con un bando\"}]},{\"@type\":\"WebSite\",\"@id\":\"https:\\\/\\\/www.ppdelugo.com\\\/es\\\/#website\",\"url\":\"https:\\\/\\\/www.ppdelugo.com\\\/es\\\/\",\"name\":\"Grupo Municipal Partido Popular de Lugo\",\"description\":\"Web del Grupo Municipal del Partido Popular en el Ayuntamiento de Lugo, con informaci\u00f3n sobre Lugo y fomento de la participaci\u00f3n ciudadana\",\"potentialAction\":[{\"@type\":\"SearchAction\",\"target\":{\"@type\":\"EntryPoint\",\"urlTemplate\":\"https:\\\/\\\/www.ppdelugo.com\\\/es\\\/?s={search_term_string}\"},\"query-input\":{\"@type\":\"PropertyValueSpecification\",\"valueRequired\":true,\"valueName\":\"search_term_string\"}}],\"inLanguage\":\"es\"},{\"@type\":\"Person\",\"@id\":\"https:\\\/\\\/www.ppdelugo.com\\\/es\\\/#\\\/schema\\\/person\\\/4fa17dd371813e2c389a4417775cec48\",\"name\":\"ppdelugo\",\"url\":\"https:\\\/\\\/www.ppdelugo.com\\\/es\\\/author\\\/admin-2\\\/\"}]}<\/script>\n<!-- \/ Yoast SEO plugin. -->","yoast_head_json":{"title":"El PP afirma que muchos lucenses no podr\u00e1n hacer el fuego nuevo en sus fincas particulares porque M\u00e9ndez renunci\u00f3 a autorizarlas con un bando - Grupo Municipal Partido Popular de Lugo","robots":{"index":"index","follow":"follow","max-snippet":"max-snippet:-1","max-image-preview":"max-image-preview:large","max-video-preview":"max-video-preview:-1"},"canonical":"https:\/\/www.ppdelugo.com\/es\/o-pp-afirma-que-moitos-lucenses-non-poderan-facer-o-lume-novo-nas-suas-fincas-particulares-porque-mendez-renunciou-a-autorizalas-cun-bando\/","og_locale":"es_ES","og_type":"article","og_title":"El PP afirma que muchos lucenses no podr\u00e1n hacer el fuego nuevo en sus fincas particulares porque M\u00e9ndez renunci\u00f3 a autorizarlas con un bando - Grupo Municipal Partido Popular de Lugo","og_description":"Los populares acusan al gobierno local \u201cde mentir descaradamente a los vecinos a qui\u00e9n se les est\u00e1 informando err\u00f3neamente que es la Xunta a que proh\u00edbe las cacharelas cuando lo...","og_url":"https:\/\/www.ppdelugo.com\/es\/o-pp-afirma-que-moitos-lucenses-non-poderan-facer-o-lume-novo-nas-suas-fincas-particulares-porque-mendez-renunciou-a-autorizalas-cun-bando\/","og_site_name":"Grupo Municipal Partido Popular de Lugo","article_published_time":"2020-06-23T11:48:37+00:00","article_modified_time":"2020-06-23T11:56:28+00:00","og_image":[{"width":275,"height":183,"url":"https:\/\/www.ppdelugo.com\/wp-content\/uploads\/2020\/06\/descarga.jpg","type":"image\/jpeg"}],"author":"ppdelugo","twitter_card":"summary_large_image","twitter_misc":{"Escrito por":"ppdelugo","Tiempo de lectura":"1 minuto"},"schema":{"@context":"https:\/\/schema.org","@graph":[{"@type":"Article","@id":"https:\/\/www.ppdelugo.com\/es\/o-pp-afirma-que-moitos-lucenses-non-poderan-facer-o-lume-novo-nas-suas-fincas-particulares-porque-mendez-renunciou-a-autorizalas-cun-bando\/#article","isPartOf":{"@id":"https:\/\/www.ppdelugo.com\/es\/o-pp-afirma-que-moitos-lucenses-non-poderan-facer-o-lume-novo-nas-suas-fincas-particulares-porque-mendez-renunciou-a-autorizalas-cun-bando\/"},"author":{"name":"ppdelugo","@id":"https:\/\/www.ppdelugo.com\/es\/#\/schema\/person\/4fa17dd371813e2c389a4417775cec48"},"headline":"El PP afirma que muchos lucenses no podr\u00e1n hacer el fuego nuevo en sus fincas particulares porque M\u00e9ndez renunci\u00f3 a autorizarlas con un bando","datePublished":"2020-06-23T11:48:37+00:00","dateModified":"2020-06-23T11:56:28+00:00","mainEntityOfPage":{"@id":"https:\/\/www.ppdelugo.com\/es\/o-pp-afirma-que-moitos-lucenses-non-poderan-facer-o-lume-novo-nas-suas-fincas-particulares-porque-mendez-renunciou-a-autorizalas-cun-bando\/"},"wordCount":291,"commentCount":0,"image":{"@id":"https:\/\/www.ppdelugo.com\/es\/o-pp-afirma-que-moitos-lucenses-non-poderan-facer-o-lume-novo-nas-suas-fincas-particulares-porque-mendez-renunciou-a-autorizalas-cun-bando\/#primaryimage"},"thumbnailUrl":"https:\/\/www.ppdelugo.com\/wp-content\/uploads\/2020\/06\/descarga.jpg","articleSection":["Cultura"],"inLanguage":"es","potentialAction":[{"@type":"CommentAction","name":"Comment","target":["https:\/\/www.ppdelugo.com\/es\/o-pp-afirma-que-moitos-lucenses-non-poderan-facer-o-lume-novo-nas-suas-fincas-particulares-porque-mendez-renunciou-a-autorizalas-cun-bando\/#respond"]}]},{"@type":"WebPage","@id":"https:\/\/www.ppdelugo.com\/es\/o-pp-afirma-que-moitos-lucenses-non-poderan-facer-o-lume-novo-nas-suas-fincas-particulares-porque-mendez-renunciou-a-autorizalas-cun-bando\/","url":"https:\/\/www.ppdelugo.com\/es\/o-pp-afirma-que-moitos-lucenses-non-poderan-facer-o-lume-novo-nas-suas-fincas-particulares-porque-mendez-renunciou-a-autorizalas-cun-bando\/","name":"El PP afirma que muchos lucenses no podr\u00e1n hacer el fuego nuevo en sus fincas particulares porque M\u00e9ndez renunci\u00f3 a autorizarlas con un bando - Grupo Municipal Partido Popular de Lugo","isPartOf":{"@id":"https:\/\/www.ppdelugo.com\/es\/#website"},"primaryImageOfPage":{"@id":"https:\/\/www.ppdelugo.com\/es\/o-pp-afirma-que-moitos-lucenses-non-poderan-facer-o-lume-novo-nas-suas-fincas-particulares-porque-mendez-renunciou-a-autorizalas-cun-bando\/#primaryimage"},"image":{"@id":"https:\/\/www.ppdelugo.com\/es\/o-pp-afirma-que-moitos-lucenses-non-poderan-facer-o-lume-novo-nas-suas-fincas-particulares-porque-mendez-renunciou-a-autorizalas-cun-bando\/#primaryimage"},"thumbnailUrl":"https:\/\/www.ppdelugo.com\/wp-content\/uploads\/2020\/06\/descarga.jpg","datePublished":"2020-06-23T11:48:37+00:00","dateModified":"2020-06-23T11:56:28+00:00","author":{"@id":"https:\/\/www.ppdelugo.com\/es\/#\/schema\/person\/4fa17dd371813e2c389a4417775cec48"},"breadcrumb":{"@id":"https:\/\/www.ppdelugo.com\/es\/o-pp-afirma-que-moitos-lucenses-non-poderan-facer-o-lume-novo-nas-suas-fincas-particulares-porque-mendez-renunciou-a-autorizalas-cun-bando\/#breadcrumb"},"inLanguage":"es","potentialAction":[{"@type":"ReadAction","target":["https:\/\/www.ppdelugo.com\/es\/o-pp-afirma-que-moitos-lucenses-non-poderan-facer-o-lume-novo-nas-suas-fincas-particulares-porque-mendez-renunciou-a-autorizalas-cun-bando\/"]}]},{"@type":"ImageObject","inLanguage":"es","@id":"https:\/\/www.ppdelugo.com\/es\/o-pp-afirma-que-moitos-lucenses-non-poderan-facer-o-lume-novo-nas-suas-fincas-particulares-porque-mendez-renunciou-a-autorizalas-cun-bando\/#primaryimage","url":"https:\/\/www.ppdelugo.com\/wp-content\/uploads\/2020\/06\/descarga.jpg","contentUrl":"https:\/\/www.ppdelugo.com\/wp-content\/uploads\/2020\/06\/descarga.jpg","width":275,"height":183},{"@type":"BreadcrumbList","@id":"https:\/\/www.ppdelugo.com\/es\/o-pp-afirma-que-moitos-lucenses-non-poderan-facer-o-lume-novo-nas-suas-fincas-particulares-porque-mendez-renunciou-a-autorizalas-cun-bando\/#breadcrumb","itemListElement":[{"@type":"ListItem","position":1,"name":"Portada","item":"https:\/\/www.ppdelugo.com\/es\/"},{"@type":"ListItem","position":2,"name":"El PP afirma que muchos lucenses no podr\u00e1n hacer el fuego nuevo en sus fincas particulares porque M\u00e9ndez renunci\u00f3 a autorizarlas con un bando"}]},{"@type":"WebSite","@id":"https:\/\/www.ppdelugo.com\/es\/#website","url":"https:\/\/www.ppdelugo.com\/es\/","name":"Grupo Municipal Partido Popular de Lugo","description":"Web del Grupo Municipal del Partido Popular en el Ayuntamiento de Lugo, con informaci\u00f3n sobre Lugo y fomento de la participaci\u00f3n ciudadana","potentialAction":[{"@type":"SearchAction","target":{"@type":"EntryPoint","urlTemplate":"https:\/\/www.ppdelugo.com\/es\/?s={search_term_string}"},"query-input":{"@type":"PropertyValueSpecification","valueRequired":true,"valueName":"search_term_string"}}],"inLanguage":"es"},{"@type":"Person","@id":"https:\/\/www.ppdelugo.com\/es\/#\/schema\/person\/4fa17dd371813e2c389a4417775cec48","name":"ppdelugo","url":"https:\/\/www.ppdelugo.com\/es\/author\/admin-2\/"}]}},"_links":{"self":[{"href":"https:\/\/www.ppdelugo.com\/es\/wp-json\/wp\/v2\/posts\/12647","targetHints":{"allow":["GET"]}}],"collection":[{"href":"https:\/\/www.ppdelugo.com\/es\/wp-json\/wp\/v2\/posts"}],"about":[{"href":"https:\/\/www.ppdelugo.com\/es\/wp-json\/wp\/v2\/types\/post"}],"author":[{"embeddable":true,"href":"https:\/\/www.ppdelugo.com\/es\/wp-json\/wp\/v2\/users\/8"}],"replies":[{"embeddable":true,"href":"https:\/\/www.ppdelugo.com\/es\/wp-json\/wp\/v2\/comments?post=12647"}],"version-history":[{"count":0,"href":"https:\/\/www.ppdelugo.com\/es\/wp-json\/wp\/v2\/posts\/12647\/revisions"}],"wp:featuredmedia":[{"embeddable":true,"href":"https:\/\/www.ppdelugo.com\/es\/wp-json\/wp\/v2\/media\/12653"}],"wp:attachment":[{"href":"https:\/\/www.ppdelugo.com\/es\/wp-json\/wp\/v2\/media?parent=12647"}],"wp:term":[{"taxonomy":"category","embeddable":true,"href":"https:\/\/www.ppdelugo.com\/es\/wp-json\/wp\/v2\/categories?post=12647"},{"taxonomy":"post_tag","embeddable":true,"href":"https:\/\/www.ppdelugo.com\/es\/wp-json\/wp\/v2\/tags?post=12647"}],"curies":[{"name":"wp","href":"https:\/\/api.w.org\/{rel}","templated":true}]}}