{"id":1263,"date":"2015-09-30T10:00:22","date_gmt":"2015-09-30T10:00:22","guid":{"rendered":"http:\/\/www.ppdelugo.com\/es\/el-pp-propone-una-delegacion-de-la-policia-en-la-zona-norte-de-la-ciudad\/"},"modified":"2016-02-01T12:22:34","modified_gmt":"2016-02-01T12:22:34","slug":"el-pp-propone-una-delegacion-de-la-policia-en-la-zona-norte-de-la-ciudad","status":"publish","type":"post","link":"https:\/\/www.ppdelugo.com\/es\/el-pp-propone-una-delegacion-de-la-policia-en-la-zona-norte-de-la-ciudad\/","title":{"rendered":"El PP propone una delegaci\u00f3n de la Polic\u00eda en la zona norte de la ciudade"},"content":{"rendered":"[vc_row type=\u00bbin_container\u00bb scene_position=\u00bbcenter\u00bb text_color=\u00bbdark\u00bb text_align=\u00bbleft\u00bb top_padding=\u00bb-10&#8243;][vc_column column_padding=\u00bbno-extra-padding\u00bb column_padding_position=\u00bball\u00bb background_color_opacity=\u00bb1&#8243; background_hover_color_opacity=\u00bb1&#8243; width=\u00bb1\/1&#8243;][vc_column_text]\n<p>El concejal popular Enrique Rozas considera que la reorganizaci\u00f3n de la polic\u00eda local tiene que pivotar en tres direcciones \u201cintensificando la presencia de la polic\u00eda en la calle, creando unidades especializadas y descentralizando el servicio\u201d<\/p>\n<p><!--more--><\/p>\n<p>El Grupo Municipal del Partido Popular propone una reestructuraci\u00f3n global de la polic\u00eda local. El concejal popular Enrique Rozas explic\u00f3 que esta reorganizaci\u00f3n pivota en tres ejes \u201chay que reforzar las patrullas de proximidad con efectivos de las vacantes disponibles; descentralizar el servicio creando una nueva delegaci\u00f3n en la zona norte de la ciudad y habilitando, en dependencias municipales del centro una unidad administrativa y, por \u00faltimo, es necesario profundizar en la especializaci\u00f3n de nuestros agentes\u201d.<\/p>\n<p>Los populares plantean estes cambios en la organizaci\u00f3n de la polic\u00eda local porque consideran que \u201chay que impulsar un nuevo modelo que est\u00e9 m\u00e1s cerca de los ciudadanos tanto para realizar tr\u00e1mites administrativos, como f\u00edsicamente, en los los distintos barrios, prestando atenci\u00f3n ciudadana o intermediando en resoluci\u00f3n de conflictos de convivencia\u201d.<\/p>\n<p>El concejal popular explic\u00f3 que con la creaci\u00f3n de estas nuevas delegaciones se ganar\u00eda en operatividad y se facilitar\u00eda la atenci\u00f3n a los vecinos evitando los desplazamientos a la nueva sede de Sanfiz.<\/p>\n<p>El segundo eje en el que pivota la reestructuraci\u00f3n de la polic\u00eda local va encaminado a intensificar los servicios de patrullas en calle para que la presencia de agentes \u201ctanto a pi\u00e9 como utilizando los distintos medios de transporte dos que dispo\u00f1en \u00a0(motocicletas, veh\u00edculos \u2026) sea algo habitual en los distintos barrios de la ciudad\u201d.<\/p>\n<p>El concejal popular Enrique Rozas explic\u00f3 que \u201clas futuras unidades de patrulla en la calle, podr\u00edan nutrirse con los 13 agentes que se podr\u00edan incorporar al reconvertir las 8 plazas de la subescala facultativa, a estes efectivos\u00a0 que habr\u00eda que sumar los agentes que ocupen las vacantes de polic\u00edas existentes\u201d<\/p>\n<p>La creaci\u00f3n de unidades especializadas es el tercer eje de la reforma de la polic\u00eda local que plantea el Partido Popular. Los populares consideran que este colectivo debe recibir una formaci\u00f3n continua y, en esa l\u00ednea, reclaman \u201cla\u00a0 creaci\u00f3n de un gabinete de formaci\u00f3n y reciclaje interna permanente que facilite acciones formativas para los agentes\u201d. El concejal popular Enrique Rozas matiza que \u201cno se puede olvidar esta faceta cuando hablamos del personal de un servicio que debe especializarse en materias muy espec\u00edficas y sensibles como son la violencia de g\u00e9nero, delitos inform\u00e1ticos, la mediaci\u00f3n en conflictos y labores de la polic\u00eda judicial\u201d.<\/p>\n<p>Por \u00faltimo Enrique Rozas inst\u00f3 a la alcaldesa a que ahora que ya es miembro de la FEMP agilice la firma del convenio que permitir\u00eda a la polic\u00eda local realizar funciones de polic\u00eda judicial recordando que \u201ceste acuerdo con el Ministerio del Interior est\u00e1 pendiente de firma desde el a\u00f1o 2007 con el agravante de que el anterior alcalde form\u00f3 parte Comisi\u00f3n de Seguridad de la Federaci\u00f3n Espa\u00f1ola de Municipios y Provincias\u201d<\/p>\n[\/vc_column_text][\/vc_column][\/vc_row][vc_row type=\u00bbin_container\u00bb scene_position=\u00bbcenter\u00bb text_color=\u00bbdark\u00bb text_align=\u00bbleft\u00bb][vc_column column_padding=\u00bbno-extra-padding\u00bb column_padding_position=\u00bball\u00bb background_color_opacity=\u00bb1&#8243; background_hover_color_opacity=\u00bb1&#8243; width=\u00bb1\/1&#8243;][vc_column_text]\n<audio class=\"wp-audio-shortcode\" id=\"audio-1263-1\" preload=\"none\" style=\"width: 100%;\" controls=\"controls\"><source type=\"audio\/mpeg\" src=\"http:\/\/www.ppdelugo.com\/wp-content\/uploads\/2016\/01\/CORTE-ROZAS-REESTRUCTURACI\u00d3N-POLIC\u00cdA-30-09-2015.mp3?_=1\" \/><a href=\"http:\/\/www.ppdelugo.com\/wp-content\/uploads\/2016\/01\/CORTE-ROZAS-REESTRUCTURACI\u00d3N-POLIC\u00cdA-30-09-2015.mp3\">http:\/\/www.ppdelugo.com\/wp-content\/uploads\/2016\/01\/CORTE-ROZAS-REESTRUCTURACI\u00d3N-POLIC\u00cdA-30-09-2015.mp3<\/a><\/audio>\n[\/vc_column_text][\/vc_column][\/vc_row]\n","protected":false},"excerpt":{"rendered":"<p>[vc_row type=\u00bbin_container\u00bb scene_position=\u00bbcenter\u00bb text_color=\u00bbdark\u00bb text_align=\u00bbleft\u00bb top_padding=\u00bb-10&#8243;][vc_column column_padding=\u00bbno-extra-padding\u00bb column_padding_position=\u00bball\u00bb background_color_opacity=\u00bb1&#8243; background_hover_color_opacity=\u00bb1&#8243; width=\u00bb1\/1&#8243;][vc_column_text] El concejal popular Enrique Rozas considera que la reorganizaci\u00f3n de la polic\u00eda local tiene que pivotar en tres direcciones&#8230;<\/p>\n","protected":false},"author":8,"featured_media":708,"comment_status":"closed","ping_status":"closed","sticky":false,"template":"","format":"standard","meta":{"footnotes":""},"categories":[36],"tags":[],"class_list":{"0":"post-1263","1":"post","2":"type-post","3":"status-publish","4":"format-standard","5":"has-post-thumbnail","7":"category-seguridad"},"yoast_head":"<!-- This site is optimized with the Yoast SEO plugin v27.4 - https:\/\/yoast.com\/product\/yoast-seo-wordpress\/ -->\n<title>El PP propone una delegaci\u00f3n de la Polic\u00eda en la zona norte de la ciudade - Grupo Municipal Partido Popular de Lugo<\/title>\n<meta name=\"robots\" content=\"index, follow, max-snippet:-1, max-image-preview:large, max-video-preview:-1\" \/>\n<link rel=\"canonical\" href=\"https:\/\/www.ppdelugo.com\/es\/el-pp-propone-una-delegacion-de-la-policia-en-la-zona-norte-de-la-ciudad\/\" \/>\n<meta property=\"og:locale\" content=\"es_ES\" \/>\n<meta property=\"og:type\" content=\"article\" \/>\n<meta property=\"og:title\" content=\"El PP propone una delegaci\u00f3n de la Polic\u00eda en la zona norte de la ciudade - Grupo Municipal Partido Popular de Lugo\" \/>\n<meta property=\"og:description\" content=\"[vc_row type=\u00bbin_container\u00bb scene_position=\u00bbcenter\u00bb text_color=\u00bbdark\u00bb text_align=\u00bbleft\u00bb top_padding=\u00bb-10&#8243;][vc_column column_padding=\u00bbno-extra-padding\u00bb column_padding_position=\u00bball\u00bb background_color_opacity=\u00bb1&#8243; background_hover_color_opacity=\u00bb1&#8243; width=\u00bb1\/1&#8243;][vc_column_text] El concejal popular Enrique Rozas considera que la reorganizaci\u00f3n de la polic\u00eda local tiene que pivotar en tres direcciones...\" \/>\n<meta property=\"og:url\" content=\"https:\/\/www.ppdelugo.com\/es\/el-pp-propone-una-delegacion-de-la-policia-en-la-zona-norte-de-la-ciudad\/\" \/>\n<meta property=\"og:site_name\" content=\"Grupo Municipal Partido Popular de Lugo\" \/>\n<meta property=\"article:published_time\" content=\"2015-09-30T10:00:22+00:00\" \/>\n<meta property=\"article:modified_time\" content=\"2016-02-01T12:22:34+00:00\" \/>\n<meta property=\"og:image\" content=\"https:\/\/www.ppdelugo.com\/wp-content\/uploads\/2016\/01\/DSC01911-1024x768.jpg\" \/>\n\t<meta property=\"og:image:width\" content=\"1024\" \/>\n\t<meta property=\"og:image:height\" content=\"768\" \/>\n\t<meta property=\"og:image:type\" content=\"image\/jpeg\" \/>\n<meta name=\"author\" content=\"ppdelugo\" \/>\n<meta name=\"twitter:card\" content=\"summary_large_image\" \/>\n<meta name=\"twitter:label1\" content=\"Escrito por\" \/>\n\t<meta name=\"twitter:data1\" content=\"ppdelugo\" \/>\n\t<meta name=\"twitter:label2\" content=\"Tiempo de lectura\" \/>\n\t<meta name=\"twitter:data2\" content=\"3 minutos\" \/>\n<script type=\"application\/ld+json\" class=\"yoast-schema-graph\">{\"@context\":\"https:\\\/\\\/schema.org\",\"@graph\":[{\"@type\":\"Article\",\"@id\":\"https:\\\/\\\/www.ppdelugo.com\\\/es\\\/el-pp-propone-una-delegacion-de-la-policia-en-la-zona-norte-de-la-ciudad\\\/#article\",\"isPartOf\":{\"@id\":\"https:\\\/\\\/www.ppdelugo.com\\\/es\\\/el-pp-propone-una-delegacion-de-la-policia-en-la-zona-norte-de-la-ciudad\\\/\"},\"author\":{\"name\":\"ppdelugo\",\"@id\":\"https:\\\/\\\/www.ppdelugo.com\\\/es\\\/#\\\/schema\\\/person\\\/4fa17dd371813e2c389a4417775cec48\"},\"headline\":\"El PP propone una delegaci\u00f3n de la Polic\u00eda en la zona norte de la ciudade\",\"datePublished\":\"2015-09-30T10:00:22+00:00\",\"dateModified\":\"2016-02-01T12:22:34+00:00\",\"mainEntityOfPage\":{\"@id\":\"https:\\\/\\\/www.ppdelugo.com\\\/es\\\/el-pp-propone-una-delegacion-de-la-policia-en-la-zona-norte-de-la-ciudad\\\/\"},\"wordCount\":632,\"image\":{\"@id\":\"https:\\\/\\\/www.ppdelugo.com\\\/es\\\/el-pp-propone-una-delegacion-de-la-policia-en-la-zona-norte-de-la-ciudad\\\/#primaryimage\"},\"thumbnailUrl\":\"https:\\\/\\\/www.ppdelugo.com\\\/wp-content\\\/uploads\\\/2016\\\/01\\\/DSC01911.jpg\",\"articleSection\":[\"Seguridad\"],\"inLanguage\":\"es\"},{\"@type\":\"WebPage\",\"@id\":\"https:\\\/\\\/www.ppdelugo.com\\\/es\\\/el-pp-propone-una-delegacion-de-la-policia-en-la-zona-norte-de-la-ciudad\\\/\",\"url\":\"https:\\\/\\\/www.ppdelugo.com\\\/es\\\/el-pp-propone-una-delegacion-de-la-policia-en-la-zona-norte-de-la-ciudad\\\/\",\"name\":\"El PP propone una delegaci\u00f3n de la Polic\u00eda en la zona norte de la ciudade - Grupo Municipal Partido Popular de Lugo\",\"isPartOf\":{\"@id\":\"https:\\\/\\\/www.ppdelugo.com\\\/es\\\/#website\"},\"primaryImageOfPage\":{\"@id\":\"https:\\\/\\\/www.ppdelugo.com\\\/es\\\/el-pp-propone-una-delegacion-de-la-policia-en-la-zona-norte-de-la-ciudad\\\/#primaryimage\"},\"image\":{\"@id\":\"https:\\\/\\\/www.ppdelugo.com\\\/es\\\/el-pp-propone-una-delegacion-de-la-policia-en-la-zona-norte-de-la-ciudad\\\/#primaryimage\"},\"thumbnailUrl\":\"https:\\\/\\\/www.ppdelugo.com\\\/wp-content\\\/uploads\\\/2016\\\/01\\\/DSC01911.jpg\",\"datePublished\":\"2015-09-30T10:00:22+00:00\",\"dateModified\":\"2016-02-01T12:22:34+00:00\",\"author\":{\"@id\":\"https:\\\/\\\/www.ppdelugo.com\\\/es\\\/#\\\/schema\\\/person\\\/4fa17dd371813e2c389a4417775cec48\"},\"breadcrumb\":{\"@id\":\"https:\\\/\\\/www.ppdelugo.com\\\/es\\\/el-pp-propone-una-delegacion-de-la-policia-en-la-zona-norte-de-la-ciudad\\\/#breadcrumb\"},\"inLanguage\":\"es\",\"potentialAction\":[{\"@type\":\"ReadAction\",\"target\":[\"https:\\\/\\\/www.ppdelugo.com\\\/es\\\/el-pp-propone-una-delegacion-de-la-policia-en-la-zona-norte-de-la-ciudad\\\/\"]}]},{\"@type\":\"ImageObject\",\"inLanguage\":\"es\",\"@id\":\"https:\\\/\\\/www.ppdelugo.com\\\/es\\\/el-pp-propone-una-delegacion-de-la-policia-en-la-zona-norte-de-la-ciudad\\\/#primaryimage\",\"url\":\"https:\\\/\\\/www.ppdelugo.com\\\/wp-content\\\/uploads\\\/2016\\\/01\\\/DSC01911.jpg\",\"contentUrl\":\"https:\\\/\\\/www.ppdelugo.com\\\/wp-content\\\/uploads\\\/2016\\\/01\\\/DSC01911.jpg\",\"width\":3648,\"height\":2736},{\"@type\":\"BreadcrumbList\",\"@id\":\"https:\\\/\\\/www.ppdelugo.com\\\/es\\\/el-pp-propone-una-delegacion-de-la-policia-en-la-zona-norte-de-la-ciudad\\\/#breadcrumb\",\"itemListElement\":[{\"@type\":\"ListItem\",\"position\":1,\"name\":\"Portada\",\"item\":\"https:\\\/\\\/www.ppdelugo.com\\\/es\\\/\"},{\"@type\":\"ListItem\",\"position\":2,\"name\":\"El PP propone una delegaci\u00f3n de la Polic\u00eda en la zona norte de la ciudade\"}]},{\"@type\":\"WebSite\",\"@id\":\"https:\\\/\\\/www.ppdelugo.com\\\/es\\\/#website\",\"url\":\"https:\\\/\\\/www.ppdelugo.com\\\/es\\\/\",\"name\":\"Grupo Municipal Partido Popular de Lugo\",\"description\":\"Web del Grupo Municipal del Partido Popular en el Ayuntamiento de Lugo, con informaci\u00f3n sobre Lugo y fomento de la participaci\u00f3n ciudadana\",\"potentialAction\":[{\"@type\":\"SearchAction\",\"target\":{\"@type\":\"EntryPoint\",\"urlTemplate\":\"https:\\\/\\\/www.ppdelugo.com\\\/es\\\/?s={search_term_string}\"},\"query-input\":{\"@type\":\"PropertyValueSpecification\",\"valueRequired\":true,\"valueName\":\"search_term_string\"}}],\"inLanguage\":\"es\"},{\"@type\":\"Person\",\"@id\":\"https:\\\/\\\/www.ppdelugo.com\\\/es\\\/#\\\/schema\\\/person\\\/4fa17dd371813e2c389a4417775cec48\",\"name\":\"ppdelugo\",\"url\":\"https:\\\/\\\/www.ppdelugo.com\\\/es\\\/author\\\/admin-2\\\/\"}]}<\/script>\n<!-- \/ Yoast SEO plugin. -->","yoast_head_json":{"title":"El PP propone una delegaci\u00f3n de la Polic\u00eda en la zona norte de la ciudade - Grupo Municipal Partido Popular de Lugo","robots":{"index":"index","follow":"follow","max-snippet":"max-snippet:-1","max-image-preview":"max-image-preview:large","max-video-preview":"max-video-preview:-1"},"canonical":"https:\/\/www.ppdelugo.com\/es\/el-pp-propone-una-delegacion-de-la-policia-en-la-zona-norte-de-la-ciudad\/","og_locale":"es_ES","og_type":"article","og_title":"El PP propone una delegaci\u00f3n de la Polic\u00eda en la zona norte de la ciudade - Grupo Municipal Partido Popular de Lugo","og_description":"[vc_row type=\u00bbin_container\u00bb scene_position=\u00bbcenter\u00bb text_color=\u00bbdark\u00bb text_align=\u00bbleft\u00bb top_padding=\u00bb-10&#8243;][vc_column column_padding=\u00bbno-extra-padding\u00bb column_padding_position=\u00bball\u00bb background_color_opacity=\u00bb1&#8243; background_hover_color_opacity=\u00bb1&#8243; width=\u00bb1\/1&#8243;][vc_column_text] El concejal popular Enrique Rozas considera que la reorganizaci\u00f3n de la polic\u00eda local tiene que pivotar en tres direcciones...","og_url":"https:\/\/www.ppdelugo.com\/es\/el-pp-propone-una-delegacion-de-la-policia-en-la-zona-norte-de-la-ciudad\/","og_site_name":"Grupo Municipal Partido Popular de Lugo","article_published_time":"2015-09-30T10:00:22+00:00","article_modified_time":"2016-02-01T12:22:34+00:00","og_image":[{"width":1024,"height":768,"url":"https:\/\/www.ppdelugo.com\/wp-content\/uploads\/2016\/01\/DSC01911-1024x768.jpg","type":"image\/jpeg"}],"author":"ppdelugo","twitter_card":"summary_large_image","twitter_misc":{"Escrito por":"ppdelugo","Tiempo de lectura":"3 minutos"},"schema":{"@context":"https:\/\/schema.org","@graph":[{"@type":"Article","@id":"https:\/\/www.ppdelugo.com\/es\/el-pp-propone-una-delegacion-de-la-policia-en-la-zona-norte-de-la-ciudad\/#article","isPartOf":{"@id":"https:\/\/www.ppdelugo.com\/es\/el-pp-propone-una-delegacion-de-la-policia-en-la-zona-norte-de-la-ciudad\/"},"author":{"name":"ppdelugo","@id":"https:\/\/www.ppdelugo.com\/es\/#\/schema\/person\/4fa17dd371813e2c389a4417775cec48"},"headline":"El PP propone una delegaci\u00f3n de la Polic\u00eda en la zona norte de la ciudade","datePublished":"2015-09-30T10:00:22+00:00","dateModified":"2016-02-01T12:22:34+00:00","mainEntityOfPage":{"@id":"https:\/\/www.ppdelugo.com\/es\/el-pp-propone-una-delegacion-de-la-policia-en-la-zona-norte-de-la-ciudad\/"},"wordCount":632,"image":{"@id":"https:\/\/www.ppdelugo.com\/es\/el-pp-propone-una-delegacion-de-la-policia-en-la-zona-norte-de-la-ciudad\/#primaryimage"},"thumbnailUrl":"https:\/\/www.ppdelugo.com\/wp-content\/uploads\/2016\/01\/DSC01911.jpg","articleSection":["Seguridad"],"inLanguage":"es"},{"@type":"WebPage","@id":"https:\/\/www.ppdelugo.com\/es\/el-pp-propone-una-delegacion-de-la-policia-en-la-zona-norte-de-la-ciudad\/","url":"https:\/\/www.ppdelugo.com\/es\/el-pp-propone-una-delegacion-de-la-policia-en-la-zona-norte-de-la-ciudad\/","name":"El PP propone una delegaci\u00f3n de la Polic\u00eda en la zona norte de la ciudade - Grupo Municipal Partido Popular de Lugo","isPartOf":{"@id":"https:\/\/www.ppdelugo.com\/es\/#website"},"primaryImageOfPage":{"@id":"https:\/\/www.ppdelugo.com\/es\/el-pp-propone-una-delegacion-de-la-policia-en-la-zona-norte-de-la-ciudad\/#primaryimage"},"image":{"@id":"https:\/\/www.ppdelugo.com\/es\/el-pp-propone-una-delegacion-de-la-policia-en-la-zona-norte-de-la-ciudad\/#primaryimage"},"thumbnailUrl":"https:\/\/www.ppdelugo.com\/wp-content\/uploads\/2016\/01\/DSC01911.jpg","datePublished":"2015-09-30T10:00:22+00:00","dateModified":"2016-02-01T12:22:34+00:00","author":{"@id":"https:\/\/www.ppdelugo.com\/es\/#\/schema\/person\/4fa17dd371813e2c389a4417775cec48"},"breadcrumb":{"@id":"https:\/\/www.ppdelugo.com\/es\/el-pp-propone-una-delegacion-de-la-policia-en-la-zona-norte-de-la-ciudad\/#breadcrumb"},"inLanguage":"es","potentialAction":[{"@type":"ReadAction","target":["https:\/\/www.ppdelugo.com\/es\/el-pp-propone-una-delegacion-de-la-policia-en-la-zona-norte-de-la-ciudad\/"]}]},{"@type":"ImageObject","inLanguage":"es","@id":"https:\/\/www.ppdelugo.com\/es\/el-pp-propone-una-delegacion-de-la-policia-en-la-zona-norte-de-la-ciudad\/#primaryimage","url":"https:\/\/www.ppdelugo.com\/wp-content\/uploads\/2016\/01\/DSC01911.jpg","contentUrl":"https:\/\/www.ppdelugo.com\/wp-content\/uploads\/2016\/01\/DSC01911.jpg","width":3648,"height":2736},{"@type":"BreadcrumbList","@id":"https:\/\/www.ppdelugo.com\/es\/el-pp-propone-una-delegacion-de-la-policia-en-la-zona-norte-de-la-ciudad\/#breadcrumb","itemListElement":[{"@type":"ListItem","position":1,"name":"Portada","item":"https:\/\/www.ppdelugo.com\/es\/"},{"@type":"ListItem","position":2,"name":"El PP propone una delegaci\u00f3n de la Polic\u00eda en la zona norte de la ciudade"}]},{"@type":"WebSite","@id":"https:\/\/www.ppdelugo.com\/es\/#website","url":"https:\/\/www.ppdelugo.com\/es\/","name":"Grupo Municipal Partido Popular de Lugo","description":"Web del Grupo Municipal del Partido Popular en el Ayuntamiento de Lugo, con informaci\u00f3n sobre Lugo y fomento de la participaci\u00f3n ciudadana","potentialAction":[{"@type":"SearchAction","target":{"@type":"EntryPoint","urlTemplate":"https:\/\/www.ppdelugo.com\/es\/?s={search_term_string}"},"query-input":{"@type":"PropertyValueSpecification","valueRequired":true,"valueName":"search_term_string"}}],"inLanguage":"es"},{"@type":"Person","@id":"https:\/\/www.ppdelugo.com\/es\/#\/schema\/person\/4fa17dd371813e2c389a4417775cec48","name":"ppdelugo","url":"https:\/\/www.ppdelugo.com\/es\/author\/admin-2\/"}]}},"_links":{"self":[{"href":"https:\/\/www.ppdelugo.com\/es\/wp-json\/wp\/v2\/posts\/1263","targetHints":{"allow":["GET"]}}],"collection":[{"href":"https:\/\/www.ppdelugo.com\/es\/wp-json\/wp\/v2\/posts"}],"about":[{"href":"https:\/\/www.ppdelugo.com\/es\/wp-json\/wp\/v2\/types\/post"}],"author":[{"embeddable":true,"href":"https:\/\/www.ppdelugo.com\/es\/wp-json\/wp\/v2\/users\/8"}],"replies":[{"embeddable":true,"href":"https:\/\/www.ppdelugo.com\/es\/wp-json\/wp\/v2\/comments?post=1263"}],"version-history":[{"count":0,"href":"https:\/\/www.ppdelugo.com\/es\/wp-json\/wp\/v2\/posts\/1263\/revisions"}],"wp:featuredmedia":[{"embeddable":true,"href":"https:\/\/www.ppdelugo.com\/es\/wp-json\/wp\/v2\/media\/708"}],"wp:attachment":[{"href":"https:\/\/www.ppdelugo.com\/es\/wp-json\/wp\/v2\/media?parent=1263"}],"wp:term":[{"taxonomy":"category","embeddable":true,"href":"https:\/\/www.ppdelugo.com\/es\/wp-json\/wp\/v2\/categories?post=1263"},{"taxonomy":"post_tag","embeddable":true,"href":"https:\/\/www.ppdelugo.com\/es\/wp-json\/wp\/v2\/tags?post=1263"}],"curies":[{"name":"wp","href":"https:\/\/api.w.org\/{rel}","templated":true}]}}