{"id":12553,"date":"2020-06-08T11:32:28","date_gmt":"2020-06-08T11:32:28","guid":{"rendered":"http:\/\/www.ppdelugo.com\/o-pp-pregunta-a-lara-mendez-se-nos-pensa-facer-pagar-a-todos-os-lucenses-2-4me-polos-desmanes-do-goberno-socialista-e-nacionalista-na-fabrica-da-luz\/"},"modified":"2020-06-08T11:33:53","modified_gmt":"2020-06-08T11:33:53","slug":"o-pp-pregunta-a-lara-mendez-se-nos-pensa-facer-pagar-a-todos-os-lucenses-2-4me-polos-desmanes-do-goberno-socialista-e-nacionalista-na-fabrica-da-luz","status":"publish","type":"post","link":"https:\/\/www.ppdelugo.com\/es\/o-pp-pregunta-a-lara-mendez-se-nos-pensa-facer-pagar-a-todos-os-lucenses-2-4me-polos-desmanes-do-goberno-socialista-e-nacionalista-na-fabrica-da-luz\/","title":{"rendered":"El PP pregunta a Lara M\u00e9ndez se nos piensa hacer pagar a todos los lucenses 2.4 M\u20ac por los desmanes del gobierno socialista y nacionalista en la F\u00e1brica de la Luz"},"content":{"rendered":"<p>El concejal del Grupo Municipal del PP Antonio Ameijide anuncia que se pedir\u00e1 la comparecencia del concejal de Medio Ambiente para que explique la situaci\u00f3n real de la F\u00e1brica de la Luz, para que aclare que medidas legales va a adoptar el Ayuntamiento y se piensa que seamos los lucenses los que paguemos por las decisiones o intereses personales de los cargos socialistas en lugar de que sean los propios concejales responsables los que asuman los cuestes de la indemnizaci\u00f3n<\/p>\n<p><!--more--><\/p>\n<p>O concelleiro do Grupo Municipal do Partido Popular no Concello de Lugo, Antonio Ameijide, sinala que os tribunais ve\u00f1en de confirmar as advertencias realizadas polo Grupo Popular hai case dous anos, cando aseguraran que a F\u00e1brica da Luz poder\u00eda ser o Gara\u00f1\u00f3n 2 para o Concello de Lugo, xa que se corr\u00eda o risco de ter que pagar unha indemnizaci\u00f3n millonaria e por desgraza confirm\u00e1ronse os peores presaxios para os lucenses.<\/p>\n<p>Antonio Ameijide recorda que o pasado 29 de xaneiro de 2019 advertiu que o Concello de Lugo se expo\u00f1\u00eda a ter que pagar case 2.9M\u20ac en concepto da indemnizaci\u00f3n que o Concello de Lugo ter\u00eda que afrontar a conta da F\u00e1brica da Luz como consecuencia da \u201cneglixencia e do bloqueo no que estaba instalado o goberno de Lara M\u00e9ndez\u201d. \u201cA verdade \u00e9 que non \u00e9 un d\u00eda para sacar peito porque por desgraza \u00e9 un d\u00eda negro para Lugo, pero a realidade \u00e9 que o Grupo Popular advertiu en numerosas ocasi\u00f3ns que a neglixencia, desidia e actitude do goberno de Lara M\u00e9ndez \u00eda provocar esta condena aos lucenses\u201d, sinalou.<\/p>\n<p>O concelleiro popular explica que a obra da F\u00e1brica da Luz naceu condenada a fracasar xa que se iniciou no ano 2008 cunha concesi\u00f3n que estivo baixo investigaci\u00f3n xudicial, na que participaron o ex alcalde L\u00f3pez Orozco e o que despois se autodenominar\u00eda como cacique moderno, o ex concelleiro socialista Li\u00f1ares. E se xa comezou viciada esta obra, despois foi \u201cboicoteada desde dentro\u201d. A realidade \u00e9 que o concelleiro do PSOE con responsabilidades directas e exclusivas na xesti\u00f3n do medio ambiente na cidade e da F\u00e1brica da Luz, Daniel Pi\u00f1eiro, est\u00e1 vinculado a asociaci\u00f3n que denunciou esta obra. Pero a hemeroteca e as redes sociais amosan como este complot pol\u00edtico aos intereses dos lucenses estaba tam\u00e9n integrado polo vicealcalde, a concelleira de Cultura e un asesor pol\u00edtico do BNG no Concello de Lugo, que estiveron nas protestas contra a F\u00e1brica da Luz.<\/p>\n<p>O Grupo Municipal Popular denunciou en numerosas ocasi\u00f3ns a situaci\u00f3n da F\u00e1brica da Luz, con situaci\u00f3ns tan esperp\u00e9nticas como que o ex concelleiro Daniel Pi\u00f1eiro retrasou numerosos tr\u00e1mites, entre eles, a pr\u00f3rroga das obras da atagu\u00eda, feitos denunciados en reiteradas ocasi\u00f3ns desde o PP ata o punto de que \u201cDaniel Pi\u00f1eiro tivo mes e medio sobre a mesa, sen firmar, a solicitude da pr\u00f3rroga de concesi\u00f3n e cando tivo a ben asinala xa estaba f\u00f3ra de prazo provocando que se iniciase o expediente de caducidade desta concesi\u00f3n hidr\u00e1ulica do Concello de Lugo\u201d, este feito semella que foi probado e acreditado na sentenza, xa que os medios de comunicaci\u00f3n publican hoxe que o goberno de Lara M\u00e9ndez foi o que fixo que os lucenses perd\u00e9ramos a explotaci\u00f3n desta planta de enerx\u00eda el\u00e9ctrica, que vi\u00f1a do ano 1894, e que no 2017 perdemos a ra\u00edz dunha resoluci\u00f3n da Confederaci\u00f3n Hidrogr\u00e1fica, ratificada polos xulgados no ano 2019.<\/p>\n<p>Ante esta situaci\u00f3n, Ameijide esixe a Lara M\u00e9ndez \u201cunha reacci\u00f3n inmediata\u201d \u00e1 que pregunta se pensa realizar \u201cunha defensa do di\u00f1eiro de todos os lucenses con acci\u00f3ns legais ou, pola contra, vai a permitir que as arcas municipais sexan as que paguen os desamanes dos cargos socialistas\u201d. \u00c9 dicir, pensa defender os intereses dos lucenses ou vai antepo\u00f1er, como fixo no Gara\u00f1\u00f3n, os intereses dos cargos municipais socialistas e nacionalistas inmersos nesta condena millonaria aos lucenses.<\/p>\n<p>Desde o Grupo Popular tam\u00e9n se informa de que se pedir\u00e1 a comparecencia en pleno do concelleiro responsable de Medio Ambiente para que explique a situaci\u00f3n real na que nos atopamos na F\u00e1brica da Luz, para que aclare que medidas legais vai adoptar o Concello de Lugo e se te\u00f1en pensado que os verdadeiros responsables desta situaci\u00f3n sexan os que asuman os custes, en lugar de permitir que sexamos todos os lucenses os que paguemos polos intereses persoais dos cargos socialistas. \u201cTam\u00e9n preguntaremos polos motivos de que se nos siga a negar o acceso \u00e1 F\u00e1brica da Luz despois de pedilo varias veces nos \u00faltimos anos\u201d, explicou.<\/p>\n<p>Para o popular esta sentenza pode ser o pr\u00f3logo da outra gran sentenza en contra do Concello de Lugo xa que cando o xulgado falle a indemnizaci\u00f3n derivada do Gara\u00f1\u00f3n poderemos estar ante a \u201cestocada definitiva\u201d para o crecemento de Lugo.<\/p>\n","protected":false},"excerpt":{"rendered":"<p>El concejal del Grupo Municipal del PP Antonio Ameijide anuncia que se pedir\u00e1 la comparecencia del concejal de Medio Ambiente para que explique la situaci\u00f3n real de la F\u00e1brica de&#8230;<\/p>\n","protected":false},"author":8,"featured_media":12551,"comment_status":"open","ping_status":"closed","sticky":false,"template":"","format":"standard","meta":{"footnotes":""},"categories":[32,33,39],"tags":[],"class_list":{"0":"post-12553","1":"post","2":"type-post","3":"status-publish","4":"format-standard","5":"has-post-thumbnail","7":"category-infraestructuras-es","8":"category-medioambiente","9":"category-transparencia-es"},"yoast_head":"<!-- This site is optimized with the Yoast SEO plugin v27.4 - https:\/\/yoast.com\/product\/yoast-seo-wordpress\/ -->\n<title>El PP pregunta a Lara M\u00e9ndez se nos piensa hacer pagar a todos los lucenses 2.4 M\u20ac por los desmanes del gobierno socialista y nacionalista en la F\u00e1brica de la Luz - Grupo Municipal Partido Popular de Lugo<\/title>\n<meta name=\"robots\" content=\"index, follow, max-snippet:-1, max-image-preview:large, max-video-preview:-1\" \/>\n<link rel=\"canonical\" href=\"https:\/\/www.ppdelugo.com\/es\/o-pp-pregunta-a-lara-mendez-se-nos-pensa-facer-pagar-a-todos-os-lucenses-2-4me-polos-desmanes-do-goberno-socialista-e-nacionalista-na-fabrica-da-luz\/\" \/>\n<meta property=\"og:locale\" content=\"es_ES\" \/>\n<meta property=\"og:type\" content=\"article\" \/>\n<meta property=\"og:title\" content=\"El PP pregunta a Lara M\u00e9ndez se nos piensa hacer pagar a todos los lucenses 2.4 M\u20ac por los desmanes del gobierno socialista y nacionalista en la F\u00e1brica de la Luz - Grupo Municipal Partido Popular de Lugo\" \/>\n<meta property=\"og:description\" content=\"El concejal del Grupo Municipal del PP Antonio Ameijide anuncia que se pedir\u00e1 la comparecencia del concejal de Medio Ambiente para que explique la situaci\u00f3n real de la F\u00e1brica de...\" \/>\n<meta property=\"og:url\" content=\"https:\/\/www.ppdelugo.com\/es\/o-pp-pregunta-a-lara-mendez-se-nos-pensa-facer-pagar-a-todos-os-lucenses-2-4me-polos-desmanes-do-goberno-socialista-e-nacionalista-na-fabrica-da-luz\/\" \/>\n<meta property=\"og:site_name\" content=\"Grupo Municipal Partido Popular de Lugo\" \/>\n<meta property=\"article:published_time\" content=\"2020-06-08T11:32:28+00:00\" \/>\n<meta property=\"article:modified_time\" content=\"2020-06-08T11:33:53+00:00\" \/>\n<meta property=\"og:image\" content=\"https:\/\/www.ppdelugo.com\/wp-content\/uploads\/2020\/06\/F\u00e1brica-Luz-1024x768.jpg\" \/>\n\t<meta property=\"og:image:width\" content=\"1024\" \/>\n\t<meta property=\"og:image:height\" content=\"768\" \/>\n\t<meta property=\"og:image:type\" content=\"image\/jpeg\" \/>\n<meta name=\"author\" content=\"ppdelugo\" \/>\n<meta name=\"twitter:card\" content=\"summary_large_image\" \/>\n<meta name=\"twitter:label1\" content=\"Escrito por\" \/>\n\t<meta name=\"twitter:data1\" content=\"ppdelugo\" \/>\n\t<meta name=\"twitter:label2\" content=\"Tiempo de lectura\" \/>\n\t<meta name=\"twitter:data2\" content=\"4 minutos\" \/>\n<script type=\"application\/ld+json\" class=\"yoast-schema-graph\">{\"@context\":\"https:\\\/\\\/schema.org\",\"@graph\":[{\"@type\":\"Article\",\"@id\":\"https:\\\/\\\/www.ppdelugo.com\\\/es\\\/o-pp-pregunta-a-lara-mendez-se-nos-pensa-facer-pagar-a-todos-os-lucenses-2-4me-polos-desmanes-do-goberno-socialista-e-nacionalista-na-fabrica-da-luz\\\/#article\",\"isPartOf\":{\"@id\":\"https:\\\/\\\/www.ppdelugo.com\\\/es\\\/o-pp-pregunta-a-lara-mendez-se-nos-pensa-facer-pagar-a-todos-os-lucenses-2-4me-polos-desmanes-do-goberno-socialista-e-nacionalista-na-fabrica-da-luz\\\/\"},\"author\":{\"name\":\"ppdelugo\",\"@id\":\"https:\\\/\\\/www.ppdelugo.com\\\/es\\\/#\\\/schema\\\/person\\\/4fa17dd371813e2c389a4417775cec48\"},\"headline\":\"El PP pregunta a Lara M\u00e9ndez se nos piensa hacer pagar a todos los lucenses 2.4 M\u20ac por los desmanes del gobierno socialista y nacionalista en la F\u00e1brica de la Luz\",\"datePublished\":\"2020-06-08T11:32:28+00:00\",\"dateModified\":\"2020-06-08T11:33:53+00:00\",\"mainEntityOfPage\":{\"@id\":\"https:\\\/\\\/www.ppdelugo.com\\\/es\\\/o-pp-pregunta-a-lara-mendez-se-nos-pensa-facer-pagar-a-todos-os-lucenses-2-4me-polos-desmanes-do-goberno-socialista-e-nacionalista-na-fabrica-da-luz\\\/\"},\"wordCount\":874,\"commentCount\":0,\"image\":{\"@id\":\"https:\\\/\\\/www.ppdelugo.com\\\/es\\\/o-pp-pregunta-a-lara-mendez-se-nos-pensa-facer-pagar-a-todos-os-lucenses-2-4me-polos-desmanes-do-goberno-socialista-e-nacionalista-na-fabrica-da-luz\\\/#primaryimage\"},\"thumbnailUrl\":\"https:\\\/\\\/www.ppdelugo.com\\\/wp-content\\\/uploads\\\/2020\\\/06\\\/F\u00e1brica-Luz.jpg\",\"articleSection\":[\"Infraestructuras\",\"Medio Ambiente\",\"transparencia\"],\"inLanguage\":\"es\",\"potentialAction\":[{\"@type\":\"CommentAction\",\"name\":\"Comment\",\"target\":[\"https:\\\/\\\/www.ppdelugo.com\\\/es\\\/o-pp-pregunta-a-lara-mendez-se-nos-pensa-facer-pagar-a-todos-os-lucenses-2-4me-polos-desmanes-do-goberno-socialista-e-nacionalista-na-fabrica-da-luz\\\/#respond\"]}]},{\"@type\":\"WebPage\",\"@id\":\"https:\\\/\\\/www.ppdelugo.com\\\/es\\\/o-pp-pregunta-a-lara-mendez-se-nos-pensa-facer-pagar-a-todos-os-lucenses-2-4me-polos-desmanes-do-goberno-socialista-e-nacionalista-na-fabrica-da-luz\\\/\",\"url\":\"https:\\\/\\\/www.ppdelugo.com\\\/es\\\/o-pp-pregunta-a-lara-mendez-se-nos-pensa-facer-pagar-a-todos-os-lucenses-2-4me-polos-desmanes-do-goberno-socialista-e-nacionalista-na-fabrica-da-luz\\\/\",\"name\":\"El PP pregunta a Lara M\u00e9ndez se nos piensa hacer pagar a todos los lucenses 2.4 M\u20ac por los desmanes del gobierno socialista y nacionalista en la F\u00e1brica de la Luz - Grupo Municipal Partido Popular de Lugo\",\"isPartOf\":{\"@id\":\"https:\\\/\\\/www.ppdelugo.com\\\/es\\\/#website\"},\"primaryImageOfPage\":{\"@id\":\"https:\\\/\\\/www.ppdelugo.com\\\/es\\\/o-pp-pregunta-a-lara-mendez-se-nos-pensa-facer-pagar-a-todos-os-lucenses-2-4me-polos-desmanes-do-goberno-socialista-e-nacionalista-na-fabrica-da-luz\\\/#primaryimage\"},\"image\":{\"@id\":\"https:\\\/\\\/www.ppdelugo.com\\\/es\\\/o-pp-pregunta-a-lara-mendez-se-nos-pensa-facer-pagar-a-todos-os-lucenses-2-4me-polos-desmanes-do-goberno-socialista-e-nacionalista-na-fabrica-da-luz\\\/#primaryimage\"},\"thumbnailUrl\":\"https:\\\/\\\/www.ppdelugo.com\\\/wp-content\\\/uploads\\\/2020\\\/06\\\/F\u00e1brica-Luz.jpg\",\"datePublished\":\"2020-06-08T11:32:28+00:00\",\"dateModified\":\"2020-06-08T11:33:53+00:00\",\"author\":{\"@id\":\"https:\\\/\\\/www.ppdelugo.com\\\/es\\\/#\\\/schema\\\/person\\\/4fa17dd371813e2c389a4417775cec48\"},\"breadcrumb\":{\"@id\":\"https:\\\/\\\/www.ppdelugo.com\\\/es\\\/o-pp-pregunta-a-lara-mendez-se-nos-pensa-facer-pagar-a-todos-os-lucenses-2-4me-polos-desmanes-do-goberno-socialista-e-nacionalista-na-fabrica-da-luz\\\/#breadcrumb\"},\"inLanguage\":\"es\",\"potentialAction\":[{\"@type\":\"ReadAction\",\"target\":[\"https:\\\/\\\/www.ppdelugo.com\\\/es\\\/o-pp-pregunta-a-lara-mendez-se-nos-pensa-facer-pagar-a-todos-os-lucenses-2-4me-polos-desmanes-do-goberno-socialista-e-nacionalista-na-fabrica-da-luz\\\/\"]}]},{\"@type\":\"ImageObject\",\"inLanguage\":\"es\",\"@id\":\"https:\\\/\\\/www.ppdelugo.com\\\/es\\\/o-pp-pregunta-a-lara-mendez-se-nos-pensa-facer-pagar-a-todos-os-lucenses-2-4me-polos-desmanes-do-goberno-socialista-e-nacionalista-na-fabrica-da-luz\\\/#primaryimage\",\"url\":\"https:\\\/\\\/www.ppdelugo.com\\\/wp-content\\\/uploads\\\/2020\\\/06\\\/F\u00e1brica-Luz.jpg\",\"contentUrl\":\"https:\\\/\\\/www.ppdelugo.com\\\/wp-content\\\/uploads\\\/2020\\\/06\\\/F\u00e1brica-Luz.jpg\",\"width\":4000,\"height\":3000},{\"@type\":\"BreadcrumbList\",\"@id\":\"https:\\\/\\\/www.ppdelugo.com\\\/es\\\/o-pp-pregunta-a-lara-mendez-se-nos-pensa-facer-pagar-a-todos-os-lucenses-2-4me-polos-desmanes-do-goberno-socialista-e-nacionalista-na-fabrica-da-luz\\\/#breadcrumb\",\"itemListElement\":[{\"@type\":\"ListItem\",\"position\":1,\"name\":\"Portada\",\"item\":\"https:\\\/\\\/www.ppdelugo.com\\\/es\\\/\"},{\"@type\":\"ListItem\",\"position\":2,\"name\":\"El PP pregunta a Lara M\u00e9ndez se nos piensa hacer pagar a todos los lucenses 2.4 M\u20ac por los desmanes del gobierno socialista y nacionalista en la F\u00e1brica de la Luz\"}]},{\"@type\":\"WebSite\",\"@id\":\"https:\\\/\\\/www.ppdelugo.com\\\/es\\\/#website\",\"url\":\"https:\\\/\\\/www.ppdelugo.com\\\/es\\\/\",\"name\":\"Grupo Municipal Partido Popular de Lugo\",\"description\":\"Web del Grupo Municipal del Partido Popular en el Ayuntamiento de Lugo, con informaci\u00f3n sobre Lugo y fomento de la participaci\u00f3n ciudadana\",\"potentialAction\":[{\"@type\":\"SearchAction\",\"target\":{\"@type\":\"EntryPoint\",\"urlTemplate\":\"https:\\\/\\\/www.ppdelugo.com\\\/es\\\/?s={search_term_string}\"},\"query-input\":{\"@type\":\"PropertyValueSpecification\",\"valueRequired\":true,\"valueName\":\"search_term_string\"}}],\"inLanguage\":\"es\"},{\"@type\":\"Person\",\"@id\":\"https:\\\/\\\/www.ppdelugo.com\\\/es\\\/#\\\/schema\\\/person\\\/4fa17dd371813e2c389a4417775cec48\",\"name\":\"ppdelugo\",\"url\":\"https:\\\/\\\/www.ppdelugo.com\\\/es\\\/author\\\/admin-2\\\/\"}]}<\/script>\n<!-- \/ Yoast SEO plugin. -->","yoast_head_json":{"title":"El PP pregunta a Lara M\u00e9ndez se nos piensa hacer pagar a todos los lucenses 2.4 M\u20ac por los desmanes del gobierno socialista y nacionalista en la F\u00e1brica de la Luz - Grupo Municipal Partido Popular de Lugo","robots":{"index":"index","follow":"follow","max-snippet":"max-snippet:-1","max-image-preview":"max-image-preview:large","max-video-preview":"max-video-preview:-1"},"canonical":"https:\/\/www.ppdelugo.com\/es\/o-pp-pregunta-a-lara-mendez-se-nos-pensa-facer-pagar-a-todos-os-lucenses-2-4me-polos-desmanes-do-goberno-socialista-e-nacionalista-na-fabrica-da-luz\/","og_locale":"es_ES","og_type":"article","og_title":"El PP pregunta a Lara M\u00e9ndez se nos piensa hacer pagar a todos los lucenses 2.4 M\u20ac por los desmanes del gobierno socialista y nacionalista en la F\u00e1brica de la Luz - Grupo Municipal Partido Popular de Lugo","og_description":"El concejal del Grupo Municipal del PP Antonio Ameijide anuncia que se pedir\u00e1 la comparecencia del concejal de Medio Ambiente para que explique la situaci\u00f3n real de la F\u00e1brica de...","og_url":"https:\/\/www.ppdelugo.com\/es\/o-pp-pregunta-a-lara-mendez-se-nos-pensa-facer-pagar-a-todos-os-lucenses-2-4me-polos-desmanes-do-goberno-socialista-e-nacionalista-na-fabrica-da-luz\/","og_site_name":"Grupo Municipal Partido Popular de Lugo","article_published_time":"2020-06-08T11:32:28+00:00","article_modified_time":"2020-06-08T11:33:53+00:00","og_image":[{"width":1024,"height":768,"url":"https:\/\/www.ppdelugo.com\/wp-content\/uploads\/2020\/06\/F\u00e1brica-Luz-1024x768.jpg","type":"image\/jpeg"}],"author":"ppdelugo","twitter_card":"summary_large_image","twitter_misc":{"Escrito por":"ppdelugo","Tiempo de lectura":"4 minutos"},"schema":{"@context":"https:\/\/schema.org","@graph":[{"@type":"Article","@id":"https:\/\/www.ppdelugo.com\/es\/o-pp-pregunta-a-lara-mendez-se-nos-pensa-facer-pagar-a-todos-os-lucenses-2-4me-polos-desmanes-do-goberno-socialista-e-nacionalista-na-fabrica-da-luz\/#article","isPartOf":{"@id":"https:\/\/www.ppdelugo.com\/es\/o-pp-pregunta-a-lara-mendez-se-nos-pensa-facer-pagar-a-todos-os-lucenses-2-4me-polos-desmanes-do-goberno-socialista-e-nacionalista-na-fabrica-da-luz\/"},"author":{"name":"ppdelugo","@id":"https:\/\/www.ppdelugo.com\/es\/#\/schema\/person\/4fa17dd371813e2c389a4417775cec48"},"headline":"El PP pregunta a Lara M\u00e9ndez se nos piensa hacer pagar a todos los lucenses 2.4 M\u20ac por los desmanes del gobierno socialista y nacionalista en la F\u00e1brica de la Luz","datePublished":"2020-06-08T11:32:28+00:00","dateModified":"2020-06-08T11:33:53+00:00","mainEntityOfPage":{"@id":"https:\/\/www.ppdelugo.com\/es\/o-pp-pregunta-a-lara-mendez-se-nos-pensa-facer-pagar-a-todos-os-lucenses-2-4me-polos-desmanes-do-goberno-socialista-e-nacionalista-na-fabrica-da-luz\/"},"wordCount":874,"commentCount":0,"image":{"@id":"https:\/\/www.ppdelugo.com\/es\/o-pp-pregunta-a-lara-mendez-se-nos-pensa-facer-pagar-a-todos-os-lucenses-2-4me-polos-desmanes-do-goberno-socialista-e-nacionalista-na-fabrica-da-luz\/#primaryimage"},"thumbnailUrl":"https:\/\/www.ppdelugo.com\/wp-content\/uploads\/2020\/06\/F\u00e1brica-Luz.jpg","articleSection":["Infraestructuras","Medio Ambiente","transparencia"],"inLanguage":"es","potentialAction":[{"@type":"CommentAction","name":"Comment","target":["https:\/\/www.ppdelugo.com\/es\/o-pp-pregunta-a-lara-mendez-se-nos-pensa-facer-pagar-a-todos-os-lucenses-2-4me-polos-desmanes-do-goberno-socialista-e-nacionalista-na-fabrica-da-luz\/#respond"]}]},{"@type":"WebPage","@id":"https:\/\/www.ppdelugo.com\/es\/o-pp-pregunta-a-lara-mendez-se-nos-pensa-facer-pagar-a-todos-os-lucenses-2-4me-polos-desmanes-do-goberno-socialista-e-nacionalista-na-fabrica-da-luz\/","url":"https:\/\/www.ppdelugo.com\/es\/o-pp-pregunta-a-lara-mendez-se-nos-pensa-facer-pagar-a-todos-os-lucenses-2-4me-polos-desmanes-do-goberno-socialista-e-nacionalista-na-fabrica-da-luz\/","name":"El PP pregunta a Lara M\u00e9ndez se nos piensa hacer pagar a todos los lucenses 2.4 M\u20ac por los desmanes del gobierno socialista y nacionalista en la F\u00e1brica de la Luz - Grupo Municipal Partido Popular de Lugo","isPartOf":{"@id":"https:\/\/www.ppdelugo.com\/es\/#website"},"primaryImageOfPage":{"@id":"https:\/\/www.ppdelugo.com\/es\/o-pp-pregunta-a-lara-mendez-se-nos-pensa-facer-pagar-a-todos-os-lucenses-2-4me-polos-desmanes-do-goberno-socialista-e-nacionalista-na-fabrica-da-luz\/#primaryimage"},"image":{"@id":"https:\/\/www.ppdelugo.com\/es\/o-pp-pregunta-a-lara-mendez-se-nos-pensa-facer-pagar-a-todos-os-lucenses-2-4me-polos-desmanes-do-goberno-socialista-e-nacionalista-na-fabrica-da-luz\/#primaryimage"},"thumbnailUrl":"https:\/\/www.ppdelugo.com\/wp-content\/uploads\/2020\/06\/F\u00e1brica-Luz.jpg","datePublished":"2020-06-08T11:32:28+00:00","dateModified":"2020-06-08T11:33:53+00:00","author":{"@id":"https:\/\/www.ppdelugo.com\/es\/#\/schema\/person\/4fa17dd371813e2c389a4417775cec48"},"breadcrumb":{"@id":"https:\/\/www.ppdelugo.com\/es\/o-pp-pregunta-a-lara-mendez-se-nos-pensa-facer-pagar-a-todos-os-lucenses-2-4me-polos-desmanes-do-goberno-socialista-e-nacionalista-na-fabrica-da-luz\/#breadcrumb"},"inLanguage":"es","potentialAction":[{"@type":"ReadAction","target":["https:\/\/www.ppdelugo.com\/es\/o-pp-pregunta-a-lara-mendez-se-nos-pensa-facer-pagar-a-todos-os-lucenses-2-4me-polos-desmanes-do-goberno-socialista-e-nacionalista-na-fabrica-da-luz\/"]}]},{"@type":"ImageObject","inLanguage":"es","@id":"https:\/\/www.ppdelugo.com\/es\/o-pp-pregunta-a-lara-mendez-se-nos-pensa-facer-pagar-a-todos-os-lucenses-2-4me-polos-desmanes-do-goberno-socialista-e-nacionalista-na-fabrica-da-luz\/#primaryimage","url":"https:\/\/www.ppdelugo.com\/wp-content\/uploads\/2020\/06\/F\u00e1brica-Luz.jpg","contentUrl":"https:\/\/www.ppdelugo.com\/wp-content\/uploads\/2020\/06\/F\u00e1brica-Luz.jpg","width":4000,"height":3000},{"@type":"BreadcrumbList","@id":"https:\/\/www.ppdelugo.com\/es\/o-pp-pregunta-a-lara-mendez-se-nos-pensa-facer-pagar-a-todos-os-lucenses-2-4me-polos-desmanes-do-goberno-socialista-e-nacionalista-na-fabrica-da-luz\/#breadcrumb","itemListElement":[{"@type":"ListItem","position":1,"name":"Portada","item":"https:\/\/www.ppdelugo.com\/es\/"},{"@type":"ListItem","position":2,"name":"El PP pregunta a Lara M\u00e9ndez se nos piensa hacer pagar a todos los lucenses 2.4 M\u20ac por los desmanes del gobierno socialista y nacionalista en la F\u00e1brica de la Luz"}]},{"@type":"WebSite","@id":"https:\/\/www.ppdelugo.com\/es\/#website","url":"https:\/\/www.ppdelugo.com\/es\/","name":"Grupo Municipal Partido Popular de Lugo","description":"Web del Grupo Municipal del Partido Popular en el Ayuntamiento de Lugo, con informaci\u00f3n sobre Lugo y fomento de la participaci\u00f3n ciudadana","potentialAction":[{"@type":"SearchAction","target":{"@type":"EntryPoint","urlTemplate":"https:\/\/www.ppdelugo.com\/es\/?s={search_term_string}"},"query-input":{"@type":"PropertyValueSpecification","valueRequired":true,"valueName":"search_term_string"}}],"inLanguage":"es"},{"@type":"Person","@id":"https:\/\/www.ppdelugo.com\/es\/#\/schema\/person\/4fa17dd371813e2c389a4417775cec48","name":"ppdelugo","url":"https:\/\/www.ppdelugo.com\/es\/author\/admin-2\/"}]}},"_links":{"self":[{"href":"https:\/\/www.ppdelugo.com\/es\/wp-json\/wp\/v2\/posts\/12553","targetHints":{"allow":["GET"]}}],"collection":[{"href":"https:\/\/www.ppdelugo.com\/es\/wp-json\/wp\/v2\/posts"}],"about":[{"href":"https:\/\/www.ppdelugo.com\/es\/wp-json\/wp\/v2\/types\/post"}],"author":[{"embeddable":true,"href":"https:\/\/www.ppdelugo.com\/es\/wp-json\/wp\/v2\/users\/8"}],"replies":[{"embeddable":true,"href":"https:\/\/www.ppdelugo.com\/es\/wp-json\/wp\/v2\/comments?post=12553"}],"version-history":[{"count":0,"href":"https:\/\/www.ppdelugo.com\/es\/wp-json\/wp\/v2\/posts\/12553\/revisions"}],"wp:featuredmedia":[{"embeddable":true,"href":"https:\/\/www.ppdelugo.com\/es\/wp-json\/wp\/v2\/media\/12551"}],"wp:attachment":[{"href":"https:\/\/www.ppdelugo.com\/es\/wp-json\/wp\/v2\/media?parent=12553"}],"wp:term":[{"taxonomy":"category","embeddable":true,"href":"https:\/\/www.ppdelugo.com\/es\/wp-json\/wp\/v2\/categories?post=12553"},{"taxonomy":"post_tag","embeddable":true,"href":"https:\/\/www.ppdelugo.com\/es\/wp-json\/wp\/v2\/tags?post=12553"}],"curies":[{"name":"wp","href":"https:\/\/api.w.org\/{rel}","templated":true}]}}