{"id":12413,"date":"2020-05-28T07:05:35","date_gmt":"2020-05-28T07:05:35","guid":{"rendered":"http:\/\/www.ppdelugo.com\/o-pp-pide-o-arranxo-inmediato-das-pasarelas-da-ruta-dos-muinos-destrozadas-na-actualidade\/"},"modified":"2020-05-28T07:06:28","modified_gmt":"2020-05-28T07:06:28","slug":"o-pp-pide-o-arranxo-inmediato-das-pasarelas-da-ruta-dos-muinos-destrozadas-na-actualidade","status":"publish","type":"post","link":"https:\/\/www.ppdelugo.com\/es\/o-pp-pide-o-arranxo-inmediato-das-pasarelas-da-ruta-dos-muinos-destrozadas-na-actualidade\/","title":{"rendered":"El PP pide el arreglo inmediato de las pasarelas de la Ruta de los Molinos, destrozadas en la actualidad"},"content":{"rendered":"<p>Los concejales del Grupo Municipal del Partido Popular instan a una intervenci\u00f3n inmediata en esta zona de gran valor natural para evitar que se siga degradando y para garantizar la seguridad de todos sus usuarios<\/p>\n<p><!--more--><\/p>\n<p>Os concelleiros do Grupo Municipal do Partido Popular no Concello de Lugo fan p\u00fablicas as queixas remitidas por numerosos lucenses sobre o mal estado no que se atopa o paseo ao car\u00f3n do r\u00edo Mera, m\u00e1is co\u00f1ecido como a Ruta dos Mu\u00ed\u00f1os.<\/p>\n<p>Esta zona verde da cidade \u00e9 moi empregada polos lucenses para pasear, facer sendeirismo e incluso para correr, polo que deber\u00eda de ter un mantemento \u00f3ptimo para garantir a seguridade do seus usuarios. Pola contra, os lucenses que se achegan ata esta zona verde para pasear ou facer deporte at\u00f3panse cunha imaxe de abandono que, en ocasi\u00f3ns, dificulta o paso aos cami\u00f1antes.<\/p>\n<p>Por iso, os concelleiros do Grupo Municipal do Partido Popular piden un arranxo inmediato das pasarelas que hai nesta ruta para garantir a seguridade de todos os seus usuarios.<\/p>\n","protected":false},"excerpt":{"rendered":"<p>Los concejales del Grupo Municipal del Partido Popular instan a una intervenci\u00f3n inmediata en esta zona de gran valor natural para evitar que se siga degradando y para garantizar la&#8230;<\/p>\n","protected":false},"author":8,"featured_media":12411,"comment_status":"open","ping_status":"closed","sticky":false,"template":"","format":"standard","meta":{"footnotes":""},"categories":[33],"tags":[],"class_list":{"0":"post-12413","1":"post","2":"type-post","3":"status-publish","4":"format-standard","5":"has-post-thumbnail","7":"category-medioambiente"},"yoast_head":"<!-- This site is optimized with the Yoast SEO plugin v27.4 - https:\/\/yoast.com\/product\/yoast-seo-wordpress\/ -->\n<title>El PP pide el arreglo inmediato de las pasarelas de la Ruta de los Molinos, destrozadas en la actualidad - Grupo Municipal Partido Popular de Lugo<\/title>\n<meta name=\"robots\" content=\"index, follow, max-snippet:-1, max-image-preview:large, max-video-preview:-1\" \/>\n<link rel=\"canonical\" href=\"https:\/\/www.ppdelugo.com\/es\/o-pp-pide-o-arranxo-inmediato-das-pasarelas-da-ruta-dos-muinos-destrozadas-na-actualidade\/\" \/>\n<meta property=\"og:locale\" content=\"es_ES\" \/>\n<meta property=\"og:type\" content=\"article\" \/>\n<meta property=\"og:title\" content=\"El PP pide el arreglo inmediato de las pasarelas de la Ruta de los Molinos, destrozadas en la actualidad - Grupo Municipal Partido Popular de Lugo\" \/>\n<meta property=\"og:description\" content=\"Los concejales del Grupo Municipal del Partido Popular instan a una intervenci\u00f3n inmediata en esta zona de gran valor natural para evitar que se siga degradando y para garantizar la...\" \/>\n<meta property=\"og:url\" content=\"https:\/\/www.ppdelugo.com\/es\/o-pp-pide-o-arranxo-inmediato-das-pasarelas-da-ruta-dos-muinos-destrozadas-na-actualidade\/\" \/>\n<meta property=\"og:site_name\" content=\"Grupo Municipal Partido Popular de Lugo\" \/>\n<meta property=\"article:published_time\" content=\"2020-05-28T07:05:35+00:00\" \/>\n<meta property=\"article:modified_time\" content=\"2020-05-28T07:06:28+00:00\" \/>\n<meta property=\"og:image\" content=\"https:\/\/www.ppdelugo.com\/wp-content\/uploads\/2020\/05\/Ruta-dos-Mu\u00ed\u00f1os-Progreso.jpeg\" \/>\n\t<meta property=\"og:image:width\" content=\"1200\" \/>\n\t<meta property=\"og:image:height\" content=\"1600\" \/>\n\t<meta property=\"og:image:type\" content=\"image\/jpeg\" \/>\n<meta name=\"author\" content=\"ppdelugo\" \/>\n<meta name=\"twitter:card\" content=\"summary_large_image\" \/>\n<meta name=\"twitter:label1\" content=\"Escrito por\" \/>\n\t<meta name=\"twitter:data1\" content=\"ppdelugo\" \/>\n\t<meta name=\"twitter:label2\" content=\"Tiempo de lectura\" \/>\n\t<meta name=\"twitter:data2\" content=\"1 minuto\" \/>\n<script type=\"application\/ld+json\" class=\"yoast-schema-graph\">{\"@context\":\"https:\\\/\\\/schema.org\",\"@graph\":[{\"@type\":\"Article\",\"@id\":\"https:\\\/\\\/www.ppdelugo.com\\\/es\\\/o-pp-pide-o-arranxo-inmediato-das-pasarelas-da-ruta-dos-muinos-destrozadas-na-actualidade\\\/#article\",\"isPartOf\":{\"@id\":\"https:\\\/\\\/www.ppdelugo.com\\\/es\\\/o-pp-pide-o-arranxo-inmediato-das-pasarelas-da-ruta-dos-muinos-destrozadas-na-actualidade\\\/\"},\"author\":{\"name\":\"ppdelugo\",\"@id\":\"https:\\\/\\\/www.ppdelugo.com\\\/es\\\/#\\\/schema\\\/person\\\/4fa17dd371813e2c389a4417775cec48\"},\"headline\":\"El PP pide el arreglo inmediato de las pasarelas de la Ruta de los Molinos, destrozadas en la actualidad\",\"datePublished\":\"2020-05-28T07:05:35+00:00\",\"dateModified\":\"2020-05-28T07:06:28+00:00\",\"mainEntityOfPage\":{\"@id\":\"https:\\\/\\\/www.ppdelugo.com\\\/es\\\/o-pp-pide-o-arranxo-inmediato-das-pasarelas-da-ruta-dos-muinos-destrozadas-na-actualidade\\\/\"},\"wordCount\":197,\"commentCount\":0,\"image\":{\"@id\":\"https:\\\/\\\/www.ppdelugo.com\\\/es\\\/o-pp-pide-o-arranxo-inmediato-das-pasarelas-da-ruta-dos-muinos-destrozadas-na-actualidade\\\/#primaryimage\"},\"thumbnailUrl\":\"https:\\\/\\\/www.ppdelugo.com\\\/wp-content\\\/uploads\\\/2020\\\/05\\\/Ruta-dos-Mu\u00ed\u00f1os-Progreso.jpeg\",\"articleSection\":[\"Medio Ambiente\"],\"inLanguage\":\"es\",\"potentialAction\":[{\"@type\":\"CommentAction\",\"name\":\"Comment\",\"target\":[\"https:\\\/\\\/www.ppdelugo.com\\\/es\\\/o-pp-pide-o-arranxo-inmediato-das-pasarelas-da-ruta-dos-muinos-destrozadas-na-actualidade\\\/#respond\"]}]},{\"@type\":\"WebPage\",\"@id\":\"https:\\\/\\\/www.ppdelugo.com\\\/es\\\/o-pp-pide-o-arranxo-inmediato-das-pasarelas-da-ruta-dos-muinos-destrozadas-na-actualidade\\\/\",\"url\":\"https:\\\/\\\/www.ppdelugo.com\\\/es\\\/o-pp-pide-o-arranxo-inmediato-das-pasarelas-da-ruta-dos-muinos-destrozadas-na-actualidade\\\/\",\"name\":\"El PP pide el arreglo inmediato de las pasarelas de la Ruta de los Molinos, destrozadas en la actualidad - Grupo Municipal Partido Popular de Lugo\",\"isPartOf\":{\"@id\":\"https:\\\/\\\/www.ppdelugo.com\\\/es\\\/#website\"},\"primaryImageOfPage\":{\"@id\":\"https:\\\/\\\/www.ppdelugo.com\\\/es\\\/o-pp-pide-o-arranxo-inmediato-das-pasarelas-da-ruta-dos-muinos-destrozadas-na-actualidade\\\/#primaryimage\"},\"image\":{\"@id\":\"https:\\\/\\\/www.ppdelugo.com\\\/es\\\/o-pp-pide-o-arranxo-inmediato-das-pasarelas-da-ruta-dos-muinos-destrozadas-na-actualidade\\\/#primaryimage\"},\"thumbnailUrl\":\"https:\\\/\\\/www.ppdelugo.com\\\/wp-content\\\/uploads\\\/2020\\\/05\\\/Ruta-dos-Mu\u00ed\u00f1os-Progreso.jpeg\",\"datePublished\":\"2020-05-28T07:05:35+00:00\",\"dateModified\":\"2020-05-28T07:06:28+00:00\",\"author\":{\"@id\":\"https:\\\/\\\/www.ppdelugo.com\\\/es\\\/#\\\/schema\\\/person\\\/4fa17dd371813e2c389a4417775cec48\"},\"breadcrumb\":{\"@id\":\"https:\\\/\\\/www.ppdelugo.com\\\/es\\\/o-pp-pide-o-arranxo-inmediato-das-pasarelas-da-ruta-dos-muinos-destrozadas-na-actualidade\\\/#breadcrumb\"},\"inLanguage\":\"es\",\"potentialAction\":[{\"@type\":\"ReadAction\",\"target\":[\"https:\\\/\\\/www.ppdelugo.com\\\/es\\\/o-pp-pide-o-arranxo-inmediato-das-pasarelas-da-ruta-dos-muinos-destrozadas-na-actualidade\\\/\"]}]},{\"@type\":\"ImageObject\",\"inLanguage\":\"es\",\"@id\":\"https:\\\/\\\/www.ppdelugo.com\\\/es\\\/o-pp-pide-o-arranxo-inmediato-das-pasarelas-da-ruta-dos-muinos-destrozadas-na-actualidade\\\/#primaryimage\",\"url\":\"https:\\\/\\\/www.ppdelugo.com\\\/wp-content\\\/uploads\\\/2020\\\/05\\\/Ruta-dos-Mu\u00ed\u00f1os-Progreso.jpeg\",\"contentUrl\":\"https:\\\/\\\/www.ppdelugo.com\\\/wp-content\\\/uploads\\\/2020\\\/05\\\/Ruta-dos-Mu\u00ed\u00f1os-Progreso.jpeg\",\"width\":1200,\"height\":1600},{\"@type\":\"BreadcrumbList\",\"@id\":\"https:\\\/\\\/www.ppdelugo.com\\\/es\\\/o-pp-pide-o-arranxo-inmediato-das-pasarelas-da-ruta-dos-muinos-destrozadas-na-actualidade\\\/#breadcrumb\",\"itemListElement\":[{\"@type\":\"ListItem\",\"position\":1,\"name\":\"Portada\",\"item\":\"https:\\\/\\\/www.ppdelugo.com\\\/es\\\/\"},{\"@type\":\"ListItem\",\"position\":2,\"name\":\"El PP pide el arreglo inmediato de las pasarelas de la Ruta de los Molinos, destrozadas en la actualidad\"}]},{\"@type\":\"WebSite\",\"@id\":\"https:\\\/\\\/www.ppdelugo.com\\\/es\\\/#website\",\"url\":\"https:\\\/\\\/www.ppdelugo.com\\\/es\\\/\",\"name\":\"Grupo Municipal Partido Popular de Lugo\",\"description\":\"Web del Grupo Municipal del Partido Popular en el Ayuntamiento de Lugo, con informaci\u00f3n sobre Lugo y fomento de la participaci\u00f3n ciudadana\",\"potentialAction\":[{\"@type\":\"SearchAction\",\"target\":{\"@type\":\"EntryPoint\",\"urlTemplate\":\"https:\\\/\\\/www.ppdelugo.com\\\/es\\\/?s={search_term_string}\"},\"query-input\":{\"@type\":\"PropertyValueSpecification\",\"valueRequired\":true,\"valueName\":\"search_term_string\"}}],\"inLanguage\":\"es\"},{\"@type\":\"Person\",\"@id\":\"https:\\\/\\\/www.ppdelugo.com\\\/es\\\/#\\\/schema\\\/person\\\/4fa17dd371813e2c389a4417775cec48\",\"name\":\"ppdelugo\",\"url\":\"https:\\\/\\\/www.ppdelugo.com\\\/es\\\/author\\\/admin-2\\\/\"}]}<\/script>\n<!-- \/ Yoast SEO plugin. -->","yoast_head_json":{"title":"El PP pide el arreglo inmediato de las pasarelas de la Ruta de los Molinos, destrozadas en la actualidad - Grupo Municipal Partido Popular de Lugo","robots":{"index":"index","follow":"follow","max-snippet":"max-snippet:-1","max-image-preview":"max-image-preview:large","max-video-preview":"max-video-preview:-1"},"canonical":"https:\/\/www.ppdelugo.com\/es\/o-pp-pide-o-arranxo-inmediato-das-pasarelas-da-ruta-dos-muinos-destrozadas-na-actualidade\/","og_locale":"es_ES","og_type":"article","og_title":"El PP pide el arreglo inmediato de las pasarelas de la Ruta de los Molinos, destrozadas en la actualidad - Grupo Municipal Partido Popular de Lugo","og_description":"Los concejales del Grupo Municipal del Partido Popular instan a una intervenci\u00f3n inmediata en esta zona de gran valor natural para evitar que se siga degradando y para garantizar la...","og_url":"https:\/\/www.ppdelugo.com\/es\/o-pp-pide-o-arranxo-inmediato-das-pasarelas-da-ruta-dos-muinos-destrozadas-na-actualidade\/","og_site_name":"Grupo Municipal Partido Popular de Lugo","article_published_time":"2020-05-28T07:05:35+00:00","article_modified_time":"2020-05-28T07:06:28+00:00","og_image":[{"width":1200,"height":1600,"url":"https:\/\/www.ppdelugo.com\/wp-content\/uploads\/2020\/05\/Ruta-dos-Mu\u00ed\u00f1os-Progreso.jpeg","type":"image\/jpeg"}],"author":"ppdelugo","twitter_card":"summary_large_image","twitter_misc":{"Escrito por":"ppdelugo","Tiempo de lectura":"1 minuto"},"schema":{"@context":"https:\/\/schema.org","@graph":[{"@type":"Article","@id":"https:\/\/www.ppdelugo.com\/es\/o-pp-pide-o-arranxo-inmediato-das-pasarelas-da-ruta-dos-muinos-destrozadas-na-actualidade\/#article","isPartOf":{"@id":"https:\/\/www.ppdelugo.com\/es\/o-pp-pide-o-arranxo-inmediato-das-pasarelas-da-ruta-dos-muinos-destrozadas-na-actualidade\/"},"author":{"name":"ppdelugo","@id":"https:\/\/www.ppdelugo.com\/es\/#\/schema\/person\/4fa17dd371813e2c389a4417775cec48"},"headline":"El PP pide el arreglo inmediato de las pasarelas de la Ruta de los Molinos, destrozadas en la actualidad","datePublished":"2020-05-28T07:05:35+00:00","dateModified":"2020-05-28T07:06:28+00:00","mainEntityOfPage":{"@id":"https:\/\/www.ppdelugo.com\/es\/o-pp-pide-o-arranxo-inmediato-das-pasarelas-da-ruta-dos-muinos-destrozadas-na-actualidade\/"},"wordCount":197,"commentCount":0,"image":{"@id":"https:\/\/www.ppdelugo.com\/es\/o-pp-pide-o-arranxo-inmediato-das-pasarelas-da-ruta-dos-muinos-destrozadas-na-actualidade\/#primaryimage"},"thumbnailUrl":"https:\/\/www.ppdelugo.com\/wp-content\/uploads\/2020\/05\/Ruta-dos-Mu\u00ed\u00f1os-Progreso.jpeg","articleSection":["Medio Ambiente"],"inLanguage":"es","potentialAction":[{"@type":"CommentAction","name":"Comment","target":["https:\/\/www.ppdelugo.com\/es\/o-pp-pide-o-arranxo-inmediato-das-pasarelas-da-ruta-dos-muinos-destrozadas-na-actualidade\/#respond"]}]},{"@type":"WebPage","@id":"https:\/\/www.ppdelugo.com\/es\/o-pp-pide-o-arranxo-inmediato-das-pasarelas-da-ruta-dos-muinos-destrozadas-na-actualidade\/","url":"https:\/\/www.ppdelugo.com\/es\/o-pp-pide-o-arranxo-inmediato-das-pasarelas-da-ruta-dos-muinos-destrozadas-na-actualidade\/","name":"El PP pide el arreglo inmediato de las pasarelas de la Ruta de los Molinos, destrozadas en la actualidad - Grupo Municipal Partido Popular de Lugo","isPartOf":{"@id":"https:\/\/www.ppdelugo.com\/es\/#website"},"primaryImageOfPage":{"@id":"https:\/\/www.ppdelugo.com\/es\/o-pp-pide-o-arranxo-inmediato-das-pasarelas-da-ruta-dos-muinos-destrozadas-na-actualidade\/#primaryimage"},"image":{"@id":"https:\/\/www.ppdelugo.com\/es\/o-pp-pide-o-arranxo-inmediato-das-pasarelas-da-ruta-dos-muinos-destrozadas-na-actualidade\/#primaryimage"},"thumbnailUrl":"https:\/\/www.ppdelugo.com\/wp-content\/uploads\/2020\/05\/Ruta-dos-Mu\u00ed\u00f1os-Progreso.jpeg","datePublished":"2020-05-28T07:05:35+00:00","dateModified":"2020-05-28T07:06:28+00:00","author":{"@id":"https:\/\/www.ppdelugo.com\/es\/#\/schema\/person\/4fa17dd371813e2c389a4417775cec48"},"breadcrumb":{"@id":"https:\/\/www.ppdelugo.com\/es\/o-pp-pide-o-arranxo-inmediato-das-pasarelas-da-ruta-dos-muinos-destrozadas-na-actualidade\/#breadcrumb"},"inLanguage":"es","potentialAction":[{"@type":"ReadAction","target":["https:\/\/www.ppdelugo.com\/es\/o-pp-pide-o-arranxo-inmediato-das-pasarelas-da-ruta-dos-muinos-destrozadas-na-actualidade\/"]}]},{"@type":"ImageObject","inLanguage":"es","@id":"https:\/\/www.ppdelugo.com\/es\/o-pp-pide-o-arranxo-inmediato-das-pasarelas-da-ruta-dos-muinos-destrozadas-na-actualidade\/#primaryimage","url":"https:\/\/www.ppdelugo.com\/wp-content\/uploads\/2020\/05\/Ruta-dos-Mu\u00ed\u00f1os-Progreso.jpeg","contentUrl":"https:\/\/www.ppdelugo.com\/wp-content\/uploads\/2020\/05\/Ruta-dos-Mu\u00ed\u00f1os-Progreso.jpeg","width":1200,"height":1600},{"@type":"BreadcrumbList","@id":"https:\/\/www.ppdelugo.com\/es\/o-pp-pide-o-arranxo-inmediato-das-pasarelas-da-ruta-dos-muinos-destrozadas-na-actualidade\/#breadcrumb","itemListElement":[{"@type":"ListItem","position":1,"name":"Portada","item":"https:\/\/www.ppdelugo.com\/es\/"},{"@type":"ListItem","position":2,"name":"El PP pide el arreglo inmediato de las pasarelas de la Ruta de los Molinos, destrozadas en la actualidad"}]},{"@type":"WebSite","@id":"https:\/\/www.ppdelugo.com\/es\/#website","url":"https:\/\/www.ppdelugo.com\/es\/","name":"Grupo Municipal Partido Popular de Lugo","description":"Web del Grupo Municipal del Partido Popular en el Ayuntamiento de Lugo, con informaci\u00f3n sobre Lugo y fomento de la participaci\u00f3n ciudadana","potentialAction":[{"@type":"SearchAction","target":{"@type":"EntryPoint","urlTemplate":"https:\/\/www.ppdelugo.com\/es\/?s={search_term_string}"},"query-input":{"@type":"PropertyValueSpecification","valueRequired":true,"valueName":"search_term_string"}}],"inLanguage":"es"},{"@type":"Person","@id":"https:\/\/www.ppdelugo.com\/es\/#\/schema\/person\/4fa17dd371813e2c389a4417775cec48","name":"ppdelugo","url":"https:\/\/www.ppdelugo.com\/es\/author\/admin-2\/"}]}},"_links":{"self":[{"href":"https:\/\/www.ppdelugo.com\/es\/wp-json\/wp\/v2\/posts\/12413","targetHints":{"allow":["GET"]}}],"collection":[{"href":"https:\/\/www.ppdelugo.com\/es\/wp-json\/wp\/v2\/posts"}],"about":[{"href":"https:\/\/www.ppdelugo.com\/es\/wp-json\/wp\/v2\/types\/post"}],"author":[{"embeddable":true,"href":"https:\/\/www.ppdelugo.com\/es\/wp-json\/wp\/v2\/users\/8"}],"replies":[{"embeddable":true,"href":"https:\/\/www.ppdelugo.com\/es\/wp-json\/wp\/v2\/comments?post=12413"}],"version-history":[{"count":0,"href":"https:\/\/www.ppdelugo.com\/es\/wp-json\/wp\/v2\/posts\/12413\/revisions"}],"wp:featuredmedia":[{"embeddable":true,"href":"https:\/\/www.ppdelugo.com\/es\/wp-json\/wp\/v2\/media\/12411"}],"wp:attachment":[{"href":"https:\/\/www.ppdelugo.com\/es\/wp-json\/wp\/v2\/media?parent=12413"}],"wp:term":[{"taxonomy":"category","embeddable":true,"href":"https:\/\/www.ppdelugo.com\/es\/wp-json\/wp\/v2\/categories?post=12413"},{"taxonomy":"post_tag","embeddable":true,"href":"https:\/\/www.ppdelugo.com\/es\/wp-json\/wp\/v2\/tags?post=12413"}],"curies":[{"name":"wp","href":"https:\/\/api.w.org\/{rel}","templated":true}]}}