{"id":1233,"date":"2015-11-07T12:28:00","date_gmt":"2015-11-07T12:28:00","guid":{"rendered":"http:\/\/www.ppdelugo.com\/es\/el-pp-pide-una-programacion-turistica-especial-para-el-puente-de-diciembre-2\/"},"modified":"2016-01-29T12:15:14","modified_gmt":"2016-01-29T12:15:14","slug":"el-pp-pide-una-programacion-turistica-especial-para-el-puente-de-diciembre-2","status":"publish","type":"post","link":"https:\/\/www.ppdelugo.com\/es\/el-pp-pide-una-programacion-turistica-especial-para-el-puente-de-diciembre-2\/","title":{"rendered":"El PP pide una programaci\u00f3n tur\u00edstica especial para el puente de diciembre"},"content":{"rendered":"[vc_row type=\u00bbin_container\u00bb scene_position=\u00bbcenter\u00bb text_color=\u00bbdark\u00bb text_align=\u00bbleft\u00bb top_padding=\u00bb-10&#8243;][vc_column column_padding=\u00bbno-extra-padding\u00bb column_padding_position=\u00bball\u00bb background_color_opacity=\u00bb1&#8243; background_hover_color_opacity=\u00bb1&#8243; width=\u00bb1\/1&#8243;][vc_column_text]\n<p>La concejala popular Encarna Amigo solicita al gobierno municipal la elaboraci\u00f3n de un calendario de acciones \u201catractivo y vers\u00e1til\u201d que permita potenciar Lugo como destino para el puente de diciembre<\/p>\n<p><!--more--><\/p>\n<p>La concejala del Grupo Municipal del Partido Popular Encarna Amigo solicita al gobierno municipal la elaboraci\u00f3n de una programaci\u00f3n tur\u00edstica especial para el puente de diciembre.<\/p>\n<p>En ese sentido, los populares reclaman el dise\u00f1o de un \u201ccalendario de acciones\u201d que refleje \u201clo mucho que Lugo y los lucenses tenemos que ofrecer\u201d, por lo que sugiere un programa \u201cvers\u00e1til e integral\u201d en el que se apueste por \u201cpotenciar\u201d todos los recursos con los que cuenta el municipio. As\u00ed, Encarna Amigo alude al patrimonio hist\u00f3rico-cultural, al gastron\u00f3mico y al deportivo \u201ccomo pretextos perfectos para convencer a los turistas de que Lugo es la apuesta perfecta para pasar unos cuantos d\u00edas en diciembre\u201d. \u201cEl objetivo no es otro que convencer a nuestros visitantes de lo mucho que tenemos que ofrecer y, de este modo, conseguir que se incrementen el n\u00famero de pernoctaciones en establecimientos hoteleros de la ciudad\u201d, reflexiona la popular.<\/p>\n<p>Asimismo, la edil popular insta al gobierno municipal a \u201cliderar y encabezar\u201d un proyecto com\u00fan en el que se aglutine a la hosteler\u00eda y los comerciantes del municipio, \u201cya que no se puede pasar por alto que en estas fechas muchas personas comienzan ya a realizar sus compras de Navidad, por lo que es una ocasi\u00f3n perfecta para, en coordinaci\u00f3n con esos tres sectores fundamentales (hostelero, hotelero y comercial), reinventarnos como destino tur\u00edstico y comercial\u201d.<\/p>\n<p>Al mismo tiempo, Encarna Amigo subraya que \u201cno hablamos solo de convencer a otros de que nos visiten sino tambi\u00e9n de que los lucenses no tengan que irse a otros lugares por la falta de oferta de actividades en este puente\u201d. \u201cA nadie se le escapa que en Lugo los fines de semana apenas existen alternativas de ocio, por lo que estos d\u00edas festivos son una oportunidad perfecta para cambiar radicalmente esta tendencia\u201d, destaca la edil de Cultura y Turismo.<\/p>\n<p>En esa l\u00ednea, la concejala popular argumenta que \u201cel Ayuntamiento tiene un papel relevante, ya no solo como l\u00edder que est\u00e1 llamado a ser de esta estrategia, sino con todas las acciones que dependen directamente de \u00e9l, empezando por la ampliaci\u00f3n de los horarios de los museos municipales, que siguen manteniendo un exiguo calendario de apertura\u201d. \u201cSi el gobierno local es capaz de dise\u00f1ar un programa original y creativo estamos seguros de que se notar\u00e1 en el n\u00famero de turistas que visiten la ciudad\u201d, se\u00f1ala, al tiempo que apela a la \u201cnotable veteran\u00eda\u201d de la edil responsable del \u00e1rea, Carmen Basadre, como \u201cotra raz\u00f3n m\u00e1s para que, de una vez por todas, se d\u00e9 un impulso al turismo en el municipio\u201d.<\/p>\n<p>Por \u00faltimo, Encarna Amigo expone la necesidad \u201cevidente\u201d de campa\u00f1as de promoci\u00f3n, \u201cespecialmente en comunidades pr\u00f3ximas y ciudades vecinas\u201d, con acciones \u201cdesestacionalizadas\u201d que potencien a Lugo como destino de fin de semana y de puentes, como el de diciembre. \u201cEstamos a un mes de \u00e9l, por lo que no cabe otra opci\u00f3n que trabajar en serio para no perder otra vez este tren del turismo\u201d, concluye.<\/p>\n[\/vc_column_text][\/vc_column][\/vc_row][vc_row type=\u00bbin_container\u00bb scene_position=\u00bbcenter\u00bb text_color=\u00bbdark\u00bb text_align=\u00bbleft\u00bb][vc_column column_padding=\u00bbno-extra-padding\u00bb column_padding_position=\u00bball\u00bb background_color_opacity=\u00bb1&#8243; background_hover_color_opacity=\u00bb1&#8243; width=\u00bb1\/1&#8243;][vc_column_text]\n[\/vc_column_text][\/vc_column][\/vc_row]\n","protected":false},"excerpt":{"rendered":"<p>[vc_row type=\u00bbin_container\u00bb scene_position=\u00bbcenter\u00bb text_color=\u00bbdark\u00bb text_align=\u00bbleft\u00bb top_padding=\u00bb-10&#8243;][vc_column column_padding=\u00bbno-extra-padding\u00bb column_padding_position=\u00bball\u00bb background_color_opacity=\u00bb1&#8243; background_hover_color_opacity=\u00bb1&#8243; width=\u00bb1\/1&#8243;][vc_column_text] La concejala popular Encarna Amigo solicita al gobierno municipal la elaboraci\u00f3n de un calendario de acciones \u201catractivo y vers\u00e1til\u201d&#8230;<\/p>\n","protected":false},"author":8,"featured_media":0,"comment_status":"closed","ping_status":"closed","sticky":false,"template":"","format":"standard","meta":{"footnotes":""},"categories":[41],"tags":[],"class_list":{"0":"post-1233","1":"post","2":"type-post","3":"status-publish","4":"format-standard","6":"category-turismo-es"},"yoast_head":"<!-- This site is optimized with the Yoast SEO plugin v27.4 - https:\/\/yoast.com\/product\/yoast-seo-wordpress\/ -->\n<title>El PP pide una programaci\u00f3n tur\u00edstica especial para el puente de diciembre - Grupo Municipal Partido Popular de Lugo<\/title>\n<meta name=\"robots\" content=\"index, follow, max-snippet:-1, max-image-preview:large, max-video-preview:-1\" \/>\n<link rel=\"canonical\" href=\"https:\/\/www.ppdelugo.com\/es\/el-pp-pide-una-programacion-turistica-especial-para-el-puente-de-diciembre-2\/\" \/>\n<meta property=\"og:locale\" content=\"es_ES\" \/>\n<meta property=\"og:type\" content=\"article\" \/>\n<meta property=\"og:title\" content=\"El PP pide una programaci\u00f3n tur\u00edstica especial para el puente de diciembre - Grupo Municipal Partido Popular de Lugo\" \/>\n<meta property=\"og:description\" content=\"[vc_row type=\u00bbin_container\u00bb scene_position=\u00bbcenter\u00bb text_color=\u00bbdark\u00bb text_align=\u00bbleft\u00bb top_padding=\u00bb-10&#8243;][vc_column column_padding=\u00bbno-extra-padding\u00bb column_padding_position=\u00bball\u00bb background_color_opacity=\u00bb1&#8243; background_hover_color_opacity=\u00bb1&#8243; width=\u00bb1\/1&#8243;][vc_column_text] La concejala popular Encarna Amigo solicita al gobierno municipal la elaboraci\u00f3n de un calendario de acciones \u201catractivo y vers\u00e1til\u201d...\" \/>\n<meta property=\"og:url\" content=\"https:\/\/www.ppdelugo.com\/es\/el-pp-pide-una-programacion-turistica-especial-para-el-puente-de-diciembre-2\/\" \/>\n<meta property=\"og:site_name\" content=\"Grupo Municipal Partido Popular de Lugo\" \/>\n<meta property=\"article:published_time\" content=\"2015-11-07T12:28:00+00:00\" \/>\n<meta property=\"article:modified_time\" content=\"2016-01-29T12:15:14+00:00\" \/>\n<meta name=\"author\" content=\"ppdelugo\" \/>\n<meta name=\"twitter:card\" content=\"summary_large_image\" \/>\n<meta name=\"twitter:label1\" content=\"Escrito por\" \/>\n\t<meta name=\"twitter:data1\" content=\"ppdelugo\" \/>\n\t<meta name=\"twitter:label2\" content=\"Tiempo de lectura\" \/>\n\t<meta name=\"twitter:data2\" content=\"3 minutos\" \/>\n<script type=\"application\/ld+json\" class=\"yoast-schema-graph\">{\"@context\":\"https:\\\/\\\/schema.org\",\"@graph\":[{\"@type\":\"Article\",\"@id\":\"https:\\\/\\\/www.ppdelugo.com\\\/es\\\/el-pp-pide-una-programacion-turistica-especial-para-el-puente-de-diciembre-2\\\/#article\",\"isPartOf\":{\"@id\":\"https:\\\/\\\/www.ppdelugo.com\\\/es\\\/el-pp-pide-una-programacion-turistica-especial-para-el-puente-de-diciembre-2\\\/\"},\"author\":{\"name\":\"ppdelugo\",\"@id\":\"https:\\\/\\\/www.ppdelugo.com\\\/es\\\/#\\\/schema\\\/person\\\/4fa17dd371813e2c389a4417775cec48\"},\"headline\":\"El PP pide una programaci\u00f3n tur\u00edstica especial para el puente de diciembre\",\"datePublished\":\"2015-11-07T12:28:00+00:00\",\"dateModified\":\"2016-01-29T12:15:14+00:00\",\"mainEntityOfPage\":{\"@id\":\"https:\\\/\\\/www.ppdelugo.com\\\/es\\\/el-pp-pide-una-programacion-turistica-especial-para-el-puente-de-diciembre-2\\\/\"},\"wordCount\":650,\"articleSection\":[\"Turismo\"],\"inLanguage\":\"es\"},{\"@type\":\"WebPage\",\"@id\":\"https:\\\/\\\/www.ppdelugo.com\\\/es\\\/el-pp-pide-una-programacion-turistica-especial-para-el-puente-de-diciembre-2\\\/\",\"url\":\"https:\\\/\\\/www.ppdelugo.com\\\/es\\\/el-pp-pide-una-programacion-turistica-especial-para-el-puente-de-diciembre-2\\\/\",\"name\":\"El PP pide una programaci\u00f3n tur\u00edstica especial para el puente de diciembre - Grupo Municipal Partido Popular de Lugo\",\"isPartOf\":{\"@id\":\"https:\\\/\\\/www.ppdelugo.com\\\/es\\\/#website\"},\"datePublished\":\"2015-11-07T12:28:00+00:00\",\"dateModified\":\"2016-01-29T12:15:14+00:00\",\"author\":{\"@id\":\"https:\\\/\\\/www.ppdelugo.com\\\/es\\\/#\\\/schema\\\/person\\\/4fa17dd371813e2c389a4417775cec48\"},\"breadcrumb\":{\"@id\":\"https:\\\/\\\/www.ppdelugo.com\\\/es\\\/el-pp-pide-una-programacion-turistica-especial-para-el-puente-de-diciembre-2\\\/#breadcrumb\"},\"inLanguage\":\"es\",\"potentialAction\":[{\"@type\":\"ReadAction\",\"target\":[\"https:\\\/\\\/www.ppdelugo.com\\\/es\\\/el-pp-pide-una-programacion-turistica-especial-para-el-puente-de-diciembre-2\\\/\"]}]},{\"@type\":\"BreadcrumbList\",\"@id\":\"https:\\\/\\\/www.ppdelugo.com\\\/es\\\/el-pp-pide-una-programacion-turistica-especial-para-el-puente-de-diciembre-2\\\/#breadcrumb\",\"itemListElement\":[{\"@type\":\"ListItem\",\"position\":1,\"name\":\"Portada\",\"item\":\"https:\\\/\\\/www.ppdelugo.com\\\/es\\\/\"},{\"@type\":\"ListItem\",\"position\":2,\"name\":\"El PP pide una programaci\u00f3n tur\u00edstica especial para el puente de diciembre\"}]},{\"@type\":\"WebSite\",\"@id\":\"https:\\\/\\\/www.ppdelugo.com\\\/es\\\/#website\",\"url\":\"https:\\\/\\\/www.ppdelugo.com\\\/es\\\/\",\"name\":\"Grupo Municipal Partido Popular de Lugo\",\"description\":\"Web del Grupo Municipal del Partido Popular en el Ayuntamiento de Lugo, con informaci\u00f3n sobre Lugo y fomento de la participaci\u00f3n ciudadana\",\"potentialAction\":[{\"@type\":\"SearchAction\",\"target\":{\"@type\":\"EntryPoint\",\"urlTemplate\":\"https:\\\/\\\/www.ppdelugo.com\\\/es\\\/?s={search_term_string}\"},\"query-input\":{\"@type\":\"PropertyValueSpecification\",\"valueRequired\":true,\"valueName\":\"search_term_string\"}}],\"inLanguage\":\"es\"},{\"@type\":\"Person\",\"@id\":\"https:\\\/\\\/www.ppdelugo.com\\\/es\\\/#\\\/schema\\\/person\\\/4fa17dd371813e2c389a4417775cec48\",\"name\":\"ppdelugo\",\"url\":\"https:\\\/\\\/www.ppdelugo.com\\\/es\\\/author\\\/admin-2\\\/\"}]}<\/script>\n<!-- \/ Yoast SEO plugin. -->","yoast_head_json":{"title":"El PP pide una programaci\u00f3n tur\u00edstica especial para el puente de diciembre - Grupo Municipal Partido Popular de Lugo","robots":{"index":"index","follow":"follow","max-snippet":"max-snippet:-1","max-image-preview":"max-image-preview:large","max-video-preview":"max-video-preview:-1"},"canonical":"https:\/\/www.ppdelugo.com\/es\/el-pp-pide-una-programacion-turistica-especial-para-el-puente-de-diciembre-2\/","og_locale":"es_ES","og_type":"article","og_title":"El PP pide una programaci\u00f3n tur\u00edstica especial para el puente de diciembre - Grupo Municipal Partido Popular de Lugo","og_description":"[vc_row type=\u00bbin_container\u00bb scene_position=\u00bbcenter\u00bb text_color=\u00bbdark\u00bb text_align=\u00bbleft\u00bb top_padding=\u00bb-10&#8243;][vc_column column_padding=\u00bbno-extra-padding\u00bb column_padding_position=\u00bball\u00bb background_color_opacity=\u00bb1&#8243; background_hover_color_opacity=\u00bb1&#8243; width=\u00bb1\/1&#8243;][vc_column_text] La concejala popular Encarna Amigo solicita al gobierno municipal la elaboraci\u00f3n de un calendario de acciones \u201catractivo y vers\u00e1til\u201d...","og_url":"https:\/\/www.ppdelugo.com\/es\/el-pp-pide-una-programacion-turistica-especial-para-el-puente-de-diciembre-2\/","og_site_name":"Grupo Municipal Partido Popular de Lugo","article_published_time":"2015-11-07T12:28:00+00:00","article_modified_time":"2016-01-29T12:15:14+00:00","author":"ppdelugo","twitter_card":"summary_large_image","twitter_misc":{"Escrito por":"ppdelugo","Tiempo de lectura":"3 minutos"},"schema":{"@context":"https:\/\/schema.org","@graph":[{"@type":"Article","@id":"https:\/\/www.ppdelugo.com\/es\/el-pp-pide-una-programacion-turistica-especial-para-el-puente-de-diciembre-2\/#article","isPartOf":{"@id":"https:\/\/www.ppdelugo.com\/es\/el-pp-pide-una-programacion-turistica-especial-para-el-puente-de-diciembre-2\/"},"author":{"name":"ppdelugo","@id":"https:\/\/www.ppdelugo.com\/es\/#\/schema\/person\/4fa17dd371813e2c389a4417775cec48"},"headline":"El PP pide una programaci\u00f3n tur\u00edstica especial para el puente de diciembre","datePublished":"2015-11-07T12:28:00+00:00","dateModified":"2016-01-29T12:15:14+00:00","mainEntityOfPage":{"@id":"https:\/\/www.ppdelugo.com\/es\/el-pp-pide-una-programacion-turistica-especial-para-el-puente-de-diciembre-2\/"},"wordCount":650,"articleSection":["Turismo"],"inLanguage":"es"},{"@type":"WebPage","@id":"https:\/\/www.ppdelugo.com\/es\/el-pp-pide-una-programacion-turistica-especial-para-el-puente-de-diciembre-2\/","url":"https:\/\/www.ppdelugo.com\/es\/el-pp-pide-una-programacion-turistica-especial-para-el-puente-de-diciembre-2\/","name":"El PP pide una programaci\u00f3n tur\u00edstica especial para el puente de diciembre - Grupo Municipal Partido Popular de Lugo","isPartOf":{"@id":"https:\/\/www.ppdelugo.com\/es\/#website"},"datePublished":"2015-11-07T12:28:00+00:00","dateModified":"2016-01-29T12:15:14+00:00","author":{"@id":"https:\/\/www.ppdelugo.com\/es\/#\/schema\/person\/4fa17dd371813e2c389a4417775cec48"},"breadcrumb":{"@id":"https:\/\/www.ppdelugo.com\/es\/el-pp-pide-una-programacion-turistica-especial-para-el-puente-de-diciembre-2\/#breadcrumb"},"inLanguage":"es","potentialAction":[{"@type":"ReadAction","target":["https:\/\/www.ppdelugo.com\/es\/el-pp-pide-una-programacion-turistica-especial-para-el-puente-de-diciembre-2\/"]}]},{"@type":"BreadcrumbList","@id":"https:\/\/www.ppdelugo.com\/es\/el-pp-pide-una-programacion-turistica-especial-para-el-puente-de-diciembre-2\/#breadcrumb","itemListElement":[{"@type":"ListItem","position":1,"name":"Portada","item":"https:\/\/www.ppdelugo.com\/es\/"},{"@type":"ListItem","position":2,"name":"El PP pide una programaci\u00f3n tur\u00edstica especial para el puente de diciembre"}]},{"@type":"WebSite","@id":"https:\/\/www.ppdelugo.com\/es\/#website","url":"https:\/\/www.ppdelugo.com\/es\/","name":"Grupo Municipal Partido Popular de Lugo","description":"Web del Grupo Municipal del Partido Popular en el Ayuntamiento de Lugo, con informaci\u00f3n sobre Lugo y fomento de la participaci\u00f3n ciudadana","potentialAction":[{"@type":"SearchAction","target":{"@type":"EntryPoint","urlTemplate":"https:\/\/www.ppdelugo.com\/es\/?s={search_term_string}"},"query-input":{"@type":"PropertyValueSpecification","valueRequired":true,"valueName":"search_term_string"}}],"inLanguage":"es"},{"@type":"Person","@id":"https:\/\/www.ppdelugo.com\/es\/#\/schema\/person\/4fa17dd371813e2c389a4417775cec48","name":"ppdelugo","url":"https:\/\/www.ppdelugo.com\/es\/author\/admin-2\/"}]}},"_links":{"self":[{"href":"https:\/\/www.ppdelugo.com\/es\/wp-json\/wp\/v2\/posts\/1233","targetHints":{"allow":["GET"]}}],"collection":[{"href":"https:\/\/www.ppdelugo.com\/es\/wp-json\/wp\/v2\/posts"}],"about":[{"href":"https:\/\/www.ppdelugo.com\/es\/wp-json\/wp\/v2\/types\/post"}],"author":[{"embeddable":true,"href":"https:\/\/www.ppdelugo.com\/es\/wp-json\/wp\/v2\/users\/8"}],"replies":[{"embeddable":true,"href":"https:\/\/www.ppdelugo.com\/es\/wp-json\/wp\/v2\/comments?post=1233"}],"version-history":[{"count":0,"href":"https:\/\/www.ppdelugo.com\/es\/wp-json\/wp\/v2\/posts\/1233\/revisions"}],"wp:attachment":[{"href":"https:\/\/www.ppdelugo.com\/es\/wp-json\/wp\/v2\/media?parent=1233"}],"wp:term":[{"taxonomy":"category","embeddable":true,"href":"https:\/\/www.ppdelugo.com\/es\/wp-json\/wp\/v2\/categories?post=1233"},{"taxonomy":"post_tag","embeddable":true,"href":"https:\/\/www.ppdelugo.com\/es\/wp-json\/wp\/v2\/tags?post=1233"}],"curies":[{"name":"wp","href":"https:\/\/api.w.org\/{rel}","templated":true}]}}