{"id":12281,"date":"2020-05-10T11:19:23","date_gmt":"2020-05-10T11:19:23","guid":{"rendered":"http:\/\/www.ppdelugo.com\/o-pp-propon-incluir-nas-analises-da-edar-probas-que-certifiquen-que-os-vertidos-ao-mino-das-augas-tratadas-estan-libres-da-covid\/"},"modified":"2020-05-10T11:20:25","modified_gmt":"2020-05-10T11:20:25","slug":"o-pp-propon-incluir-nas-analises-da-edar-probas-que-certifiquen-que-os-vertidos-ao-mino-das-augas-tratadas-estan-libres-da-covid","status":"publish","type":"post","link":"https:\/\/www.ppdelugo.com\/es\/o-pp-propon-incluir-nas-analises-da-edar-probas-que-certifiquen-que-os-vertidos-ao-mino-das-augas-tratadas-estan-libres-da-covid\/","title":{"rendered":"El PP propone incluir en los an\u00e1lisis de la EDAR pruebas que certifiquen que los vertidos al Mi\u00f1o, de las aguas tratadas, est\u00e1n libres de la covid"},"content":{"rendered":"<p>El vicevoceiro popular afirma que, a la vista de que en estudios hechos en las EDAR de varias ciudades detectaron en la red de saneamiento restos del virus \u201cqueremos saber si el gobierno local ha previsto reforzar la vigilancia de las aguas residuales que llegan a la planta de Lugo para obtener informaci\u00f3n y compartirla con el resto de administraciones para tomar medidas de seguimiento y control en caso de repuntes de la enfermedad\u201d<\/p>\n<p><!--more--><\/p>\n<p>O Grupo Popular pregunta ao goberno local se, a maiores das anal\u00edticas pertinentes que se fan na depuradora de Lugo, se est\u00e1 levando a cabo alg\u00fan reforzo para certificar que as augas residuais que chegan \u00e1 planta, unha vez tratadas, cando se verten de novo ao r\u00edo,non te\u00f1en Covid.<\/p>\n<p>Antonio Ameijide afirma que \u201cnoutras cidades galegas e do resto de Espa\u00f1a xa est\u00e1n facendo adem\u00e1is a monitorizaci\u00f3n das augas residuais, en diversos puntos da rede de saneamento e na propia entrada da EDAR, porque apareceron nelas restos da covid\u201d. O popular afirma que, estes estudos e estas anal\u00edticas servir\u00edan para identificar posibles brotes, examinar o alcance das infecci\u00f3ns\u2026 xa que recoller\u00edan de xeito peri\u00f3dico datos de toda a poboaci\u00f3n, inclu\u00edndo as que pasaron a enfermidade\u201d. \u201cA toma de mostras no tempo permitir\u00e1, tam\u00e9n, estar alerta ante posibles repuntes polo que a informaci\u00f3n que se obte\u00f1a deste muestreo axudar\u00eda ao goberno local\u00a0 e o resto das administraci\u00f3ns a planificar as medidas de control da enfermidade. O popular indicou que a\u00a0 8 de abril xa hab\u00eda 19 art\u00edculos de investigaci\u00f3n sobre a presenza de covid en augas residuais.<\/p>\n<p>Por este motivos, o vicevoceiro popular pregunta ao goberno local \u201cse hai alg\u00fan programa de vixilancia extraordinario da presencia do COVID, en distintas zonas do Mi\u00f1o ao seu paso por Lugo xa que \u201cser\u00eda moi tranquilizador para os cidad\u00e1ns, especialmente os deportistas que empregan as augas do r\u00edo, sobre todo arestora que imos cara ao ver\u00e1n\u201d.<\/p>\n<p>Preguntas que o PP eleva a comisi\u00f3n:<\/p>\n<p>A la vista de que en algunas ciudades han aparecido restos de Covid en la red de saneamiento queremos saber si:<\/p>\n<ul>\n<li>Desde el ayuntamiento de Lugo se han realizado pruebas y an\u00e1lisis de la presencia del Covid 19 en la red de saneamiento municipal? De no haberse realizado por que no se han llevado a cabo? De haberse realizado, que resultados han dado?<\/li>\n<li>Desde el ayuntamiento de Lugo se han realizado pruebas y an\u00e1lisis de la presencia del Covid 19 en la EDAR municipal? De no haberse realizado por que no se han llevado a cabo? De haberse realizado, que resultados han dado?<\/li>\n<li>Se est\u00e1 analizando la presencia de COVID 19 en los vertidos al R\u00edo Mi\u00f1o que salen tras el tratamiento de las aguas residuales en la EDAR?<\/li>\n<li>Se est\u00e1n practicando anal\u00edticas en el R\u00edo Mi\u00f1o a su paso por Lugo para detectar la presencia de Covid 19 y garantizar la calidad de sus aguas?<\/li>\n<li>Que medidas de protecci\u00f3n se est\u00e1n aplicando a los trabajadores de la Edar y de la red de saneamiento?<\/li>\n<\/ul>\n","protected":false},"excerpt":{"rendered":"<p>El vicevoceiro popular afirma que, a la vista de que en estudios hechos en las EDAR de varias ciudades detectaron en la red de saneamiento restos del virus \u201cqueremos saber&#8230;<\/p>\n","protected":false},"author":8,"featured_media":12282,"comment_status":"open","ping_status":"closed","sticky":false,"template":"","format":"standard","meta":{"footnotes":""},"categories":[32,33,36],"tags":[],"class_list":{"0":"post-12281","1":"post","2":"type-post","3":"status-publish","4":"format-standard","5":"has-post-thumbnail","7":"category-infraestructuras-es","8":"category-medioambiente","9":"category-seguridad"},"yoast_head":"<!-- This site is optimized with the Yoast SEO plugin v27.4 - https:\/\/yoast.com\/product\/yoast-seo-wordpress\/ -->\n<title>El PP propone incluir en los an\u00e1lisis de la EDAR pruebas que certifiquen que los vertidos al Mi\u00f1o, de las aguas tratadas, est\u00e1n libres de la covid - Grupo Municipal Partido Popular de Lugo<\/title>\n<meta name=\"robots\" content=\"index, follow, max-snippet:-1, max-image-preview:large, max-video-preview:-1\" \/>\n<link rel=\"canonical\" href=\"https:\/\/www.ppdelugo.com\/es\/o-pp-propon-incluir-nas-analises-da-edar-probas-que-certifiquen-que-os-vertidos-ao-mino-das-augas-tratadas-estan-libres-da-covid\/\" \/>\n<meta property=\"og:locale\" content=\"es_ES\" \/>\n<meta property=\"og:type\" content=\"article\" \/>\n<meta property=\"og:title\" content=\"El PP propone incluir en los an\u00e1lisis de la EDAR pruebas que certifiquen que los vertidos al Mi\u00f1o, de las aguas tratadas, est\u00e1n libres de la covid - Grupo Municipal Partido Popular de Lugo\" \/>\n<meta property=\"og:description\" content=\"El vicevoceiro popular afirma que, a la vista de que en estudios hechos en las EDAR de varias ciudades detectaron en la red de saneamiento restos del virus \u201cqueremos saber...\" \/>\n<meta property=\"og:url\" content=\"https:\/\/www.ppdelugo.com\/es\/o-pp-propon-incluir-nas-analises-da-edar-probas-que-certifiquen-que-os-vertidos-ao-mino-das-augas-tratadas-estan-libres-da-covid\/\" \/>\n<meta property=\"og:site_name\" content=\"Grupo Municipal Partido Popular de Lugo\" \/>\n<meta property=\"article:published_time\" content=\"2020-05-10T11:19:23+00:00\" \/>\n<meta property=\"article:modified_time\" content=\"2020-05-10T11:20:25+00:00\" \/>\n<meta property=\"og:image\" content=\"https:\/\/www.ppdelugo.com\/wp-content\/uploads\/2016\/01\/e2af4ed0b46c770652a80e8465629980_RS-07-EDAR-aerea-1156-577-c.jpg\" \/>\n\t<meta property=\"og:image:width\" content=\"1156\" \/>\n\t<meta property=\"og:image:height\" content=\"577\" \/>\n\t<meta property=\"og:image:type\" content=\"image\/jpeg\" \/>\n<meta name=\"author\" content=\"ppdelugo\" \/>\n<meta name=\"twitter:card\" content=\"summary_large_image\" \/>\n<meta name=\"twitter:label1\" content=\"Escrito por\" \/>\n\t<meta name=\"twitter:data1\" content=\"ppdelugo\" \/>\n\t<meta name=\"twitter:label2\" content=\"Tiempo de lectura\" \/>\n\t<meta name=\"twitter:data2\" content=\"3 minutos\" \/>\n<script type=\"application\/ld+json\" class=\"yoast-schema-graph\">{\"@context\":\"https:\\\/\\\/schema.org\",\"@graph\":[{\"@type\":\"Article\",\"@id\":\"https:\\\/\\\/www.ppdelugo.com\\\/es\\\/o-pp-propon-incluir-nas-analises-da-edar-probas-que-certifiquen-que-os-vertidos-ao-mino-das-augas-tratadas-estan-libres-da-covid\\\/#article\",\"isPartOf\":{\"@id\":\"https:\\\/\\\/www.ppdelugo.com\\\/es\\\/o-pp-propon-incluir-nas-analises-da-edar-probas-que-certifiquen-que-os-vertidos-ao-mino-das-augas-tratadas-estan-libres-da-covid\\\/\"},\"author\":{\"name\":\"ppdelugo\",\"@id\":\"https:\\\/\\\/www.ppdelugo.com\\\/es\\\/#\\\/schema\\\/person\\\/4fa17dd371813e2c389a4417775cec48\"},\"headline\":\"El PP propone incluir en los an\u00e1lisis de la EDAR pruebas que certifiquen que los vertidos al Mi\u00f1o, de las aguas tratadas, est\u00e1n libres de la covid\",\"datePublished\":\"2020-05-10T11:19:23+00:00\",\"dateModified\":\"2020-05-10T11:20:25+00:00\",\"mainEntityOfPage\":{\"@id\":\"https:\\\/\\\/www.ppdelugo.com\\\/es\\\/o-pp-propon-incluir-nas-analises-da-edar-probas-que-certifiquen-que-os-vertidos-ao-mino-das-augas-tratadas-estan-libres-da-covid\\\/\"},\"wordCount\":563,\"commentCount\":0,\"image\":{\"@id\":\"https:\\\/\\\/www.ppdelugo.com\\\/es\\\/o-pp-propon-incluir-nas-analises-da-edar-probas-que-certifiquen-que-os-vertidos-ao-mino-das-augas-tratadas-estan-libres-da-covid\\\/#primaryimage\"},\"thumbnailUrl\":\"https:\\\/\\\/www.ppdelugo.com\\\/wp-content\\\/uploads\\\/2016\\\/01\\\/e2af4ed0b46c770652a80e8465629980_RS-07-EDAR-aerea-1156-577-c.jpg\",\"articleSection\":[\"Infraestructuras\",\"Medio Ambiente\",\"Seguridad\"],\"inLanguage\":\"es\",\"potentialAction\":[{\"@type\":\"CommentAction\",\"name\":\"Comment\",\"target\":[\"https:\\\/\\\/www.ppdelugo.com\\\/es\\\/o-pp-propon-incluir-nas-analises-da-edar-probas-que-certifiquen-que-os-vertidos-ao-mino-das-augas-tratadas-estan-libres-da-covid\\\/#respond\"]}]},{\"@type\":\"WebPage\",\"@id\":\"https:\\\/\\\/www.ppdelugo.com\\\/es\\\/o-pp-propon-incluir-nas-analises-da-edar-probas-que-certifiquen-que-os-vertidos-ao-mino-das-augas-tratadas-estan-libres-da-covid\\\/\",\"url\":\"https:\\\/\\\/www.ppdelugo.com\\\/es\\\/o-pp-propon-incluir-nas-analises-da-edar-probas-que-certifiquen-que-os-vertidos-ao-mino-das-augas-tratadas-estan-libres-da-covid\\\/\",\"name\":\"El PP propone incluir en los an\u00e1lisis de la EDAR pruebas que certifiquen que los vertidos al Mi\u00f1o, de las aguas tratadas, est\u00e1n libres de la covid - Grupo Municipal Partido Popular de Lugo\",\"isPartOf\":{\"@id\":\"https:\\\/\\\/www.ppdelugo.com\\\/es\\\/#website\"},\"primaryImageOfPage\":{\"@id\":\"https:\\\/\\\/www.ppdelugo.com\\\/es\\\/o-pp-propon-incluir-nas-analises-da-edar-probas-que-certifiquen-que-os-vertidos-ao-mino-das-augas-tratadas-estan-libres-da-covid\\\/#primaryimage\"},\"image\":{\"@id\":\"https:\\\/\\\/www.ppdelugo.com\\\/es\\\/o-pp-propon-incluir-nas-analises-da-edar-probas-que-certifiquen-que-os-vertidos-ao-mino-das-augas-tratadas-estan-libres-da-covid\\\/#primaryimage\"},\"thumbnailUrl\":\"https:\\\/\\\/www.ppdelugo.com\\\/wp-content\\\/uploads\\\/2016\\\/01\\\/e2af4ed0b46c770652a80e8465629980_RS-07-EDAR-aerea-1156-577-c.jpg\",\"datePublished\":\"2020-05-10T11:19:23+00:00\",\"dateModified\":\"2020-05-10T11:20:25+00:00\",\"author\":{\"@id\":\"https:\\\/\\\/www.ppdelugo.com\\\/es\\\/#\\\/schema\\\/person\\\/4fa17dd371813e2c389a4417775cec48\"},\"breadcrumb\":{\"@id\":\"https:\\\/\\\/www.ppdelugo.com\\\/es\\\/o-pp-propon-incluir-nas-analises-da-edar-probas-que-certifiquen-que-os-vertidos-ao-mino-das-augas-tratadas-estan-libres-da-covid\\\/#breadcrumb\"},\"inLanguage\":\"es\",\"potentialAction\":[{\"@type\":\"ReadAction\",\"target\":[\"https:\\\/\\\/www.ppdelugo.com\\\/es\\\/o-pp-propon-incluir-nas-analises-da-edar-probas-que-certifiquen-que-os-vertidos-ao-mino-das-augas-tratadas-estan-libres-da-covid\\\/\"]}]},{\"@type\":\"ImageObject\",\"inLanguage\":\"es\",\"@id\":\"https:\\\/\\\/www.ppdelugo.com\\\/es\\\/o-pp-propon-incluir-nas-analises-da-edar-probas-que-certifiquen-que-os-vertidos-ao-mino-das-augas-tratadas-estan-libres-da-covid\\\/#primaryimage\",\"url\":\"https:\\\/\\\/www.ppdelugo.com\\\/wp-content\\\/uploads\\\/2016\\\/01\\\/e2af4ed0b46c770652a80e8465629980_RS-07-EDAR-aerea-1156-577-c.jpg\",\"contentUrl\":\"https:\\\/\\\/www.ppdelugo.com\\\/wp-content\\\/uploads\\\/2016\\\/01\\\/e2af4ed0b46c770652a80e8465629980_RS-07-EDAR-aerea-1156-577-c.jpg\",\"width\":1156,\"height\":577},{\"@type\":\"BreadcrumbList\",\"@id\":\"https:\\\/\\\/www.ppdelugo.com\\\/es\\\/o-pp-propon-incluir-nas-analises-da-edar-probas-que-certifiquen-que-os-vertidos-ao-mino-das-augas-tratadas-estan-libres-da-covid\\\/#breadcrumb\",\"itemListElement\":[{\"@type\":\"ListItem\",\"position\":1,\"name\":\"Portada\",\"item\":\"https:\\\/\\\/www.ppdelugo.com\\\/es\\\/\"},{\"@type\":\"ListItem\",\"position\":2,\"name\":\"El PP propone incluir en los an\u00e1lisis de la EDAR pruebas que certifiquen que los vertidos al Mi\u00f1o, de las aguas tratadas, est\u00e1n libres de la covid\"}]},{\"@type\":\"WebSite\",\"@id\":\"https:\\\/\\\/www.ppdelugo.com\\\/es\\\/#website\",\"url\":\"https:\\\/\\\/www.ppdelugo.com\\\/es\\\/\",\"name\":\"Grupo Municipal Partido Popular de Lugo\",\"description\":\"Web del Grupo Municipal del Partido Popular en el Ayuntamiento de Lugo, con informaci\u00f3n sobre Lugo y fomento de la participaci\u00f3n ciudadana\",\"potentialAction\":[{\"@type\":\"SearchAction\",\"target\":{\"@type\":\"EntryPoint\",\"urlTemplate\":\"https:\\\/\\\/www.ppdelugo.com\\\/es\\\/?s={search_term_string}\"},\"query-input\":{\"@type\":\"PropertyValueSpecification\",\"valueRequired\":true,\"valueName\":\"search_term_string\"}}],\"inLanguage\":\"es\"},{\"@type\":\"Person\",\"@id\":\"https:\\\/\\\/www.ppdelugo.com\\\/es\\\/#\\\/schema\\\/person\\\/4fa17dd371813e2c389a4417775cec48\",\"name\":\"ppdelugo\",\"url\":\"https:\\\/\\\/www.ppdelugo.com\\\/es\\\/author\\\/admin-2\\\/\"}]}<\/script>\n<!-- \/ Yoast SEO plugin. -->","yoast_head_json":{"title":"El PP propone incluir en los an\u00e1lisis de la EDAR pruebas que certifiquen que los vertidos al Mi\u00f1o, de las aguas tratadas, est\u00e1n libres de la covid - Grupo Municipal Partido Popular de Lugo","robots":{"index":"index","follow":"follow","max-snippet":"max-snippet:-1","max-image-preview":"max-image-preview:large","max-video-preview":"max-video-preview:-1"},"canonical":"https:\/\/www.ppdelugo.com\/es\/o-pp-propon-incluir-nas-analises-da-edar-probas-que-certifiquen-que-os-vertidos-ao-mino-das-augas-tratadas-estan-libres-da-covid\/","og_locale":"es_ES","og_type":"article","og_title":"El PP propone incluir en los an\u00e1lisis de la EDAR pruebas que certifiquen que los vertidos al Mi\u00f1o, de las aguas tratadas, est\u00e1n libres de la covid - Grupo Municipal Partido Popular de Lugo","og_description":"El vicevoceiro popular afirma que, a la vista de que en estudios hechos en las EDAR de varias ciudades detectaron en la red de saneamiento restos del virus \u201cqueremos saber...","og_url":"https:\/\/www.ppdelugo.com\/es\/o-pp-propon-incluir-nas-analises-da-edar-probas-que-certifiquen-que-os-vertidos-ao-mino-das-augas-tratadas-estan-libres-da-covid\/","og_site_name":"Grupo Municipal Partido Popular de Lugo","article_published_time":"2020-05-10T11:19:23+00:00","article_modified_time":"2020-05-10T11:20:25+00:00","og_image":[{"width":1156,"height":577,"url":"https:\/\/www.ppdelugo.com\/wp-content\/uploads\/2016\/01\/e2af4ed0b46c770652a80e8465629980_RS-07-EDAR-aerea-1156-577-c.jpg","type":"image\/jpeg"}],"author":"ppdelugo","twitter_card":"summary_large_image","twitter_misc":{"Escrito por":"ppdelugo","Tiempo de lectura":"3 minutos"},"schema":{"@context":"https:\/\/schema.org","@graph":[{"@type":"Article","@id":"https:\/\/www.ppdelugo.com\/es\/o-pp-propon-incluir-nas-analises-da-edar-probas-que-certifiquen-que-os-vertidos-ao-mino-das-augas-tratadas-estan-libres-da-covid\/#article","isPartOf":{"@id":"https:\/\/www.ppdelugo.com\/es\/o-pp-propon-incluir-nas-analises-da-edar-probas-que-certifiquen-que-os-vertidos-ao-mino-das-augas-tratadas-estan-libres-da-covid\/"},"author":{"name":"ppdelugo","@id":"https:\/\/www.ppdelugo.com\/es\/#\/schema\/person\/4fa17dd371813e2c389a4417775cec48"},"headline":"El PP propone incluir en los an\u00e1lisis de la EDAR pruebas que certifiquen que los vertidos al Mi\u00f1o, de las aguas tratadas, est\u00e1n libres de la covid","datePublished":"2020-05-10T11:19:23+00:00","dateModified":"2020-05-10T11:20:25+00:00","mainEntityOfPage":{"@id":"https:\/\/www.ppdelugo.com\/es\/o-pp-propon-incluir-nas-analises-da-edar-probas-que-certifiquen-que-os-vertidos-ao-mino-das-augas-tratadas-estan-libres-da-covid\/"},"wordCount":563,"commentCount":0,"image":{"@id":"https:\/\/www.ppdelugo.com\/es\/o-pp-propon-incluir-nas-analises-da-edar-probas-que-certifiquen-que-os-vertidos-ao-mino-das-augas-tratadas-estan-libres-da-covid\/#primaryimage"},"thumbnailUrl":"https:\/\/www.ppdelugo.com\/wp-content\/uploads\/2016\/01\/e2af4ed0b46c770652a80e8465629980_RS-07-EDAR-aerea-1156-577-c.jpg","articleSection":["Infraestructuras","Medio Ambiente","Seguridad"],"inLanguage":"es","potentialAction":[{"@type":"CommentAction","name":"Comment","target":["https:\/\/www.ppdelugo.com\/es\/o-pp-propon-incluir-nas-analises-da-edar-probas-que-certifiquen-que-os-vertidos-ao-mino-das-augas-tratadas-estan-libres-da-covid\/#respond"]}]},{"@type":"WebPage","@id":"https:\/\/www.ppdelugo.com\/es\/o-pp-propon-incluir-nas-analises-da-edar-probas-que-certifiquen-que-os-vertidos-ao-mino-das-augas-tratadas-estan-libres-da-covid\/","url":"https:\/\/www.ppdelugo.com\/es\/o-pp-propon-incluir-nas-analises-da-edar-probas-que-certifiquen-que-os-vertidos-ao-mino-das-augas-tratadas-estan-libres-da-covid\/","name":"El PP propone incluir en los an\u00e1lisis de la EDAR pruebas que certifiquen que los vertidos al Mi\u00f1o, de las aguas tratadas, est\u00e1n libres de la covid - Grupo Municipal Partido Popular de Lugo","isPartOf":{"@id":"https:\/\/www.ppdelugo.com\/es\/#website"},"primaryImageOfPage":{"@id":"https:\/\/www.ppdelugo.com\/es\/o-pp-propon-incluir-nas-analises-da-edar-probas-que-certifiquen-que-os-vertidos-ao-mino-das-augas-tratadas-estan-libres-da-covid\/#primaryimage"},"image":{"@id":"https:\/\/www.ppdelugo.com\/es\/o-pp-propon-incluir-nas-analises-da-edar-probas-que-certifiquen-que-os-vertidos-ao-mino-das-augas-tratadas-estan-libres-da-covid\/#primaryimage"},"thumbnailUrl":"https:\/\/www.ppdelugo.com\/wp-content\/uploads\/2016\/01\/e2af4ed0b46c770652a80e8465629980_RS-07-EDAR-aerea-1156-577-c.jpg","datePublished":"2020-05-10T11:19:23+00:00","dateModified":"2020-05-10T11:20:25+00:00","author":{"@id":"https:\/\/www.ppdelugo.com\/es\/#\/schema\/person\/4fa17dd371813e2c389a4417775cec48"},"breadcrumb":{"@id":"https:\/\/www.ppdelugo.com\/es\/o-pp-propon-incluir-nas-analises-da-edar-probas-que-certifiquen-que-os-vertidos-ao-mino-das-augas-tratadas-estan-libres-da-covid\/#breadcrumb"},"inLanguage":"es","potentialAction":[{"@type":"ReadAction","target":["https:\/\/www.ppdelugo.com\/es\/o-pp-propon-incluir-nas-analises-da-edar-probas-que-certifiquen-que-os-vertidos-ao-mino-das-augas-tratadas-estan-libres-da-covid\/"]}]},{"@type":"ImageObject","inLanguage":"es","@id":"https:\/\/www.ppdelugo.com\/es\/o-pp-propon-incluir-nas-analises-da-edar-probas-que-certifiquen-que-os-vertidos-ao-mino-das-augas-tratadas-estan-libres-da-covid\/#primaryimage","url":"https:\/\/www.ppdelugo.com\/wp-content\/uploads\/2016\/01\/e2af4ed0b46c770652a80e8465629980_RS-07-EDAR-aerea-1156-577-c.jpg","contentUrl":"https:\/\/www.ppdelugo.com\/wp-content\/uploads\/2016\/01\/e2af4ed0b46c770652a80e8465629980_RS-07-EDAR-aerea-1156-577-c.jpg","width":1156,"height":577},{"@type":"BreadcrumbList","@id":"https:\/\/www.ppdelugo.com\/es\/o-pp-propon-incluir-nas-analises-da-edar-probas-que-certifiquen-que-os-vertidos-ao-mino-das-augas-tratadas-estan-libres-da-covid\/#breadcrumb","itemListElement":[{"@type":"ListItem","position":1,"name":"Portada","item":"https:\/\/www.ppdelugo.com\/es\/"},{"@type":"ListItem","position":2,"name":"El PP propone incluir en los an\u00e1lisis de la EDAR pruebas que certifiquen que los vertidos al Mi\u00f1o, de las aguas tratadas, est\u00e1n libres de la covid"}]},{"@type":"WebSite","@id":"https:\/\/www.ppdelugo.com\/es\/#website","url":"https:\/\/www.ppdelugo.com\/es\/","name":"Grupo Municipal Partido Popular de Lugo","description":"Web del Grupo Municipal del Partido Popular en el Ayuntamiento de Lugo, con informaci\u00f3n sobre Lugo y fomento de la participaci\u00f3n ciudadana","potentialAction":[{"@type":"SearchAction","target":{"@type":"EntryPoint","urlTemplate":"https:\/\/www.ppdelugo.com\/es\/?s={search_term_string}"},"query-input":{"@type":"PropertyValueSpecification","valueRequired":true,"valueName":"search_term_string"}}],"inLanguage":"es"},{"@type":"Person","@id":"https:\/\/www.ppdelugo.com\/es\/#\/schema\/person\/4fa17dd371813e2c389a4417775cec48","name":"ppdelugo","url":"https:\/\/www.ppdelugo.com\/es\/author\/admin-2\/"}]}},"_links":{"self":[{"href":"https:\/\/www.ppdelugo.com\/es\/wp-json\/wp\/v2\/posts\/12281","targetHints":{"allow":["GET"]}}],"collection":[{"href":"https:\/\/www.ppdelugo.com\/es\/wp-json\/wp\/v2\/posts"}],"about":[{"href":"https:\/\/www.ppdelugo.com\/es\/wp-json\/wp\/v2\/types\/post"}],"author":[{"embeddable":true,"href":"https:\/\/www.ppdelugo.com\/es\/wp-json\/wp\/v2\/users\/8"}],"replies":[{"embeddable":true,"href":"https:\/\/www.ppdelugo.com\/es\/wp-json\/wp\/v2\/comments?post=12281"}],"version-history":[{"count":0,"href":"https:\/\/www.ppdelugo.com\/es\/wp-json\/wp\/v2\/posts\/12281\/revisions"}],"wp:featuredmedia":[{"embeddable":true,"href":"https:\/\/www.ppdelugo.com\/es\/wp-json\/wp\/v2\/media\/12282"}],"wp:attachment":[{"href":"https:\/\/www.ppdelugo.com\/es\/wp-json\/wp\/v2\/media?parent=12281"}],"wp:term":[{"taxonomy":"category","embeddable":true,"href":"https:\/\/www.ppdelugo.com\/es\/wp-json\/wp\/v2\/categories?post=12281"},{"taxonomy":"post_tag","embeddable":true,"href":"https:\/\/www.ppdelugo.com\/es\/wp-json\/wp\/v2\/tags?post=12281"}],"curies":[{"name":"wp","href":"https:\/\/api.w.org\/{rel}","templated":true}]}}