{"id":12150,"date":"2020-04-07T07:06:16","date_gmt":"2020-04-07T07:06:16","guid":{"rendered":"http:\/\/www.ppdelugo.com\/o-pp-explica-que-se-o-bigoberno-realizase-a-renovacion-periodica-dos-colectores-do-lixo-non-terian-que-pedir-que-se-deixasen-as-tapas-abertas\/"},"modified":"2020-04-22T07:09:17","modified_gmt":"2020-04-22T07:09:17","slug":"o-pp-explica-que-se-o-bigoberno-realizase-a-renovacion-periodica-dos-colectores-do-lixo-non-terian-que-pedir-que-se-deixasen-as-tapas-abertas","status":"publish","type":"post","link":"https:\/\/www.ppdelugo.com\/es\/o-pp-explica-que-se-o-bigoberno-realizase-a-renovacion-periodica-dos-colectores-do-lixo-non-terian-que-pedir-que-se-deixasen-as-tapas-abertas\/","title":{"rendered":"El PP explica que se el bigoberno realizara la renovaci\u00f3n peri\u00f3dica de los colectores de la basura no tendr\u00edan que pedir que se dejaran las tapas abiertas"},"content":{"rendered":"<p>Los concejales del Grupo Municipal del Partido Popular lamentan \u201cla petici\u00f3n a la desesperada\u201d realizada por \u00c1lvaro Santos para que los lucenses dejen las tapas de los colectores abiertas para que no haya que tocarlas, una medida que deriva de una falta total de mantenimiento de los colectores en los \u00faltimos a\u00f1os<\/p>\n<p><!--more--><\/p>\n<p>Os concelleiros do Grupo Municipal do Partido Popular no Concello de Lugo lamentan o extremo ao que tivo que chegar o goberno local, pedindo aos lucenses que deixen abertas as tapas dos colectores de lixo para as\u00ed evitar ter que tocar as mesmas e reducir o risco de contaxio do Covid-19, unha medida \u00e1 que se tivo que chegar \u201cdebido \u00e1 falta total de mantemento\u201d do sistema de recollida do lixo nos \u00faltimos anos.<\/p>\n<p>Para os populares esta \u201cpetici\u00f3n desesperada\u201d realizada polo concelleiro de Medio Ambiente, \u00c1lvaro Santos, \u00e9 o resultado de que nos \u00faltimos anos non se realizou ning\u00fan tipo de mantemento nos colectores de lixo da cidade, xa que do contrario \u201cnon ser\u00eda preciso xa que se ter\u00edan renovado todos os colectores e os pedais dos mesmos funcionar\u00edan correctamente\u201d, polo que non ser\u00eda preciso tocar as tapas.<\/p>\n<p>Desde o Grupo Municipal Popular recordan o desgoberno que hai no Concello de Lugo, primeiro con goberno socialistas e agora cun bigoberno, que seguen a manter o contrato da recollida do lixo nunha situaci\u00f3n de ilegalidade xa que caducou hai m\u00e1is de tres anos, o 31 de marzo de 2017. \u201cDesde ent\u00f3n non fixeron nada por renovar o contrato do lixo, o que os levou a medidas tan desesperadas coma esta, que ademais pode provocar molestias aos veci\u00f1os polos malos cheiros que poden sa\u00edr dos colectores\u201d, sinalan os populares.<\/p>\n","protected":false},"excerpt":{"rendered":"<p>Los concejales del Grupo Municipal del Partido Popular lamentan \u201cla petici\u00f3n a la desesperada\u201d realizada por \u00c1lvaro Santos para que los lucenses dejen las tapas de los colectores abiertas para&#8230;<\/p>\n","protected":false},"author":8,"featured_media":11580,"comment_status":"open","ping_status":"closed","sticky":false,"template":"","format":"standard","meta":{"footnotes":""},"categories":[98,36,96,39],"tags":[],"class_list":{"0":"post-12150","1":"post","2":"type-post","3":"status-publish","4":"format-standard","5":"has-post-thumbnail","7":"category-limpeza-es","8":"category-seguridad","9":"category-servizos-xerais-es","10":"category-transparencia-es"},"yoast_head":"<!-- This site is optimized with the Yoast SEO plugin v27.4 - https:\/\/yoast.com\/product\/yoast-seo-wordpress\/ -->\n<title>El PP explica que se el bigoberno realizara la renovaci\u00f3n peri\u00f3dica de los colectores de la basura no tendr\u00edan que pedir que se dejaran las tapas abiertas - Grupo Municipal Partido Popular de Lugo<\/title>\n<meta name=\"robots\" content=\"index, follow, max-snippet:-1, max-image-preview:large, max-video-preview:-1\" \/>\n<link rel=\"canonical\" href=\"https:\/\/www.ppdelugo.com\/es\/o-pp-explica-que-se-o-bigoberno-realizase-a-renovacion-periodica-dos-colectores-do-lixo-non-terian-que-pedir-que-se-deixasen-as-tapas-abertas\/\" \/>\n<meta property=\"og:locale\" content=\"es_ES\" \/>\n<meta property=\"og:type\" content=\"article\" \/>\n<meta property=\"og:title\" content=\"El PP explica que se el bigoberno realizara la renovaci\u00f3n peri\u00f3dica de los colectores de la basura no tendr\u00edan que pedir que se dejaran las tapas abiertas - Grupo Municipal Partido Popular de Lugo\" \/>\n<meta property=\"og:description\" content=\"Los concejales del Grupo Municipal del Partido Popular lamentan \u201cla petici\u00f3n a la desesperada\u201d realizada por \u00c1lvaro Santos para que los lucenses dejen las tapas de los colectores abiertas para...\" \/>\n<meta property=\"og:url\" content=\"https:\/\/www.ppdelugo.com\/es\/o-pp-explica-que-se-o-bigoberno-realizase-a-renovacion-periodica-dos-colectores-do-lixo-non-terian-que-pedir-que-se-deixasen-as-tapas-abertas\/\" \/>\n<meta property=\"og:site_name\" content=\"Grupo Municipal Partido Popular de Lugo\" \/>\n<meta property=\"article:published_time\" content=\"2020-04-07T07:06:16+00:00\" \/>\n<meta property=\"article:modified_time\" content=\"2020-04-22T07:09:17+00:00\" \/>\n<meta property=\"og:image\" content=\"https:\/\/www.ppdelugo.com\/wp-content\/uploads\/2020\/01\/PHOTO-2019-12-17-09-18-23-2.jpg\" \/>\n\t<meta property=\"og:image:width\" content=\"2048\" \/>\n\t<meta property=\"og:image:height\" content=\"1536\" \/>\n\t<meta property=\"og:image:type\" content=\"image\/jpeg\" \/>\n<meta name=\"author\" content=\"ppdelugo\" \/>\n<meta name=\"twitter:card\" content=\"summary_large_image\" \/>\n<meta name=\"twitter:label1\" content=\"Escrito por\" \/>\n\t<meta name=\"twitter:data1\" content=\"ppdelugo\" \/>\n\t<meta name=\"twitter:label2\" content=\"Tiempo de lectura\" \/>\n\t<meta name=\"twitter:data2\" content=\"1 minuto\" \/>\n<script type=\"application\/ld+json\" class=\"yoast-schema-graph\">{\"@context\":\"https:\\\/\\\/schema.org\",\"@graph\":[{\"@type\":\"Article\",\"@id\":\"https:\\\/\\\/www.ppdelugo.com\\\/es\\\/o-pp-explica-que-se-o-bigoberno-realizase-a-renovacion-periodica-dos-colectores-do-lixo-non-terian-que-pedir-que-se-deixasen-as-tapas-abertas\\\/#article\",\"isPartOf\":{\"@id\":\"https:\\\/\\\/www.ppdelugo.com\\\/es\\\/o-pp-explica-que-se-o-bigoberno-realizase-a-renovacion-periodica-dos-colectores-do-lixo-non-terian-que-pedir-que-se-deixasen-as-tapas-abertas\\\/\"},\"author\":{\"name\":\"ppdelugo\",\"@id\":\"https:\\\/\\\/www.ppdelugo.com\\\/es\\\/#\\\/schema\\\/person\\\/4fa17dd371813e2c389a4417775cec48\"},\"headline\":\"El PP explica que se el bigoberno realizara la renovaci\u00f3n peri\u00f3dica de los colectores de la basura no tendr\u00edan que pedir que se dejaran las tapas abiertas\",\"datePublished\":\"2020-04-07T07:06:16+00:00\",\"dateModified\":\"2020-04-22T07:09:17+00:00\",\"mainEntityOfPage\":{\"@id\":\"https:\\\/\\\/www.ppdelugo.com\\\/es\\\/o-pp-explica-que-se-o-bigoberno-realizase-a-renovacion-periodica-dos-colectores-do-lixo-non-terian-que-pedir-que-se-deixasen-as-tapas-abertas\\\/\"},\"wordCount\":318,\"commentCount\":0,\"image\":{\"@id\":\"https:\\\/\\\/www.ppdelugo.com\\\/es\\\/o-pp-explica-que-se-o-bigoberno-realizase-a-renovacion-periodica-dos-colectores-do-lixo-non-terian-que-pedir-que-se-deixasen-as-tapas-abertas\\\/#primaryimage\"},\"thumbnailUrl\":\"https:\\\/\\\/www.ppdelugo.com\\\/wp-content\\\/uploads\\\/2020\\\/01\\\/PHOTO-2019-12-17-09-18-23-2.jpg\",\"articleSection\":[\"Limpeza\",\"Seguridad\",\"Servizos xerais\",\"transparencia\"],\"inLanguage\":\"es\",\"potentialAction\":[{\"@type\":\"CommentAction\",\"name\":\"Comment\",\"target\":[\"https:\\\/\\\/www.ppdelugo.com\\\/es\\\/o-pp-explica-que-se-o-bigoberno-realizase-a-renovacion-periodica-dos-colectores-do-lixo-non-terian-que-pedir-que-se-deixasen-as-tapas-abertas\\\/#respond\"]}]},{\"@type\":\"WebPage\",\"@id\":\"https:\\\/\\\/www.ppdelugo.com\\\/es\\\/o-pp-explica-que-se-o-bigoberno-realizase-a-renovacion-periodica-dos-colectores-do-lixo-non-terian-que-pedir-que-se-deixasen-as-tapas-abertas\\\/\",\"url\":\"https:\\\/\\\/www.ppdelugo.com\\\/es\\\/o-pp-explica-que-se-o-bigoberno-realizase-a-renovacion-periodica-dos-colectores-do-lixo-non-terian-que-pedir-que-se-deixasen-as-tapas-abertas\\\/\",\"name\":\"El PP explica que se el bigoberno realizara la renovaci\u00f3n peri\u00f3dica de los colectores de la basura no tendr\u00edan que pedir que se dejaran las tapas abiertas - Grupo Municipal Partido Popular de Lugo\",\"isPartOf\":{\"@id\":\"https:\\\/\\\/www.ppdelugo.com\\\/es\\\/#website\"},\"primaryImageOfPage\":{\"@id\":\"https:\\\/\\\/www.ppdelugo.com\\\/es\\\/o-pp-explica-que-se-o-bigoberno-realizase-a-renovacion-periodica-dos-colectores-do-lixo-non-terian-que-pedir-que-se-deixasen-as-tapas-abertas\\\/#primaryimage\"},\"image\":{\"@id\":\"https:\\\/\\\/www.ppdelugo.com\\\/es\\\/o-pp-explica-que-se-o-bigoberno-realizase-a-renovacion-periodica-dos-colectores-do-lixo-non-terian-que-pedir-que-se-deixasen-as-tapas-abertas\\\/#primaryimage\"},\"thumbnailUrl\":\"https:\\\/\\\/www.ppdelugo.com\\\/wp-content\\\/uploads\\\/2020\\\/01\\\/PHOTO-2019-12-17-09-18-23-2.jpg\",\"datePublished\":\"2020-04-07T07:06:16+00:00\",\"dateModified\":\"2020-04-22T07:09:17+00:00\",\"author\":{\"@id\":\"https:\\\/\\\/www.ppdelugo.com\\\/es\\\/#\\\/schema\\\/person\\\/4fa17dd371813e2c389a4417775cec48\"},\"breadcrumb\":{\"@id\":\"https:\\\/\\\/www.ppdelugo.com\\\/es\\\/o-pp-explica-que-se-o-bigoberno-realizase-a-renovacion-periodica-dos-colectores-do-lixo-non-terian-que-pedir-que-se-deixasen-as-tapas-abertas\\\/#breadcrumb\"},\"inLanguage\":\"es\",\"potentialAction\":[{\"@type\":\"ReadAction\",\"target\":[\"https:\\\/\\\/www.ppdelugo.com\\\/es\\\/o-pp-explica-que-se-o-bigoberno-realizase-a-renovacion-periodica-dos-colectores-do-lixo-non-terian-que-pedir-que-se-deixasen-as-tapas-abertas\\\/\"]}]},{\"@type\":\"ImageObject\",\"inLanguage\":\"es\",\"@id\":\"https:\\\/\\\/www.ppdelugo.com\\\/es\\\/o-pp-explica-que-se-o-bigoberno-realizase-a-renovacion-periodica-dos-colectores-do-lixo-non-terian-que-pedir-que-se-deixasen-as-tapas-abertas\\\/#primaryimage\",\"url\":\"https:\\\/\\\/www.ppdelugo.com\\\/wp-content\\\/uploads\\\/2020\\\/01\\\/PHOTO-2019-12-17-09-18-23-2.jpg\",\"contentUrl\":\"https:\\\/\\\/www.ppdelugo.com\\\/wp-content\\\/uploads\\\/2020\\\/01\\\/PHOTO-2019-12-17-09-18-23-2.jpg\",\"width\":2048,\"height\":1536},{\"@type\":\"BreadcrumbList\",\"@id\":\"https:\\\/\\\/www.ppdelugo.com\\\/es\\\/o-pp-explica-que-se-o-bigoberno-realizase-a-renovacion-periodica-dos-colectores-do-lixo-non-terian-que-pedir-que-se-deixasen-as-tapas-abertas\\\/#breadcrumb\",\"itemListElement\":[{\"@type\":\"ListItem\",\"position\":1,\"name\":\"Portada\",\"item\":\"https:\\\/\\\/www.ppdelugo.com\\\/es\\\/\"},{\"@type\":\"ListItem\",\"position\":2,\"name\":\"El PP explica que se el bigoberno realizara la renovaci\u00f3n peri\u00f3dica de los colectores de la basura no tendr\u00edan que pedir que se dejaran las tapas abiertas\"}]},{\"@type\":\"WebSite\",\"@id\":\"https:\\\/\\\/www.ppdelugo.com\\\/es\\\/#website\",\"url\":\"https:\\\/\\\/www.ppdelugo.com\\\/es\\\/\",\"name\":\"Grupo Municipal Partido Popular de Lugo\",\"description\":\"Web del Grupo Municipal del Partido Popular en el Ayuntamiento de Lugo, con informaci\u00f3n sobre Lugo y fomento de la participaci\u00f3n ciudadana\",\"potentialAction\":[{\"@type\":\"SearchAction\",\"target\":{\"@type\":\"EntryPoint\",\"urlTemplate\":\"https:\\\/\\\/www.ppdelugo.com\\\/es\\\/?s={search_term_string}\"},\"query-input\":{\"@type\":\"PropertyValueSpecification\",\"valueRequired\":true,\"valueName\":\"search_term_string\"}}],\"inLanguage\":\"es\"},{\"@type\":\"Person\",\"@id\":\"https:\\\/\\\/www.ppdelugo.com\\\/es\\\/#\\\/schema\\\/person\\\/4fa17dd371813e2c389a4417775cec48\",\"name\":\"ppdelugo\",\"url\":\"https:\\\/\\\/www.ppdelugo.com\\\/es\\\/author\\\/admin-2\\\/\"}]}<\/script>\n<!-- \/ Yoast SEO plugin. -->","yoast_head_json":{"title":"El PP explica que se el bigoberno realizara la renovaci\u00f3n peri\u00f3dica de los colectores de la basura no tendr\u00edan que pedir que se dejaran las tapas abiertas - Grupo Municipal Partido Popular de Lugo","robots":{"index":"index","follow":"follow","max-snippet":"max-snippet:-1","max-image-preview":"max-image-preview:large","max-video-preview":"max-video-preview:-1"},"canonical":"https:\/\/www.ppdelugo.com\/es\/o-pp-explica-que-se-o-bigoberno-realizase-a-renovacion-periodica-dos-colectores-do-lixo-non-terian-que-pedir-que-se-deixasen-as-tapas-abertas\/","og_locale":"es_ES","og_type":"article","og_title":"El PP explica que se el bigoberno realizara la renovaci\u00f3n peri\u00f3dica de los colectores de la basura no tendr\u00edan que pedir que se dejaran las tapas abiertas - Grupo Municipal Partido Popular de Lugo","og_description":"Los concejales del Grupo Municipal del Partido Popular lamentan \u201cla petici\u00f3n a la desesperada\u201d realizada por \u00c1lvaro Santos para que los lucenses dejen las tapas de los colectores abiertas para...","og_url":"https:\/\/www.ppdelugo.com\/es\/o-pp-explica-que-se-o-bigoberno-realizase-a-renovacion-periodica-dos-colectores-do-lixo-non-terian-que-pedir-que-se-deixasen-as-tapas-abertas\/","og_site_name":"Grupo Municipal Partido Popular de Lugo","article_published_time":"2020-04-07T07:06:16+00:00","article_modified_time":"2020-04-22T07:09:17+00:00","og_image":[{"width":2048,"height":1536,"url":"https:\/\/www.ppdelugo.com\/wp-content\/uploads\/2020\/01\/PHOTO-2019-12-17-09-18-23-2.jpg","type":"image\/jpeg"}],"author":"ppdelugo","twitter_card":"summary_large_image","twitter_misc":{"Escrito por":"ppdelugo","Tiempo de lectura":"1 minuto"},"schema":{"@context":"https:\/\/schema.org","@graph":[{"@type":"Article","@id":"https:\/\/www.ppdelugo.com\/es\/o-pp-explica-que-se-o-bigoberno-realizase-a-renovacion-periodica-dos-colectores-do-lixo-non-terian-que-pedir-que-se-deixasen-as-tapas-abertas\/#article","isPartOf":{"@id":"https:\/\/www.ppdelugo.com\/es\/o-pp-explica-que-se-o-bigoberno-realizase-a-renovacion-periodica-dos-colectores-do-lixo-non-terian-que-pedir-que-se-deixasen-as-tapas-abertas\/"},"author":{"name":"ppdelugo","@id":"https:\/\/www.ppdelugo.com\/es\/#\/schema\/person\/4fa17dd371813e2c389a4417775cec48"},"headline":"El PP explica que se el bigoberno realizara la renovaci\u00f3n peri\u00f3dica de los colectores de la basura no tendr\u00edan que pedir que se dejaran las tapas abiertas","datePublished":"2020-04-07T07:06:16+00:00","dateModified":"2020-04-22T07:09:17+00:00","mainEntityOfPage":{"@id":"https:\/\/www.ppdelugo.com\/es\/o-pp-explica-que-se-o-bigoberno-realizase-a-renovacion-periodica-dos-colectores-do-lixo-non-terian-que-pedir-que-se-deixasen-as-tapas-abertas\/"},"wordCount":318,"commentCount":0,"image":{"@id":"https:\/\/www.ppdelugo.com\/es\/o-pp-explica-que-se-o-bigoberno-realizase-a-renovacion-periodica-dos-colectores-do-lixo-non-terian-que-pedir-que-se-deixasen-as-tapas-abertas\/#primaryimage"},"thumbnailUrl":"https:\/\/www.ppdelugo.com\/wp-content\/uploads\/2020\/01\/PHOTO-2019-12-17-09-18-23-2.jpg","articleSection":["Limpeza","Seguridad","Servizos xerais","transparencia"],"inLanguage":"es","potentialAction":[{"@type":"CommentAction","name":"Comment","target":["https:\/\/www.ppdelugo.com\/es\/o-pp-explica-que-se-o-bigoberno-realizase-a-renovacion-periodica-dos-colectores-do-lixo-non-terian-que-pedir-que-se-deixasen-as-tapas-abertas\/#respond"]}]},{"@type":"WebPage","@id":"https:\/\/www.ppdelugo.com\/es\/o-pp-explica-que-se-o-bigoberno-realizase-a-renovacion-periodica-dos-colectores-do-lixo-non-terian-que-pedir-que-se-deixasen-as-tapas-abertas\/","url":"https:\/\/www.ppdelugo.com\/es\/o-pp-explica-que-se-o-bigoberno-realizase-a-renovacion-periodica-dos-colectores-do-lixo-non-terian-que-pedir-que-se-deixasen-as-tapas-abertas\/","name":"El PP explica que se el bigoberno realizara la renovaci\u00f3n peri\u00f3dica de los colectores de la basura no tendr\u00edan que pedir que se dejaran las tapas abiertas - Grupo Municipal Partido Popular de Lugo","isPartOf":{"@id":"https:\/\/www.ppdelugo.com\/es\/#website"},"primaryImageOfPage":{"@id":"https:\/\/www.ppdelugo.com\/es\/o-pp-explica-que-se-o-bigoberno-realizase-a-renovacion-periodica-dos-colectores-do-lixo-non-terian-que-pedir-que-se-deixasen-as-tapas-abertas\/#primaryimage"},"image":{"@id":"https:\/\/www.ppdelugo.com\/es\/o-pp-explica-que-se-o-bigoberno-realizase-a-renovacion-periodica-dos-colectores-do-lixo-non-terian-que-pedir-que-se-deixasen-as-tapas-abertas\/#primaryimage"},"thumbnailUrl":"https:\/\/www.ppdelugo.com\/wp-content\/uploads\/2020\/01\/PHOTO-2019-12-17-09-18-23-2.jpg","datePublished":"2020-04-07T07:06:16+00:00","dateModified":"2020-04-22T07:09:17+00:00","author":{"@id":"https:\/\/www.ppdelugo.com\/es\/#\/schema\/person\/4fa17dd371813e2c389a4417775cec48"},"breadcrumb":{"@id":"https:\/\/www.ppdelugo.com\/es\/o-pp-explica-que-se-o-bigoberno-realizase-a-renovacion-periodica-dos-colectores-do-lixo-non-terian-que-pedir-que-se-deixasen-as-tapas-abertas\/#breadcrumb"},"inLanguage":"es","potentialAction":[{"@type":"ReadAction","target":["https:\/\/www.ppdelugo.com\/es\/o-pp-explica-que-se-o-bigoberno-realizase-a-renovacion-periodica-dos-colectores-do-lixo-non-terian-que-pedir-que-se-deixasen-as-tapas-abertas\/"]}]},{"@type":"ImageObject","inLanguage":"es","@id":"https:\/\/www.ppdelugo.com\/es\/o-pp-explica-que-se-o-bigoberno-realizase-a-renovacion-periodica-dos-colectores-do-lixo-non-terian-que-pedir-que-se-deixasen-as-tapas-abertas\/#primaryimage","url":"https:\/\/www.ppdelugo.com\/wp-content\/uploads\/2020\/01\/PHOTO-2019-12-17-09-18-23-2.jpg","contentUrl":"https:\/\/www.ppdelugo.com\/wp-content\/uploads\/2020\/01\/PHOTO-2019-12-17-09-18-23-2.jpg","width":2048,"height":1536},{"@type":"BreadcrumbList","@id":"https:\/\/www.ppdelugo.com\/es\/o-pp-explica-que-se-o-bigoberno-realizase-a-renovacion-periodica-dos-colectores-do-lixo-non-terian-que-pedir-que-se-deixasen-as-tapas-abertas\/#breadcrumb","itemListElement":[{"@type":"ListItem","position":1,"name":"Portada","item":"https:\/\/www.ppdelugo.com\/es\/"},{"@type":"ListItem","position":2,"name":"El PP explica que se el bigoberno realizara la renovaci\u00f3n peri\u00f3dica de los colectores de la basura no tendr\u00edan que pedir que se dejaran las tapas abiertas"}]},{"@type":"WebSite","@id":"https:\/\/www.ppdelugo.com\/es\/#website","url":"https:\/\/www.ppdelugo.com\/es\/","name":"Grupo Municipal Partido Popular de Lugo","description":"Web del Grupo Municipal del Partido Popular en el Ayuntamiento de Lugo, con informaci\u00f3n sobre Lugo y fomento de la participaci\u00f3n ciudadana","potentialAction":[{"@type":"SearchAction","target":{"@type":"EntryPoint","urlTemplate":"https:\/\/www.ppdelugo.com\/es\/?s={search_term_string}"},"query-input":{"@type":"PropertyValueSpecification","valueRequired":true,"valueName":"search_term_string"}}],"inLanguage":"es"},{"@type":"Person","@id":"https:\/\/www.ppdelugo.com\/es\/#\/schema\/person\/4fa17dd371813e2c389a4417775cec48","name":"ppdelugo","url":"https:\/\/www.ppdelugo.com\/es\/author\/admin-2\/"}]}},"_links":{"self":[{"href":"https:\/\/www.ppdelugo.com\/es\/wp-json\/wp\/v2\/posts\/12150","targetHints":{"allow":["GET"]}}],"collection":[{"href":"https:\/\/www.ppdelugo.com\/es\/wp-json\/wp\/v2\/posts"}],"about":[{"href":"https:\/\/www.ppdelugo.com\/es\/wp-json\/wp\/v2\/types\/post"}],"author":[{"embeddable":true,"href":"https:\/\/www.ppdelugo.com\/es\/wp-json\/wp\/v2\/users\/8"}],"replies":[{"embeddable":true,"href":"https:\/\/www.ppdelugo.com\/es\/wp-json\/wp\/v2\/comments?post=12150"}],"version-history":[{"count":0,"href":"https:\/\/www.ppdelugo.com\/es\/wp-json\/wp\/v2\/posts\/12150\/revisions"}],"wp:featuredmedia":[{"embeddable":true,"href":"https:\/\/www.ppdelugo.com\/es\/wp-json\/wp\/v2\/media\/11580"}],"wp:attachment":[{"href":"https:\/\/www.ppdelugo.com\/es\/wp-json\/wp\/v2\/media?parent=12150"}],"wp:term":[{"taxonomy":"category","embeddable":true,"href":"https:\/\/www.ppdelugo.com\/es\/wp-json\/wp\/v2\/categories?post=12150"},{"taxonomy":"post_tag","embeddable":true,"href":"https:\/\/www.ppdelugo.com\/es\/wp-json\/wp\/v2\/tags?post=12150"}],"curies":[{"name":"wp","href":"https:\/\/api.w.org\/{rel}","templated":true}]}}