{"id":12110,"date":"2020-04-14T08:29:37","date_gmt":"2020-04-14T08:29:37","guid":{"rendered":"http:\/\/www.ppdelugo.com\/o-pp-afea-a-lara-mendez-ter-11-dias-metido-en-caixas-o-material-enviado-pola-xunta-e-lle-esixe-que-aclare-que-pensa-facer-co-que-dicia-que-non-lle-valia\/"},"modified":"2020-04-14T08:30:43","modified_gmt":"2020-04-14T08:30:43","slug":"o-pp-afea-a-lara-mendez-ter-11-dias-metido-en-caixas-o-material-enviado-pola-xunta-e-lle-esixe-que-aclare-que-pensa-facer-co-que-dicia-que-non-lle-valia","status":"publish","type":"post","link":"https:\/\/www.ppdelugo.com\/es\/o-pp-afea-a-lara-mendez-ter-11-dias-metido-en-caixas-o-material-enviado-pola-xunta-e-lle-esixe-que-aclare-que-pensa-facer-co-que-dicia-que-non-lle-valia\/","title":{"rendered":"El PP afea a Lara M\u00e9ndez tener 11 d\u00edas metido en cajas el material enviado por la Xunta y le exige que aclare que piensa hacer con el que dec\u00eda que no le val\u00eda"},"content":{"rendered":"<p>El concejal del Grupo Municipal del PP Antonio Ameijide pide a Lara M\u00e9ndez que deje a un lado su cruzada personal contra la Xunta de Galicia y se ponga a trabajar para que todos los trabajadores municipales y los lucenses tengan su disposici\u00f3n los elementos de protecci\u00f3n necesarios para garantizar su seguridad, algo que, por las informaciones que manejan los populares no se hizo hasta ayer<\/p>\n<p><!--more--><\/p>\n<p>O concelleiro do Grupo Municipal do Partido Popular no Concello de Lugo, Antonio Ameijide,criticou a actitude de Lara M\u00e9ndez, que pola informaci\u00f3n que nos chegou, nos \u00faltimos 11 d\u00edas \u201cbloqueou sen ning\u00fan motivo\u201d o reparto do material de protecci\u00f3n que a Xunta de Galicia enviou ao Concello de Lugo para que empregasen os traballadores municipais.<\/p>\n<p>Antonio Ameijide explica que o goberno de Alberto N\u00fa\u00f1ez Feij\u00f3o realizou dous env\u00edos con EPIS ao Concello de Lugo, nos que hab\u00eda un total de 21.000 luvas, 10.845 mascarillas e 173 traxes de protecci\u00f3n e \u201cpola informaci\u00f3n que temos\u201d ata onte, luns 13 de abril, non se iniciou o reparto deste material entre os traballadores municipais, a pesar de estar en dependencias municipais dende o 2 abril. \u201c\u00c9 unha verdadeira l\u00e1stima que\u00a0 Lara M\u00e9ndez tivera todo ese material desaproveitado durante tantos d\u00edas cando hai persoal do Concello de Lugo que o precisa, un material que incluso se puido po\u00f1er a disposici\u00f3n da veci\u00f1anza de Lugo e dos colectivos m\u00e1is vulnerables\u201d, sinalou.<\/p>\n<p>Unha actitude, a da alcaldesa de Lugo, \u201cque busca a confrontaci\u00f3n constante co\u00a0 goberno galego\u201d o que contrasta coa actitude colaborativa do goberno de N\u00fa\u00f1ez Feij\u00f3o xa que \u201cestamos seguros de que se a alcaldesa solicita m\u00e1is material \u00e1 Xunta de Galicia se enviar\u00e1 m\u00e1is material de protecci\u00f3n ao Concello de Lugo\u201d.<\/p>\n<p>Para o concelleiro popular, Lara M\u00e9ndez actuou dun xeito \u201cirresponsable e ego\u00edsta\u201d xa que unicamente pensou na s\u00faa loita persoal contra a Xunta, en lugar de po\u00f1erse na pel dos traballadores municipais e lucenses que precisaban ese material de protecci\u00f3n e non o puideron empregar. Neste senso, Ameijide recorda que hai d\u00edas que o delegado da Xunta en Lugo, Jos\u00e9 Manuel Balseiro, enviou unha carta \u00e1 alcaldesa para explicarlle que se ela segu\u00eda pensando que o material enviado polo goberno galego ao Concello de Lugo non era da s\u00faa conformidade, pese a que o material cumpre coa lexislaci\u00f3n vixente e o Ministerio de Sanidade ratificou o seu uso, poder\u00eda ser cambiado por outro, algo \u201cao que a alcaldesa a\u00ednda non respondeu\u201d a pesar de que non o puxo a disposici\u00f3n de ning\u00fan funcionario municipal. \u201c\u00c9 curioso como a alcaldesa non come nin deixa comer, xa que despois de queixarse de ese material e de que a Xunta lle deu unha soluci\u00f3n, non confirmou se finalmente o quer\u00eda ou non, a pesar de que hab\u00eda varios alcaldes de concellos da provincia interesados nese material se ela finalmente o rexeitaba. \u00c9 dicir, a actuaci\u00f3n da alcaldesa afecta directamente aos lucenses e aos veci\u00f1os doutros concellos da provincia\u201d, explicou. Non protexe aos lucenses nin deixa que outros protexan aos seus veci\u00f1os co material que ela non quere.<\/p>\n<p>Antonio Ameijide recorda que desde o Grupo Municipal Popular xa se convidou a Lara M\u00e9ndez a mercar material de protecci\u00f3n (traxes antisalpicaduras, mascarillas e luvas) para repartir entre a cidadan\u00eda, algo que xa fixeron outros concellos da provincia, con moitos menos recursos que o concello lucense, como poden O Incio, Outeiro de Rei, Sober, Friol ou Mondo\u00f1edo.<\/p>\n","protected":false},"excerpt":{"rendered":"<p>El concejal del Grupo Municipal del PP Antonio Ameijide pide a Lara M\u00e9ndez que deje a un lado su cruzada personal contra la Xunta de Galicia y se ponga a&#8230;<\/p>\n","protected":false},"author":8,"featured_media":10663,"comment_status":"open","ping_status":"closed","sticky":false,"template":"","format":"standard","meta":{"footnotes":""},"categories":[35,36,96,39],"tags":[],"class_list":{"0":"post-12110","1":"post","2":"type-post","3":"status-publish","4":"format-standard","5":"has-post-thumbnail","7":"category-personal","8":"category-seguridad","9":"category-servizos-xerais-es","10":"category-transparencia-es"},"yoast_head":"<!-- This site is optimized with the Yoast SEO plugin v27.5 - https:\/\/yoast.com\/product\/yoast-seo-wordpress\/ -->\n<title>El PP afea a Lara M\u00e9ndez tener 11 d\u00edas metido en cajas el material enviado por la Xunta y le exige que aclare que piensa hacer con el que dec\u00eda que no le val\u00eda - Grupo Municipal Partido Popular de Lugo<\/title>\n<meta name=\"robots\" content=\"index, follow, max-snippet:-1, max-image-preview:large, max-video-preview:-1\" \/>\n<link rel=\"canonical\" href=\"https:\/\/www.ppdelugo.com\/es\/o-pp-afea-a-lara-mendez-ter-11-dias-metido-en-caixas-o-material-enviado-pola-xunta-e-lle-esixe-que-aclare-que-pensa-facer-co-que-dicia-que-non-lle-valia\/\" \/>\n<meta property=\"og:locale\" content=\"es_ES\" \/>\n<meta property=\"og:type\" content=\"article\" \/>\n<meta property=\"og:title\" content=\"El PP afea a Lara M\u00e9ndez tener 11 d\u00edas metido en cajas el material enviado por la Xunta y le exige que aclare que piensa hacer con el que dec\u00eda que no le val\u00eda - Grupo Municipal Partido Popular de Lugo\" \/>\n<meta property=\"og:description\" content=\"El concejal del Grupo Municipal del PP Antonio Ameijide pide a Lara M\u00e9ndez que deje a un lado su cruzada personal contra la Xunta de Galicia y se ponga a...\" \/>\n<meta property=\"og:url\" content=\"https:\/\/www.ppdelugo.com\/es\/o-pp-afea-a-lara-mendez-ter-11-dias-metido-en-caixas-o-material-enviado-pola-xunta-e-lle-esixe-que-aclare-que-pensa-facer-co-que-dicia-que-non-lle-valia\/\" \/>\n<meta property=\"og:site_name\" content=\"Grupo Municipal Partido Popular de Lugo\" \/>\n<meta property=\"article:published_time\" content=\"2020-04-14T08:29:37+00:00\" \/>\n<meta property=\"article:modified_time\" content=\"2020-04-14T08:30:43+00:00\" \/>\n<meta property=\"og:image\" content=\"https:\/\/www.ppdelugo.com\/wp-content\/uploads\/2016\/02\/Fachada-Principal-Concello-GMPP-e1456486393492.jpg\" \/>\n\t<meta property=\"og:image:width\" content=\"1648\" \/>\n\t<meta property=\"og:image:height\" content=\"1236\" \/>\n\t<meta property=\"og:image:type\" content=\"image\/jpeg\" \/>\n<meta name=\"author\" content=\"ppdelugo\" \/>\n<meta name=\"twitter:card\" content=\"summary_large_image\" \/>\n<meta name=\"twitter:label1\" content=\"Escrito por\" \/>\n\t<meta name=\"twitter:data1\" content=\"ppdelugo\" \/>\n\t<meta name=\"twitter:label2\" content=\"Tiempo de lectura\" \/>\n\t<meta name=\"twitter:data2\" content=\"3 minutos\" \/>\n<script type=\"application\/ld+json\" class=\"yoast-schema-graph\">{\"@context\":\"https:\\\/\\\/schema.org\",\"@graph\":[{\"@type\":\"Article\",\"@id\":\"https:\\\/\\\/www.ppdelugo.com\\\/es\\\/o-pp-afea-a-lara-mendez-ter-11-dias-metido-en-caixas-o-material-enviado-pola-xunta-e-lle-esixe-que-aclare-que-pensa-facer-co-que-dicia-que-non-lle-valia\\\/#article\",\"isPartOf\":{\"@id\":\"https:\\\/\\\/www.ppdelugo.com\\\/es\\\/o-pp-afea-a-lara-mendez-ter-11-dias-metido-en-caixas-o-material-enviado-pola-xunta-e-lle-esixe-que-aclare-que-pensa-facer-co-que-dicia-que-non-lle-valia\\\/\"},\"author\":{\"name\":\"ppdelugo\",\"@id\":\"https:\\\/\\\/www.ppdelugo.com\\\/es\\\/#\\\/schema\\\/person\\\/4fa17dd371813e2c389a4417775cec48\"},\"headline\":\"El PP afea a Lara M\u00e9ndez tener 11 d\u00edas metido en cajas el material enviado por la Xunta y le exige que aclare que piensa hacer con el que dec\u00eda que no le val\u00eda\",\"datePublished\":\"2020-04-14T08:29:37+00:00\",\"dateModified\":\"2020-04-14T08:30:43+00:00\",\"mainEntityOfPage\":{\"@id\":\"https:\\\/\\\/www.ppdelugo.com\\\/es\\\/o-pp-afea-a-lara-mendez-ter-11-dias-metido-en-caixas-o-material-enviado-pola-xunta-e-lle-esixe-que-aclare-que-pensa-facer-co-que-dicia-que-non-lle-valia\\\/\"},\"wordCount\":642,\"commentCount\":0,\"image\":{\"@id\":\"https:\\\/\\\/www.ppdelugo.com\\\/es\\\/o-pp-afea-a-lara-mendez-ter-11-dias-metido-en-caixas-o-material-enviado-pola-xunta-e-lle-esixe-que-aclare-que-pensa-facer-co-que-dicia-que-non-lle-valia\\\/#primaryimage\"},\"thumbnailUrl\":\"https:\\\/\\\/www.ppdelugo.com\\\/wp-content\\\/uploads\\\/2016\\\/02\\\/Fachada-Principal-Concello-GMPP-e1456486393492.jpg\",\"articleSection\":[\"Personal\",\"Seguridad\",\"Servizos xerais\",\"transparencia\"],\"inLanguage\":\"es\",\"potentialAction\":[{\"@type\":\"CommentAction\",\"name\":\"Comment\",\"target\":[\"https:\\\/\\\/www.ppdelugo.com\\\/es\\\/o-pp-afea-a-lara-mendez-ter-11-dias-metido-en-caixas-o-material-enviado-pola-xunta-e-lle-esixe-que-aclare-que-pensa-facer-co-que-dicia-que-non-lle-valia\\\/#respond\"]}]},{\"@type\":\"WebPage\",\"@id\":\"https:\\\/\\\/www.ppdelugo.com\\\/es\\\/o-pp-afea-a-lara-mendez-ter-11-dias-metido-en-caixas-o-material-enviado-pola-xunta-e-lle-esixe-que-aclare-que-pensa-facer-co-que-dicia-que-non-lle-valia\\\/\",\"url\":\"https:\\\/\\\/www.ppdelugo.com\\\/es\\\/o-pp-afea-a-lara-mendez-ter-11-dias-metido-en-caixas-o-material-enviado-pola-xunta-e-lle-esixe-que-aclare-que-pensa-facer-co-que-dicia-que-non-lle-valia\\\/\",\"name\":\"El PP afea a Lara M\u00e9ndez tener 11 d\u00edas metido en cajas el material enviado por la Xunta y le exige que aclare que piensa hacer con el que dec\u00eda que no le val\u00eda - Grupo Municipal Partido Popular de Lugo\",\"isPartOf\":{\"@id\":\"https:\\\/\\\/www.ppdelugo.com\\\/es\\\/#website\"},\"primaryImageOfPage\":{\"@id\":\"https:\\\/\\\/www.ppdelugo.com\\\/es\\\/o-pp-afea-a-lara-mendez-ter-11-dias-metido-en-caixas-o-material-enviado-pola-xunta-e-lle-esixe-que-aclare-que-pensa-facer-co-que-dicia-que-non-lle-valia\\\/#primaryimage\"},\"image\":{\"@id\":\"https:\\\/\\\/www.ppdelugo.com\\\/es\\\/o-pp-afea-a-lara-mendez-ter-11-dias-metido-en-caixas-o-material-enviado-pola-xunta-e-lle-esixe-que-aclare-que-pensa-facer-co-que-dicia-que-non-lle-valia\\\/#primaryimage\"},\"thumbnailUrl\":\"https:\\\/\\\/www.ppdelugo.com\\\/wp-content\\\/uploads\\\/2016\\\/02\\\/Fachada-Principal-Concello-GMPP-e1456486393492.jpg\",\"datePublished\":\"2020-04-14T08:29:37+00:00\",\"dateModified\":\"2020-04-14T08:30:43+00:00\",\"author\":{\"@id\":\"https:\\\/\\\/www.ppdelugo.com\\\/es\\\/#\\\/schema\\\/person\\\/4fa17dd371813e2c389a4417775cec48\"},\"breadcrumb\":{\"@id\":\"https:\\\/\\\/www.ppdelugo.com\\\/es\\\/o-pp-afea-a-lara-mendez-ter-11-dias-metido-en-caixas-o-material-enviado-pola-xunta-e-lle-esixe-que-aclare-que-pensa-facer-co-que-dicia-que-non-lle-valia\\\/#breadcrumb\"},\"inLanguage\":\"es\",\"potentialAction\":[{\"@type\":\"ReadAction\",\"target\":[\"https:\\\/\\\/www.ppdelugo.com\\\/es\\\/o-pp-afea-a-lara-mendez-ter-11-dias-metido-en-caixas-o-material-enviado-pola-xunta-e-lle-esixe-que-aclare-que-pensa-facer-co-que-dicia-que-non-lle-valia\\\/\"]}]},{\"@type\":\"ImageObject\",\"inLanguage\":\"es\",\"@id\":\"https:\\\/\\\/www.ppdelugo.com\\\/es\\\/o-pp-afea-a-lara-mendez-ter-11-dias-metido-en-caixas-o-material-enviado-pola-xunta-e-lle-esixe-que-aclare-que-pensa-facer-co-que-dicia-que-non-lle-valia\\\/#primaryimage\",\"url\":\"https:\\\/\\\/www.ppdelugo.com\\\/wp-content\\\/uploads\\\/2016\\\/02\\\/Fachada-Principal-Concello-GMPP-e1456486393492.jpg\",\"contentUrl\":\"https:\\\/\\\/www.ppdelugo.com\\\/wp-content\\\/uploads\\\/2016\\\/02\\\/Fachada-Principal-Concello-GMPP-e1456486393492.jpg\",\"width\":1648,\"height\":1236,\"caption\":\"PPLugo, PPdeLugo, Noticias Lugo, Noticias de Lugo, Novas Lugo, Novas de Lugo, Concello de Lugo, Ayuntamiento de Lugo, Ciudad de Lugo, Cidade de Lugo\"},{\"@type\":\"BreadcrumbList\",\"@id\":\"https:\\\/\\\/www.ppdelugo.com\\\/es\\\/o-pp-afea-a-lara-mendez-ter-11-dias-metido-en-caixas-o-material-enviado-pola-xunta-e-lle-esixe-que-aclare-que-pensa-facer-co-que-dicia-que-non-lle-valia\\\/#breadcrumb\",\"itemListElement\":[{\"@type\":\"ListItem\",\"position\":1,\"name\":\"Portada\",\"item\":\"https:\\\/\\\/www.ppdelugo.com\\\/es\\\/\"},{\"@type\":\"ListItem\",\"position\":2,\"name\":\"El PP afea a Lara M\u00e9ndez tener 11 d\u00edas metido en cajas el material enviado por la Xunta y le exige que aclare que piensa hacer con el que dec\u00eda que no le val\u00eda\"}]},{\"@type\":\"WebSite\",\"@id\":\"https:\\\/\\\/www.ppdelugo.com\\\/es\\\/#website\",\"url\":\"https:\\\/\\\/www.ppdelugo.com\\\/es\\\/\",\"name\":\"Grupo Municipal Partido Popular de Lugo\",\"description\":\"Web del Grupo Municipal del Partido Popular en el Ayuntamiento de Lugo, con informaci\u00f3n sobre Lugo y fomento de la participaci\u00f3n ciudadana\",\"potentialAction\":[{\"@type\":\"SearchAction\",\"target\":{\"@type\":\"EntryPoint\",\"urlTemplate\":\"https:\\\/\\\/www.ppdelugo.com\\\/es\\\/?s={search_term_string}\"},\"query-input\":{\"@type\":\"PropertyValueSpecification\",\"valueRequired\":true,\"valueName\":\"search_term_string\"}}],\"inLanguage\":\"es\"},{\"@type\":\"Person\",\"@id\":\"https:\\\/\\\/www.ppdelugo.com\\\/es\\\/#\\\/schema\\\/person\\\/4fa17dd371813e2c389a4417775cec48\",\"name\":\"ppdelugo\",\"url\":\"https:\\\/\\\/www.ppdelugo.com\\\/es\\\/author\\\/admin-2\\\/\"}]}<\/script>\n<!-- \/ Yoast SEO plugin. -->","yoast_head_json":{"title":"El PP afea a Lara M\u00e9ndez tener 11 d\u00edas metido en cajas el material enviado por la Xunta y le exige que aclare que piensa hacer con el que dec\u00eda que no le val\u00eda - Grupo Municipal Partido Popular de Lugo","robots":{"index":"index","follow":"follow","max-snippet":"max-snippet:-1","max-image-preview":"max-image-preview:large","max-video-preview":"max-video-preview:-1"},"canonical":"https:\/\/www.ppdelugo.com\/es\/o-pp-afea-a-lara-mendez-ter-11-dias-metido-en-caixas-o-material-enviado-pola-xunta-e-lle-esixe-que-aclare-que-pensa-facer-co-que-dicia-que-non-lle-valia\/","og_locale":"es_ES","og_type":"article","og_title":"El PP afea a Lara M\u00e9ndez tener 11 d\u00edas metido en cajas el material enviado por la Xunta y le exige que aclare que piensa hacer con el que dec\u00eda que no le val\u00eda - Grupo Municipal Partido Popular de Lugo","og_description":"El concejal del Grupo Municipal del PP Antonio Ameijide pide a Lara M\u00e9ndez que deje a un lado su cruzada personal contra la Xunta de Galicia y se ponga a...","og_url":"https:\/\/www.ppdelugo.com\/es\/o-pp-afea-a-lara-mendez-ter-11-dias-metido-en-caixas-o-material-enviado-pola-xunta-e-lle-esixe-que-aclare-que-pensa-facer-co-que-dicia-que-non-lle-valia\/","og_site_name":"Grupo Municipal Partido Popular de Lugo","article_published_time":"2020-04-14T08:29:37+00:00","article_modified_time":"2020-04-14T08:30:43+00:00","og_image":[{"width":1648,"height":1236,"url":"https:\/\/www.ppdelugo.com\/wp-content\/uploads\/2016\/02\/Fachada-Principal-Concello-GMPP-e1456486393492.jpg","type":"image\/jpeg"}],"author":"ppdelugo","twitter_card":"summary_large_image","twitter_misc":{"Escrito por":"ppdelugo","Tiempo de lectura":"3 minutos"},"schema":{"@context":"https:\/\/schema.org","@graph":[{"@type":"Article","@id":"https:\/\/www.ppdelugo.com\/es\/o-pp-afea-a-lara-mendez-ter-11-dias-metido-en-caixas-o-material-enviado-pola-xunta-e-lle-esixe-que-aclare-que-pensa-facer-co-que-dicia-que-non-lle-valia\/#article","isPartOf":{"@id":"https:\/\/www.ppdelugo.com\/es\/o-pp-afea-a-lara-mendez-ter-11-dias-metido-en-caixas-o-material-enviado-pola-xunta-e-lle-esixe-que-aclare-que-pensa-facer-co-que-dicia-que-non-lle-valia\/"},"author":{"name":"ppdelugo","@id":"https:\/\/www.ppdelugo.com\/es\/#\/schema\/person\/4fa17dd371813e2c389a4417775cec48"},"headline":"El PP afea a Lara M\u00e9ndez tener 11 d\u00edas metido en cajas el material enviado por la Xunta y le exige que aclare que piensa hacer con el que dec\u00eda que no le val\u00eda","datePublished":"2020-04-14T08:29:37+00:00","dateModified":"2020-04-14T08:30:43+00:00","mainEntityOfPage":{"@id":"https:\/\/www.ppdelugo.com\/es\/o-pp-afea-a-lara-mendez-ter-11-dias-metido-en-caixas-o-material-enviado-pola-xunta-e-lle-esixe-que-aclare-que-pensa-facer-co-que-dicia-que-non-lle-valia\/"},"wordCount":642,"commentCount":0,"image":{"@id":"https:\/\/www.ppdelugo.com\/es\/o-pp-afea-a-lara-mendez-ter-11-dias-metido-en-caixas-o-material-enviado-pola-xunta-e-lle-esixe-que-aclare-que-pensa-facer-co-que-dicia-que-non-lle-valia\/#primaryimage"},"thumbnailUrl":"https:\/\/www.ppdelugo.com\/wp-content\/uploads\/2016\/02\/Fachada-Principal-Concello-GMPP-e1456486393492.jpg","articleSection":["Personal","Seguridad","Servizos xerais","transparencia"],"inLanguage":"es","potentialAction":[{"@type":"CommentAction","name":"Comment","target":["https:\/\/www.ppdelugo.com\/es\/o-pp-afea-a-lara-mendez-ter-11-dias-metido-en-caixas-o-material-enviado-pola-xunta-e-lle-esixe-que-aclare-que-pensa-facer-co-que-dicia-que-non-lle-valia\/#respond"]}]},{"@type":"WebPage","@id":"https:\/\/www.ppdelugo.com\/es\/o-pp-afea-a-lara-mendez-ter-11-dias-metido-en-caixas-o-material-enviado-pola-xunta-e-lle-esixe-que-aclare-que-pensa-facer-co-que-dicia-que-non-lle-valia\/","url":"https:\/\/www.ppdelugo.com\/es\/o-pp-afea-a-lara-mendez-ter-11-dias-metido-en-caixas-o-material-enviado-pola-xunta-e-lle-esixe-que-aclare-que-pensa-facer-co-que-dicia-que-non-lle-valia\/","name":"El PP afea a Lara M\u00e9ndez tener 11 d\u00edas metido en cajas el material enviado por la Xunta y le exige que aclare que piensa hacer con el que dec\u00eda que no le val\u00eda - Grupo Municipal Partido Popular de Lugo","isPartOf":{"@id":"https:\/\/www.ppdelugo.com\/es\/#website"},"primaryImageOfPage":{"@id":"https:\/\/www.ppdelugo.com\/es\/o-pp-afea-a-lara-mendez-ter-11-dias-metido-en-caixas-o-material-enviado-pola-xunta-e-lle-esixe-que-aclare-que-pensa-facer-co-que-dicia-que-non-lle-valia\/#primaryimage"},"image":{"@id":"https:\/\/www.ppdelugo.com\/es\/o-pp-afea-a-lara-mendez-ter-11-dias-metido-en-caixas-o-material-enviado-pola-xunta-e-lle-esixe-que-aclare-que-pensa-facer-co-que-dicia-que-non-lle-valia\/#primaryimage"},"thumbnailUrl":"https:\/\/www.ppdelugo.com\/wp-content\/uploads\/2016\/02\/Fachada-Principal-Concello-GMPP-e1456486393492.jpg","datePublished":"2020-04-14T08:29:37+00:00","dateModified":"2020-04-14T08:30:43+00:00","author":{"@id":"https:\/\/www.ppdelugo.com\/es\/#\/schema\/person\/4fa17dd371813e2c389a4417775cec48"},"breadcrumb":{"@id":"https:\/\/www.ppdelugo.com\/es\/o-pp-afea-a-lara-mendez-ter-11-dias-metido-en-caixas-o-material-enviado-pola-xunta-e-lle-esixe-que-aclare-que-pensa-facer-co-que-dicia-que-non-lle-valia\/#breadcrumb"},"inLanguage":"es","potentialAction":[{"@type":"ReadAction","target":["https:\/\/www.ppdelugo.com\/es\/o-pp-afea-a-lara-mendez-ter-11-dias-metido-en-caixas-o-material-enviado-pola-xunta-e-lle-esixe-que-aclare-que-pensa-facer-co-que-dicia-que-non-lle-valia\/"]}]},{"@type":"ImageObject","inLanguage":"es","@id":"https:\/\/www.ppdelugo.com\/es\/o-pp-afea-a-lara-mendez-ter-11-dias-metido-en-caixas-o-material-enviado-pola-xunta-e-lle-esixe-que-aclare-que-pensa-facer-co-que-dicia-que-non-lle-valia\/#primaryimage","url":"https:\/\/www.ppdelugo.com\/wp-content\/uploads\/2016\/02\/Fachada-Principal-Concello-GMPP-e1456486393492.jpg","contentUrl":"https:\/\/www.ppdelugo.com\/wp-content\/uploads\/2016\/02\/Fachada-Principal-Concello-GMPP-e1456486393492.jpg","width":1648,"height":1236,"caption":"PPLugo, PPdeLugo, Noticias Lugo, Noticias de Lugo, Novas Lugo, Novas de Lugo, Concello de Lugo, Ayuntamiento de Lugo, Ciudad de Lugo, Cidade de Lugo"},{"@type":"BreadcrumbList","@id":"https:\/\/www.ppdelugo.com\/es\/o-pp-afea-a-lara-mendez-ter-11-dias-metido-en-caixas-o-material-enviado-pola-xunta-e-lle-esixe-que-aclare-que-pensa-facer-co-que-dicia-que-non-lle-valia\/#breadcrumb","itemListElement":[{"@type":"ListItem","position":1,"name":"Portada","item":"https:\/\/www.ppdelugo.com\/es\/"},{"@type":"ListItem","position":2,"name":"El PP afea a Lara M\u00e9ndez tener 11 d\u00edas metido en cajas el material enviado por la Xunta y le exige que aclare que piensa hacer con el que dec\u00eda que no le val\u00eda"}]},{"@type":"WebSite","@id":"https:\/\/www.ppdelugo.com\/es\/#website","url":"https:\/\/www.ppdelugo.com\/es\/","name":"Grupo Municipal Partido Popular de Lugo","description":"Web del Grupo Municipal del Partido Popular en el Ayuntamiento de Lugo, con informaci\u00f3n sobre Lugo y fomento de la participaci\u00f3n ciudadana","potentialAction":[{"@type":"SearchAction","target":{"@type":"EntryPoint","urlTemplate":"https:\/\/www.ppdelugo.com\/es\/?s={search_term_string}"},"query-input":{"@type":"PropertyValueSpecification","valueRequired":true,"valueName":"search_term_string"}}],"inLanguage":"es"},{"@type":"Person","@id":"https:\/\/www.ppdelugo.com\/es\/#\/schema\/person\/4fa17dd371813e2c389a4417775cec48","name":"ppdelugo","url":"https:\/\/www.ppdelugo.com\/es\/author\/admin-2\/"}]}},"_links":{"self":[{"href":"https:\/\/www.ppdelugo.com\/es\/wp-json\/wp\/v2\/posts\/12110","targetHints":{"allow":["GET"]}}],"collection":[{"href":"https:\/\/www.ppdelugo.com\/es\/wp-json\/wp\/v2\/posts"}],"about":[{"href":"https:\/\/www.ppdelugo.com\/es\/wp-json\/wp\/v2\/types\/post"}],"author":[{"embeddable":true,"href":"https:\/\/www.ppdelugo.com\/es\/wp-json\/wp\/v2\/users\/8"}],"replies":[{"embeddable":true,"href":"https:\/\/www.ppdelugo.com\/es\/wp-json\/wp\/v2\/comments?post=12110"}],"version-history":[{"count":0,"href":"https:\/\/www.ppdelugo.com\/es\/wp-json\/wp\/v2\/posts\/12110\/revisions"}],"wp:featuredmedia":[{"embeddable":true,"href":"https:\/\/www.ppdelugo.com\/es\/wp-json\/wp\/v2\/media\/10663"}],"wp:attachment":[{"href":"https:\/\/www.ppdelugo.com\/es\/wp-json\/wp\/v2\/media?parent=12110"}],"wp:term":[{"taxonomy":"category","embeddable":true,"href":"https:\/\/www.ppdelugo.com\/es\/wp-json\/wp\/v2\/categories?post=12110"},{"taxonomy":"post_tag","embeddable":true,"href":"https:\/\/www.ppdelugo.com\/es\/wp-json\/wp\/v2\/tags?post=12110"}],"curies":[{"name":"wp","href":"https:\/\/api.w.org\/{rel}","templated":true}]}}