{"id":11961,"date":"2020-03-05T16:41:42","date_gmt":"2020-03-05T16:41:42","guid":{"rendered":"http:\/\/www.ppdelugo.com\/o-pp-denuncia-que-o-bng-utiliza-o-servizo-de-cultura-para-contratar-a-dedo-empresas-de-ex-concelleiros-nacionalistas\/"},"modified":"2020-03-05T16:42:25","modified_gmt":"2020-03-05T16:42:25","slug":"o-pp-denuncia-que-o-bng-utiliza-o-servizo-de-cultura-para-contratar-a-dedo-empresas-de-ex-concelleiros-nacionalistas","status":"publish","type":"post","link":"https:\/\/www.ppdelugo.com\/es\/o-pp-denuncia-que-o-bng-utiliza-o-servizo-de-cultura-para-contratar-a-dedo-empresas-de-ex-concelleiros-nacionalistas\/","title":{"rendered":"El PP denuncia que el BNG utiliza el servicio de cultura para contratar a dedo empresas de ex concejales nacionalistas"},"content":{"rendered":"<p>Antonio Ameijide manifest\u00f3 que \u201cparece que los nacionalistas est\u00e1n tejiendo un chiringuito cultural para beneficiar a personas afines a su ideario pol\u00edtico\u201d desvelando que \u201cuna empresa cooperativa gallega multiplic\u00f3 por cinco, entre septiembre de 2019 y enero 2020, los contratos con el ayuntamiento de Lugo\u201d <!--more--><\/p>\n<p>O PP denuncia que semella que a xesti\u00f3n cultural en Lugo estase a converter nun chiringuito que o BNG utiliza para \u201cenchufar e financiar\u201d a af\u00edns ao partido. Este chiringuito cultural v\u00e9n avalado por un dato moi revelador \u201cen tan s\u00f3 cinco meses deste mandato do bipartito, dispar\u00e1ronse os pagos a unha Sociedade Cooperativa Galega cuxa responsable \u00e9 a que foi a n\u00famero 2 do BNG de Cerceda\u201d.<\/p>\n<p>O vicevoceiro popular Antonio Ameijide explica que \u201cdende xaneiro de 2019 a setembro de 2019 esta compa\u00f1\u00eda recibiu por diferentes traballos en Lugo 7.900 \u20ac, e que sorpresivamente tralo pacto do bipartito de Lugo esa mesma entidade, en tan s\u00f3 cinco meses, quintuplicou os seus beneficios pasando a ingresar 36.273 \u20ac\u201d.<\/p>\n<p>As facturas de Urdime S. Cooperativa Galega emit\u00edronse entre os meses de setembro de 2019 e xaneiro de 2020 e corresponden a un pase dun espect\u00e1culo de contacontos na biblioteca municipal (setembro\u00a0 -1.240\u20ac); a catro representaci\u00f3ns teatrais (outubro e novembro\u2013 6.223 \u20ac); e para actividades de Nadal como foron a coordinaci\u00f3n e direcci\u00f3n art\u00edstica da Cabalgata e o programa de Brinquedos de Nadal (28.810 \u20ac).<\/p>\n<p>Os populares afirman que estas facturas parecen indicar que os nacionalistas \u201ctentan montar un chiringuito privado con cartos p\u00fablicos para beneficiar a empresas, sociedades ou asociaci\u00f3ns con carn\u00e9 nacionalista\u00bb.<\/p>\n<p>Os populares denuncian que o PSOE de Lugo \u00e9 corresponsable desta situaci\u00f3n amparando este tipo de pr\u00e1cticas e, mesmo d\u00e1ndolle as instruci\u00f3ns axeitadas despois de 20 anos seguindo esta estratexia sectaria no Concello. Agardamos que M\u00e9ndez non se escude en que \u00a0\u201cnon son \u00e1reas da s\u00faa competencia\u201d.<\/p>\n<p>Para os populares \u00e9 \u201cinadmisible a forma de traballar dos nacionalistas\u201d asegurando que \u201cse rin dos lucenses xa que presumen de transparencia cando logo act\u00faan de forma sectaria ata nas contrataci\u00f3ns\u201d. Ameijide non librou aos socialistas deste caso de amiguismo xa que censurou que a alcaldesa \u201c\u00e9 c\u00f3mplice de toda esta cacicada\u201d.<\/p>\n<p>Por \u00faltimo, os populares solicitar\u00e1n o acceso a estes expedientes e a outros similares avanzando que \u201c\u00e9 necesario clarificar a que se adicaron os case 300.000 \u20ac que o BNG gastou de m\u00e1is no San Froil\u00e1n por se acabaron beneficiando a empresas do entorno dos nacionalistas\u201d.<\/p>\n","protected":false},"excerpt":{"rendered":"<p>Antonio Ameijide manifest\u00f3 que \u201cparece que los nacionalistas est\u00e1n tejiendo un chiringuito cultural para beneficiar a personas afines a su ideario pol\u00edtico\u201d desvelando que \u201cuna empresa cooperativa gallega multiplic\u00f3 por&#8230;<\/p>\n","protected":false},"author":8,"featured_media":8954,"comment_status":"open","ping_status":"closed","sticky":false,"template":"","format":"standard","meta":{"footnotes":""},"categories":[30,31,39],"tags":[],"class_list":{"0":"post-11961","1":"post","2":"type-post","3":"status-publish","4":"format-standard","5":"has-post-thumbnail","7":"category-cultura-es","8":"category-economia-es","9":"category-transparencia-es"},"yoast_head":"<!-- This site is optimized with the Yoast SEO plugin v27.4 - https:\/\/yoast.com\/product\/yoast-seo-wordpress\/ -->\n<title>El PP denuncia que el BNG utiliza el servicio de cultura para contratar a dedo empresas de ex concejales nacionalistas - Grupo Municipal Partido Popular de Lugo<\/title>\n<meta name=\"robots\" content=\"index, follow, max-snippet:-1, max-image-preview:large, max-video-preview:-1\" \/>\n<link rel=\"canonical\" href=\"https:\/\/www.ppdelugo.com\/es\/o-pp-denuncia-que-o-bng-utiliza-o-servizo-de-cultura-para-contratar-a-dedo-empresas-de-ex-concelleiros-nacionalistas\/\" \/>\n<meta property=\"og:locale\" content=\"es_ES\" \/>\n<meta property=\"og:type\" content=\"article\" \/>\n<meta property=\"og:title\" content=\"El PP denuncia que el BNG utiliza el servicio de cultura para contratar a dedo empresas de ex concejales nacionalistas - Grupo Municipal Partido Popular de Lugo\" \/>\n<meta property=\"og:description\" content=\"Antonio Ameijide manifest\u00f3 que \u201cparece que los nacionalistas est\u00e1n tejiendo un chiringuito cultural para beneficiar a personas afines a su ideario pol\u00edtico\u201d desvelando que \u201cuna empresa cooperativa gallega multiplic\u00f3 por...\" \/>\n<meta property=\"og:url\" content=\"https:\/\/www.ppdelugo.com\/es\/o-pp-denuncia-que-o-bng-utiliza-o-servizo-de-cultura-para-contratar-a-dedo-empresas-de-ex-concelleiros-nacionalistas\/\" \/>\n<meta property=\"og:site_name\" content=\"Grupo Municipal Partido Popular de Lugo\" \/>\n<meta property=\"article:published_time\" content=\"2020-03-05T16:41:42+00:00\" \/>\n<meta property=\"article:modified_time\" content=\"2020-03-05T16:42:25+00:00\" \/>\n<meta property=\"og:image\" content=\"https:\/\/www.ppdelugo.com\/wp-content\/uploads\/2016\/11\/Fachada-concello-1024x768.jpg\" \/>\n\t<meta property=\"og:image:width\" content=\"1024\" \/>\n\t<meta property=\"og:image:height\" content=\"768\" \/>\n\t<meta property=\"og:image:type\" content=\"image\/jpeg\" \/>\n<meta name=\"author\" content=\"ppdelugo\" \/>\n<meta name=\"twitter:card\" content=\"summary_large_image\" \/>\n<meta name=\"twitter:label1\" content=\"Escrito por\" \/>\n\t<meta name=\"twitter:data1\" content=\"ppdelugo\" \/>\n\t<meta name=\"twitter:label2\" content=\"Tiempo de lectura\" \/>\n\t<meta name=\"twitter:data2\" content=\"2 minutos\" \/>\n<script type=\"application\/ld+json\" class=\"yoast-schema-graph\">{\"@context\":\"https:\\\/\\\/schema.org\",\"@graph\":[{\"@type\":\"Article\",\"@id\":\"https:\\\/\\\/www.ppdelugo.com\\\/es\\\/o-pp-denuncia-que-o-bng-utiliza-o-servizo-de-cultura-para-contratar-a-dedo-empresas-de-ex-concelleiros-nacionalistas\\\/#article\",\"isPartOf\":{\"@id\":\"https:\\\/\\\/www.ppdelugo.com\\\/es\\\/o-pp-denuncia-que-o-bng-utiliza-o-servizo-de-cultura-para-contratar-a-dedo-empresas-de-ex-concelleiros-nacionalistas\\\/\"},\"author\":{\"name\":\"ppdelugo\",\"@id\":\"https:\\\/\\\/www.ppdelugo.com\\\/es\\\/#\\\/schema\\\/person\\\/4fa17dd371813e2c389a4417775cec48\"},\"headline\":\"El PP denuncia que el BNG utiliza el servicio de cultura para contratar a dedo empresas de ex concejales nacionalistas\",\"datePublished\":\"2020-03-05T16:41:42+00:00\",\"dateModified\":\"2020-03-05T16:42:25+00:00\",\"mainEntityOfPage\":{\"@id\":\"https:\\\/\\\/www.ppdelugo.com\\\/es\\\/o-pp-denuncia-que-o-bng-utiliza-o-servizo-de-cultura-para-contratar-a-dedo-empresas-de-ex-concelleiros-nacionalistas\\\/\"},\"wordCount\":428,\"commentCount\":0,\"image\":{\"@id\":\"https:\\\/\\\/www.ppdelugo.com\\\/es\\\/o-pp-denuncia-que-o-bng-utiliza-o-servizo-de-cultura-para-contratar-a-dedo-empresas-de-ex-concelleiros-nacionalistas\\\/#primaryimage\"},\"thumbnailUrl\":\"https:\\\/\\\/www.ppdelugo.com\\\/wp-content\\\/uploads\\\/2016\\\/11\\\/Fachada-concello.jpg\",\"articleSection\":[\"Cultura\",\"Econom\u00eda\",\"transparencia\"],\"inLanguage\":\"es\",\"potentialAction\":[{\"@type\":\"CommentAction\",\"name\":\"Comment\",\"target\":[\"https:\\\/\\\/www.ppdelugo.com\\\/es\\\/o-pp-denuncia-que-o-bng-utiliza-o-servizo-de-cultura-para-contratar-a-dedo-empresas-de-ex-concelleiros-nacionalistas\\\/#respond\"]}]},{\"@type\":\"WebPage\",\"@id\":\"https:\\\/\\\/www.ppdelugo.com\\\/es\\\/o-pp-denuncia-que-o-bng-utiliza-o-servizo-de-cultura-para-contratar-a-dedo-empresas-de-ex-concelleiros-nacionalistas\\\/\",\"url\":\"https:\\\/\\\/www.ppdelugo.com\\\/es\\\/o-pp-denuncia-que-o-bng-utiliza-o-servizo-de-cultura-para-contratar-a-dedo-empresas-de-ex-concelleiros-nacionalistas\\\/\",\"name\":\"El PP denuncia que el BNG utiliza el servicio de cultura para contratar a dedo empresas de ex concejales nacionalistas - Grupo Municipal Partido Popular de Lugo\",\"isPartOf\":{\"@id\":\"https:\\\/\\\/www.ppdelugo.com\\\/es\\\/#website\"},\"primaryImageOfPage\":{\"@id\":\"https:\\\/\\\/www.ppdelugo.com\\\/es\\\/o-pp-denuncia-que-o-bng-utiliza-o-servizo-de-cultura-para-contratar-a-dedo-empresas-de-ex-concelleiros-nacionalistas\\\/#primaryimage\"},\"image\":{\"@id\":\"https:\\\/\\\/www.ppdelugo.com\\\/es\\\/o-pp-denuncia-que-o-bng-utiliza-o-servizo-de-cultura-para-contratar-a-dedo-empresas-de-ex-concelleiros-nacionalistas\\\/#primaryimage\"},\"thumbnailUrl\":\"https:\\\/\\\/www.ppdelugo.com\\\/wp-content\\\/uploads\\\/2016\\\/11\\\/Fachada-concello.jpg\",\"datePublished\":\"2020-03-05T16:41:42+00:00\",\"dateModified\":\"2020-03-05T16:42:25+00:00\",\"author\":{\"@id\":\"https:\\\/\\\/www.ppdelugo.com\\\/es\\\/#\\\/schema\\\/person\\\/4fa17dd371813e2c389a4417775cec48\"},\"breadcrumb\":{\"@id\":\"https:\\\/\\\/www.ppdelugo.com\\\/es\\\/o-pp-denuncia-que-o-bng-utiliza-o-servizo-de-cultura-para-contratar-a-dedo-empresas-de-ex-concelleiros-nacionalistas\\\/#breadcrumb\"},\"inLanguage\":\"es\",\"potentialAction\":[{\"@type\":\"ReadAction\",\"target\":[\"https:\\\/\\\/www.ppdelugo.com\\\/es\\\/o-pp-denuncia-que-o-bng-utiliza-o-servizo-de-cultura-para-contratar-a-dedo-empresas-de-ex-concelleiros-nacionalistas\\\/\"]}]},{\"@type\":\"ImageObject\",\"inLanguage\":\"es\",\"@id\":\"https:\\\/\\\/www.ppdelugo.com\\\/es\\\/o-pp-denuncia-que-o-bng-utiliza-o-servizo-de-cultura-para-contratar-a-dedo-empresas-de-ex-concelleiros-nacionalistas\\\/#primaryimage\",\"url\":\"https:\\\/\\\/www.ppdelugo.com\\\/wp-content\\\/uploads\\\/2016\\\/11\\\/Fachada-concello.jpg\",\"contentUrl\":\"https:\\\/\\\/www.ppdelugo.com\\\/wp-content\\\/uploads\\\/2016\\\/11\\\/Fachada-concello.jpg\",\"width\":3648,\"height\":2736},{\"@type\":\"BreadcrumbList\",\"@id\":\"https:\\\/\\\/www.ppdelugo.com\\\/es\\\/o-pp-denuncia-que-o-bng-utiliza-o-servizo-de-cultura-para-contratar-a-dedo-empresas-de-ex-concelleiros-nacionalistas\\\/#breadcrumb\",\"itemListElement\":[{\"@type\":\"ListItem\",\"position\":1,\"name\":\"Portada\",\"item\":\"https:\\\/\\\/www.ppdelugo.com\\\/es\\\/\"},{\"@type\":\"ListItem\",\"position\":2,\"name\":\"El PP denuncia que el BNG utiliza el servicio de cultura para contratar a dedo empresas de ex concejales nacionalistas\"}]},{\"@type\":\"WebSite\",\"@id\":\"https:\\\/\\\/www.ppdelugo.com\\\/es\\\/#website\",\"url\":\"https:\\\/\\\/www.ppdelugo.com\\\/es\\\/\",\"name\":\"Grupo Municipal Partido Popular de Lugo\",\"description\":\"Web del Grupo Municipal del Partido Popular en el Ayuntamiento de Lugo, con informaci\u00f3n sobre Lugo y fomento de la participaci\u00f3n ciudadana\",\"potentialAction\":[{\"@type\":\"SearchAction\",\"target\":{\"@type\":\"EntryPoint\",\"urlTemplate\":\"https:\\\/\\\/www.ppdelugo.com\\\/es\\\/?s={search_term_string}\"},\"query-input\":{\"@type\":\"PropertyValueSpecification\",\"valueRequired\":true,\"valueName\":\"search_term_string\"}}],\"inLanguage\":\"es\"},{\"@type\":\"Person\",\"@id\":\"https:\\\/\\\/www.ppdelugo.com\\\/es\\\/#\\\/schema\\\/person\\\/4fa17dd371813e2c389a4417775cec48\",\"name\":\"ppdelugo\",\"url\":\"https:\\\/\\\/www.ppdelugo.com\\\/es\\\/author\\\/admin-2\\\/\"}]}<\/script>\n<!-- \/ Yoast SEO plugin. -->","yoast_head_json":{"title":"El PP denuncia que el BNG utiliza el servicio de cultura para contratar a dedo empresas de ex concejales nacionalistas - Grupo Municipal Partido Popular de Lugo","robots":{"index":"index","follow":"follow","max-snippet":"max-snippet:-1","max-image-preview":"max-image-preview:large","max-video-preview":"max-video-preview:-1"},"canonical":"https:\/\/www.ppdelugo.com\/es\/o-pp-denuncia-que-o-bng-utiliza-o-servizo-de-cultura-para-contratar-a-dedo-empresas-de-ex-concelleiros-nacionalistas\/","og_locale":"es_ES","og_type":"article","og_title":"El PP denuncia que el BNG utiliza el servicio de cultura para contratar a dedo empresas de ex concejales nacionalistas - Grupo Municipal Partido Popular de Lugo","og_description":"Antonio Ameijide manifest\u00f3 que \u201cparece que los nacionalistas est\u00e1n tejiendo un chiringuito cultural para beneficiar a personas afines a su ideario pol\u00edtico\u201d desvelando que \u201cuna empresa cooperativa gallega multiplic\u00f3 por...","og_url":"https:\/\/www.ppdelugo.com\/es\/o-pp-denuncia-que-o-bng-utiliza-o-servizo-de-cultura-para-contratar-a-dedo-empresas-de-ex-concelleiros-nacionalistas\/","og_site_name":"Grupo Municipal Partido Popular de Lugo","article_published_time":"2020-03-05T16:41:42+00:00","article_modified_time":"2020-03-05T16:42:25+00:00","og_image":[{"width":1024,"height":768,"url":"https:\/\/www.ppdelugo.com\/wp-content\/uploads\/2016\/11\/Fachada-concello-1024x768.jpg","type":"image\/jpeg"}],"author":"ppdelugo","twitter_card":"summary_large_image","twitter_misc":{"Escrito por":"ppdelugo","Tiempo de lectura":"2 minutos"},"schema":{"@context":"https:\/\/schema.org","@graph":[{"@type":"Article","@id":"https:\/\/www.ppdelugo.com\/es\/o-pp-denuncia-que-o-bng-utiliza-o-servizo-de-cultura-para-contratar-a-dedo-empresas-de-ex-concelleiros-nacionalistas\/#article","isPartOf":{"@id":"https:\/\/www.ppdelugo.com\/es\/o-pp-denuncia-que-o-bng-utiliza-o-servizo-de-cultura-para-contratar-a-dedo-empresas-de-ex-concelleiros-nacionalistas\/"},"author":{"name":"ppdelugo","@id":"https:\/\/www.ppdelugo.com\/es\/#\/schema\/person\/4fa17dd371813e2c389a4417775cec48"},"headline":"El PP denuncia que el BNG utiliza el servicio de cultura para contratar a dedo empresas de ex concejales nacionalistas","datePublished":"2020-03-05T16:41:42+00:00","dateModified":"2020-03-05T16:42:25+00:00","mainEntityOfPage":{"@id":"https:\/\/www.ppdelugo.com\/es\/o-pp-denuncia-que-o-bng-utiliza-o-servizo-de-cultura-para-contratar-a-dedo-empresas-de-ex-concelleiros-nacionalistas\/"},"wordCount":428,"commentCount":0,"image":{"@id":"https:\/\/www.ppdelugo.com\/es\/o-pp-denuncia-que-o-bng-utiliza-o-servizo-de-cultura-para-contratar-a-dedo-empresas-de-ex-concelleiros-nacionalistas\/#primaryimage"},"thumbnailUrl":"https:\/\/www.ppdelugo.com\/wp-content\/uploads\/2016\/11\/Fachada-concello.jpg","articleSection":["Cultura","Econom\u00eda","transparencia"],"inLanguage":"es","potentialAction":[{"@type":"CommentAction","name":"Comment","target":["https:\/\/www.ppdelugo.com\/es\/o-pp-denuncia-que-o-bng-utiliza-o-servizo-de-cultura-para-contratar-a-dedo-empresas-de-ex-concelleiros-nacionalistas\/#respond"]}]},{"@type":"WebPage","@id":"https:\/\/www.ppdelugo.com\/es\/o-pp-denuncia-que-o-bng-utiliza-o-servizo-de-cultura-para-contratar-a-dedo-empresas-de-ex-concelleiros-nacionalistas\/","url":"https:\/\/www.ppdelugo.com\/es\/o-pp-denuncia-que-o-bng-utiliza-o-servizo-de-cultura-para-contratar-a-dedo-empresas-de-ex-concelleiros-nacionalistas\/","name":"El PP denuncia que el BNG utiliza el servicio de cultura para contratar a dedo empresas de ex concejales nacionalistas - Grupo Municipal Partido Popular de Lugo","isPartOf":{"@id":"https:\/\/www.ppdelugo.com\/es\/#website"},"primaryImageOfPage":{"@id":"https:\/\/www.ppdelugo.com\/es\/o-pp-denuncia-que-o-bng-utiliza-o-servizo-de-cultura-para-contratar-a-dedo-empresas-de-ex-concelleiros-nacionalistas\/#primaryimage"},"image":{"@id":"https:\/\/www.ppdelugo.com\/es\/o-pp-denuncia-que-o-bng-utiliza-o-servizo-de-cultura-para-contratar-a-dedo-empresas-de-ex-concelleiros-nacionalistas\/#primaryimage"},"thumbnailUrl":"https:\/\/www.ppdelugo.com\/wp-content\/uploads\/2016\/11\/Fachada-concello.jpg","datePublished":"2020-03-05T16:41:42+00:00","dateModified":"2020-03-05T16:42:25+00:00","author":{"@id":"https:\/\/www.ppdelugo.com\/es\/#\/schema\/person\/4fa17dd371813e2c389a4417775cec48"},"breadcrumb":{"@id":"https:\/\/www.ppdelugo.com\/es\/o-pp-denuncia-que-o-bng-utiliza-o-servizo-de-cultura-para-contratar-a-dedo-empresas-de-ex-concelleiros-nacionalistas\/#breadcrumb"},"inLanguage":"es","potentialAction":[{"@type":"ReadAction","target":["https:\/\/www.ppdelugo.com\/es\/o-pp-denuncia-que-o-bng-utiliza-o-servizo-de-cultura-para-contratar-a-dedo-empresas-de-ex-concelleiros-nacionalistas\/"]}]},{"@type":"ImageObject","inLanguage":"es","@id":"https:\/\/www.ppdelugo.com\/es\/o-pp-denuncia-que-o-bng-utiliza-o-servizo-de-cultura-para-contratar-a-dedo-empresas-de-ex-concelleiros-nacionalistas\/#primaryimage","url":"https:\/\/www.ppdelugo.com\/wp-content\/uploads\/2016\/11\/Fachada-concello.jpg","contentUrl":"https:\/\/www.ppdelugo.com\/wp-content\/uploads\/2016\/11\/Fachada-concello.jpg","width":3648,"height":2736},{"@type":"BreadcrumbList","@id":"https:\/\/www.ppdelugo.com\/es\/o-pp-denuncia-que-o-bng-utiliza-o-servizo-de-cultura-para-contratar-a-dedo-empresas-de-ex-concelleiros-nacionalistas\/#breadcrumb","itemListElement":[{"@type":"ListItem","position":1,"name":"Portada","item":"https:\/\/www.ppdelugo.com\/es\/"},{"@type":"ListItem","position":2,"name":"El PP denuncia que el BNG utiliza el servicio de cultura para contratar a dedo empresas de ex concejales nacionalistas"}]},{"@type":"WebSite","@id":"https:\/\/www.ppdelugo.com\/es\/#website","url":"https:\/\/www.ppdelugo.com\/es\/","name":"Grupo Municipal Partido Popular de Lugo","description":"Web del Grupo Municipal del Partido Popular en el Ayuntamiento de Lugo, con informaci\u00f3n sobre Lugo y fomento de la participaci\u00f3n ciudadana","potentialAction":[{"@type":"SearchAction","target":{"@type":"EntryPoint","urlTemplate":"https:\/\/www.ppdelugo.com\/es\/?s={search_term_string}"},"query-input":{"@type":"PropertyValueSpecification","valueRequired":true,"valueName":"search_term_string"}}],"inLanguage":"es"},{"@type":"Person","@id":"https:\/\/www.ppdelugo.com\/es\/#\/schema\/person\/4fa17dd371813e2c389a4417775cec48","name":"ppdelugo","url":"https:\/\/www.ppdelugo.com\/es\/author\/admin-2\/"}]}},"_links":{"self":[{"href":"https:\/\/www.ppdelugo.com\/es\/wp-json\/wp\/v2\/posts\/11961","targetHints":{"allow":["GET"]}}],"collection":[{"href":"https:\/\/www.ppdelugo.com\/es\/wp-json\/wp\/v2\/posts"}],"about":[{"href":"https:\/\/www.ppdelugo.com\/es\/wp-json\/wp\/v2\/types\/post"}],"author":[{"embeddable":true,"href":"https:\/\/www.ppdelugo.com\/es\/wp-json\/wp\/v2\/users\/8"}],"replies":[{"embeddable":true,"href":"https:\/\/www.ppdelugo.com\/es\/wp-json\/wp\/v2\/comments?post=11961"}],"version-history":[{"count":0,"href":"https:\/\/www.ppdelugo.com\/es\/wp-json\/wp\/v2\/posts\/11961\/revisions"}],"wp:featuredmedia":[{"embeddable":true,"href":"https:\/\/www.ppdelugo.com\/es\/wp-json\/wp\/v2\/media\/8954"}],"wp:attachment":[{"href":"https:\/\/www.ppdelugo.com\/es\/wp-json\/wp\/v2\/media?parent=11961"}],"wp:term":[{"taxonomy":"category","embeddable":true,"href":"https:\/\/www.ppdelugo.com\/es\/wp-json\/wp\/v2\/categories?post=11961"},{"taxonomy":"post_tag","embeddable":true,"href":"https:\/\/www.ppdelugo.com\/es\/wp-json\/wp\/v2\/tags?post=11961"}],"curies":[{"name":"wp","href":"https:\/\/api.w.org\/{rel}","templated":true}]}}