{"id":11794,"date":"2020-02-15T12:16:01","date_gmt":"2020-02-15T12:16:01","guid":{"rendered":"http:\/\/www.ppdelugo.com\/o-pp-insta-ao-bigoberno-a-asfaltar-o-cruce-entre-ramiro-rueda-e-otero-pedrayo-para-evitar-novas-caidas-de-peons\/"},"modified":"2020-02-17T12:18:46","modified_gmt":"2020-02-17T12:18:46","slug":"o-pp-insta-ao-bigoberno-a-asfaltar-o-cruce-entre-ramiro-rueda-e-otero-pedrayo-para-evitar-novas-caidas-de-peons","status":"publish","type":"post","link":"https:\/\/www.ppdelugo.com\/es\/o-pp-insta-ao-bigoberno-a-asfaltar-o-cruce-entre-ramiro-rueda-e-otero-pedrayo-para-evitar-novas-caidas-de-peons\/","title":{"rendered":"El PP insta al  bigoberno a asfaltar lo cruce entre Ramiro Rueda y Otero Pedrayo para evitar nuevas ca\u00eddas de peones"},"content":{"rendered":"<p>El Grupo Municipal del Partido Popular se\u00f1ala que los vecinos de la zona llevan meses pidiendo una soluci\u00f3n ya que ya se produjeron varias ca\u00eddas de personas al tropezar con los  baches mientras cruzaban la calle<\/p>\n<p><!--more--><\/p>\n<p>Os concelleiros do Grupo Municipal do Partido Popular no Concello de Lugo denuncian o estado que presenta o cruce que une as r\u00faas Ramiro Rueda e Otero Pedrayo, xa que o paso de pe\u00f3ns que hai entre ambas presenta un estado lamentable \u201cdende hai moitos meses\u201d.<\/p>\n<p>Os populares explican que os veci\u00f1os da zona xa efectuaron varias petici\u00f3ns ao concello para que se arranxe este paso de pe\u00f3ns, xa que ademais de ser un problema para os condutores xa se deron varias ca\u00eddas de pe\u00f3ns debido a tropez\u00f3ns ocasionados polos baches. Por iso, os populares presentar\u00e1n un rogo en comisi\u00f3n para que o bigoberno arranxe no menor tempo posible este problema e as\u00ed dar soluci\u00f3n aos problemas dos veci\u00f1os.<\/p>\n<p>Dende o Grupo Municipal Popular tam\u00e9n se critica o deixamento de Rub\u00e9n Arroxo e Alexandre Penas, xa que mentres pretenden implantar un novo plan de tr\u00e1fico no barrio da Milagrosa e no barrio Feijoo non son capaces de \u201cpercorrer primeiro\u201d as r\u00faas destes barrios para comprobar as necesidades existentes e solucionar problemas como o denunciado polos populares.<\/p>\n","protected":false},"excerpt":{"rendered":"<p>El Grupo Municipal del Partido Popular se\u00f1ala que los vecinos de la zona llevan meses pidiendo una soluci\u00f3n ya que ya se produjeron varias ca\u00eddas de personas al tropezar con&#8230;<\/p>\n","protected":false},"author":8,"featured_media":11792,"comment_status":"open","ping_status":"closed","sticky":false,"template":"","format":"standard","meta":{"footnotes":""},"categories":[34,42],"tags":[],"class_list":{"0":"post-11794","1":"post","2":"type-post","3":"status-publish","4":"format-standard","5":"has-post-thumbnail","7":"category-obras-es","8":"category-urbanismo-es"},"yoast_head":"<!-- This site is optimized with the Yoast SEO plugin v27.4 - https:\/\/yoast.com\/product\/yoast-seo-wordpress\/ -->\n<title>El PP insta al bigoberno a asfaltar lo cruce entre Ramiro Rueda y Otero Pedrayo para evitar nuevas ca\u00eddas de peones - Grupo Municipal Partido Popular de Lugo<\/title>\n<meta name=\"robots\" content=\"index, follow, max-snippet:-1, max-image-preview:large, max-video-preview:-1\" \/>\n<link rel=\"canonical\" href=\"https:\/\/www.ppdelugo.com\/es\/o-pp-insta-ao-bigoberno-a-asfaltar-o-cruce-entre-ramiro-rueda-e-otero-pedrayo-para-evitar-novas-caidas-de-peons\/\" \/>\n<meta property=\"og:locale\" content=\"es_ES\" \/>\n<meta property=\"og:type\" content=\"article\" \/>\n<meta property=\"og:title\" content=\"El PP insta al bigoberno a asfaltar lo cruce entre Ramiro Rueda y Otero Pedrayo para evitar nuevas ca\u00eddas de peones - Grupo Municipal Partido Popular de Lugo\" \/>\n<meta property=\"og:description\" content=\"El Grupo Municipal del Partido Popular se\u00f1ala que los vecinos de la zona llevan meses pidiendo una soluci\u00f3n ya que ya se produjeron varias ca\u00eddas de personas al tropezar con...\" \/>\n<meta property=\"og:url\" content=\"https:\/\/www.ppdelugo.com\/es\/o-pp-insta-ao-bigoberno-a-asfaltar-o-cruce-entre-ramiro-rueda-e-otero-pedrayo-para-evitar-novas-caidas-de-peons\/\" \/>\n<meta property=\"og:site_name\" content=\"Grupo Municipal Partido Popular de Lugo\" \/>\n<meta property=\"article:published_time\" content=\"2020-02-15T12:16:01+00:00\" \/>\n<meta property=\"article:modified_time\" content=\"2020-02-17T12:18:46+00:00\" \/>\n<meta property=\"og:image\" content=\"https:\/\/www.ppdelugo.com\/wp-content\/uploads\/2020\/02\/Paso-pe\u00f3ns-Ramiro-Rueda-1024x768.jpg\" \/>\n\t<meta property=\"og:image:width\" content=\"1024\" \/>\n\t<meta property=\"og:image:height\" content=\"768\" \/>\n\t<meta property=\"og:image:type\" content=\"image\/jpeg\" \/>\n<meta name=\"author\" content=\"ppdelugo\" \/>\n<meta name=\"twitter:card\" content=\"summary_large_image\" \/>\n<meta name=\"twitter:label1\" content=\"Escrito por\" \/>\n\t<meta name=\"twitter:data1\" content=\"ppdelugo\" \/>\n\t<meta name=\"twitter:label2\" content=\"Tiempo de lectura\" \/>\n\t<meta name=\"twitter:data2\" content=\"1 minuto\" \/>\n<script type=\"application\/ld+json\" class=\"yoast-schema-graph\">{\"@context\":\"https:\\\/\\\/schema.org\",\"@graph\":[{\"@type\":\"Article\",\"@id\":\"https:\\\/\\\/www.ppdelugo.com\\\/es\\\/o-pp-insta-ao-bigoberno-a-asfaltar-o-cruce-entre-ramiro-rueda-e-otero-pedrayo-para-evitar-novas-caidas-de-peons\\\/#article\",\"isPartOf\":{\"@id\":\"https:\\\/\\\/www.ppdelugo.com\\\/es\\\/o-pp-insta-ao-bigoberno-a-asfaltar-o-cruce-entre-ramiro-rueda-e-otero-pedrayo-para-evitar-novas-caidas-de-peons\\\/\"},\"author\":{\"name\":\"ppdelugo\",\"@id\":\"https:\\\/\\\/www.ppdelugo.com\\\/es\\\/#\\\/schema\\\/person\\\/4fa17dd371813e2c389a4417775cec48\"},\"headline\":\"El PP insta al bigoberno a asfaltar lo cruce entre Ramiro Rueda y Otero Pedrayo para evitar nuevas ca\u00eddas de peones\",\"datePublished\":\"2020-02-15T12:16:01+00:00\",\"dateModified\":\"2020-02-17T12:18:46+00:00\",\"mainEntityOfPage\":{\"@id\":\"https:\\\/\\\/www.ppdelugo.com\\\/es\\\/o-pp-insta-ao-bigoberno-a-asfaltar-o-cruce-entre-ramiro-rueda-e-otero-pedrayo-para-evitar-novas-caidas-de-peons\\\/\"},\"wordCount\":253,\"commentCount\":0,\"image\":{\"@id\":\"https:\\\/\\\/www.ppdelugo.com\\\/es\\\/o-pp-insta-ao-bigoberno-a-asfaltar-o-cruce-entre-ramiro-rueda-e-otero-pedrayo-para-evitar-novas-caidas-de-peons\\\/#primaryimage\"},\"thumbnailUrl\":\"https:\\\/\\\/www.ppdelugo.com\\\/wp-content\\\/uploads\\\/2020\\\/02\\\/Paso-pe\u00f3ns-Ramiro-Rueda.jpg\",\"articleSection\":[\"Obras\",\"Urbanismo\"],\"inLanguage\":\"es\",\"potentialAction\":[{\"@type\":\"CommentAction\",\"name\":\"Comment\",\"target\":[\"https:\\\/\\\/www.ppdelugo.com\\\/es\\\/o-pp-insta-ao-bigoberno-a-asfaltar-o-cruce-entre-ramiro-rueda-e-otero-pedrayo-para-evitar-novas-caidas-de-peons\\\/#respond\"]}]},{\"@type\":\"WebPage\",\"@id\":\"https:\\\/\\\/www.ppdelugo.com\\\/es\\\/o-pp-insta-ao-bigoberno-a-asfaltar-o-cruce-entre-ramiro-rueda-e-otero-pedrayo-para-evitar-novas-caidas-de-peons\\\/\",\"url\":\"https:\\\/\\\/www.ppdelugo.com\\\/es\\\/o-pp-insta-ao-bigoberno-a-asfaltar-o-cruce-entre-ramiro-rueda-e-otero-pedrayo-para-evitar-novas-caidas-de-peons\\\/\",\"name\":\"El PP insta al bigoberno a asfaltar lo cruce entre Ramiro Rueda y Otero Pedrayo para evitar nuevas ca\u00eddas de peones - Grupo Municipal Partido Popular de Lugo\",\"isPartOf\":{\"@id\":\"https:\\\/\\\/www.ppdelugo.com\\\/es\\\/#website\"},\"primaryImageOfPage\":{\"@id\":\"https:\\\/\\\/www.ppdelugo.com\\\/es\\\/o-pp-insta-ao-bigoberno-a-asfaltar-o-cruce-entre-ramiro-rueda-e-otero-pedrayo-para-evitar-novas-caidas-de-peons\\\/#primaryimage\"},\"image\":{\"@id\":\"https:\\\/\\\/www.ppdelugo.com\\\/es\\\/o-pp-insta-ao-bigoberno-a-asfaltar-o-cruce-entre-ramiro-rueda-e-otero-pedrayo-para-evitar-novas-caidas-de-peons\\\/#primaryimage\"},\"thumbnailUrl\":\"https:\\\/\\\/www.ppdelugo.com\\\/wp-content\\\/uploads\\\/2020\\\/02\\\/Paso-pe\u00f3ns-Ramiro-Rueda.jpg\",\"datePublished\":\"2020-02-15T12:16:01+00:00\",\"dateModified\":\"2020-02-17T12:18:46+00:00\",\"author\":{\"@id\":\"https:\\\/\\\/www.ppdelugo.com\\\/es\\\/#\\\/schema\\\/person\\\/4fa17dd371813e2c389a4417775cec48\"},\"breadcrumb\":{\"@id\":\"https:\\\/\\\/www.ppdelugo.com\\\/es\\\/o-pp-insta-ao-bigoberno-a-asfaltar-o-cruce-entre-ramiro-rueda-e-otero-pedrayo-para-evitar-novas-caidas-de-peons\\\/#breadcrumb\"},\"inLanguage\":\"es\",\"potentialAction\":[{\"@type\":\"ReadAction\",\"target\":[\"https:\\\/\\\/www.ppdelugo.com\\\/es\\\/o-pp-insta-ao-bigoberno-a-asfaltar-o-cruce-entre-ramiro-rueda-e-otero-pedrayo-para-evitar-novas-caidas-de-peons\\\/\"]}]},{\"@type\":\"ImageObject\",\"inLanguage\":\"es\",\"@id\":\"https:\\\/\\\/www.ppdelugo.com\\\/es\\\/o-pp-insta-ao-bigoberno-a-asfaltar-o-cruce-entre-ramiro-rueda-e-otero-pedrayo-para-evitar-novas-caidas-de-peons\\\/#primaryimage\",\"url\":\"https:\\\/\\\/www.ppdelugo.com\\\/wp-content\\\/uploads\\\/2020\\\/02\\\/Paso-pe\u00f3ns-Ramiro-Rueda.jpg\",\"contentUrl\":\"https:\\\/\\\/www.ppdelugo.com\\\/wp-content\\\/uploads\\\/2020\\\/02\\\/Paso-pe\u00f3ns-Ramiro-Rueda.jpg\",\"width\":4032,\"height\":3024},{\"@type\":\"BreadcrumbList\",\"@id\":\"https:\\\/\\\/www.ppdelugo.com\\\/es\\\/o-pp-insta-ao-bigoberno-a-asfaltar-o-cruce-entre-ramiro-rueda-e-otero-pedrayo-para-evitar-novas-caidas-de-peons\\\/#breadcrumb\",\"itemListElement\":[{\"@type\":\"ListItem\",\"position\":1,\"name\":\"Portada\",\"item\":\"https:\\\/\\\/www.ppdelugo.com\\\/es\\\/\"},{\"@type\":\"ListItem\",\"position\":2,\"name\":\"El PP insta al bigoberno a asfaltar lo cruce entre Ramiro Rueda y Otero Pedrayo para evitar nuevas ca\u00eddas de peones\"}]},{\"@type\":\"WebSite\",\"@id\":\"https:\\\/\\\/www.ppdelugo.com\\\/es\\\/#website\",\"url\":\"https:\\\/\\\/www.ppdelugo.com\\\/es\\\/\",\"name\":\"Grupo Municipal Partido Popular de Lugo\",\"description\":\"Web del Grupo Municipal del Partido Popular en el Ayuntamiento de Lugo, con informaci\u00f3n sobre Lugo y fomento de la participaci\u00f3n ciudadana\",\"potentialAction\":[{\"@type\":\"SearchAction\",\"target\":{\"@type\":\"EntryPoint\",\"urlTemplate\":\"https:\\\/\\\/www.ppdelugo.com\\\/es\\\/?s={search_term_string}\"},\"query-input\":{\"@type\":\"PropertyValueSpecification\",\"valueRequired\":true,\"valueName\":\"search_term_string\"}}],\"inLanguage\":\"es\"},{\"@type\":\"Person\",\"@id\":\"https:\\\/\\\/www.ppdelugo.com\\\/es\\\/#\\\/schema\\\/person\\\/4fa17dd371813e2c389a4417775cec48\",\"name\":\"ppdelugo\",\"url\":\"https:\\\/\\\/www.ppdelugo.com\\\/es\\\/author\\\/admin-2\\\/\"}]}<\/script>\n<!-- \/ Yoast SEO plugin. -->","yoast_head_json":{"title":"El PP insta al bigoberno a asfaltar lo cruce entre Ramiro Rueda y Otero Pedrayo para evitar nuevas ca\u00eddas de peones - Grupo Municipal Partido Popular de Lugo","robots":{"index":"index","follow":"follow","max-snippet":"max-snippet:-1","max-image-preview":"max-image-preview:large","max-video-preview":"max-video-preview:-1"},"canonical":"https:\/\/www.ppdelugo.com\/es\/o-pp-insta-ao-bigoberno-a-asfaltar-o-cruce-entre-ramiro-rueda-e-otero-pedrayo-para-evitar-novas-caidas-de-peons\/","og_locale":"es_ES","og_type":"article","og_title":"El PP insta al bigoberno a asfaltar lo cruce entre Ramiro Rueda y Otero Pedrayo para evitar nuevas ca\u00eddas de peones - Grupo Municipal Partido Popular de Lugo","og_description":"El Grupo Municipal del Partido Popular se\u00f1ala que los vecinos de la zona llevan meses pidiendo una soluci\u00f3n ya que ya se produjeron varias ca\u00eddas de personas al tropezar con...","og_url":"https:\/\/www.ppdelugo.com\/es\/o-pp-insta-ao-bigoberno-a-asfaltar-o-cruce-entre-ramiro-rueda-e-otero-pedrayo-para-evitar-novas-caidas-de-peons\/","og_site_name":"Grupo Municipal Partido Popular de Lugo","article_published_time":"2020-02-15T12:16:01+00:00","article_modified_time":"2020-02-17T12:18:46+00:00","og_image":[{"width":1024,"height":768,"url":"https:\/\/www.ppdelugo.com\/wp-content\/uploads\/2020\/02\/Paso-pe\u00f3ns-Ramiro-Rueda-1024x768.jpg","type":"image\/jpeg"}],"author":"ppdelugo","twitter_card":"summary_large_image","twitter_misc":{"Escrito por":"ppdelugo","Tiempo de lectura":"1 minuto"},"schema":{"@context":"https:\/\/schema.org","@graph":[{"@type":"Article","@id":"https:\/\/www.ppdelugo.com\/es\/o-pp-insta-ao-bigoberno-a-asfaltar-o-cruce-entre-ramiro-rueda-e-otero-pedrayo-para-evitar-novas-caidas-de-peons\/#article","isPartOf":{"@id":"https:\/\/www.ppdelugo.com\/es\/o-pp-insta-ao-bigoberno-a-asfaltar-o-cruce-entre-ramiro-rueda-e-otero-pedrayo-para-evitar-novas-caidas-de-peons\/"},"author":{"name":"ppdelugo","@id":"https:\/\/www.ppdelugo.com\/es\/#\/schema\/person\/4fa17dd371813e2c389a4417775cec48"},"headline":"El PP insta al bigoberno a asfaltar lo cruce entre Ramiro Rueda y Otero Pedrayo para evitar nuevas ca\u00eddas de peones","datePublished":"2020-02-15T12:16:01+00:00","dateModified":"2020-02-17T12:18:46+00:00","mainEntityOfPage":{"@id":"https:\/\/www.ppdelugo.com\/es\/o-pp-insta-ao-bigoberno-a-asfaltar-o-cruce-entre-ramiro-rueda-e-otero-pedrayo-para-evitar-novas-caidas-de-peons\/"},"wordCount":253,"commentCount":0,"image":{"@id":"https:\/\/www.ppdelugo.com\/es\/o-pp-insta-ao-bigoberno-a-asfaltar-o-cruce-entre-ramiro-rueda-e-otero-pedrayo-para-evitar-novas-caidas-de-peons\/#primaryimage"},"thumbnailUrl":"https:\/\/www.ppdelugo.com\/wp-content\/uploads\/2020\/02\/Paso-pe\u00f3ns-Ramiro-Rueda.jpg","articleSection":["Obras","Urbanismo"],"inLanguage":"es","potentialAction":[{"@type":"CommentAction","name":"Comment","target":["https:\/\/www.ppdelugo.com\/es\/o-pp-insta-ao-bigoberno-a-asfaltar-o-cruce-entre-ramiro-rueda-e-otero-pedrayo-para-evitar-novas-caidas-de-peons\/#respond"]}]},{"@type":"WebPage","@id":"https:\/\/www.ppdelugo.com\/es\/o-pp-insta-ao-bigoberno-a-asfaltar-o-cruce-entre-ramiro-rueda-e-otero-pedrayo-para-evitar-novas-caidas-de-peons\/","url":"https:\/\/www.ppdelugo.com\/es\/o-pp-insta-ao-bigoberno-a-asfaltar-o-cruce-entre-ramiro-rueda-e-otero-pedrayo-para-evitar-novas-caidas-de-peons\/","name":"El PP insta al bigoberno a asfaltar lo cruce entre Ramiro Rueda y Otero Pedrayo para evitar nuevas ca\u00eddas de peones - Grupo Municipal Partido Popular de Lugo","isPartOf":{"@id":"https:\/\/www.ppdelugo.com\/es\/#website"},"primaryImageOfPage":{"@id":"https:\/\/www.ppdelugo.com\/es\/o-pp-insta-ao-bigoberno-a-asfaltar-o-cruce-entre-ramiro-rueda-e-otero-pedrayo-para-evitar-novas-caidas-de-peons\/#primaryimage"},"image":{"@id":"https:\/\/www.ppdelugo.com\/es\/o-pp-insta-ao-bigoberno-a-asfaltar-o-cruce-entre-ramiro-rueda-e-otero-pedrayo-para-evitar-novas-caidas-de-peons\/#primaryimage"},"thumbnailUrl":"https:\/\/www.ppdelugo.com\/wp-content\/uploads\/2020\/02\/Paso-pe\u00f3ns-Ramiro-Rueda.jpg","datePublished":"2020-02-15T12:16:01+00:00","dateModified":"2020-02-17T12:18:46+00:00","author":{"@id":"https:\/\/www.ppdelugo.com\/es\/#\/schema\/person\/4fa17dd371813e2c389a4417775cec48"},"breadcrumb":{"@id":"https:\/\/www.ppdelugo.com\/es\/o-pp-insta-ao-bigoberno-a-asfaltar-o-cruce-entre-ramiro-rueda-e-otero-pedrayo-para-evitar-novas-caidas-de-peons\/#breadcrumb"},"inLanguage":"es","potentialAction":[{"@type":"ReadAction","target":["https:\/\/www.ppdelugo.com\/es\/o-pp-insta-ao-bigoberno-a-asfaltar-o-cruce-entre-ramiro-rueda-e-otero-pedrayo-para-evitar-novas-caidas-de-peons\/"]}]},{"@type":"ImageObject","inLanguage":"es","@id":"https:\/\/www.ppdelugo.com\/es\/o-pp-insta-ao-bigoberno-a-asfaltar-o-cruce-entre-ramiro-rueda-e-otero-pedrayo-para-evitar-novas-caidas-de-peons\/#primaryimage","url":"https:\/\/www.ppdelugo.com\/wp-content\/uploads\/2020\/02\/Paso-pe\u00f3ns-Ramiro-Rueda.jpg","contentUrl":"https:\/\/www.ppdelugo.com\/wp-content\/uploads\/2020\/02\/Paso-pe\u00f3ns-Ramiro-Rueda.jpg","width":4032,"height":3024},{"@type":"BreadcrumbList","@id":"https:\/\/www.ppdelugo.com\/es\/o-pp-insta-ao-bigoberno-a-asfaltar-o-cruce-entre-ramiro-rueda-e-otero-pedrayo-para-evitar-novas-caidas-de-peons\/#breadcrumb","itemListElement":[{"@type":"ListItem","position":1,"name":"Portada","item":"https:\/\/www.ppdelugo.com\/es\/"},{"@type":"ListItem","position":2,"name":"El PP insta al bigoberno a asfaltar lo cruce entre Ramiro Rueda y Otero Pedrayo para evitar nuevas ca\u00eddas de peones"}]},{"@type":"WebSite","@id":"https:\/\/www.ppdelugo.com\/es\/#website","url":"https:\/\/www.ppdelugo.com\/es\/","name":"Grupo Municipal Partido Popular de Lugo","description":"Web del Grupo Municipal del Partido Popular en el Ayuntamiento de Lugo, con informaci\u00f3n sobre Lugo y fomento de la participaci\u00f3n ciudadana","potentialAction":[{"@type":"SearchAction","target":{"@type":"EntryPoint","urlTemplate":"https:\/\/www.ppdelugo.com\/es\/?s={search_term_string}"},"query-input":{"@type":"PropertyValueSpecification","valueRequired":true,"valueName":"search_term_string"}}],"inLanguage":"es"},{"@type":"Person","@id":"https:\/\/www.ppdelugo.com\/es\/#\/schema\/person\/4fa17dd371813e2c389a4417775cec48","name":"ppdelugo","url":"https:\/\/www.ppdelugo.com\/es\/author\/admin-2\/"}]}},"_links":{"self":[{"href":"https:\/\/www.ppdelugo.com\/es\/wp-json\/wp\/v2\/posts\/11794","targetHints":{"allow":["GET"]}}],"collection":[{"href":"https:\/\/www.ppdelugo.com\/es\/wp-json\/wp\/v2\/posts"}],"about":[{"href":"https:\/\/www.ppdelugo.com\/es\/wp-json\/wp\/v2\/types\/post"}],"author":[{"embeddable":true,"href":"https:\/\/www.ppdelugo.com\/es\/wp-json\/wp\/v2\/users\/8"}],"replies":[{"embeddable":true,"href":"https:\/\/www.ppdelugo.com\/es\/wp-json\/wp\/v2\/comments?post=11794"}],"version-history":[{"count":0,"href":"https:\/\/www.ppdelugo.com\/es\/wp-json\/wp\/v2\/posts\/11794\/revisions"}],"wp:featuredmedia":[{"embeddable":true,"href":"https:\/\/www.ppdelugo.com\/es\/wp-json\/wp\/v2\/media\/11792"}],"wp:attachment":[{"href":"https:\/\/www.ppdelugo.com\/es\/wp-json\/wp\/v2\/media?parent=11794"}],"wp:term":[{"taxonomy":"category","embeddable":true,"href":"https:\/\/www.ppdelugo.com\/es\/wp-json\/wp\/v2\/categories?post=11794"},{"taxonomy":"post_tag","embeddable":true,"href":"https:\/\/www.ppdelugo.com\/es\/wp-json\/wp\/v2\/tags?post=11794"}],"curies":[{"name":"wp","href":"https:\/\/api.w.org\/{rel}","templated":true}]}}