{"id":1176,"date":"2016-01-07T09:48:02","date_gmt":"2016-01-07T09:48:02","guid":{"rendered":"http:\/\/www.ppdelugo.com\/es\/el-gmpp-ve-inverosimil-y-triunfalista-el-balance-de-turismo-del-gobierno-local\/"},"modified":"2016-01-27T12:41:15","modified_gmt":"2016-01-27T12:41:15","slug":"el-gmpp-ve-inverosimil-y-triunfalista-el-balance-de-turismo-del-gobierno-local","status":"publish","type":"post","link":"https:\/\/www.ppdelugo.com\/es\/el-gmpp-ve-inverosimil-y-triunfalista-el-balance-de-turismo-del-gobierno-local\/","title":{"rendered":"El PP ve \u201cinveros\u00edmil y triunfalista\u201d el balance de turismo del gobierno local"},"content":{"rendered":"[vc_row type=\u00bbin_container\u00bb scene_position=\u00bbcenter\u00bb text_color=\u00bbdark\u00bb text_align=\u00bbleft\u00bb top_padding=\u00bb-10&#8243;][vc_column column_padding=\u00bbno-extra-padding\u00bb column_padding_position=\u00bball\u00bb background_color_opacity=\u00bb1&#8243; background_hover_color_opacity=\u00bb1&#8243; width=\u00bb1\/1&#8243;][vc_column_text]\u00a0La concejala popular Encarna Amigo acusa a los socialistas de \u201cinflar las estad\u00edsticas de visitantes a Lugo\u201d y de \u201cconfundir el deseo de un <em>boom <\/em>tur\u00edstico con la realidad de que sigamos siendo simplemente una ciudad de paso, pero no de pernocta\u201d<\/p>\n<p><!--more--><\/p>\n<p>La concejala del Grupo Municipal del Partido Popular en el Ayuntamiento de Lugo Encarna Amigo considera \u201cinveros\u00edmil y triunfalista\u201d el balance de turismo presentado ayer por el gobierno municipal.<\/p>\n<p>En opini\u00f3n de los populares, \u201ccon las cifras de las que presumen los socialistas lo \u00fanico que hacen es demostrar su confusi\u00f3n entre lo que es su deseo y la realidad\u201d. En esa l\u00ednea, creen que los socialistas \u201chan inflado, como cada a\u00f1o, las estad\u00edsticas de visitantes a nuestro municipio\u201d, de modo que \u201cotra vez han vuelto a confundir el deseo de un <em>boom <\/em>tur\u00edstico con la realidad de que seguimos siendo simplente ciudad de paso en lugar de de pernocta\u201d. A t\u00edtulo de ejemplo, expone que \u201cde ser ciertas, supondr\u00edan que en alg\u00fan mes se despachar\u00eda a cada turista pr\u00e1cticamente en menos de un minuto en la Oficina Municipal de Turismo\u201d, lo que resulta \u201cfrancamente dif\u00edcil de creer\u201d.<\/p>\n<p>Asimismo, estas estad\u00edsticas certifican \u201cel absoluto fracaso\u201d del Museo Interactivo de la Historia de Lugo (MIHL), que tras una inversi\u00f3n de m\u00e1s de 10 millones de euros solo recibi\u00f3 una media de 23 visitantes al d\u00eda a lo largo del a\u00f1o pasado \u201caun tomando como ciertas unas cifras seguramente infladas\u201d. \u201cEn su tercer a\u00f1o de apertura, esta dotaci\u00f3n sigue sin arrancar y probablemente seguir\u00e1 sin hacerlo porque contin\u00faa sin unos contenidos atractivos y sin despertar el inter\u00e9s de lucenses y visitantes\u201d, opina Encarna Amigo, al tiempo que subraya que \u201cse demuestra que fue un proyecto que naci\u00f3 del capricho de los socialistas, sin sentido y sin que nunca podamos rentabilizar ni cultural ni tur\u00edstica ni econ\u00f3micamente un gasto de tal envergadura\u201d.<\/p>\n<p><strong>Necesidad de una estrategia integral.-<\/strong><\/p>\n<p>Por otra parte, la edil responsable de Cultura y Turismo del Grupo Municipal del Partido Popular insiste en la \u201cnecesidad\u201d de que por parte del Ayuntamiento de Lugo se elabore una estrategia \u201cglobal e integral\u201d que d\u00e9 respuesta a los desaf\u00edos tur\u00edsticos \u201ca corto, medio y largo plazo\u201d. As\u00ed, Encarna Amigo destaca que \u201cno se entienda que no exista un plan espec\u00edfico para potenciarnos como destino con tres Patrimonios de la Humanidad, algo que est\u00e1 al alcance de muy pocos\u201d. \u201cComo tampoco se entiende que no se haya elaborado ninguna programaci\u00f3n especial para captar visitantes en el puente de diciembre, que los horarios de los museos sigan siendo tan exiguos y contin\u00faen cerrados la mayor\u00eda de la semana (lunes, martes, mi\u00e9rcoles y domingos por la tarde incluso en el horario de verano) o que la mayor preocupaci\u00f3n parece que sea la de continuar pag\u00e1ndole a Vendex casi medio mill\u00f3n de euros por ocuparse de estas instalaciones sin tener contrato en vigor\u201d, asevera la popular.<\/p>\n<p><strong>Preguntas al gobierno municipal sobre los datos.-<\/strong><\/p>\n<p>Por \u00faltimo, la edil popular tambi\u00e9n anuncia que pedir\u00e1 acceso a las estad\u00edsticas desglosadas y que preguntar\u00e1 a los socialistas por los mecanismos seguidos para obtener las estad\u00edsticas \u201cteniendo en cuenta que no se cobra entrada ni existen controles de acceso a simple vista en los diferentes museos de Lugo\u201d. \u201cSolo as\u00ed podr\u00e1n demostrar que los datos de los que presumen no est\u00e1n inventados o no son producto del deseo m\u00e1s que de la realidad\u201d, concluye Encarna Amigo.<\/p>\n<p><span style=\"line-height: 1.5;\">[\/vc_column_text][\/vc_column][\/vc_row][vc_row type=\u00bbin_container\u00bb scene_position=\u00bbcenter\u00bb text_color=\u00bbdark\u00bb text_align=\u00bbleft\u00bb][vc_column column_padding=\u00bbno-extra-padding\u00bb column_padding_position=\u00bball\u00bb background_color_opacity=\u00bb1&#8243; background_hover_color_opacity=\u00bb1&#8243; width=\u00bb1\/1&#8243;][vc_column_text]<\/span><\/p>\n<audio class=\"wp-audio-shortcode\" id=\"audio-1176-1\" preload=\"none\" style=\"width: 100%;\" controls=\"controls\"><source type=\"audio\/mpeg\" src=\"http:\/\/www.ppdelugo.com\/wp-content\/uploads\/2016\/01\/CORTE-ENCARNA-AMIGO-BALANCE-TURISMO-2015-7-1-16.mp3?_=1\" \/><a href=\"http:\/\/www.ppdelugo.com\/wp-content\/uploads\/2016\/01\/CORTE-ENCARNA-AMIGO-BALANCE-TURISMO-2015-7-1-16.mp3\">http:\/\/www.ppdelugo.com\/wp-content\/uploads\/2016\/01\/CORTE-ENCARNA-AMIGO-BALANCE-TURISMO-2015-7-1-16.mp3<\/a><\/audio>\n[\/vc_column_text][\/vc_column][\/vc_row]\n","protected":false},"excerpt":{"rendered":"<p>[vc_row type=\u00bbin_container\u00bb scene_position=\u00bbcenter\u00bb text_color=\u00bbdark\u00bb text_align=\u00bbleft\u00bb top_padding=\u00bb-10&#8243;][vc_column column_padding=\u00bbno-extra-padding\u00bb column_padding_position=\u00bball\u00bb background_color_opacity=\u00bb1&#8243; background_hover_color_opacity=\u00bb1&#8243; width=\u00bb1\/1&#8243;][vc_column_text]\u00a0La concejala popular Encarna Amigo acusa a los socialistas de \u201cinflar las estad\u00edsticas de visitantes a Lugo\u201d y de \u201cconfundir&#8230;<\/p>\n","protected":false},"author":8,"featured_media":601,"comment_status":"open","ping_status":"closed","sticky":false,"template":"","format":"standard","meta":{"footnotes":""},"categories":[41],"tags":[],"class_list":{"0":"post-1176","1":"post","2":"type-post","3":"status-publish","4":"format-standard","5":"has-post-thumbnail","7":"category-turismo-es"},"yoast_head":"<!-- This site is optimized with the Yoast SEO plugin v27.4 - https:\/\/yoast.com\/product\/yoast-seo-wordpress\/ -->\n<title>El PP ve \u201cinveros\u00edmil y triunfalista\u201d el balance de turismo del gobierno local - Grupo Municipal Partido Popular de Lugo<\/title>\n<meta name=\"robots\" content=\"index, follow, max-snippet:-1, max-image-preview:large, max-video-preview:-1\" \/>\n<link rel=\"canonical\" href=\"https:\/\/www.ppdelugo.com\/es\/el-gmpp-ve-inverosimil-y-triunfalista-el-balance-de-turismo-del-gobierno-local\/\" \/>\n<meta property=\"og:locale\" content=\"es_ES\" \/>\n<meta property=\"og:type\" content=\"article\" \/>\n<meta property=\"og:title\" content=\"El PP ve \u201cinveros\u00edmil y triunfalista\u201d el balance de turismo del gobierno local - Grupo Municipal Partido Popular de Lugo\" \/>\n<meta property=\"og:description\" content=\"[vc_row type=\u00bbin_container\u00bb scene_position=\u00bbcenter\u00bb text_color=\u00bbdark\u00bb text_align=\u00bbleft\u00bb top_padding=\u00bb-10&#8243;][vc_column column_padding=\u00bbno-extra-padding\u00bb column_padding_position=\u00bball\u00bb background_color_opacity=\u00bb1&#8243; background_hover_color_opacity=\u00bb1&#8243; width=\u00bb1\/1&#8243;][vc_column_text]\u00a0La concejala popular Encarna Amigo acusa a los socialistas de \u201cinflar las estad\u00edsticas de visitantes a Lugo\u201d y de \u201cconfundir...\" \/>\n<meta property=\"og:url\" content=\"https:\/\/www.ppdelugo.com\/es\/el-gmpp-ve-inverosimil-y-triunfalista-el-balance-de-turismo-del-gobierno-local\/\" \/>\n<meta property=\"og:site_name\" content=\"Grupo Municipal Partido Popular de Lugo\" \/>\n<meta property=\"article:published_time\" content=\"2016-01-07T09:48:02+00:00\" \/>\n<meta property=\"article:modified_time\" content=\"2016-01-27T12:41:15+00:00\" \/>\n<meta property=\"og:image\" content=\"https:\/\/www.ppdelugo.com\/wp-content\/uploads\/2016\/01\/FRONT_MIHL.jpg\" \/>\n\t<meta property=\"og:image:width\" content=\"400\" \/>\n\t<meta property=\"og:image:height\" content=\"288\" \/>\n\t<meta property=\"og:image:type\" content=\"image\/jpeg\" \/>\n<meta name=\"author\" content=\"ppdelugo\" \/>\n<meta name=\"twitter:card\" content=\"summary_large_image\" \/>\n<meta name=\"twitter:label1\" content=\"Escrito por\" \/>\n\t<meta name=\"twitter:data1\" content=\"ppdelugo\" \/>\n\t<meta name=\"twitter:label2\" content=\"Tiempo de lectura\" \/>\n\t<meta name=\"twitter:data2\" content=\"4 minutos\" \/>\n<script type=\"application\/ld+json\" class=\"yoast-schema-graph\">{\"@context\":\"https:\\\/\\\/schema.org\",\"@graph\":[{\"@type\":\"Article\",\"@id\":\"https:\\\/\\\/www.ppdelugo.com\\\/es\\\/el-gmpp-ve-inverosimil-y-triunfalista-el-balance-de-turismo-del-gobierno-local\\\/#article\",\"isPartOf\":{\"@id\":\"https:\\\/\\\/www.ppdelugo.com\\\/es\\\/el-gmpp-ve-inverosimil-y-triunfalista-el-balance-de-turismo-del-gobierno-local\\\/\"},\"author\":{\"name\":\"ppdelugo\",\"@id\":\"https:\\\/\\\/www.ppdelugo.com\\\/es\\\/#\\\/schema\\\/person\\\/4fa17dd371813e2c389a4417775cec48\"},\"headline\":\"El PP ve \u201cinveros\u00edmil y triunfalista\u201d el balance de turismo del gobierno local\",\"datePublished\":\"2016-01-07T09:48:02+00:00\",\"dateModified\":\"2016-01-27T12:41:15+00:00\",\"mainEntityOfPage\":{\"@id\":\"https:\\\/\\\/www.ppdelugo.com\\\/es\\\/el-gmpp-ve-inverosimil-y-triunfalista-el-balance-de-turismo-del-gobierno-local\\\/\"},\"wordCount\":720,\"commentCount\":0,\"image\":{\"@id\":\"https:\\\/\\\/www.ppdelugo.com\\\/es\\\/el-gmpp-ve-inverosimil-y-triunfalista-el-balance-de-turismo-del-gobierno-local\\\/#primaryimage\"},\"thumbnailUrl\":\"https:\\\/\\\/www.ppdelugo.com\\\/wp-content\\\/uploads\\\/2016\\\/01\\\/FRONT_MIHL.jpg\",\"articleSection\":[\"Turismo\"],\"inLanguage\":\"es\",\"potentialAction\":[{\"@type\":\"CommentAction\",\"name\":\"Comment\",\"target\":[\"https:\\\/\\\/www.ppdelugo.com\\\/es\\\/el-gmpp-ve-inverosimil-y-triunfalista-el-balance-de-turismo-del-gobierno-local\\\/#respond\"]}]},{\"@type\":\"WebPage\",\"@id\":\"https:\\\/\\\/www.ppdelugo.com\\\/es\\\/el-gmpp-ve-inverosimil-y-triunfalista-el-balance-de-turismo-del-gobierno-local\\\/\",\"url\":\"https:\\\/\\\/www.ppdelugo.com\\\/es\\\/el-gmpp-ve-inverosimil-y-triunfalista-el-balance-de-turismo-del-gobierno-local\\\/\",\"name\":\"El PP ve \u201cinveros\u00edmil y triunfalista\u201d el balance de turismo del gobierno local - Grupo Municipal Partido Popular de Lugo\",\"isPartOf\":{\"@id\":\"https:\\\/\\\/www.ppdelugo.com\\\/es\\\/#website\"},\"primaryImageOfPage\":{\"@id\":\"https:\\\/\\\/www.ppdelugo.com\\\/es\\\/el-gmpp-ve-inverosimil-y-triunfalista-el-balance-de-turismo-del-gobierno-local\\\/#primaryimage\"},\"image\":{\"@id\":\"https:\\\/\\\/www.ppdelugo.com\\\/es\\\/el-gmpp-ve-inverosimil-y-triunfalista-el-balance-de-turismo-del-gobierno-local\\\/#primaryimage\"},\"thumbnailUrl\":\"https:\\\/\\\/www.ppdelugo.com\\\/wp-content\\\/uploads\\\/2016\\\/01\\\/FRONT_MIHL.jpg\",\"datePublished\":\"2016-01-07T09:48:02+00:00\",\"dateModified\":\"2016-01-27T12:41:15+00:00\",\"author\":{\"@id\":\"https:\\\/\\\/www.ppdelugo.com\\\/es\\\/#\\\/schema\\\/person\\\/4fa17dd371813e2c389a4417775cec48\"},\"breadcrumb\":{\"@id\":\"https:\\\/\\\/www.ppdelugo.com\\\/es\\\/el-gmpp-ve-inverosimil-y-triunfalista-el-balance-de-turismo-del-gobierno-local\\\/#breadcrumb\"},\"inLanguage\":\"es\",\"potentialAction\":[{\"@type\":\"ReadAction\",\"target\":[\"https:\\\/\\\/www.ppdelugo.com\\\/es\\\/el-gmpp-ve-inverosimil-y-triunfalista-el-balance-de-turismo-del-gobierno-local\\\/\"]}]},{\"@type\":\"ImageObject\",\"inLanguage\":\"es\",\"@id\":\"https:\\\/\\\/www.ppdelugo.com\\\/es\\\/el-gmpp-ve-inverosimil-y-triunfalista-el-balance-de-turismo-del-gobierno-local\\\/#primaryimage\",\"url\":\"https:\\\/\\\/www.ppdelugo.com\\\/wp-content\\\/uploads\\\/2016\\\/01\\\/FRONT_MIHL.jpg\",\"contentUrl\":\"https:\\\/\\\/www.ppdelugo.com\\\/wp-content\\\/uploads\\\/2016\\\/01\\\/FRONT_MIHL.jpg\",\"width\":400,\"height\":288},{\"@type\":\"BreadcrumbList\",\"@id\":\"https:\\\/\\\/www.ppdelugo.com\\\/es\\\/el-gmpp-ve-inverosimil-y-triunfalista-el-balance-de-turismo-del-gobierno-local\\\/#breadcrumb\",\"itemListElement\":[{\"@type\":\"ListItem\",\"position\":1,\"name\":\"Portada\",\"item\":\"https:\\\/\\\/www.ppdelugo.com\\\/es\\\/\"},{\"@type\":\"ListItem\",\"position\":2,\"name\":\"El PP ve \u201cinveros\u00edmil y triunfalista\u201d el balance de turismo del gobierno local\"}]},{\"@type\":\"WebSite\",\"@id\":\"https:\\\/\\\/www.ppdelugo.com\\\/es\\\/#website\",\"url\":\"https:\\\/\\\/www.ppdelugo.com\\\/es\\\/\",\"name\":\"Grupo Municipal Partido Popular de Lugo\",\"description\":\"Web del Grupo Municipal del Partido Popular en el Ayuntamiento de Lugo, con informaci\u00f3n sobre Lugo y fomento de la participaci\u00f3n ciudadana\",\"potentialAction\":[{\"@type\":\"SearchAction\",\"target\":{\"@type\":\"EntryPoint\",\"urlTemplate\":\"https:\\\/\\\/www.ppdelugo.com\\\/es\\\/?s={search_term_string}\"},\"query-input\":{\"@type\":\"PropertyValueSpecification\",\"valueRequired\":true,\"valueName\":\"search_term_string\"}}],\"inLanguage\":\"es\"},{\"@type\":\"Person\",\"@id\":\"https:\\\/\\\/www.ppdelugo.com\\\/es\\\/#\\\/schema\\\/person\\\/4fa17dd371813e2c389a4417775cec48\",\"name\":\"ppdelugo\",\"url\":\"https:\\\/\\\/www.ppdelugo.com\\\/es\\\/author\\\/admin-2\\\/\"}]}<\/script>\n<!-- \/ Yoast SEO plugin. -->","yoast_head_json":{"title":"El PP ve \u201cinveros\u00edmil y triunfalista\u201d el balance de turismo del gobierno local - Grupo Municipal Partido Popular de Lugo","robots":{"index":"index","follow":"follow","max-snippet":"max-snippet:-1","max-image-preview":"max-image-preview:large","max-video-preview":"max-video-preview:-1"},"canonical":"https:\/\/www.ppdelugo.com\/es\/el-gmpp-ve-inverosimil-y-triunfalista-el-balance-de-turismo-del-gobierno-local\/","og_locale":"es_ES","og_type":"article","og_title":"El PP ve \u201cinveros\u00edmil y triunfalista\u201d el balance de turismo del gobierno local - Grupo Municipal Partido Popular de Lugo","og_description":"[vc_row type=\u00bbin_container\u00bb scene_position=\u00bbcenter\u00bb text_color=\u00bbdark\u00bb text_align=\u00bbleft\u00bb top_padding=\u00bb-10&#8243;][vc_column column_padding=\u00bbno-extra-padding\u00bb column_padding_position=\u00bball\u00bb background_color_opacity=\u00bb1&#8243; background_hover_color_opacity=\u00bb1&#8243; width=\u00bb1\/1&#8243;][vc_column_text]\u00a0La concejala popular Encarna Amigo acusa a los socialistas de \u201cinflar las estad\u00edsticas de visitantes a Lugo\u201d y de \u201cconfundir...","og_url":"https:\/\/www.ppdelugo.com\/es\/el-gmpp-ve-inverosimil-y-triunfalista-el-balance-de-turismo-del-gobierno-local\/","og_site_name":"Grupo Municipal Partido Popular de Lugo","article_published_time":"2016-01-07T09:48:02+00:00","article_modified_time":"2016-01-27T12:41:15+00:00","og_image":[{"width":400,"height":288,"url":"https:\/\/www.ppdelugo.com\/wp-content\/uploads\/2016\/01\/FRONT_MIHL.jpg","type":"image\/jpeg"}],"author":"ppdelugo","twitter_card":"summary_large_image","twitter_misc":{"Escrito por":"ppdelugo","Tiempo de lectura":"4 minutos"},"schema":{"@context":"https:\/\/schema.org","@graph":[{"@type":"Article","@id":"https:\/\/www.ppdelugo.com\/es\/el-gmpp-ve-inverosimil-y-triunfalista-el-balance-de-turismo-del-gobierno-local\/#article","isPartOf":{"@id":"https:\/\/www.ppdelugo.com\/es\/el-gmpp-ve-inverosimil-y-triunfalista-el-balance-de-turismo-del-gobierno-local\/"},"author":{"name":"ppdelugo","@id":"https:\/\/www.ppdelugo.com\/es\/#\/schema\/person\/4fa17dd371813e2c389a4417775cec48"},"headline":"El PP ve \u201cinveros\u00edmil y triunfalista\u201d el balance de turismo del gobierno local","datePublished":"2016-01-07T09:48:02+00:00","dateModified":"2016-01-27T12:41:15+00:00","mainEntityOfPage":{"@id":"https:\/\/www.ppdelugo.com\/es\/el-gmpp-ve-inverosimil-y-triunfalista-el-balance-de-turismo-del-gobierno-local\/"},"wordCount":720,"commentCount":0,"image":{"@id":"https:\/\/www.ppdelugo.com\/es\/el-gmpp-ve-inverosimil-y-triunfalista-el-balance-de-turismo-del-gobierno-local\/#primaryimage"},"thumbnailUrl":"https:\/\/www.ppdelugo.com\/wp-content\/uploads\/2016\/01\/FRONT_MIHL.jpg","articleSection":["Turismo"],"inLanguage":"es","potentialAction":[{"@type":"CommentAction","name":"Comment","target":["https:\/\/www.ppdelugo.com\/es\/el-gmpp-ve-inverosimil-y-triunfalista-el-balance-de-turismo-del-gobierno-local\/#respond"]}]},{"@type":"WebPage","@id":"https:\/\/www.ppdelugo.com\/es\/el-gmpp-ve-inverosimil-y-triunfalista-el-balance-de-turismo-del-gobierno-local\/","url":"https:\/\/www.ppdelugo.com\/es\/el-gmpp-ve-inverosimil-y-triunfalista-el-balance-de-turismo-del-gobierno-local\/","name":"El PP ve \u201cinveros\u00edmil y triunfalista\u201d el balance de turismo del gobierno local - Grupo Municipal Partido Popular de Lugo","isPartOf":{"@id":"https:\/\/www.ppdelugo.com\/es\/#website"},"primaryImageOfPage":{"@id":"https:\/\/www.ppdelugo.com\/es\/el-gmpp-ve-inverosimil-y-triunfalista-el-balance-de-turismo-del-gobierno-local\/#primaryimage"},"image":{"@id":"https:\/\/www.ppdelugo.com\/es\/el-gmpp-ve-inverosimil-y-triunfalista-el-balance-de-turismo-del-gobierno-local\/#primaryimage"},"thumbnailUrl":"https:\/\/www.ppdelugo.com\/wp-content\/uploads\/2016\/01\/FRONT_MIHL.jpg","datePublished":"2016-01-07T09:48:02+00:00","dateModified":"2016-01-27T12:41:15+00:00","author":{"@id":"https:\/\/www.ppdelugo.com\/es\/#\/schema\/person\/4fa17dd371813e2c389a4417775cec48"},"breadcrumb":{"@id":"https:\/\/www.ppdelugo.com\/es\/el-gmpp-ve-inverosimil-y-triunfalista-el-balance-de-turismo-del-gobierno-local\/#breadcrumb"},"inLanguage":"es","potentialAction":[{"@type":"ReadAction","target":["https:\/\/www.ppdelugo.com\/es\/el-gmpp-ve-inverosimil-y-triunfalista-el-balance-de-turismo-del-gobierno-local\/"]}]},{"@type":"ImageObject","inLanguage":"es","@id":"https:\/\/www.ppdelugo.com\/es\/el-gmpp-ve-inverosimil-y-triunfalista-el-balance-de-turismo-del-gobierno-local\/#primaryimage","url":"https:\/\/www.ppdelugo.com\/wp-content\/uploads\/2016\/01\/FRONT_MIHL.jpg","contentUrl":"https:\/\/www.ppdelugo.com\/wp-content\/uploads\/2016\/01\/FRONT_MIHL.jpg","width":400,"height":288},{"@type":"BreadcrumbList","@id":"https:\/\/www.ppdelugo.com\/es\/el-gmpp-ve-inverosimil-y-triunfalista-el-balance-de-turismo-del-gobierno-local\/#breadcrumb","itemListElement":[{"@type":"ListItem","position":1,"name":"Portada","item":"https:\/\/www.ppdelugo.com\/es\/"},{"@type":"ListItem","position":2,"name":"El PP ve \u201cinveros\u00edmil y triunfalista\u201d el balance de turismo del gobierno local"}]},{"@type":"WebSite","@id":"https:\/\/www.ppdelugo.com\/es\/#website","url":"https:\/\/www.ppdelugo.com\/es\/","name":"Grupo Municipal Partido Popular de Lugo","description":"Web del Grupo Municipal del Partido Popular en el Ayuntamiento de Lugo, con informaci\u00f3n sobre Lugo y fomento de la participaci\u00f3n ciudadana","potentialAction":[{"@type":"SearchAction","target":{"@type":"EntryPoint","urlTemplate":"https:\/\/www.ppdelugo.com\/es\/?s={search_term_string}"},"query-input":{"@type":"PropertyValueSpecification","valueRequired":true,"valueName":"search_term_string"}}],"inLanguage":"es"},{"@type":"Person","@id":"https:\/\/www.ppdelugo.com\/es\/#\/schema\/person\/4fa17dd371813e2c389a4417775cec48","name":"ppdelugo","url":"https:\/\/www.ppdelugo.com\/es\/author\/admin-2\/"}]}},"_links":{"self":[{"href":"https:\/\/www.ppdelugo.com\/es\/wp-json\/wp\/v2\/posts\/1176","targetHints":{"allow":["GET"]}}],"collection":[{"href":"https:\/\/www.ppdelugo.com\/es\/wp-json\/wp\/v2\/posts"}],"about":[{"href":"https:\/\/www.ppdelugo.com\/es\/wp-json\/wp\/v2\/types\/post"}],"author":[{"embeddable":true,"href":"https:\/\/www.ppdelugo.com\/es\/wp-json\/wp\/v2\/users\/8"}],"replies":[{"embeddable":true,"href":"https:\/\/www.ppdelugo.com\/es\/wp-json\/wp\/v2\/comments?post=1176"}],"version-history":[{"count":0,"href":"https:\/\/www.ppdelugo.com\/es\/wp-json\/wp\/v2\/posts\/1176\/revisions"}],"wp:featuredmedia":[{"embeddable":true,"href":"https:\/\/www.ppdelugo.com\/es\/wp-json\/wp\/v2\/media\/601"}],"wp:attachment":[{"href":"https:\/\/www.ppdelugo.com\/es\/wp-json\/wp\/v2\/media?parent=1176"}],"wp:term":[{"taxonomy":"category","embeddable":true,"href":"https:\/\/www.ppdelugo.com\/es\/wp-json\/wp\/v2\/categories?post=1176"},{"taxonomy":"post_tag","embeddable":true,"href":"https:\/\/www.ppdelugo.com\/es\/wp-json\/wp\/v2\/tags?post=1176"}],"curies":[{"name":"wp","href":"https:\/\/api.w.org\/{rel}","templated":true}]}}