{"id":1173,"date":"2016-01-12T13:08:41","date_gmt":"2016-01-12T13:08:41","guid":{"rendered":"http:\/\/www.ppdelugo.com\/es\/el-pp-solicita-la-creacion-de-una-comision-de-seguimiento-de-los-proyectos-financiados-con-fondos-europeos\/"},"modified":"2016-01-27T12:18:58","modified_gmt":"2016-01-27T12:18:58","slug":"el-pp-solicita-la-creacion-de-una-comision-de-seguimiento-de-los-proyectos-financiados-con-fondos-europeos","status":"publish","type":"post","link":"https:\/\/www.ppdelugo.com\/es\/el-pp-solicita-la-creacion-de-una-comision-de-seguimiento-de-los-proyectos-financiados-con-fondos-europeos\/","title":{"rendered":"El PP solicita la creaci\u00f3n de una Comisi\u00f3n de Seguimiento de los proyectos financiados con fondos europeos"},"content":{"rendered":"[vc_row type=\u00bbin_container\u00bb scene_position=\u00bbcenter\u00bb text_color=\u00bbdark\u00bb text_align=\u00bbleft\u00bb top_padding=\u00bb-10&#8243;][vc_column column_padding=\u00bbno-extra-padding\u00bb column_padding_position=\u00bball\u00bb background_color_opacity=\u00bb1&#8243; background_hover_color_opacity=\u00bb1&#8243; width=\u00bb1\/1&#8243;][vc_column_text]\n<p>La concejala del PP, Isabel Devesa afirma que con este foro \u201cse garantizar\u00e1 la participaci\u00f3n, toma de decisiones y desarrollo de las futuras intervenciones\u00a0 as\u00ed como el control de su ejecuci\u00f3n\u201d<\/p>\n<p><!--more--><\/p>\n<p>El Grupo Municipal del Partido Popular solicitar\u00e1 la creaci\u00f3n de una Comisi\u00f3n de Seguimiento de la Estrategia de Desarrollo Urbano Sostenible Integrado a cuya financiaci\u00f3n, de hasta 15 millones de fondos FEDER, opta el municipio de Lugo . La concejala popular Isabel Devesa afirma que es necesario anticiparse \u201cpara que no suceda lo de siempre y estemos trabajando constantemente a contrarreloj como ha sucedido con el anterior programa de Plan Urban, tambi\u00e9n financiado con fondos europeos\u201d.<\/p>\n<p>La popular asegura que \u201ccon esta Comisi\u00f3n de Seguimiento se garantizar\u00e1 la participaci\u00f3n, toma de decisiones y desarrollo de las futuras intervenciones\u00a0 as\u00ed como el control de su ejecuci\u00f3n\u201d.<\/p>\n<p>Los populares insisten en que \u201csi los socialistas tuviesen un modelo claro de ciudad habr\u00edan preparado, para optar a estos fondos europeos, otro documento mucho m\u00e1s completo que el que hoy se present\u00f3 al Consello Econ\u00f3mico y Social\u201d. Devesa a\u00f1adi\u00f3 que muchas de las intervenciones que se esbozaron hoy ya fueron propuestas, con anterioridad, por el Partido Popular \u201ccomo es el caso de la conexi\u00f3n del Parque Marcos Cela con el barrio del Puente por la Volta da Vi\u00f1a, la peatonalizaci\u00f3n de la Calzada del puente o la revitalizaci\u00f3n de rio completando el cintur\u00f3n verde y creando una playa fluvial\u201d.<\/p>\n<p>Isabel Devesa considera \u201cil\u00f3gico y poco \u00e9tico\u201d que 8 concejales y una empresa privada, ajena a la ciudad, decidan qu\u00e9 actuaciones marcar\u00e1n el futuro de Lugo a corto y medio plazo. El Grupo Popular pone de manifiesto que despu\u00e9s de la \u201cexperiencia del Plan Urban\u201d hai que tomar medidas preventivas \u201cdebemos buscar sistemas de trabajo ordenados y eficaces para prescindir de las improvisaciones de \u00faltima hora como ocurri\u00f3 con las certificaciones de las obras de este programa que a d\u00eda de hoy est\u00e1n sin terminar \u201d.<\/p>\n[\/vc_column_text][\/vc_column][\/vc_row][vc_row type=\u00bbin_container\u00bb scene_position=\u00bbcenter\u00bb text_color=\u00bbdark\u00bb text_align=\u00bbleft\u00bb][vc_column column_padding=\u00bbno-extra-padding\u00bb column_padding_position=\u00bball\u00bb background_color_opacity=\u00bb1&#8243; background_hover_color_opacity=\u00bb1&#8243; width=\u00bb1\/1&#8243;][vc_column_text]\n<audio class=\"wp-audio-shortcode\" id=\"audio-1173-1\" preload=\"none\" style=\"width: 100%;\" controls=\"controls\"><source type=\"audio\/mpeg\" src=\"http:\/\/www.ppdelugo.com\/wp-content\/uploads\/2016\/01\/CORTE-DEVESA-2016.01.12.mp3?_=1\" \/><a href=\"http:\/\/www.ppdelugo.com\/wp-content\/uploads\/2016\/01\/CORTE-DEVESA-2016.01.12.mp3\">http:\/\/www.ppdelugo.com\/wp-content\/uploads\/2016\/01\/CORTE-DEVESA-2016.01.12.mp3<\/a><\/audio>\n[\/vc_column_text][\/vc_column][\/vc_row]\n","protected":false},"excerpt":{"rendered":"<p>[vc_row type=\u00bbin_container\u00bb scene_position=\u00bbcenter\u00bb text_color=\u00bbdark\u00bb text_align=\u00bbleft\u00bb top_padding=\u00bb-10&#8243;][vc_column column_padding=\u00bbno-extra-padding\u00bb column_padding_position=\u00bball\u00bb background_color_opacity=\u00bb1&#8243; background_hover_color_opacity=\u00bb1&#8243; width=\u00bb1\/1&#8243;][vc_column_text] La concejala del PP, Isabel Devesa afirma que con este foro \u201cse garantizar\u00e1 la participaci\u00f3n, toma de decisiones y&#8230;<\/p>\n","protected":false},"author":8,"featured_media":621,"comment_status":"open","ping_status":"closed","sticky":false,"template":"","format":"standard","meta":{"footnotes":""},"categories":[31],"tags":[],"class_list":{"0":"post-1173","1":"post","2":"type-post","3":"status-publish","4":"format-standard","5":"has-post-thumbnail","7":"category-economia-es"},"yoast_head":"<!-- This site is optimized with the Yoast SEO plugin v27.4 - https:\/\/yoast.com\/product\/yoast-seo-wordpress\/ -->\n<title>El PP solicita la creaci\u00f3n de una Comisi\u00f3n de Seguimiento de los proyectos financiados con fondos europeos - Grupo Municipal Partido Popular de Lugo<\/title>\n<meta name=\"robots\" content=\"index, follow, max-snippet:-1, max-image-preview:large, max-video-preview:-1\" \/>\n<link rel=\"canonical\" href=\"https:\/\/www.ppdelugo.com\/es\/el-pp-solicita-la-creacion-de-una-comision-de-seguimiento-de-los-proyectos-financiados-con-fondos-europeos\/\" \/>\n<meta property=\"og:locale\" content=\"es_ES\" \/>\n<meta property=\"og:type\" content=\"article\" \/>\n<meta property=\"og:title\" content=\"El PP solicita la creaci\u00f3n de una Comisi\u00f3n de Seguimiento de los proyectos financiados con fondos europeos - Grupo Municipal Partido Popular de Lugo\" \/>\n<meta property=\"og:description\" content=\"[vc_row type=\u00bbin_container\u00bb scene_position=\u00bbcenter\u00bb text_color=\u00bbdark\u00bb text_align=\u00bbleft\u00bb top_padding=\u00bb-10&#8243;][vc_column column_padding=\u00bbno-extra-padding\u00bb column_padding_position=\u00bball\u00bb background_color_opacity=\u00bb1&#8243; background_hover_color_opacity=\u00bb1&#8243; width=\u00bb1\/1&#8243;][vc_column_text] La concejala del PP, Isabel Devesa afirma que con este foro \u201cse garantizar\u00e1 la participaci\u00f3n, toma de decisiones y...\" \/>\n<meta property=\"og:url\" content=\"https:\/\/www.ppdelugo.com\/es\/el-pp-solicita-la-creacion-de-una-comision-de-seguimiento-de-los-proyectos-financiados-con-fondos-europeos\/\" \/>\n<meta property=\"og:site_name\" content=\"Grupo Municipal Partido Popular de Lugo\" \/>\n<meta property=\"article:published_time\" content=\"2016-01-12T13:08:41+00:00\" \/>\n<meta property=\"article:modified_time\" content=\"2016-01-27T12:18:58+00:00\" \/>\n<meta property=\"og:image\" content=\"https:\/\/www.ppdelugo.com\/wp-content\/uploads\/2016\/01\/dusi.jpg\" \/>\n\t<meta property=\"og:image:width\" content=\"676\" \/>\n\t<meta property=\"og:image:height\" content=\"239\" \/>\n\t<meta property=\"og:image:type\" content=\"image\/jpeg\" \/>\n<meta name=\"author\" content=\"ppdelugo\" \/>\n<meta name=\"twitter:card\" content=\"summary_large_image\" \/>\n<meta name=\"twitter:label1\" content=\"Escrito por\" \/>\n\t<meta name=\"twitter:data1\" content=\"ppdelugo\" \/>\n\t<meta name=\"twitter:label2\" content=\"Tiempo de lectura\" \/>\n\t<meta name=\"twitter:data2\" content=\"2 minutos\" \/>\n<script type=\"application\/ld+json\" class=\"yoast-schema-graph\">{\"@context\":\"https:\\\/\\\/schema.org\",\"@graph\":[{\"@type\":\"Article\",\"@id\":\"https:\\\/\\\/www.ppdelugo.com\\\/es\\\/el-pp-solicita-la-creacion-de-una-comision-de-seguimiento-de-los-proyectos-financiados-con-fondos-europeos\\\/#article\",\"isPartOf\":{\"@id\":\"https:\\\/\\\/www.ppdelugo.com\\\/es\\\/el-pp-solicita-la-creacion-de-una-comision-de-seguimiento-de-los-proyectos-financiados-con-fondos-europeos\\\/\"},\"author\":{\"name\":\"ppdelugo\",\"@id\":\"https:\\\/\\\/www.ppdelugo.com\\\/es\\\/#\\\/schema\\\/person\\\/4fa17dd371813e2c389a4417775cec48\"},\"headline\":\"El PP solicita la creaci\u00f3n de una Comisi\u00f3n de Seguimiento de los proyectos financiados con fondos europeos\",\"datePublished\":\"2016-01-12T13:08:41+00:00\",\"dateModified\":\"2016-01-27T12:18:58+00:00\",\"mainEntityOfPage\":{\"@id\":\"https:\\\/\\\/www.ppdelugo.com\\\/es\\\/el-pp-solicita-la-creacion-de-una-comision-de-seguimiento-de-los-proyectos-financiados-con-fondos-europeos\\\/\"},\"wordCount\":456,\"commentCount\":0,\"image\":{\"@id\":\"https:\\\/\\\/www.ppdelugo.com\\\/es\\\/el-pp-solicita-la-creacion-de-una-comision-de-seguimiento-de-los-proyectos-financiados-con-fondos-europeos\\\/#primaryimage\"},\"thumbnailUrl\":\"https:\\\/\\\/www.ppdelugo.com\\\/wp-content\\\/uploads\\\/2016\\\/01\\\/dusi.jpg\",\"articleSection\":[\"Econom\u00eda\"],\"inLanguage\":\"es\",\"potentialAction\":[{\"@type\":\"CommentAction\",\"name\":\"Comment\",\"target\":[\"https:\\\/\\\/www.ppdelugo.com\\\/es\\\/el-pp-solicita-la-creacion-de-una-comision-de-seguimiento-de-los-proyectos-financiados-con-fondos-europeos\\\/#respond\"]}]},{\"@type\":\"WebPage\",\"@id\":\"https:\\\/\\\/www.ppdelugo.com\\\/es\\\/el-pp-solicita-la-creacion-de-una-comision-de-seguimiento-de-los-proyectos-financiados-con-fondos-europeos\\\/\",\"url\":\"https:\\\/\\\/www.ppdelugo.com\\\/es\\\/el-pp-solicita-la-creacion-de-una-comision-de-seguimiento-de-los-proyectos-financiados-con-fondos-europeos\\\/\",\"name\":\"El PP solicita la creaci\u00f3n de una Comisi\u00f3n de Seguimiento de los proyectos financiados con fondos europeos - Grupo Municipal Partido Popular de Lugo\",\"isPartOf\":{\"@id\":\"https:\\\/\\\/www.ppdelugo.com\\\/es\\\/#website\"},\"primaryImageOfPage\":{\"@id\":\"https:\\\/\\\/www.ppdelugo.com\\\/es\\\/el-pp-solicita-la-creacion-de-una-comision-de-seguimiento-de-los-proyectos-financiados-con-fondos-europeos\\\/#primaryimage\"},\"image\":{\"@id\":\"https:\\\/\\\/www.ppdelugo.com\\\/es\\\/el-pp-solicita-la-creacion-de-una-comision-de-seguimiento-de-los-proyectos-financiados-con-fondos-europeos\\\/#primaryimage\"},\"thumbnailUrl\":\"https:\\\/\\\/www.ppdelugo.com\\\/wp-content\\\/uploads\\\/2016\\\/01\\\/dusi.jpg\",\"datePublished\":\"2016-01-12T13:08:41+00:00\",\"dateModified\":\"2016-01-27T12:18:58+00:00\",\"author\":{\"@id\":\"https:\\\/\\\/www.ppdelugo.com\\\/es\\\/#\\\/schema\\\/person\\\/4fa17dd371813e2c389a4417775cec48\"},\"breadcrumb\":{\"@id\":\"https:\\\/\\\/www.ppdelugo.com\\\/es\\\/el-pp-solicita-la-creacion-de-una-comision-de-seguimiento-de-los-proyectos-financiados-con-fondos-europeos\\\/#breadcrumb\"},\"inLanguage\":\"es\",\"potentialAction\":[{\"@type\":\"ReadAction\",\"target\":[\"https:\\\/\\\/www.ppdelugo.com\\\/es\\\/el-pp-solicita-la-creacion-de-una-comision-de-seguimiento-de-los-proyectos-financiados-con-fondos-europeos\\\/\"]}]},{\"@type\":\"ImageObject\",\"inLanguage\":\"es\",\"@id\":\"https:\\\/\\\/www.ppdelugo.com\\\/es\\\/el-pp-solicita-la-creacion-de-una-comision-de-seguimiento-de-los-proyectos-financiados-con-fondos-europeos\\\/#primaryimage\",\"url\":\"https:\\\/\\\/www.ppdelugo.com\\\/wp-content\\\/uploads\\\/2016\\\/01\\\/dusi.jpg\",\"contentUrl\":\"https:\\\/\\\/www.ppdelugo.com\\\/wp-content\\\/uploads\\\/2016\\\/01\\\/dusi.jpg\",\"width\":676,\"height\":239},{\"@type\":\"BreadcrumbList\",\"@id\":\"https:\\\/\\\/www.ppdelugo.com\\\/es\\\/el-pp-solicita-la-creacion-de-una-comision-de-seguimiento-de-los-proyectos-financiados-con-fondos-europeos\\\/#breadcrumb\",\"itemListElement\":[{\"@type\":\"ListItem\",\"position\":1,\"name\":\"Portada\",\"item\":\"https:\\\/\\\/www.ppdelugo.com\\\/es\\\/\"},{\"@type\":\"ListItem\",\"position\":2,\"name\":\"El PP solicita la creaci\u00f3n de una Comisi\u00f3n de Seguimiento de los proyectos financiados con fondos europeos\"}]},{\"@type\":\"WebSite\",\"@id\":\"https:\\\/\\\/www.ppdelugo.com\\\/es\\\/#website\",\"url\":\"https:\\\/\\\/www.ppdelugo.com\\\/es\\\/\",\"name\":\"Grupo Municipal Partido Popular de Lugo\",\"description\":\"Web del Grupo Municipal del Partido Popular en el Ayuntamiento de Lugo, con informaci\u00f3n sobre Lugo y fomento de la participaci\u00f3n ciudadana\",\"potentialAction\":[{\"@type\":\"SearchAction\",\"target\":{\"@type\":\"EntryPoint\",\"urlTemplate\":\"https:\\\/\\\/www.ppdelugo.com\\\/es\\\/?s={search_term_string}\"},\"query-input\":{\"@type\":\"PropertyValueSpecification\",\"valueRequired\":true,\"valueName\":\"search_term_string\"}}],\"inLanguage\":\"es\"},{\"@type\":\"Person\",\"@id\":\"https:\\\/\\\/www.ppdelugo.com\\\/es\\\/#\\\/schema\\\/person\\\/4fa17dd371813e2c389a4417775cec48\",\"name\":\"ppdelugo\",\"url\":\"https:\\\/\\\/www.ppdelugo.com\\\/es\\\/author\\\/admin-2\\\/\"}]}<\/script>\n<!-- \/ Yoast SEO plugin. -->","yoast_head_json":{"title":"El PP solicita la creaci\u00f3n de una Comisi\u00f3n de Seguimiento de los proyectos financiados con fondos europeos - Grupo Municipal Partido Popular de Lugo","robots":{"index":"index","follow":"follow","max-snippet":"max-snippet:-1","max-image-preview":"max-image-preview:large","max-video-preview":"max-video-preview:-1"},"canonical":"https:\/\/www.ppdelugo.com\/es\/el-pp-solicita-la-creacion-de-una-comision-de-seguimiento-de-los-proyectos-financiados-con-fondos-europeos\/","og_locale":"es_ES","og_type":"article","og_title":"El PP solicita la creaci\u00f3n de una Comisi\u00f3n de Seguimiento de los proyectos financiados con fondos europeos - Grupo Municipal Partido Popular de Lugo","og_description":"[vc_row type=\u00bbin_container\u00bb scene_position=\u00bbcenter\u00bb text_color=\u00bbdark\u00bb text_align=\u00bbleft\u00bb top_padding=\u00bb-10&#8243;][vc_column column_padding=\u00bbno-extra-padding\u00bb column_padding_position=\u00bball\u00bb background_color_opacity=\u00bb1&#8243; background_hover_color_opacity=\u00bb1&#8243; width=\u00bb1\/1&#8243;][vc_column_text] La concejala del PP, Isabel Devesa afirma que con este foro \u201cse garantizar\u00e1 la participaci\u00f3n, toma de decisiones y...","og_url":"https:\/\/www.ppdelugo.com\/es\/el-pp-solicita-la-creacion-de-una-comision-de-seguimiento-de-los-proyectos-financiados-con-fondos-europeos\/","og_site_name":"Grupo Municipal Partido Popular de Lugo","article_published_time":"2016-01-12T13:08:41+00:00","article_modified_time":"2016-01-27T12:18:58+00:00","og_image":[{"width":676,"height":239,"url":"https:\/\/www.ppdelugo.com\/wp-content\/uploads\/2016\/01\/dusi.jpg","type":"image\/jpeg"}],"author":"ppdelugo","twitter_card":"summary_large_image","twitter_misc":{"Escrito por":"ppdelugo","Tiempo de lectura":"2 minutos"},"schema":{"@context":"https:\/\/schema.org","@graph":[{"@type":"Article","@id":"https:\/\/www.ppdelugo.com\/es\/el-pp-solicita-la-creacion-de-una-comision-de-seguimiento-de-los-proyectos-financiados-con-fondos-europeos\/#article","isPartOf":{"@id":"https:\/\/www.ppdelugo.com\/es\/el-pp-solicita-la-creacion-de-una-comision-de-seguimiento-de-los-proyectos-financiados-con-fondos-europeos\/"},"author":{"name":"ppdelugo","@id":"https:\/\/www.ppdelugo.com\/es\/#\/schema\/person\/4fa17dd371813e2c389a4417775cec48"},"headline":"El PP solicita la creaci\u00f3n de una Comisi\u00f3n de Seguimiento de los proyectos financiados con fondos europeos","datePublished":"2016-01-12T13:08:41+00:00","dateModified":"2016-01-27T12:18:58+00:00","mainEntityOfPage":{"@id":"https:\/\/www.ppdelugo.com\/es\/el-pp-solicita-la-creacion-de-una-comision-de-seguimiento-de-los-proyectos-financiados-con-fondos-europeos\/"},"wordCount":456,"commentCount":0,"image":{"@id":"https:\/\/www.ppdelugo.com\/es\/el-pp-solicita-la-creacion-de-una-comision-de-seguimiento-de-los-proyectos-financiados-con-fondos-europeos\/#primaryimage"},"thumbnailUrl":"https:\/\/www.ppdelugo.com\/wp-content\/uploads\/2016\/01\/dusi.jpg","articleSection":["Econom\u00eda"],"inLanguage":"es","potentialAction":[{"@type":"CommentAction","name":"Comment","target":["https:\/\/www.ppdelugo.com\/es\/el-pp-solicita-la-creacion-de-una-comision-de-seguimiento-de-los-proyectos-financiados-con-fondos-europeos\/#respond"]}]},{"@type":"WebPage","@id":"https:\/\/www.ppdelugo.com\/es\/el-pp-solicita-la-creacion-de-una-comision-de-seguimiento-de-los-proyectos-financiados-con-fondos-europeos\/","url":"https:\/\/www.ppdelugo.com\/es\/el-pp-solicita-la-creacion-de-una-comision-de-seguimiento-de-los-proyectos-financiados-con-fondos-europeos\/","name":"El PP solicita la creaci\u00f3n de una Comisi\u00f3n de Seguimiento de los proyectos financiados con fondos europeos - Grupo Municipal Partido Popular de Lugo","isPartOf":{"@id":"https:\/\/www.ppdelugo.com\/es\/#website"},"primaryImageOfPage":{"@id":"https:\/\/www.ppdelugo.com\/es\/el-pp-solicita-la-creacion-de-una-comision-de-seguimiento-de-los-proyectos-financiados-con-fondos-europeos\/#primaryimage"},"image":{"@id":"https:\/\/www.ppdelugo.com\/es\/el-pp-solicita-la-creacion-de-una-comision-de-seguimiento-de-los-proyectos-financiados-con-fondos-europeos\/#primaryimage"},"thumbnailUrl":"https:\/\/www.ppdelugo.com\/wp-content\/uploads\/2016\/01\/dusi.jpg","datePublished":"2016-01-12T13:08:41+00:00","dateModified":"2016-01-27T12:18:58+00:00","author":{"@id":"https:\/\/www.ppdelugo.com\/es\/#\/schema\/person\/4fa17dd371813e2c389a4417775cec48"},"breadcrumb":{"@id":"https:\/\/www.ppdelugo.com\/es\/el-pp-solicita-la-creacion-de-una-comision-de-seguimiento-de-los-proyectos-financiados-con-fondos-europeos\/#breadcrumb"},"inLanguage":"es","potentialAction":[{"@type":"ReadAction","target":["https:\/\/www.ppdelugo.com\/es\/el-pp-solicita-la-creacion-de-una-comision-de-seguimiento-de-los-proyectos-financiados-con-fondos-europeos\/"]}]},{"@type":"ImageObject","inLanguage":"es","@id":"https:\/\/www.ppdelugo.com\/es\/el-pp-solicita-la-creacion-de-una-comision-de-seguimiento-de-los-proyectos-financiados-con-fondos-europeos\/#primaryimage","url":"https:\/\/www.ppdelugo.com\/wp-content\/uploads\/2016\/01\/dusi.jpg","contentUrl":"https:\/\/www.ppdelugo.com\/wp-content\/uploads\/2016\/01\/dusi.jpg","width":676,"height":239},{"@type":"BreadcrumbList","@id":"https:\/\/www.ppdelugo.com\/es\/el-pp-solicita-la-creacion-de-una-comision-de-seguimiento-de-los-proyectos-financiados-con-fondos-europeos\/#breadcrumb","itemListElement":[{"@type":"ListItem","position":1,"name":"Portada","item":"https:\/\/www.ppdelugo.com\/es\/"},{"@type":"ListItem","position":2,"name":"El PP solicita la creaci\u00f3n de una Comisi\u00f3n de Seguimiento de los proyectos financiados con fondos europeos"}]},{"@type":"WebSite","@id":"https:\/\/www.ppdelugo.com\/es\/#website","url":"https:\/\/www.ppdelugo.com\/es\/","name":"Grupo Municipal Partido Popular de Lugo","description":"Web del Grupo Municipal del Partido Popular en el Ayuntamiento de Lugo, con informaci\u00f3n sobre Lugo y fomento de la participaci\u00f3n ciudadana","potentialAction":[{"@type":"SearchAction","target":{"@type":"EntryPoint","urlTemplate":"https:\/\/www.ppdelugo.com\/es\/?s={search_term_string}"},"query-input":{"@type":"PropertyValueSpecification","valueRequired":true,"valueName":"search_term_string"}}],"inLanguage":"es"},{"@type":"Person","@id":"https:\/\/www.ppdelugo.com\/es\/#\/schema\/person\/4fa17dd371813e2c389a4417775cec48","name":"ppdelugo","url":"https:\/\/www.ppdelugo.com\/es\/author\/admin-2\/"}]}},"_links":{"self":[{"href":"https:\/\/www.ppdelugo.com\/es\/wp-json\/wp\/v2\/posts\/1173","targetHints":{"allow":["GET"]}}],"collection":[{"href":"https:\/\/www.ppdelugo.com\/es\/wp-json\/wp\/v2\/posts"}],"about":[{"href":"https:\/\/www.ppdelugo.com\/es\/wp-json\/wp\/v2\/types\/post"}],"author":[{"embeddable":true,"href":"https:\/\/www.ppdelugo.com\/es\/wp-json\/wp\/v2\/users\/8"}],"replies":[{"embeddable":true,"href":"https:\/\/www.ppdelugo.com\/es\/wp-json\/wp\/v2\/comments?post=1173"}],"version-history":[{"count":0,"href":"https:\/\/www.ppdelugo.com\/es\/wp-json\/wp\/v2\/posts\/1173\/revisions"}],"wp:featuredmedia":[{"embeddable":true,"href":"https:\/\/www.ppdelugo.com\/es\/wp-json\/wp\/v2\/media\/621"}],"wp:attachment":[{"href":"https:\/\/www.ppdelugo.com\/es\/wp-json\/wp\/v2\/media?parent=1173"}],"wp:term":[{"taxonomy":"category","embeddable":true,"href":"https:\/\/www.ppdelugo.com\/es\/wp-json\/wp\/v2\/categories?post=1173"},{"taxonomy":"post_tag","embeddable":true,"href":"https:\/\/www.ppdelugo.com\/es\/wp-json\/wp\/v2\/tags?post=1173"}],"curies":[{"name":"wp","href":"https:\/\/api.w.org\/{rel}","templated":true}]}}