{"id":11721,"date":"2020-02-02T17:12:23","date_gmt":"2020-02-02T17:12:23","guid":{"rendered":"http:\/\/www.ppdelugo.com\/o-pp-afirma-que-pola-deixadez-do-bigoberno-se-multiplican-os-baches-rompe-coches-na-rede-viaria-rural\/"},"modified":"2020-02-04T17:14:45","modified_gmt":"2020-02-04T17:14:45","slug":"o-pp-afirma-que-pola-deixadez-do-bigoberno-se-multiplican-os-baches-rompe-coches-na-rede-viaria-rural","status":"publish","type":"post","link":"https:\/\/www.ppdelugo.com\/es\/o-pp-afirma-que-pola-deixadez-do-bigoberno-se-multiplican-os-baches-rompe-coches-na-rede-viaria-rural\/","title":{"rendered":"El PP afirma que por la  deixadez del  bigoberno se multiplican los \u201c baches rompe coches\u201d en la red viaria rural"},"content":{"rendered":"<p>El concejal del Grupo Municipal del PP Manuel L\u00f3pez reclama mayor atenci\u00f3n y sensibilidad con los vecinos de las parroquias de Lugo, ya que el estado en el que se encuentran la mayor parte de las pistas \u201ces calamitoso\u201d lo que provoca da\u00f1os en los veh\u00edculos debido los continuos baches y a la profundidad que tienen los baches<br \/>\n<!--more--><\/p>\n<p>O concelleiro do Grupo Municipal do Partido Popular no Concello de Lugo, Manuel L\u00f3pez, denuncia o mal estado de numerosas estradas das parroquias de Lugo \u00e1s que denomina \u00a0\u201cpistas rompe coches\u201d.<\/p>\n<p>Manuel L\u00f3pez denuncia esta situaci\u00f3n, que se estende \u00e1 totalidade das 54 parroquias do rural, onde hai un gran n\u00famero de pistas nas que os veh\u00edculos pasan con moita dificultade polas fochancas de gran tama\u00f1o que hai no firme e que cada vez se agrandan m\u00e1is polo paso do tempo e as chuvias torrenciais. L\u00f3pez asegura que \u201cos propios veci\u00f1os da zona padecen a cotio as consecuencias deste abandono e mesmo alg\u00fans sufriron danos en veh\u00edculos particulares\u201d.<\/p>\n<p>Neste senso, Manuel L\u00f3pez pide \u201ctraballo e dilixencia\u201d ao bigoberno de Lugo porque \u201cnon se pode permitir baixo ning\u00fan concepto que cidad\u00e1ns que pagan os impostos municipais te\u00f1an que atravesar un sin fin de baches para\u00a0 chegar \u00e1s s\u00faas casas\u201d.<\/p>\n<p>Nun chequeo realizado a\u00a0 tan s\u00f3 catro parroquias (Orbazai, Adai, Muxa e Castelo) atopamos exemplos de pistas en moi mal estado. (Adx\u00fantanse Fotos)<\/p>\n<p>Para Manuel L\u00f3pez calquera destas v\u00edas po\u00f1en en evidencia \u201co pasotismo\u201d ao que os anteriores goberno socialistas e o actual bigoberno te\u00f1en sometidas \u00e1s parroquias do rural, onde \u201co mantemento das pistas \u00e9 un debe dende hai moitos anos, polo que \u00e9 imprescindible po\u00f1erse a traballar\u201d.<\/p>\n<p>Outra situaci\u00f3n que destaca negativamente \u00e9 a que te\u00f1en que vivir un grupo de cinco veci\u00f1os de Ferreiros, unha zona na que o acceso \u00e1s vivendas est\u00e1 en terra \u201cnun estado verdadeiramente lamentable\u201d o que provoca grandes problemas aos veci\u00f1os cando queren entrar e sa\u00edr das s\u00faas casas. Dende o Grupo Municipal Popular xa se realizaron varias solicitudes en comisi\u00f3n para tentar arranxar esta situaci\u00f3n \u201cque persiste a d\u00eda de hoxe\u201d. \u201cA soluci\u00f3n \u00e9 o asfaltado e moito nos tememos que se nalgunha desas casas vivira un ped\u00e1neo este arranxo xa se ter\u00eda realizado xa que os ped\u00e1neos son os que realmente dirixen o rural\u201d, sinalou.<\/p>\n<p>Pero ademais, Manuel L\u00f3pez recorda que o deixadez do bigoberno se viu reflectida hai poucas semanas cando o Concello de Lugo perdeu unha subvenci\u00f3n da Xunta de Galicia para arranxar pistas no rural, motivo polo que os veci\u00f1os de Santa Mar\u00eda de B\u00f3veda (pista de Barba\u00edn a Buratai), San Xoan Campo (Argonde) e Conturiz (O Cuco) sufriron as consecuencias da falta de xesti\u00f3n do goberno local que \u201cnon foi quen de tramitar, en tempo e forma, a achega de 95.077\u20ac do Plan de Mellora de Cami\u00f1os Municipais 2019-2020 que lle asignou a Xunta ao municipio de Lugo\u201d.<\/p>\n","protected":false},"excerpt":{"rendered":"<p>El concejal del Grupo Municipal del PP Manuel L\u00f3pez reclama mayor atenci\u00f3n y sensibilidad con los vecinos de las parroquias de Lugo, ya que el estado en el que se&#8230;<\/p>\n","protected":false},"author":8,"featured_media":11719,"comment_status":"open","ping_status":"closed","sticky":false,"template":"","format":"standard","meta":{"footnotes":""},"categories":[38,44],"tags":[],"class_list":{"0":"post-11721","1":"post","2":"type-post","3":"status-publish","4":"format-standard","5":"has-post-thumbnail","7":"category-trafico-es","8":"category-zona-rural-es"},"yoast_head":"<!-- This site is optimized with the Yoast SEO plugin v27.4 - https:\/\/yoast.com\/product\/yoast-seo-wordpress\/ -->\n<title>El PP afirma que por la deixadez del bigoberno se multiplican los \u201c baches rompe coches\u201d en la red viaria rural - Grupo Municipal Partido Popular de Lugo<\/title>\n<meta name=\"robots\" content=\"index, follow, max-snippet:-1, max-image-preview:large, max-video-preview:-1\" \/>\n<link rel=\"canonical\" href=\"https:\/\/www.ppdelugo.com\/es\/o-pp-afirma-que-pola-deixadez-do-bigoberno-se-multiplican-os-baches-rompe-coches-na-rede-viaria-rural\/\" \/>\n<meta property=\"og:locale\" content=\"es_ES\" \/>\n<meta property=\"og:type\" content=\"article\" \/>\n<meta property=\"og:title\" content=\"El PP afirma que por la deixadez del bigoberno se multiplican los \u201c baches rompe coches\u201d en la red viaria rural - Grupo Municipal Partido Popular de Lugo\" \/>\n<meta property=\"og:description\" content=\"El concejal del Grupo Municipal del PP Manuel L\u00f3pez reclama mayor atenci\u00f3n y sensibilidad con los vecinos de las parroquias de Lugo, ya que el estado en el que se...\" \/>\n<meta property=\"og:url\" content=\"https:\/\/www.ppdelugo.com\/es\/o-pp-afirma-que-pola-deixadez-do-bigoberno-se-multiplican-os-baches-rompe-coches-na-rede-viaria-rural\/\" \/>\n<meta property=\"og:site_name\" content=\"Grupo Municipal Partido Popular de Lugo\" \/>\n<meta property=\"article:published_time\" content=\"2020-02-02T17:12:23+00:00\" \/>\n<meta property=\"article:modified_time\" content=\"2020-02-04T17:14:45+00:00\" \/>\n<meta property=\"og:image\" content=\"https:\/\/www.ppdelugo.com\/wp-content\/uploads\/2020\/02\/Cal-de-Pe\u00f3n-2-1024x768.jpg\" \/>\n\t<meta property=\"og:image:width\" content=\"1024\" \/>\n\t<meta property=\"og:image:height\" content=\"768\" \/>\n\t<meta property=\"og:image:type\" content=\"image\/jpeg\" \/>\n<meta name=\"author\" content=\"ppdelugo\" \/>\n<meta name=\"twitter:card\" content=\"summary_large_image\" \/>\n<meta name=\"twitter:label1\" content=\"Escrito por\" \/>\n\t<meta name=\"twitter:data1\" content=\"ppdelugo\" \/>\n\t<meta name=\"twitter:label2\" content=\"Tiempo de lectura\" \/>\n\t<meta name=\"twitter:data2\" content=\"3 minutos\" \/>\n<script type=\"application\/ld+json\" class=\"yoast-schema-graph\">{\"@context\":\"https:\\\/\\\/schema.org\",\"@graph\":[{\"@type\":\"Article\",\"@id\":\"https:\\\/\\\/www.ppdelugo.com\\\/es\\\/o-pp-afirma-que-pola-deixadez-do-bigoberno-se-multiplican-os-baches-rompe-coches-na-rede-viaria-rural\\\/#article\",\"isPartOf\":{\"@id\":\"https:\\\/\\\/www.ppdelugo.com\\\/es\\\/o-pp-afirma-que-pola-deixadez-do-bigoberno-se-multiplican-os-baches-rompe-coches-na-rede-viaria-rural\\\/\"},\"author\":{\"name\":\"ppdelugo\",\"@id\":\"https:\\\/\\\/www.ppdelugo.com\\\/es\\\/#\\\/schema\\\/person\\\/4fa17dd371813e2c389a4417775cec48\"},\"headline\":\"El PP afirma que por la deixadez del bigoberno se multiplican los \u201c baches rompe coches\u201d en la red viaria rural\",\"datePublished\":\"2020-02-02T17:12:23+00:00\",\"dateModified\":\"2020-02-04T17:14:45+00:00\",\"mainEntityOfPage\":{\"@id\":\"https:\\\/\\\/www.ppdelugo.com\\\/es\\\/o-pp-afirma-que-pola-deixadez-do-bigoberno-se-multiplican-os-baches-rompe-coches-na-rede-viaria-rural\\\/\"},\"wordCount\":538,\"commentCount\":0,\"image\":{\"@id\":\"https:\\\/\\\/www.ppdelugo.com\\\/es\\\/o-pp-afirma-que-pola-deixadez-do-bigoberno-se-multiplican-os-baches-rompe-coches-na-rede-viaria-rural\\\/#primaryimage\"},\"thumbnailUrl\":\"https:\\\/\\\/www.ppdelugo.com\\\/wp-content\\\/uploads\\\/2020\\\/02\\\/Cal-de-Pe\u00f3n-2.jpg\",\"articleSection\":[\"Tr\u00e1fico\",\"Zona Rural\"],\"inLanguage\":\"es\",\"potentialAction\":[{\"@type\":\"CommentAction\",\"name\":\"Comment\",\"target\":[\"https:\\\/\\\/www.ppdelugo.com\\\/es\\\/o-pp-afirma-que-pola-deixadez-do-bigoberno-se-multiplican-os-baches-rompe-coches-na-rede-viaria-rural\\\/#respond\"]}]},{\"@type\":\"WebPage\",\"@id\":\"https:\\\/\\\/www.ppdelugo.com\\\/es\\\/o-pp-afirma-que-pola-deixadez-do-bigoberno-se-multiplican-os-baches-rompe-coches-na-rede-viaria-rural\\\/\",\"url\":\"https:\\\/\\\/www.ppdelugo.com\\\/es\\\/o-pp-afirma-que-pola-deixadez-do-bigoberno-se-multiplican-os-baches-rompe-coches-na-rede-viaria-rural\\\/\",\"name\":\"El PP afirma que por la deixadez del bigoberno se multiplican los \u201c baches rompe coches\u201d en la red viaria rural - Grupo Municipal Partido Popular de Lugo\",\"isPartOf\":{\"@id\":\"https:\\\/\\\/www.ppdelugo.com\\\/es\\\/#website\"},\"primaryImageOfPage\":{\"@id\":\"https:\\\/\\\/www.ppdelugo.com\\\/es\\\/o-pp-afirma-que-pola-deixadez-do-bigoberno-se-multiplican-os-baches-rompe-coches-na-rede-viaria-rural\\\/#primaryimage\"},\"image\":{\"@id\":\"https:\\\/\\\/www.ppdelugo.com\\\/es\\\/o-pp-afirma-que-pola-deixadez-do-bigoberno-se-multiplican-os-baches-rompe-coches-na-rede-viaria-rural\\\/#primaryimage\"},\"thumbnailUrl\":\"https:\\\/\\\/www.ppdelugo.com\\\/wp-content\\\/uploads\\\/2020\\\/02\\\/Cal-de-Pe\u00f3n-2.jpg\",\"datePublished\":\"2020-02-02T17:12:23+00:00\",\"dateModified\":\"2020-02-04T17:14:45+00:00\",\"author\":{\"@id\":\"https:\\\/\\\/www.ppdelugo.com\\\/es\\\/#\\\/schema\\\/person\\\/4fa17dd371813e2c389a4417775cec48\"},\"breadcrumb\":{\"@id\":\"https:\\\/\\\/www.ppdelugo.com\\\/es\\\/o-pp-afirma-que-pola-deixadez-do-bigoberno-se-multiplican-os-baches-rompe-coches-na-rede-viaria-rural\\\/#breadcrumb\"},\"inLanguage\":\"es\",\"potentialAction\":[{\"@type\":\"ReadAction\",\"target\":[\"https:\\\/\\\/www.ppdelugo.com\\\/es\\\/o-pp-afirma-que-pola-deixadez-do-bigoberno-se-multiplican-os-baches-rompe-coches-na-rede-viaria-rural\\\/\"]}]},{\"@type\":\"ImageObject\",\"inLanguage\":\"es\",\"@id\":\"https:\\\/\\\/www.ppdelugo.com\\\/es\\\/o-pp-afirma-que-pola-deixadez-do-bigoberno-se-multiplican-os-baches-rompe-coches-na-rede-viaria-rural\\\/#primaryimage\",\"url\":\"https:\\\/\\\/www.ppdelugo.com\\\/wp-content\\\/uploads\\\/2020\\\/02\\\/Cal-de-Pe\u00f3n-2.jpg\",\"contentUrl\":\"https:\\\/\\\/www.ppdelugo.com\\\/wp-content\\\/uploads\\\/2020\\\/02\\\/Cal-de-Pe\u00f3n-2.jpg\",\"width\":4000,\"height\":3000},{\"@type\":\"BreadcrumbList\",\"@id\":\"https:\\\/\\\/www.ppdelugo.com\\\/es\\\/o-pp-afirma-que-pola-deixadez-do-bigoberno-se-multiplican-os-baches-rompe-coches-na-rede-viaria-rural\\\/#breadcrumb\",\"itemListElement\":[{\"@type\":\"ListItem\",\"position\":1,\"name\":\"Portada\",\"item\":\"https:\\\/\\\/www.ppdelugo.com\\\/es\\\/\"},{\"@type\":\"ListItem\",\"position\":2,\"name\":\"El PP afirma que por la deixadez del bigoberno se multiplican los \u201c baches rompe coches\u201d en la red viaria rural\"}]},{\"@type\":\"WebSite\",\"@id\":\"https:\\\/\\\/www.ppdelugo.com\\\/es\\\/#website\",\"url\":\"https:\\\/\\\/www.ppdelugo.com\\\/es\\\/\",\"name\":\"Grupo Municipal Partido Popular de Lugo\",\"description\":\"Web del Grupo Municipal del Partido Popular en el Ayuntamiento de Lugo, con informaci\u00f3n sobre Lugo y fomento de la participaci\u00f3n ciudadana\",\"potentialAction\":[{\"@type\":\"SearchAction\",\"target\":{\"@type\":\"EntryPoint\",\"urlTemplate\":\"https:\\\/\\\/www.ppdelugo.com\\\/es\\\/?s={search_term_string}\"},\"query-input\":{\"@type\":\"PropertyValueSpecification\",\"valueRequired\":true,\"valueName\":\"search_term_string\"}}],\"inLanguage\":\"es\"},{\"@type\":\"Person\",\"@id\":\"https:\\\/\\\/www.ppdelugo.com\\\/es\\\/#\\\/schema\\\/person\\\/4fa17dd371813e2c389a4417775cec48\",\"name\":\"ppdelugo\",\"url\":\"https:\\\/\\\/www.ppdelugo.com\\\/es\\\/author\\\/admin-2\\\/\"}]}<\/script>\n<!-- \/ Yoast SEO plugin. -->","yoast_head_json":{"title":"El PP afirma que por la deixadez del bigoberno se multiplican los \u201c baches rompe coches\u201d en la red viaria rural - Grupo Municipal Partido Popular de Lugo","robots":{"index":"index","follow":"follow","max-snippet":"max-snippet:-1","max-image-preview":"max-image-preview:large","max-video-preview":"max-video-preview:-1"},"canonical":"https:\/\/www.ppdelugo.com\/es\/o-pp-afirma-que-pola-deixadez-do-bigoberno-se-multiplican-os-baches-rompe-coches-na-rede-viaria-rural\/","og_locale":"es_ES","og_type":"article","og_title":"El PP afirma que por la deixadez del bigoberno se multiplican los \u201c baches rompe coches\u201d en la red viaria rural - Grupo Municipal Partido Popular de Lugo","og_description":"El concejal del Grupo Municipal del PP Manuel L\u00f3pez reclama mayor atenci\u00f3n y sensibilidad con los vecinos de las parroquias de Lugo, ya que el estado en el que se...","og_url":"https:\/\/www.ppdelugo.com\/es\/o-pp-afirma-que-pola-deixadez-do-bigoberno-se-multiplican-os-baches-rompe-coches-na-rede-viaria-rural\/","og_site_name":"Grupo Municipal Partido Popular de Lugo","article_published_time":"2020-02-02T17:12:23+00:00","article_modified_time":"2020-02-04T17:14:45+00:00","og_image":[{"width":1024,"height":768,"url":"https:\/\/www.ppdelugo.com\/wp-content\/uploads\/2020\/02\/Cal-de-Pe\u00f3n-2-1024x768.jpg","type":"image\/jpeg"}],"author":"ppdelugo","twitter_card":"summary_large_image","twitter_misc":{"Escrito por":"ppdelugo","Tiempo de lectura":"3 minutos"},"schema":{"@context":"https:\/\/schema.org","@graph":[{"@type":"Article","@id":"https:\/\/www.ppdelugo.com\/es\/o-pp-afirma-que-pola-deixadez-do-bigoberno-se-multiplican-os-baches-rompe-coches-na-rede-viaria-rural\/#article","isPartOf":{"@id":"https:\/\/www.ppdelugo.com\/es\/o-pp-afirma-que-pola-deixadez-do-bigoberno-se-multiplican-os-baches-rompe-coches-na-rede-viaria-rural\/"},"author":{"name":"ppdelugo","@id":"https:\/\/www.ppdelugo.com\/es\/#\/schema\/person\/4fa17dd371813e2c389a4417775cec48"},"headline":"El PP afirma que por la deixadez del bigoberno se multiplican los \u201c baches rompe coches\u201d en la red viaria rural","datePublished":"2020-02-02T17:12:23+00:00","dateModified":"2020-02-04T17:14:45+00:00","mainEntityOfPage":{"@id":"https:\/\/www.ppdelugo.com\/es\/o-pp-afirma-que-pola-deixadez-do-bigoberno-se-multiplican-os-baches-rompe-coches-na-rede-viaria-rural\/"},"wordCount":538,"commentCount":0,"image":{"@id":"https:\/\/www.ppdelugo.com\/es\/o-pp-afirma-que-pola-deixadez-do-bigoberno-se-multiplican-os-baches-rompe-coches-na-rede-viaria-rural\/#primaryimage"},"thumbnailUrl":"https:\/\/www.ppdelugo.com\/wp-content\/uploads\/2020\/02\/Cal-de-Pe\u00f3n-2.jpg","articleSection":["Tr\u00e1fico","Zona Rural"],"inLanguage":"es","potentialAction":[{"@type":"CommentAction","name":"Comment","target":["https:\/\/www.ppdelugo.com\/es\/o-pp-afirma-que-pola-deixadez-do-bigoberno-se-multiplican-os-baches-rompe-coches-na-rede-viaria-rural\/#respond"]}]},{"@type":"WebPage","@id":"https:\/\/www.ppdelugo.com\/es\/o-pp-afirma-que-pola-deixadez-do-bigoberno-se-multiplican-os-baches-rompe-coches-na-rede-viaria-rural\/","url":"https:\/\/www.ppdelugo.com\/es\/o-pp-afirma-que-pola-deixadez-do-bigoberno-se-multiplican-os-baches-rompe-coches-na-rede-viaria-rural\/","name":"El PP afirma que por la deixadez del bigoberno se multiplican los \u201c baches rompe coches\u201d en la red viaria rural - Grupo Municipal Partido Popular de Lugo","isPartOf":{"@id":"https:\/\/www.ppdelugo.com\/es\/#website"},"primaryImageOfPage":{"@id":"https:\/\/www.ppdelugo.com\/es\/o-pp-afirma-que-pola-deixadez-do-bigoberno-se-multiplican-os-baches-rompe-coches-na-rede-viaria-rural\/#primaryimage"},"image":{"@id":"https:\/\/www.ppdelugo.com\/es\/o-pp-afirma-que-pola-deixadez-do-bigoberno-se-multiplican-os-baches-rompe-coches-na-rede-viaria-rural\/#primaryimage"},"thumbnailUrl":"https:\/\/www.ppdelugo.com\/wp-content\/uploads\/2020\/02\/Cal-de-Pe\u00f3n-2.jpg","datePublished":"2020-02-02T17:12:23+00:00","dateModified":"2020-02-04T17:14:45+00:00","author":{"@id":"https:\/\/www.ppdelugo.com\/es\/#\/schema\/person\/4fa17dd371813e2c389a4417775cec48"},"breadcrumb":{"@id":"https:\/\/www.ppdelugo.com\/es\/o-pp-afirma-que-pola-deixadez-do-bigoberno-se-multiplican-os-baches-rompe-coches-na-rede-viaria-rural\/#breadcrumb"},"inLanguage":"es","potentialAction":[{"@type":"ReadAction","target":["https:\/\/www.ppdelugo.com\/es\/o-pp-afirma-que-pola-deixadez-do-bigoberno-se-multiplican-os-baches-rompe-coches-na-rede-viaria-rural\/"]}]},{"@type":"ImageObject","inLanguage":"es","@id":"https:\/\/www.ppdelugo.com\/es\/o-pp-afirma-que-pola-deixadez-do-bigoberno-se-multiplican-os-baches-rompe-coches-na-rede-viaria-rural\/#primaryimage","url":"https:\/\/www.ppdelugo.com\/wp-content\/uploads\/2020\/02\/Cal-de-Pe\u00f3n-2.jpg","contentUrl":"https:\/\/www.ppdelugo.com\/wp-content\/uploads\/2020\/02\/Cal-de-Pe\u00f3n-2.jpg","width":4000,"height":3000},{"@type":"BreadcrumbList","@id":"https:\/\/www.ppdelugo.com\/es\/o-pp-afirma-que-pola-deixadez-do-bigoberno-se-multiplican-os-baches-rompe-coches-na-rede-viaria-rural\/#breadcrumb","itemListElement":[{"@type":"ListItem","position":1,"name":"Portada","item":"https:\/\/www.ppdelugo.com\/es\/"},{"@type":"ListItem","position":2,"name":"El PP afirma que por la deixadez del bigoberno se multiplican los \u201c baches rompe coches\u201d en la red viaria rural"}]},{"@type":"WebSite","@id":"https:\/\/www.ppdelugo.com\/es\/#website","url":"https:\/\/www.ppdelugo.com\/es\/","name":"Grupo Municipal Partido Popular de Lugo","description":"Web del Grupo Municipal del Partido Popular en el Ayuntamiento de Lugo, con informaci\u00f3n sobre Lugo y fomento de la participaci\u00f3n ciudadana","potentialAction":[{"@type":"SearchAction","target":{"@type":"EntryPoint","urlTemplate":"https:\/\/www.ppdelugo.com\/es\/?s={search_term_string}"},"query-input":{"@type":"PropertyValueSpecification","valueRequired":true,"valueName":"search_term_string"}}],"inLanguage":"es"},{"@type":"Person","@id":"https:\/\/www.ppdelugo.com\/es\/#\/schema\/person\/4fa17dd371813e2c389a4417775cec48","name":"ppdelugo","url":"https:\/\/www.ppdelugo.com\/es\/author\/admin-2\/"}]}},"_links":{"self":[{"href":"https:\/\/www.ppdelugo.com\/es\/wp-json\/wp\/v2\/posts\/11721","targetHints":{"allow":["GET"]}}],"collection":[{"href":"https:\/\/www.ppdelugo.com\/es\/wp-json\/wp\/v2\/posts"}],"about":[{"href":"https:\/\/www.ppdelugo.com\/es\/wp-json\/wp\/v2\/types\/post"}],"author":[{"embeddable":true,"href":"https:\/\/www.ppdelugo.com\/es\/wp-json\/wp\/v2\/users\/8"}],"replies":[{"embeddable":true,"href":"https:\/\/www.ppdelugo.com\/es\/wp-json\/wp\/v2\/comments?post=11721"}],"version-history":[{"count":0,"href":"https:\/\/www.ppdelugo.com\/es\/wp-json\/wp\/v2\/posts\/11721\/revisions"}],"wp:featuredmedia":[{"embeddable":true,"href":"https:\/\/www.ppdelugo.com\/es\/wp-json\/wp\/v2\/media\/11719"}],"wp:attachment":[{"href":"https:\/\/www.ppdelugo.com\/es\/wp-json\/wp\/v2\/media?parent=11721"}],"wp:term":[{"taxonomy":"category","embeddable":true,"href":"https:\/\/www.ppdelugo.com\/es\/wp-json\/wp\/v2\/categories?post=11721"},{"taxonomy":"post_tag","embeddable":true,"href":"https:\/\/www.ppdelugo.com\/es\/wp-json\/wp\/v2\/tags?post=11721"}],"curies":[{"name":"wp","href":"https:\/\/api.w.org\/{rel}","templated":true}]}}