{"id":11710,"date":"2020-02-01T17:09:57","date_gmt":"2020-02-01T17:09:57","guid":{"rendered":"http:\/\/www.ppdelugo.com\/?p=11710"},"modified":"2020-02-04T17:11:10","modified_gmt":"2020-02-04T17:11:10","slug":"el-pp-critica-que-mendez-y-arrojo-se-empenen-en-mantener-a-lugo-como-la-ciudad-mas-sucia-de-galicia-y-convertir-las-calles-en-un-paraiso-para-las-ratas","status":"publish","type":"post","link":"https:\/\/www.ppdelugo.com\/es\/el-pp-critica-que-mendez-y-arrojo-se-empenen-en-mantener-a-lugo-como-la-ciudad-mas-sucia-de-galicia-y-convertir-las-calles-en-un-paraiso-para-las-ratas\/","title":{"rendered":"El PP critica que M\u00e9ndez y Arrojo se empe\u00f1en en mantener a Lugo como la ciudad m\u00e1s sucia de Galicia y convertir las calles en un para\u00edso para las ratas"},"content":{"rendered":"<p>El Grupo Municipal del Partido Popular hace p\u00fablicas las decenas de denuncias de lucenses que se quejan de la gran cantidad de roedores que se pueden ver por las calles de la ciudad y que ayer tuvieron su m\u00e1ximo exponente cuando los roedores camparon sus anchas por las calles del centro de la ciudad, llegando a entrar en varios negocios <!--more--><\/p>\n<p>O Grupo Municipal do Partido Popular no Concello de Lugo reclama un plan urxente de desratizaci\u00f3n de toda a cidade xa que se seguen a suceder as queixas dos lucenses porque non paran de ver roedores correndo polas r\u00faas da cidade a calquera hora do d\u00eda.<\/p>\n<p>O populares fanse eco das \u00faltimas queixas recibidas, onte pola tarde, despois de que moitos lucenses viran a varios roedores por diversas r\u00faas do centro da cidade, chegando a entrar en varios establecementos comerciais. \u201cChegamos a un punto no que a cidade est\u00e1 dominada pola sucidade e temos que po\u00f1er un punto final a esta din\u00e1mica porque do contrario imos ter un problema serio de sa\u00fade p\u00fablica\u201d, sinalan.<\/p>\n<p>Esta queixa eng\u00e1dese a outras decenas xa recibidas na oficina do Grupo Municipal Popular por moitos lucenses, todos de diferentes barrios, que aseguraban estar fartos de ver ratas pasear polas r\u00faas a diario. O Sagrado Coraz\u00f3n, A Cheda, A Milagrosa, A Piringalla, O Casti\u00f1eiro&#8230; todos os barrios da cidade te\u00f1en un denominador com\u00fan \u201ca sucidade que os invade e que propicia a aparici\u00f3n das ratas\u201d, mentres o bigoberno segue a protexer a unha multinacional que factura cada ano preto de 8M\u20ac sen contrato e sen aplicar o novo convenio ao traballadores desde o ano 2018.<\/p>\n<p>Para os populares esta situaci\u00f3n d\u00e9bese unicamente \u00e1 falta de traballo do bigoberno que ademais do problemas xerados en diferentes barrios da cidade por manter a centos de veci\u00f1os varios d\u00edas sen auga corrente, agora se empe\u00f1an en manter Lugo como a cidade m\u00e1is sucia de Galicia.<\/p>\n<p>Neste senso, desde o Grupo Popular rec\u00f3rdase como o ano pasado se levou a pleno unha iniciativa para acometer un plan de limpeza integral da cidade, proposici\u00f3n que se aprobou pese ao voto en contra de Lara M\u00e9ndez, debido \u00e1 \u201cnefasta imaxe\u201d que amosaba e que agora desde o bigoberno \u201cse empe\u00f1an en empeorar\u201d.<\/p>\n<p>Desde o Grupo Municipal Popular recordan un dos casos m\u00e1is alarmante dos \u00faltimos meses. Un veci\u00f1o do barrio Feijoo realizou numerosas queixas nas que denunciaba a falta de limpeza de varios solares anexos a s\u00faa vivenda, o que provocaba un serio risco para a s\u00faa sa\u00fade, xa que estas fincas cheas de maleza chegaron a converterse nun foco de infecci\u00f3ns, xa que debido \u00e1 altura que chegou a ter a maleza as ratas empregan os ramallos para invadir a s\u00faa vivenda.<\/p>\n<p>Ante esta situaci\u00f3n que \u201cxa \u00e9 preocupante\u201d o Grupo Municipal Popular pedir\u00e1 explicaci\u00f3ns das medidas adoptadas polo bigoberno dentro do plan municipal de desratizaci\u00f3n, as\u00ed como o cronograma que se sigue e que se fixo no centro da cidade e nos diferentes barrios para atallar este problema.<\/p>\n<p>Esta situaci\u00f3n fai reflexionar fondamente aos popular que se pregunta \u201ccomo estar\u00e1n o resto de barrios se Lara M\u00e9ndez e Rub\u00e9n Arroxo permiten que se vexa esta imaxe do casco hist\u00f3rico\u201d, algo que \u201cnon \u00e9 o mellor cami\u00f1o\u201d para acadar que o casco hist\u00f3rico de Lugo sexa declarado como Patrimonio da Humanidade.<\/p>\n","protected":false},"excerpt":{"rendered":"<p>El Grupo Municipal del Partido Popular hace p\u00fablicas las decenas de denuncias de lucenses que se quejan de la gran cantidad de roedores que se pueden ver por las calles&#8230;<\/p>\n","protected":false},"author":8,"featured_media":11711,"comment_status":"open","ping_status":"closed","sticky":false,"template":"","format":"standard","meta":{"footnotes":""},"categories":[98],"tags":[],"class_list":{"0":"post-11710","1":"post","2":"type-post","3":"status-publish","4":"format-standard","5":"has-post-thumbnail","7":"category-limpeza-es"},"yoast_head":"<!-- This site is optimized with the Yoast SEO plugin v27.4 - https:\/\/yoast.com\/product\/yoast-seo-wordpress\/ -->\n<title>El PP critica que M\u00e9ndez y Arrojo se empe\u00f1en en mantener a Lugo como la ciudad m\u00e1s sucia de Galicia y convertir las calles en un para\u00edso para las ratas - Grupo Municipal Partido Popular de Lugo<\/title>\n<meta name=\"robots\" content=\"index, follow, max-snippet:-1, max-image-preview:large, max-video-preview:-1\" \/>\n<link rel=\"canonical\" href=\"https:\/\/www.ppdelugo.com\/es\/el-pp-critica-que-mendez-y-arrojo-se-empenen-en-mantener-a-lugo-como-la-ciudad-mas-sucia-de-galicia-y-convertir-las-calles-en-un-paraiso-para-las-ratas\/\" \/>\n<meta property=\"og:locale\" content=\"es_ES\" \/>\n<meta property=\"og:type\" content=\"article\" \/>\n<meta property=\"og:title\" content=\"El PP critica que M\u00e9ndez y Arrojo se empe\u00f1en en mantener a Lugo como la ciudad m\u00e1s sucia de Galicia y convertir las calles en un para\u00edso para las ratas - Grupo Municipal Partido Popular de Lugo\" \/>\n<meta property=\"og:description\" content=\"El Grupo Municipal del Partido Popular hace p\u00fablicas las decenas de denuncias de lucenses que se quejan de la gran cantidad de roedores que se pueden ver por las calles...\" \/>\n<meta property=\"og:url\" content=\"https:\/\/www.ppdelugo.com\/es\/el-pp-critica-que-mendez-y-arrojo-se-empenen-en-mantener-a-lugo-como-la-ciudad-mas-sucia-de-galicia-y-convertir-las-calles-en-un-paraiso-para-las-ratas\/\" \/>\n<meta property=\"og:site_name\" content=\"Grupo Municipal Partido Popular de Lugo\" \/>\n<meta property=\"article:published_time\" content=\"2020-02-01T17:09:57+00:00\" \/>\n<meta property=\"article:modified_time\" content=\"2020-02-04T17:11:10+00:00\" \/>\n<meta property=\"og:image\" content=\"https:\/\/www.ppdelugo.com\/wp-content\/uploads\/2020\/02\/Rata-r\u00faa-cruz-2.jpg\" \/>\n\t<meta property=\"og:image:width\" content=\"1600\" \/>\n\t<meta property=\"og:image:height\" content=\"1200\" \/>\n\t<meta property=\"og:image:type\" content=\"image\/jpeg\" \/>\n<meta name=\"author\" content=\"ppdelugo\" \/>\n<meta name=\"twitter:card\" content=\"summary_large_image\" \/>\n<meta name=\"twitter:label1\" content=\"Escrito por\" \/>\n\t<meta name=\"twitter:data1\" content=\"ppdelugo\" \/>\n\t<meta name=\"twitter:label2\" content=\"Tiempo de lectura\" \/>\n\t<meta name=\"twitter:data2\" content=\"3 minutos\" \/>\n<script type=\"application\/ld+json\" class=\"yoast-schema-graph\">{\"@context\":\"https:\\\/\\\/schema.org\",\"@graph\":[{\"@type\":\"Article\",\"@id\":\"https:\\\/\\\/www.ppdelugo.com\\\/es\\\/el-pp-critica-que-mendez-y-arrojo-se-empenen-en-mantener-a-lugo-como-la-ciudad-mas-sucia-de-galicia-y-convertir-las-calles-en-un-paraiso-para-las-ratas\\\/#article\",\"isPartOf\":{\"@id\":\"https:\\\/\\\/www.ppdelugo.com\\\/es\\\/el-pp-critica-que-mendez-y-arrojo-se-empenen-en-mantener-a-lugo-como-la-ciudad-mas-sucia-de-galicia-y-convertir-las-calles-en-un-paraiso-para-las-ratas\\\/\"},\"author\":{\"name\":\"ppdelugo\",\"@id\":\"https:\\\/\\\/www.ppdelugo.com\\\/es\\\/#\\\/schema\\\/person\\\/4fa17dd371813e2c389a4417775cec48\"},\"headline\":\"El PP critica que M\u00e9ndez y Arrojo se empe\u00f1en en mantener a Lugo como la ciudad m\u00e1s sucia de Galicia y convertir las calles en un para\u00edso para las ratas\",\"datePublished\":\"2020-02-01T17:09:57+00:00\",\"dateModified\":\"2020-02-04T17:11:10+00:00\",\"mainEntityOfPage\":{\"@id\":\"https:\\\/\\\/www.ppdelugo.com\\\/es\\\/el-pp-critica-que-mendez-y-arrojo-se-empenen-en-mantener-a-lugo-como-la-ciudad-mas-sucia-de-galicia-y-convertir-las-calles-en-un-paraiso-para-las-ratas\\\/\"},\"wordCount\":622,\"commentCount\":0,\"image\":{\"@id\":\"https:\\\/\\\/www.ppdelugo.com\\\/es\\\/el-pp-critica-que-mendez-y-arrojo-se-empenen-en-mantener-a-lugo-como-la-ciudad-mas-sucia-de-galicia-y-convertir-las-calles-en-un-paraiso-para-las-ratas\\\/#primaryimage\"},\"thumbnailUrl\":\"https:\\\/\\\/www.ppdelugo.com\\\/wp-content\\\/uploads\\\/2020\\\/02\\\/Rata-r\u00faa-cruz-2.jpg\",\"articleSection\":[\"Limpeza\"],\"inLanguage\":\"es\",\"potentialAction\":[{\"@type\":\"CommentAction\",\"name\":\"Comment\",\"target\":[\"https:\\\/\\\/www.ppdelugo.com\\\/es\\\/el-pp-critica-que-mendez-y-arrojo-se-empenen-en-mantener-a-lugo-como-la-ciudad-mas-sucia-de-galicia-y-convertir-las-calles-en-un-paraiso-para-las-ratas\\\/#respond\"]}]},{\"@type\":\"WebPage\",\"@id\":\"https:\\\/\\\/www.ppdelugo.com\\\/es\\\/el-pp-critica-que-mendez-y-arrojo-se-empenen-en-mantener-a-lugo-como-la-ciudad-mas-sucia-de-galicia-y-convertir-las-calles-en-un-paraiso-para-las-ratas\\\/\",\"url\":\"https:\\\/\\\/www.ppdelugo.com\\\/es\\\/el-pp-critica-que-mendez-y-arrojo-se-empenen-en-mantener-a-lugo-como-la-ciudad-mas-sucia-de-galicia-y-convertir-las-calles-en-un-paraiso-para-las-ratas\\\/\",\"name\":\"El PP critica que M\u00e9ndez y Arrojo se empe\u00f1en en mantener a Lugo como la ciudad m\u00e1s sucia de Galicia y convertir las calles en un para\u00edso para las ratas - Grupo Municipal Partido Popular de Lugo\",\"isPartOf\":{\"@id\":\"https:\\\/\\\/www.ppdelugo.com\\\/es\\\/#website\"},\"primaryImageOfPage\":{\"@id\":\"https:\\\/\\\/www.ppdelugo.com\\\/es\\\/el-pp-critica-que-mendez-y-arrojo-se-empenen-en-mantener-a-lugo-como-la-ciudad-mas-sucia-de-galicia-y-convertir-las-calles-en-un-paraiso-para-las-ratas\\\/#primaryimage\"},\"image\":{\"@id\":\"https:\\\/\\\/www.ppdelugo.com\\\/es\\\/el-pp-critica-que-mendez-y-arrojo-se-empenen-en-mantener-a-lugo-como-la-ciudad-mas-sucia-de-galicia-y-convertir-las-calles-en-un-paraiso-para-las-ratas\\\/#primaryimage\"},\"thumbnailUrl\":\"https:\\\/\\\/www.ppdelugo.com\\\/wp-content\\\/uploads\\\/2020\\\/02\\\/Rata-r\u00faa-cruz-2.jpg\",\"datePublished\":\"2020-02-01T17:09:57+00:00\",\"dateModified\":\"2020-02-04T17:11:10+00:00\",\"author\":{\"@id\":\"https:\\\/\\\/www.ppdelugo.com\\\/es\\\/#\\\/schema\\\/person\\\/4fa17dd371813e2c389a4417775cec48\"},\"breadcrumb\":{\"@id\":\"https:\\\/\\\/www.ppdelugo.com\\\/es\\\/el-pp-critica-que-mendez-y-arrojo-se-empenen-en-mantener-a-lugo-como-la-ciudad-mas-sucia-de-galicia-y-convertir-las-calles-en-un-paraiso-para-las-ratas\\\/#breadcrumb\"},\"inLanguage\":\"es\",\"potentialAction\":[{\"@type\":\"ReadAction\",\"target\":[\"https:\\\/\\\/www.ppdelugo.com\\\/es\\\/el-pp-critica-que-mendez-y-arrojo-se-empenen-en-mantener-a-lugo-como-la-ciudad-mas-sucia-de-galicia-y-convertir-las-calles-en-un-paraiso-para-las-ratas\\\/\"]}]},{\"@type\":\"ImageObject\",\"inLanguage\":\"es\",\"@id\":\"https:\\\/\\\/www.ppdelugo.com\\\/es\\\/el-pp-critica-que-mendez-y-arrojo-se-empenen-en-mantener-a-lugo-como-la-ciudad-mas-sucia-de-galicia-y-convertir-las-calles-en-un-paraiso-para-las-ratas\\\/#primaryimage\",\"url\":\"https:\\\/\\\/www.ppdelugo.com\\\/wp-content\\\/uploads\\\/2020\\\/02\\\/Rata-r\u00faa-cruz-2.jpg\",\"contentUrl\":\"https:\\\/\\\/www.ppdelugo.com\\\/wp-content\\\/uploads\\\/2020\\\/02\\\/Rata-r\u00faa-cruz-2.jpg\",\"width\":1600,\"height\":1200},{\"@type\":\"BreadcrumbList\",\"@id\":\"https:\\\/\\\/www.ppdelugo.com\\\/es\\\/el-pp-critica-que-mendez-y-arrojo-se-empenen-en-mantener-a-lugo-como-la-ciudad-mas-sucia-de-galicia-y-convertir-las-calles-en-un-paraiso-para-las-ratas\\\/#breadcrumb\",\"itemListElement\":[{\"@type\":\"ListItem\",\"position\":1,\"name\":\"Portada\",\"item\":\"https:\\\/\\\/www.ppdelugo.com\\\/es\\\/\"},{\"@type\":\"ListItem\",\"position\":2,\"name\":\"El PP critica que M\u00e9ndez y Arrojo se empe\u00f1en en mantener a Lugo como la ciudad m\u00e1s sucia de Galicia y convertir las calles en un para\u00edso para las ratas\"}]},{\"@type\":\"WebSite\",\"@id\":\"https:\\\/\\\/www.ppdelugo.com\\\/es\\\/#website\",\"url\":\"https:\\\/\\\/www.ppdelugo.com\\\/es\\\/\",\"name\":\"Grupo Municipal Partido Popular de Lugo\",\"description\":\"Web del Grupo Municipal del Partido Popular en el Ayuntamiento de Lugo, con informaci\u00f3n sobre Lugo y fomento de la participaci\u00f3n ciudadana\",\"potentialAction\":[{\"@type\":\"SearchAction\",\"target\":{\"@type\":\"EntryPoint\",\"urlTemplate\":\"https:\\\/\\\/www.ppdelugo.com\\\/es\\\/?s={search_term_string}\"},\"query-input\":{\"@type\":\"PropertyValueSpecification\",\"valueRequired\":true,\"valueName\":\"search_term_string\"}}],\"inLanguage\":\"es\"},{\"@type\":\"Person\",\"@id\":\"https:\\\/\\\/www.ppdelugo.com\\\/es\\\/#\\\/schema\\\/person\\\/4fa17dd371813e2c389a4417775cec48\",\"name\":\"ppdelugo\",\"url\":\"https:\\\/\\\/www.ppdelugo.com\\\/es\\\/author\\\/admin-2\\\/\"}]}<\/script>\n<!-- \/ Yoast SEO plugin. -->","yoast_head_json":{"title":"El PP critica que M\u00e9ndez y Arrojo se empe\u00f1en en mantener a Lugo como la ciudad m\u00e1s sucia de Galicia y convertir las calles en un para\u00edso para las ratas - Grupo Municipal Partido Popular de Lugo","robots":{"index":"index","follow":"follow","max-snippet":"max-snippet:-1","max-image-preview":"max-image-preview:large","max-video-preview":"max-video-preview:-1"},"canonical":"https:\/\/www.ppdelugo.com\/es\/el-pp-critica-que-mendez-y-arrojo-se-empenen-en-mantener-a-lugo-como-la-ciudad-mas-sucia-de-galicia-y-convertir-las-calles-en-un-paraiso-para-las-ratas\/","og_locale":"es_ES","og_type":"article","og_title":"El PP critica que M\u00e9ndez y Arrojo se empe\u00f1en en mantener a Lugo como la ciudad m\u00e1s sucia de Galicia y convertir las calles en un para\u00edso para las ratas - Grupo Municipal Partido Popular de Lugo","og_description":"El Grupo Municipal del Partido Popular hace p\u00fablicas las decenas de denuncias de lucenses que se quejan de la gran cantidad de roedores que se pueden ver por las calles...","og_url":"https:\/\/www.ppdelugo.com\/es\/el-pp-critica-que-mendez-y-arrojo-se-empenen-en-mantener-a-lugo-como-la-ciudad-mas-sucia-de-galicia-y-convertir-las-calles-en-un-paraiso-para-las-ratas\/","og_site_name":"Grupo Municipal Partido Popular de Lugo","article_published_time":"2020-02-01T17:09:57+00:00","article_modified_time":"2020-02-04T17:11:10+00:00","og_image":[{"width":1600,"height":1200,"url":"https:\/\/www.ppdelugo.com\/wp-content\/uploads\/2020\/02\/Rata-r\u00faa-cruz-2.jpg","type":"image\/jpeg"}],"author":"ppdelugo","twitter_card":"summary_large_image","twitter_misc":{"Escrito por":"ppdelugo","Tiempo de lectura":"3 minutos"},"schema":{"@context":"https:\/\/schema.org","@graph":[{"@type":"Article","@id":"https:\/\/www.ppdelugo.com\/es\/el-pp-critica-que-mendez-y-arrojo-se-empenen-en-mantener-a-lugo-como-la-ciudad-mas-sucia-de-galicia-y-convertir-las-calles-en-un-paraiso-para-las-ratas\/#article","isPartOf":{"@id":"https:\/\/www.ppdelugo.com\/es\/el-pp-critica-que-mendez-y-arrojo-se-empenen-en-mantener-a-lugo-como-la-ciudad-mas-sucia-de-galicia-y-convertir-las-calles-en-un-paraiso-para-las-ratas\/"},"author":{"name":"ppdelugo","@id":"https:\/\/www.ppdelugo.com\/es\/#\/schema\/person\/4fa17dd371813e2c389a4417775cec48"},"headline":"El PP critica que M\u00e9ndez y Arrojo se empe\u00f1en en mantener a Lugo como la ciudad m\u00e1s sucia de Galicia y convertir las calles en un para\u00edso para las ratas","datePublished":"2020-02-01T17:09:57+00:00","dateModified":"2020-02-04T17:11:10+00:00","mainEntityOfPage":{"@id":"https:\/\/www.ppdelugo.com\/es\/el-pp-critica-que-mendez-y-arrojo-se-empenen-en-mantener-a-lugo-como-la-ciudad-mas-sucia-de-galicia-y-convertir-las-calles-en-un-paraiso-para-las-ratas\/"},"wordCount":622,"commentCount":0,"image":{"@id":"https:\/\/www.ppdelugo.com\/es\/el-pp-critica-que-mendez-y-arrojo-se-empenen-en-mantener-a-lugo-como-la-ciudad-mas-sucia-de-galicia-y-convertir-las-calles-en-un-paraiso-para-las-ratas\/#primaryimage"},"thumbnailUrl":"https:\/\/www.ppdelugo.com\/wp-content\/uploads\/2020\/02\/Rata-r\u00faa-cruz-2.jpg","articleSection":["Limpeza"],"inLanguage":"es","potentialAction":[{"@type":"CommentAction","name":"Comment","target":["https:\/\/www.ppdelugo.com\/es\/el-pp-critica-que-mendez-y-arrojo-se-empenen-en-mantener-a-lugo-como-la-ciudad-mas-sucia-de-galicia-y-convertir-las-calles-en-un-paraiso-para-las-ratas\/#respond"]}]},{"@type":"WebPage","@id":"https:\/\/www.ppdelugo.com\/es\/el-pp-critica-que-mendez-y-arrojo-se-empenen-en-mantener-a-lugo-como-la-ciudad-mas-sucia-de-galicia-y-convertir-las-calles-en-un-paraiso-para-las-ratas\/","url":"https:\/\/www.ppdelugo.com\/es\/el-pp-critica-que-mendez-y-arrojo-se-empenen-en-mantener-a-lugo-como-la-ciudad-mas-sucia-de-galicia-y-convertir-las-calles-en-un-paraiso-para-las-ratas\/","name":"El PP critica que M\u00e9ndez y Arrojo se empe\u00f1en en mantener a Lugo como la ciudad m\u00e1s sucia de Galicia y convertir las calles en un para\u00edso para las ratas - Grupo Municipal Partido Popular de Lugo","isPartOf":{"@id":"https:\/\/www.ppdelugo.com\/es\/#website"},"primaryImageOfPage":{"@id":"https:\/\/www.ppdelugo.com\/es\/el-pp-critica-que-mendez-y-arrojo-se-empenen-en-mantener-a-lugo-como-la-ciudad-mas-sucia-de-galicia-y-convertir-las-calles-en-un-paraiso-para-las-ratas\/#primaryimage"},"image":{"@id":"https:\/\/www.ppdelugo.com\/es\/el-pp-critica-que-mendez-y-arrojo-se-empenen-en-mantener-a-lugo-como-la-ciudad-mas-sucia-de-galicia-y-convertir-las-calles-en-un-paraiso-para-las-ratas\/#primaryimage"},"thumbnailUrl":"https:\/\/www.ppdelugo.com\/wp-content\/uploads\/2020\/02\/Rata-r\u00faa-cruz-2.jpg","datePublished":"2020-02-01T17:09:57+00:00","dateModified":"2020-02-04T17:11:10+00:00","author":{"@id":"https:\/\/www.ppdelugo.com\/es\/#\/schema\/person\/4fa17dd371813e2c389a4417775cec48"},"breadcrumb":{"@id":"https:\/\/www.ppdelugo.com\/es\/el-pp-critica-que-mendez-y-arrojo-se-empenen-en-mantener-a-lugo-como-la-ciudad-mas-sucia-de-galicia-y-convertir-las-calles-en-un-paraiso-para-las-ratas\/#breadcrumb"},"inLanguage":"es","potentialAction":[{"@type":"ReadAction","target":["https:\/\/www.ppdelugo.com\/es\/el-pp-critica-que-mendez-y-arrojo-se-empenen-en-mantener-a-lugo-como-la-ciudad-mas-sucia-de-galicia-y-convertir-las-calles-en-un-paraiso-para-las-ratas\/"]}]},{"@type":"ImageObject","inLanguage":"es","@id":"https:\/\/www.ppdelugo.com\/es\/el-pp-critica-que-mendez-y-arrojo-se-empenen-en-mantener-a-lugo-como-la-ciudad-mas-sucia-de-galicia-y-convertir-las-calles-en-un-paraiso-para-las-ratas\/#primaryimage","url":"https:\/\/www.ppdelugo.com\/wp-content\/uploads\/2020\/02\/Rata-r\u00faa-cruz-2.jpg","contentUrl":"https:\/\/www.ppdelugo.com\/wp-content\/uploads\/2020\/02\/Rata-r\u00faa-cruz-2.jpg","width":1600,"height":1200},{"@type":"BreadcrumbList","@id":"https:\/\/www.ppdelugo.com\/es\/el-pp-critica-que-mendez-y-arrojo-se-empenen-en-mantener-a-lugo-como-la-ciudad-mas-sucia-de-galicia-y-convertir-las-calles-en-un-paraiso-para-las-ratas\/#breadcrumb","itemListElement":[{"@type":"ListItem","position":1,"name":"Portada","item":"https:\/\/www.ppdelugo.com\/es\/"},{"@type":"ListItem","position":2,"name":"El PP critica que M\u00e9ndez y Arrojo se empe\u00f1en en mantener a Lugo como la ciudad m\u00e1s sucia de Galicia y convertir las calles en un para\u00edso para las ratas"}]},{"@type":"WebSite","@id":"https:\/\/www.ppdelugo.com\/es\/#website","url":"https:\/\/www.ppdelugo.com\/es\/","name":"Grupo Municipal Partido Popular de Lugo","description":"Web del Grupo Municipal del Partido Popular en el Ayuntamiento de Lugo, con informaci\u00f3n sobre Lugo y fomento de la participaci\u00f3n ciudadana","potentialAction":[{"@type":"SearchAction","target":{"@type":"EntryPoint","urlTemplate":"https:\/\/www.ppdelugo.com\/es\/?s={search_term_string}"},"query-input":{"@type":"PropertyValueSpecification","valueRequired":true,"valueName":"search_term_string"}}],"inLanguage":"es"},{"@type":"Person","@id":"https:\/\/www.ppdelugo.com\/es\/#\/schema\/person\/4fa17dd371813e2c389a4417775cec48","name":"ppdelugo","url":"https:\/\/www.ppdelugo.com\/es\/author\/admin-2\/"}]}},"_links":{"self":[{"href":"https:\/\/www.ppdelugo.com\/es\/wp-json\/wp\/v2\/posts\/11710","targetHints":{"allow":["GET"]}}],"collection":[{"href":"https:\/\/www.ppdelugo.com\/es\/wp-json\/wp\/v2\/posts"}],"about":[{"href":"https:\/\/www.ppdelugo.com\/es\/wp-json\/wp\/v2\/types\/post"}],"author":[{"embeddable":true,"href":"https:\/\/www.ppdelugo.com\/es\/wp-json\/wp\/v2\/users\/8"}],"replies":[{"embeddable":true,"href":"https:\/\/www.ppdelugo.com\/es\/wp-json\/wp\/v2\/comments?post=11710"}],"version-history":[{"count":0,"href":"https:\/\/www.ppdelugo.com\/es\/wp-json\/wp\/v2\/posts\/11710\/revisions"}],"wp:featuredmedia":[{"embeddable":true,"href":"https:\/\/www.ppdelugo.com\/es\/wp-json\/wp\/v2\/media\/11711"}],"wp:attachment":[{"href":"https:\/\/www.ppdelugo.com\/es\/wp-json\/wp\/v2\/media?parent=11710"}],"wp:term":[{"taxonomy":"category","embeddable":true,"href":"https:\/\/www.ppdelugo.com\/es\/wp-json\/wp\/v2\/categories?post=11710"},{"taxonomy":"post_tag","embeddable":true,"href":"https:\/\/www.ppdelugo.com\/es\/wp-json\/wp\/v2\/tags?post=11710"}],"curies":[{"name":"wp","href":"https:\/\/api.w.org\/{rel}","templated":true}]}}