{"id":11707,"date":"2020-01-31T17:07:00","date_gmt":"2020-01-31T17:07:00","guid":{"rendered":"http:\/\/www.ppdelugo.com\/o-pp-asegura-que-o-bigoberno-segue-a-dar-as-costas-a-croa-ao-deixar-o-barrio-fora-do-plan-de-asfaltado\/"},"modified":"2020-02-04T17:09:51","modified_gmt":"2020-02-04T17:09:51","slug":"o-pp-asegura-que-o-bigoberno-segue-a-dar-as-costas-a-croa-ao-deixar-o-barrio-fora-do-plan-de-asfaltado","status":"publish","type":"post","link":"https:\/\/www.ppdelugo.com\/es\/o-pp-asegura-que-o-bigoberno-segue-a-dar-as-costas-a-croa-ao-deixar-o-barrio-fora-do-plan-de-asfaltado\/","title":{"rendered":"El PP asegura que el  bigoberno sigue dando las costas a la Croa al dejar el barrio fuera del plan de asfaltado"},"content":{"rendered":"<p>El concejal del Grupo Municipal del PP Antonio Ameijide explica que se preguntar\u00e1 en comisi\u00f3n se es cierto que no se renovar\u00e1 el asfalto de las principales calles del barrio (Camino de la Croa, Magarza y una parte de la calle Romeu) ya que el premarcado realizado antes de acometer el asfaltado muestra como estas v\u00edas no se renovar\u00e1n<br \/>\n<!--more--><\/p>\n<p>O concelleiro do Grupo Municipal do Partido Popular no Concello de Lugo, Antonio Ameijide, denuncia o trato que o bigoberno segue a dar aos veci\u00f1os da Croa, xa que todo apunta a que este barrio da cidade quedar\u00e1 f\u00f3ra do plan de reasfaltado que se vai aplicar na cidade.<\/p>\n<p>Antonio Ameijide anuncia que dende o Grupo Municipal Popular se presentar\u00e1n preguntas en comisi\u00f3n para co\u00f1ecer se a Croa quedar\u00e1 sen reasfaltar, xa que despois de realizar unha visita a esta zona, alertados polos veci\u00f1os, comprobamos como as r\u00faas deste barrio estaban f\u00f3ra do premarcado inicial que se realiza antes do asfaltado. De acordo con estas marcas iniciais, as r\u00faas Cami\u00f1o da Garza, Magarza e unha parte da r\u00faa Romeu, as tres v\u00edas con m\u00e1is densidade de circulaci\u00f3n da Croa, \u201cnon se van a reasfaltar\u201d.<\/p>\n<p>De confirmarse este extremo, o concelleiro popular explica que se trata \u201cdunha nova bofetada\u201d do bigoberno aos veci\u00f1os da Croa, que levan m\u00e1is de 20 anos agardando a que o Concello de Lugo lles outorgue as escrituras de propiedade das vivendas. \u201cOs veci\u00f1os da Croa est\u00e1n fartos das promesas dos socialistas, e iso que antes das elecci\u00f3ns de maio Lara M\u00e9ndez se comprometera a entregarlles un s\u00edmil da escritura de propiedade das vivendas, pero como xa pasaron as elecci\u00f3ns e segue na alcald\u00eda xa se olvidou de todo o prometido\u201d, sinalou.<\/p>\n<p>Ademais, dende o Grupo Municipal Popular se presentar\u00e1 un rogo en comisi\u00f3n para que dende o bigoberno se po\u00f1a m\u00e1is \u00e9nfase en mellorar a limpeza e o aseo urbano da Croa, xa que se trata dun eido \u201cmoi mellorable\u201d por parte do bigoberno e que est\u00e1n a reclamar os veci\u00f1os.<\/p>\n","protected":false},"excerpt":{"rendered":"<p>El concejal del Grupo Municipal del PP Antonio Ameijide explica que se preguntar\u00e1 en comisi\u00f3n se es cierto que no se renovar\u00e1 el asfalto de las principales calles del barrio&#8230;<\/p>\n","protected":false},"author":8,"featured_media":11705,"comment_status":"open","ping_status":"closed","sticky":false,"template":"","format":"standard","meta":{"footnotes":""},"categories":[32,98,42],"tags":[],"class_list":{"0":"post-11707","1":"post","2":"type-post","3":"status-publish","4":"format-standard","5":"has-post-thumbnail","7":"category-infraestructuras-es","8":"category-limpeza-es","9":"category-urbanismo-es"},"yoast_head":"<!-- This site is optimized with the Yoast SEO plugin v27.4 - https:\/\/yoast.com\/product\/yoast-seo-wordpress\/ -->\n<title>El PP asegura que el bigoberno sigue dando las costas a la Croa al dejar el barrio fuera del plan de asfaltado - Grupo Municipal Partido Popular de Lugo<\/title>\n<meta name=\"robots\" content=\"index, follow, max-snippet:-1, max-image-preview:large, max-video-preview:-1\" \/>\n<link rel=\"canonical\" href=\"https:\/\/www.ppdelugo.com\/es\/o-pp-asegura-que-o-bigoberno-segue-a-dar-as-costas-a-croa-ao-deixar-o-barrio-fora-do-plan-de-asfaltado\/\" \/>\n<meta property=\"og:locale\" content=\"es_ES\" \/>\n<meta property=\"og:type\" content=\"article\" \/>\n<meta property=\"og:title\" content=\"El PP asegura que el bigoberno sigue dando las costas a la Croa al dejar el barrio fuera del plan de asfaltado - Grupo Municipal Partido Popular de Lugo\" \/>\n<meta property=\"og:description\" content=\"El concejal del Grupo Municipal del PP Antonio Ameijide explica que se preguntar\u00e1 en comisi\u00f3n se es cierto que no se renovar\u00e1 el asfalto de las principales calles del barrio...\" \/>\n<meta property=\"og:url\" content=\"https:\/\/www.ppdelugo.com\/es\/o-pp-asegura-que-o-bigoberno-segue-a-dar-as-costas-a-croa-ao-deixar-o-barrio-fora-do-plan-de-asfaltado\/\" \/>\n<meta property=\"og:site_name\" content=\"Grupo Municipal Partido Popular de Lugo\" \/>\n<meta property=\"article:published_time\" content=\"2020-01-31T17:07:00+00:00\" \/>\n<meta property=\"article:modified_time\" content=\"2020-02-04T17:09:51+00:00\" \/>\n<meta property=\"og:image\" content=\"https:\/\/www.ppdelugo.com\/wp-content\/uploads\/2020\/02\/Visita-Croa-suciedad-1024x768.jpg\" \/>\n\t<meta property=\"og:image:width\" content=\"1024\" \/>\n\t<meta property=\"og:image:height\" content=\"768\" \/>\n\t<meta property=\"og:image:type\" content=\"image\/jpeg\" \/>\n<meta name=\"author\" content=\"ppdelugo\" \/>\n<meta name=\"twitter:card\" content=\"summary_large_image\" \/>\n<meta name=\"twitter:label1\" content=\"Escrito por\" \/>\n\t<meta name=\"twitter:data1\" content=\"ppdelugo\" \/>\n\t<meta name=\"twitter:label2\" content=\"Tiempo de lectura\" \/>\n\t<meta name=\"twitter:data2\" content=\"2 minutos\" \/>\n<script type=\"application\/ld+json\" class=\"yoast-schema-graph\">{\"@context\":\"https:\\\/\\\/schema.org\",\"@graph\":[{\"@type\":\"Article\",\"@id\":\"https:\\\/\\\/www.ppdelugo.com\\\/es\\\/o-pp-asegura-que-o-bigoberno-segue-a-dar-as-costas-a-croa-ao-deixar-o-barrio-fora-do-plan-de-asfaltado\\\/#article\",\"isPartOf\":{\"@id\":\"https:\\\/\\\/www.ppdelugo.com\\\/es\\\/o-pp-asegura-que-o-bigoberno-segue-a-dar-as-costas-a-croa-ao-deixar-o-barrio-fora-do-plan-de-asfaltado\\\/\"},\"author\":{\"name\":\"ppdelugo\",\"@id\":\"https:\\\/\\\/www.ppdelugo.com\\\/es\\\/#\\\/schema\\\/person\\\/4fa17dd371813e2c389a4417775cec48\"},\"headline\":\"El PP asegura que el bigoberno sigue dando las costas a la Croa al dejar el barrio fuera del plan de asfaltado\",\"datePublished\":\"2020-01-31T17:07:00+00:00\",\"dateModified\":\"2020-02-04T17:09:51+00:00\",\"mainEntityOfPage\":{\"@id\":\"https:\\\/\\\/www.ppdelugo.com\\\/es\\\/o-pp-asegura-que-o-bigoberno-segue-a-dar-as-costas-a-croa-ao-deixar-o-barrio-fora-do-plan-de-asfaltado\\\/\"},\"wordCount\":386,\"commentCount\":0,\"image\":{\"@id\":\"https:\\\/\\\/www.ppdelugo.com\\\/es\\\/o-pp-asegura-que-o-bigoberno-segue-a-dar-as-costas-a-croa-ao-deixar-o-barrio-fora-do-plan-de-asfaltado\\\/#primaryimage\"},\"thumbnailUrl\":\"https:\\\/\\\/www.ppdelugo.com\\\/wp-content\\\/uploads\\\/2020\\\/02\\\/Visita-Croa-suciedad.jpg\",\"articleSection\":[\"Infraestructuras\",\"Limpeza\",\"Urbanismo\"],\"inLanguage\":\"es\",\"potentialAction\":[{\"@type\":\"CommentAction\",\"name\":\"Comment\",\"target\":[\"https:\\\/\\\/www.ppdelugo.com\\\/es\\\/o-pp-asegura-que-o-bigoberno-segue-a-dar-as-costas-a-croa-ao-deixar-o-barrio-fora-do-plan-de-asfaltado\\\/#respond\"]}]},{\"@type\":\"WebPage\",\"@id\":\"https:\\\/\\\/www.ppdelugo.com\\\/es\\\/o-pp-asegura-que-o-bigoberno-segue-a-dar-as-costas-a-croa-ao-deixar-o-barrio-fora-do-plan-de-asfaltado\\\/\",\"url\":\"https:\\\/\\\/www.ppdelugo.com\\\/es\\\/o-pp-asegura-que-o-bigoberno-segue-a-dar-as-costas-a-croa-ao-deixar-o-barrio-fora-do-plan-de-asfaltado\\\/\",\"name\":\"El PP asegura que el bigoberno sigue dando las costas a la Croa al dejar el barrio fuera del plan de asfaltado - Grupo Municipal Partido Popular de Lugo\",\"isPartOf\":{\"@id\":\"https:\\\/\\\/www.ppdelugo.com\\\/es\\\/#website\"},\"primaryImageOfPage\":{\"@id\":\"https:\\\/\\\/www.ppdelugo.com\\\/es\\\/o-pp-asegura-que-o-bigoberno-segue-a-dar-as-costas-a-croa-ao-deixar-o-barrio-fora-do-plan-de-asfaltado\\\/#primaryimage\"},\"image\":{\"@id\":\"https:\\\/\\\/www.ppdelugo.com\\\/es\\\/o-pp-asegura-que-o-bigoberno-segue-a-dar-as-costas-a-croa-ao-deixar-o-barrio-fora-do-plan-de-asfaltado\\\/#primaryimage\"},\"thumbnailUrl\":\"https:\\\/\\\/www.ppdelugo.com\\\/wp-content\\\/uploads\\\/2020\\\/02\\\/Visita-Croa-suciedad.jpg\",\"datePublished\":\"2020-01-31T17:07:00+00:00\",\"dateModified\":\"2020-02-04T17:09:51+00:00\",\"author\":{\"@id\":\"https:\\\/\\\/www.ppdelugo.com\\\/es\\\/#\\\/schema\\\/person\\\/4fa17dd371813e2c389a4417775cec48\"},\"breadcrumb\":{\"@id\":\"https:\\\/\\\/www.ppdelugo.com\\\/es\\\/o-pp-asegura-que-o-bigoberno-segue-a-dar-as-costas-a-croa-ao-deixar-o-barrio-fora-do-plan-de-asfaltado\\\/#breadcrumb\"},\"inLanguage\":\"es\",\"potentialAction\":[{\"@type\":\"ReadAction\",\"target\":[\"https:\\\/\\\/www.ppdelugo.com\\\/es\\\/o-pp-asegura-que-o-bigoberno-segue-a-dar-as-costas-a-croa-ao-deixar-o-barrio-fora-do-plan-de-asfaltado\\\/\"]}]},{\"@type\":\"ImageObject\",\"inLanguage\":\"es\",\"@id\":\"https:\\\/\\\/www.ppdelugo.com\\\/es\\\/o-pp-asegura-que-o-bigoberno-segue-a-dar-as-costas-a-croa-ao-deixar-o-barrio-fora-do-plan-de-asfaltado\\\/#primaryimage\",\"url\":\"https:\\\/\\\/www.ppdelugo.com\\\/wp-content\\\/uploads\\\/2020\\\/02\\\/Visita-Croa-suciedad.jpg\",\"contentUrl\":\"https:\\\/\\\/www.ppdelugo.com\\\/wp-content\\\/uploads\\\/2020\\\/02\\\/Visita-Croa-suciedad.jpg\",\"width\":4032,\"height\":3024},{\"@type\":\"BreadcrumbList\",\"@id\":\"https:\\\/\\\/www.ppdelugo.com\\\/es\\\/o-pp-asegura-que-o-bigoberno-segue-a-dar-as-costas-a-croa-ao-deixar-o-barrio-fora-do-plan-de-asfaltado\\\/#breadcrumb\",\"itemListElement\":[{\"@type\":\"ListItem\",\"position\":1,\"name\":\"Portada\",\"item\":\"https:\\\/\\\/www.ppdelugo.com\\\/es\\\/\"},{\"@type\":\"ListItem\",\"position\":2,\"name\":\"El PP asegura que el bigoberno sigue dando las costas a la Croa al dejar el barrio fuera del plan de asfaltado\"}]},{\"@type\":\"WebSite\",\"@id\":\"https:\\\/\\\/www.ppdelugo.com\\\/es\\\/#website\",\"url\":\"https:\\\/\\\/www.ppdelugo.com\\\/es\\\/\",\"name\":\"Grupo Municipal Partido Popular de Lugo\",\"description\":\"Web del Grupo Municipal del Partido Popular en el Ayuntamiento de Lugo, con informaci\u00f3n sobre Lugo y fomento de la participaci\u00f3n ciudadana\",\"potentialAction\":[{\"@type\":\"SearchAction\",\"target\":{\"@type\":\"EntryPoint\",\"urlTemplate\":\"https:\\\/\\\/www.ppdelugo.com\\\/es\\\/?s={search_term_string}\"},\"query-input\":{\"@type\":\"PropertyValueSpecification\",\"valueRequired\":true,\"valueName\":\"search_term_string\"}}],\"inLanguage\":\"es\"},{\"@type\":\"Person\",\"@id\":\"https:\\\/\\\/www.ppdelugo.com\\\/es\\\/#\\\/schema\\\/person\\\/4fa17dd371813e2c389a4417775cec48\",\"name\":\"ppdelugo\",\"url\":\"https:\\\/\\\/www.ppdelugo.com\\\/es\\\/author\\\/admin-2\\\/\"}]}<\/script>\n<!-- \/ Yoast SEO plugin. -->","yoast_head_json":{"title":"El PP asegura que el bigoberno sigue dando las costas a la Croa al dejar el barrio fuera del plan de asfaltado - Grupo Municipal Partido Popular de Lugo","robots":{"index":"index","follow":"follow","max-snippet":"max-snippet:-1","max-image-preview":"max-image-preview:large","max-video-preview":"max-video-preview:-1"},"canonical":"https:\/\/www.ppdelugo.com\/es\/o-pp-asegura-que-o-bigoberno-segue-a-dar-as-costas-a-croa-ao-deixar-o-barrio-fora-do-plan-de-asfaltado\/","og_locale":"es_ES","og_type":"article","og_title":"El PP asegura que el bigoberno sigue dando las costas a la Croa al dejar el barrio fuera del plan de asfaltado - Grupo Municipal Partido Popular de Lugo","og_description":"El concejal del Grupo Municipal del PP Antonio Ameijide explica que se preguntar\u00e1 en comisi\u00f3n se es cierto que no se renovar\u00e1 el asfalto de las principales calles del barrio...","og_url":"https:\/\/www.ppdelugo.com\/es\/o-pp-asegura-que-o-bigoberno-segue-a-dar-as-costas-a-croa-ao-deixar-o-barrio-fora-do-plan-de-asfaltado\/","og_site_name":"Grupo Municipal Partido Popular de Lugo","article_published_time":"2020-01-31T17:07:00+00:00","article_modified_time":"2020-02-04T17:09:51+00:00","og_image":[{"width":1024,"height":768,"url":"https:\/\/www.ppdelugo.com\/wp-content\/uploads\/2020\/02\/Visita-Croa-suciedad-1024x768.jpg","type":"image\/jpeg"}],"author":"ppdelugo","twitter_card":"summary_large_image","twitter_misc":{"Escrito por":"ppdelugo","Tiempo de lectura":"2 minutos"},"schema":{"@context":"https:\/\/schema.org","@graph":[{"@type":"Article","@id":"https:\/\/www.ppdelugo.com\/es\/o-pp-asegura-que-o-bigoberno-segue-a-dar-as-costas-a-croa-ao-deixar-o-barrio-fora-do-plan-de-asfaltado\/#article","isPartOf":{"@id":"https:\/\/www.ppdelugo.com\/es\/o-pp-asegura-que-o-bigoberno-segue-a-dar-as-costas-a-croa-ao-deixar-o-barrio-fora-do-plan-de-asfaltado\/"},"author":{"name":"ppdelugo","@id":"https:\/\/www.ppdelugo.com\/es\/#\/schema\/person\/4fa17dd371813e2c389a4417775cec48"},"headline":"El PP asegura que el bigoberno sigue dando las costas a la Croa al dejar el barrio fuera del plan de asfaltado","datePublished":"2020-01-31T17:07:00+00:00","dateModified":"2020-02-04T17:09:51+00:00","mainEntityOfPage":{"@id":"https:\/\/www.ppdelugo.com\/es\/o-pp-asegura-que-o-bigoberno-segue-a-dar-as-costas-a-croa-ao-deixar-o-barrio-fora-do-plan-de-asfaltado\/"},"wordCount":386,"commentCount":0,"image":{"@id":"https:\/\/www.ppdelugo.com\/es\/o-pp-asegura-que-o-bigoberno-segue-a-dar-as-costas-a-croa-ao-deixar-o-barrio-fora-do-plan-de-asfaltado\/#primaryimage"},"thumbnailUrl":"https:\/\/www.ppdelugo.com\/wp-content\/uploads\/2020\/02\/Visita-Croa-suciedad.jpg","articleSection":["Infraestructuras","Limpeza","Urbanismo"],"inLanguage":"es","potentialAction":[{"@type":"CommentAction","name":"Comment","target":["https:\/\/www.ppdelugo.com\/es\/o-pp-asegura-que-o-bigoberno-segue-a-dar-as-costas-a-croa-ao-deixar-o-barrio-fora-do-plan-de-asfaltado\/#respond"]}]},{"@type":"WebPage","@id":"https:\/\/www.ppdelugo.com\/es\/o-pp-asegura-que-o-bigoberno-segue-a-dar-as-costas-a-croa-ao-deixar-o-barrio-fora-do-plan-de-asfaltado\/","url":"https:\/\/www.ppdelugo.com\/es\/o-pp-asegura-que-o-bigoberno-segue-a-dar-as-costas-a-croa-ao-deixar-o-barrio-fora-do-plan-de-asfaltado\/","name":"El PP asegura que el bigoberno sigue dando las costas a la Croa al dejar el barrio fuera del plan de asfaltado - Grupo Municipal Partido Popular de Lugo","isPartOf":{"@id":"https:\/\/www.ppdelugo.com\/es\/#website"},"primaryImageOfPage":{"@id":"https:\/\/www.ppdelugo.com\/es\/o-pp-asegura-que-o-bigoberno-segue-a-dar-as-costas-a-croa-ao-deixar-o-barrio-fora-do-plan-de-asfaltado\/#primaryimage"},"image":{"@id":"https:\/\/www.ppdelugo.com\/es\/o-pp-asegura-que-o-bigoberno-segue-a-dar-as-costas-a-croa-ao-deixar-o-barrio-fora-do-plan-de-asfaltado\/#primaryimage"},"thumbnailUrl":"https:\/\/www.ppdelugo.com\/wp-content\/uploads\/2020\/02\/Visita-Croa-suciedad.jpg","datePublished":"2020-01-31T17:07:00+00:00","dateModified":"2020-02-04T17:09:51+00:00","author":{"@id":"https:\/\/www.ppdelugo.com\/es\/#\/schema\/person\/4fa17dd371813e2c389a4417775cec48"},"breadcrumb":{"@id":"https:\/\/www.ppdelugo.com\/es\/o-pp-asegura-que-o-bigoberno-segue-a-dar-as-costas-a-croa-ao-deixar-o-barrio-fora-do-plan-de-asfaltado\/#breadcrumb"},"inLanguage":"es","potentialAction":[{"@type":"ReadAction","target":["https:\/\/www.ppdelugo.com\/es\/o-pp-asegura-que-o-bigoberno-segue-a-dar-as-costas-a-croa-ao-deixar-o-barrio-fora-do-plan-de-asfaltado\/"]}]},{"@type":"ImageObject","inLanguage":"es","@id":"https:\/\/www.ppdelugo.com\/es\/o-pp-asegura-que-o-bigoberno-segue-a-dar-as-costas-a-croa-ao-deixar-o-barrio-fora-do-plan-de-asfaltado\/#primaryimage","url":"https:\/\/www.ppdelugo.com\/wp-content\/uploads\/2020\/02\/Visita-Croa-suciedad.jpg","contentUrl":"https:\/\/www.ppdelugo.com\/wp-content\/uploads\/2020\/02\/Visita-Croa-suciedad.jpg","width":4032,"height":3024},{"@type":"BreadcrumbList","@id":"https:\/\/www.ppdelugo.com\/es\/o-pp-asegura-que-o-bigoberno-segue-a-dar-as-costas-a-croa-ao-deixar-o-barrio-fora-do-plan-de-asfaltado\/#breadcrumb","itemListElement":[{"@type":"ListItem","position":1,"name":"Portada","item":"https:\/\/www.ppdelugo.com\/es\/"},{"@type":"ListItem","position":2,"name":"El PP asegura que el bigoberno sigue dando las costas a la Croa al dejar el barrio fuera del plan de asfaltado"}]},{"@type":"WebSite","@id":"https:\/\/www.ppdelugo.com\/es\/#website","url":"https:\/\/www.ppdelugo.com\/es\/","name":"Grupo Municipal Partido Popular de Lugo","description":"Web del Grupo Municipal del Partido Popular en el Ayuntamiento de Lugo, con informaci\u00f3n sobre Lugo y fomento de la participaci\u00f3n ciudadana","potentialAction":[{"@type":"SearchAction","target":{"@type":"EntryPoint","urlTemplate":"https:\/\/www.ppdelugo.com\/es\/?s={search_term_string}"},"query-input":{"@type":"PropertyValueSpecification","valueRequired":true,"valueName":"search_term_string"}}],"inLanguage":"es"},{"@type":"Person","@id":"https:\/\/www.ppdelugo.com\/es\/#\/schema\/person\/4fa17dd371813e2c389a4417775cec48","name":"ppdelugo","url":"https:\/\/www.ppdelugo.com\/es\/author\/admin-2\/"}]}},"_links":{"self":[{"href":"https:\/\/www.ppdelugo.com\/es\/wp-json\/wp\/v2\/posts\/11707","targetHints":{"allow":["GET"]}}],"collection":[{"href":"https:\/\/www.ppdelugo.com\/es\/wp-json\/wp\/v2\/posts"}],"about":[{"href":"https:\/\/www.ppdelugo.com\/es\/wp-json\/wp\/v2\/types\/post"}],"author":[{"embeddable":true,"href":"https:\/\/www.ppdelugo.com\/es\/wp-json\/wp\/v2\/users\/8"}],"replies":[{"embeddable":true,"href":"https:\/\/www.ppdelugo.com\/es\/wp-json\/wp\/v2\/comments?post=11707"}],"version-history":[{"count":0,"href":"https:\/\/www.ppdelugo.com\/es\/wp-json\/wp\/v2\/posts\/11707\/revisions"}],"wp:featuredmedia":[{"embeddable":true,"href":"https:\/\/www.ppdelugo.com\/es\/wp-json\/wp\/v2\/media\/11705"}],"wp:attachment":[{"href":"https:\/\/www.ppdelugo.com\/es\/wp-json\/wp\/v2\/media?parent=11707"}],"wp:term":[{"taxonomy":"category","embeddable":true,"href":"https:\/\/www.ppdelugo.com\/es\/wp-json\/wp\/v2\/categories?post=11707"},{"taxonomy":"post_tag","embeddable":true,"href":"https:\/\/www.ppdelugo.com\/es\/wp-json\/wp\/v2\/tags?post=11707"}],"curies":[{"name":"wp","href":"https:\/\/api.w.org\/{rel}","templated":true}]}}