{"id":11698,"date":"2020-01-30T09:25:02","date_gmt":"2020-01-30T09:25:02","guid":{"rendered":"http:\/\/www.ppdelugo.com\/mocion-de-urxencia-para-instar-ao-goberno-a-aboar-a-debeda-pendente-a-galicia\/"},"modified":"2020-01-30T11:59:28","modified_gmt":"2020-01-30T11:59:28","slug":"mocion-de-urxencia-para-instar-ao-goberno-a-aboar-a-debeda-pendente-a-galicia","status":"publish","type":"post","link":"https:\/\/www.ppdelugo.com\/es\/mocion-de-urxencia-para-instar-ao-goberno-a-aboar-a-debeda-pendente-a-galicia\/","title":{"rendered":"El  GMPP lidera el apoyo del Ayuntamiento a la Xunta para reclamar el dinero que Pedro S\u00e1nchez debe a todos los gallegos"},"content":{"rendered":"<p>El Grupo Municipal del Partido Popular consigui\u00f3 la unanimidad del pleno para que el Ayuntamiento de Lugo apoye al gobierno de la Xunta de Galicia para que le reclame a Pedro S\u00e1nchez el dinero que le debe a todos los gallegos y que se neg\u00f3 a pagar en reiteradas ocasiones.<\/p>\n<p><!--more--><\/p>\n<p>A d\u00eda de hoxe o Goberno central segue a reter a liquidaci\u00f3n dunha mensualidade do IVE de 2017 (200 mill\u00f3ns) e n\u00e9gase a pagar os incentivos que lle corresponden a Galicia polo bo desempe\u00f1o fiscal nos anos 2017 e 2018 (170 mill\u00f3ns de euros). <\/p>\n<p>En declaraci\u00f3ns realizadas o d\u00eda 21 de xaneiro deste ano 2020 trala reuni\u00f3n do Consello de Ministros, a ministra de Hacienda e portavoz do goberno alegou que era unha cuesti\u00f3n que \u201ctocaba en el a\u00f1o 2019\u201d e que \u201cya se perdi\u00f3 esa oportunidad de poder resarcir\u201d, culpando aos partidos pol\u00edticos que non aprobaron o proxecto de Presupuestos Generales del Estado.<\/p>\n<p>Este explicaci\u00f3n non s\u00f3 carece de fundamento xur\u00eddico alg\u00fan, sen\u00f3n que sup\u00f3n romper o compromiso que a propia ministra asumiu persoalmente en agosto de 2018 e que  levou \u00e1 Xunta de Galicia a prever eses ingresos nos seus Orzamentos.<\/p>\n<p>O Goberno central debe adoptar unha soluci\u00f3n urxente para transferir estes recursos, que lle corresponden aos galegos. No caso do IVE son cartos de todos os galegos, que o Goberno xa recadou, que o Goberno ten no seu poder e que se nega a transferirnos.<\/p>\n<p>Existe un problema global, o do IVE, que \u00e9 com\u00fan para todas as Comunidades Aut\u00f3nomas, deputaci\u00f3ns provinciais e entidades locais, e que demanda unha soluci\u00f3n com\u00fan. As comunidades est\u00e1n en emerxencia financeira e estes recursos destinaranase \u00e1 prestaci\u00f3n de servizos p\u00fablicos esenciais. \u00c9 evidente que se non chegan estes recursos as comunidades ter\u00e1n que endebedarse e retrasar pagamentos. <\/p>\n<p>E existe outro problema espec\u00edfico para Galicia, que se fixo acredora de cobrar os incentivos fiscais polo seu cumprimento de todas as regras fiscais tanto no ano 2017 como no ano 2018, que ten que ter unha soluci\u00f3n espec\u00edfica para a nosa comunidade. <\/p>\n<p>O impacto econ\u00f3mico desta decisi\u00f3n do Goberno central afecta directamente ao sistema de financiamento auton\u00f3mico, pero tam\u00e9n pode supor unha perda de recursos para os veci\u00f1os do noso Concello, polo que esta Corporaci\u00f3n non pode permanecer allea a esta reivindicaci\u00f3n. <\/p>\n<p>Polo exposto, o Grupo Municipal do Partido Popular no Concello de Lugo, presenta a seguinte:<\/p>\n<p>PROPOSTA DE ACORDOS<\/p>\n<p>1. \u201cDeclarar o apoio deste Concello \u00e1 reivindicaci\u00f3n da Xunta de Galicia ante o Goberno de Espa\u00f1a para que ingrese as cont\u00edas do Imposto sobre o Valor Engadido (IVE) non liquidadas correspondentes ao exercicio 2017 como consecuencia da implantaci\u00f3n do sistema de Informaci\u00f3n Inmediata.<\/p>\n<p>2. Declara o apoio deste Concello \u00e1 reivindicaci\u00f3n da Xunta de Galicia ante o Goberno de Espa\u00f1a dunha convocatoria urxente do Consello de Pol\u00edtica Fiscal e Financeira, cunha orde do d\u00eda que incl\u00faa un punto espec\u00edfico para abordar a aprobaci\u00f3n a Galicia dos incentivos polo seu bo desempe\u00f1o fiscal nos anos 2017 e 2018. <\/p>\n<p>3. Dar traslado destes acordos ao Goberno de Espa\u00f1a, \u00e1 Xunta de Galicia e aos Grupos Parlamentarios do Congreso dos deputados e do Parlamento de Galicia.<\/p>\n","protected":false},"excerpt":{"rendered":"<p>El Grupo Municipal del Partido Popular consigui\u00f3 la unanimidad del pleno para que el Ayuntamiento de Lugo apoye al gobierno de la Xunta de Galicia para que le reclame a&#8230;<\/p>\n","protected":false},"author":8,"featured_media":11695,"comment_status":"open","ping_status":"closed","sticky":false,"template":"","format":"standard","meta":{"footnotes":""},"categories":[31,50,39],"tags":[],"class_list":{"0":"post-11698","1":"post","2":"type-post","3":"status-publish","4":"format-standard","5":"has-post-thumbnail","7":"category-economia-es","8":"category-proposiciones","9":"category-transparencia-es"},"yoast_head":"<!-- This site is optimized with the Yoast SEO plugin v27.4 - https:\/\/yoast.com\/product\/yoast-seo-wordpress\/ -->\n<title>El GMPP lidera el apoyo del Ayuntamiento a la Xunta para reclamar el dinero que Pedro S\u00e1nchez debe a todos los gallegos - Grupo Municipal Partido Popular de Lugo<\/title>\n<meta name=\"robots\" content=\"index, follow, max-snippet:-1, max-image-preview:large, max-video-preview:-1\" \/>\n<link rel=\"canonical\" href=\"https:\/\/www.ppdelugo.com\/es\/mocion-de-urxencia-para-instar-ao-goberno-a-aboar-a-debeda-pendente-a-galicia\/\" \/>\n<meta property=\"og:locale\" content=\"es_ES\" \/>\n<meta property=\"og:type\" content=\"article\" \/>\n<meta property=\"og:title\" content=\"El GMPP lidera el apoyo del Ayuntamiento a la Xunta para reclamar el dinero que Pedro S\u00e1nchez debe a todos los gallegos - Grupo Municipal Partido Popular de Lugo\" \/>\n<meta property=\"og:description\" content=\"El Grupo Municipal del Partido Popular consigui\u00f3 la unanimidad del pleno para que el Ayuntamiento de Lugo apoye al gobierno de la Xunta de Galicia para que le reclame a...\" \/>\n<meta property=\"og:url\" content=\"https:\/\/www.ppdelugo.com\/es\/mocion-de-urxencia-para-instar-ao-goberno-a-aboar-a-debeda-pendente-a-galicia\/\" \/>\n<meta property=\"og:site_name\" content=\"Grupo Municipal Partido Popular de Lugo\" \/>\n<meta property=\"article:published_time\" content=\"2020-01-30T09:25:02+00:00\" \/>\n<meta property=\"article:modified_time\" content=\"2020-01-30T11:59:28+00:00\" \/>\n<meta property=\"og:image\" content=\"https:\/\/www.ppdelugo.com\/wp-content\/uploads\/2020\/01\/Ram\u00f3n-IVA-1024x768.jpg\" \/>\n\t<meta property=\"og:image:width\" content=\"1024\" \/>\n\t<meta property=\"og:image:height\" content=\"768\" \/>\n\t<meta property=\"og:image:type\" content=\"image\/jpeg\" \/>\n<meta name=\"author\" content=\"ppdelugo\" \/>\n<meta name=\"twitter:card\" content=\"summary_large_image\" \/>\n<meta name=\"twitter:label1\" content=\"Escrito por\" \/>\n\t<meta name=\"twitter:data1\" content=\"ppdelugo\" \/>\n\t<meta name=\"twitter:label2\" content=\"Tiempo de lectura\" \/>\n\t<meta name=\"twitter:data2\" content=\"3 minutos\" \/>\n<script type=\"application\/ld+json\" class=\"yoast-schema-graph\">{\"@context\":\"https:\\\/\\\/schema.org\",\"@graph\":[{\"@type\":\"Article\",\"@id\":\"https:\\\/\\\/www.ppdelugo.com\\\/es\\\/mocion-de-urxencia-para-instar-ao-goberno-a-aboar-a-debeda-pendente-a-galicia\\\/#article\",\"isPartOf\":{\"@id\":\"https:\\\/\\\/www.ppdelugo.com\\\/es\\\/mocion-de-urxencia-para-instar-ao-goberno-a-aboar-a-debeda-pendente-a-galicia\\\/\"},\"author\":{\"name\":\"ppdelugo\",\"@id\":\"https:\\\/\\\/www.ppdelugo.com\\\/es\\\/#\\\/schema\\\/person\\\/4fa17dd371813e2c389a4417775cec48\"},\"headline\":\"El GMPP lidera el apoyo del Ayuntamiento a la Xunta para reclamar el dinero que Pedro S\u00e1nchez debe a todos los gallegos\",\"datePublished\":\"2020-01-30T09:25:02+00:00\",\"dateModified\":\"2020-01-30T11:59:28+00:00\",\"mainEntityOfPage\":{\"@id\":\"https:\\\/\\\/www.ppdelugo.com\\\/es\\\/mocion-de-urxencia-para-instar-ao-goberno-a-aboar-a-debeda-pendente-a-galicia\\\/\"},\"wordCount\":572,\"commentCount\":0,\"image\":{\"@id\":\"https:\\\/\\\/www.ppdelugo.com\\\/es\\\/mocion-de-urxencia-para-instar-ao-goberno-a-aboar-a-debeda-pendente-a-galicia\\\/#primaryimage\"},\"thumbnailUrl\":\"https:\\\/\\\/www.ppdelugo.com\\\/wp-content\\\/uploads\\\/2020\\\/01\\\/Ram\u00f3n-IVA.jpg\",\"articleSection\":[\"Econom\u00eda\",\"Proposiciones\",\"transparencia\"],\"inLanguage\":\"es\",\"potentialAction\":[{\"@type\":\"CommentAction\",\"name\":\"Comment\",\"target\":[\"https:\\\/\\\/www.ppdelugo.com\\\/es\\\/mocion-de-urxencia-para-instar-ao-goberno-a-aboar-a-debeda-pendente-a-galicia\\\/#respond\"]}]},{\"@type\":\"WebPage\",\"@id\":\"https:\\\/\\\/www.ppdelugo.com\\\/es\\\/mocion-de-urxencia-para-instar-ao-goberno-a-aboar-a-debeda-pendente-a-galicia\\\/\",\"url\":\"https:\\\/\\\/www.ppdelugo.com\\\/es\\\/mocion-de-urxencia-para-instar-ao-goberno-a-aboar-a-debeda-pendente-a-galicia\\\/\",\"name\":\"El GMPP lidera el apoyo del Ayuntamiento a la Xunta para reclamar el dinero que Pedro S\u00e1nchez debe a todos los gallegos - Grupo Municipal Partido Popular de Lugo\",\"isPartOf\":{\"@id\":\"https:\\\/\\\/www.ppdelugo.com\\\/es\\\/#website\"},\"primaryImageOfPage\":{\"@id\":\"https:\\\/\\\/www.ppdelugo.com\\\/es\\\/mocion-de-urxencia-para-instar-ao-goberno-a-aboar-a-debeda-pendente-a-galicia\\\/#primaryimage\"},\"image\":{\"@id\":\"https:\\\/\\\/www.ppdelugo.com\\\/es\\\/mocion-de-urxencia-para-instar-ao-goberno-a-aboar-a-debeda-pendente-a-galicia\\\/#primaryimage\"},\"thumbnailUrl\":\"https:\\\/\\\/www.ppdelugo.com\\\/wp-content\\\/uploads\\\/2020\\\/01\\\/Ram\u00f3n-IVA.jpg\",\"datePublished\":\"2020-01-30T09:25:02+00:00\",\"dateModified\":\"2020-01-30T11:59:28+00:00\",\"author\":{\"@id\":\"https:\\\/\\\/www.ppdelugo.com\\\/es\\\/#\\\/schema\\\/person\\\/4fa17dd371813e2c389a4417775cec48\"},\"breadcrumb\":{\"@id\":\"https:\\\/\\\/www.ppdelugo.com\\\/es\\\/mocion-de-urxencia-para-instar-ao-goberno-a-aboar-a-debeda-pendente-a-galicia\\\/#breadcrumb\"},\"inLanguage\":\"es\",\"potentialAction\":[{\"@type\":\"ReadAction\",\"target\":[\"https:\\\/\\\/www.ppdelugo.com\\\/es\\\/mocion-de-urxencia-para-instar-ao-goberno-a-aboar-a-debeda-pendente-a-galicia\\\/\"]}]},{\"@type\":\"ImageObject\",\"inLanguage\":\"es\",\"@id\":\"https:\\\/\\\/www.ppdelugo.com\\\/es\\\/mocion-de-urxencia-para-instar-ao-goberno-a-aboar-a-debeda-pendente-a-galicia\\\/#primaryimage\",\"url\":\"https:\\\/\\\/www.ppdelugo.com\\\/wp-content\\\/uploads\\\/2020\\\/01\\\/Ram\u00f3n-IVA.jpg\",\"contentUrl\":\"https:\\\/\\\/www.ppdelugo.com\\\/wp-content\\\/uploads\\\/2020\\\/01\\\/Ram\u00f3n-IVA.jpg\",\"width\":4000,\"height\":3000},{\"@type\":\"BreadcrumbList\",\"@id\":\"https:\\\/\\\/www.ppdelugo.com\\\/es\\\/mocion-de-urxencia-para-instar-ao-goberno-a-aboar-a-debeda-pendente-a-galicia\\\/#breadcrumb\",\"itemListElement\":[{\"@type\":\"ListItem\",\"position\":1,\"name\":\"Portada\",\"item\":\"https:\\\/\\\/www.ppdelugo.com\\\/es\\\/\"},{\"@type\":\"ListItem\",\"position\":2,\"name\":\"El GMPP lidera el apoyo del Ayuntamiento a la Xunta para reclamar el dinero que Pedro S\u00e1nchez debe a todos los gallegos\"}]},{\"@type\":\"WebSite\",\"@id\":\"https:\\\/\\\/www.ppdelugo.com\\\/es\\\/#website\",\"url\":\"https:\\\/\\\/www.ppdelugo.com\\\/es\\\/\",\"name\":\"Grupo Municipal Partido Popular de Lugo\",\"description\":\"Web del Grupo Municipal del Partido Popular en el Ayuntamiento de Lugo, con informaci\u00f3n sobre Lugo y fomento de la participaci\u00f3n ciudadana\",\"potentialAction\":[{\"@type\":\"SearchAction\",\"target\":{\"@type\":\"EntryPoint\",\"urlTemplate\":\"https:\\\/\\\/www.ppdelugo.com\\\/es\\\/?s={search_term_string}\"},\"query-input\":{\"@type\":\"PropertyValueSpecification\",\"valueRequired\":true,\"valueName\":\"search_term_string\"}}],\"inLanguage\":\"es\"},{\"@type\":\"Person\",\"@id\":\"https:\\\/\\\/www.ppdelugo.com\\\/es\\\/#\\\/schema\\\/person\\\/4fa17dd371813e2c389a4417775cec48\",\"name\":\"ppdelugo\",\"url\":\"https:\\\/\\\/www.ppdelugo.com\\\/es\\\/author\\\/admin-2\\\/\"}]}<\/script>\n<!-- \/ Yoast SEO plugin. -->","yoast_head_json":{"title":"El GMPP lidera el apoyo del Ayuntamiento a la Xunta para reclamar el dinero que Pedro S\u00e1nchez debe a todos los gallegos - Grupo Municipal Partido Popular de Lugo","robots":{"index":"index","follow":"follow","max-snippet":"max-snippet:-1","max-image-preview":"max-image-preview:large","max-video-preview":"max-video-preview:-1"},"canonical":"https:\/\/www.ppdelugo.com\/es\/mocion-de-urxencia-para-instar-ao-goberno-a-aboar-a-debeda-pendente-a-galicia\/","og_locale":"es_ES","og_type":"article","og_title":"El GMPP lidera el apoyo del Ayuntamiento a la Xunta para reclamar el dinero que Pedro S\u00e1nchez debe a todos los gallegos - Grupo Municipal Partido Popular de Lugo","og_description":"El Grupo Municipal del Partido Popular consigui\u00f3 la unanimidad del pleno para que el Ayuntamiento de Lugo apoye al gobierno de la Xunta de Galicia para que le reclame a...","og_url":"https:\/\/www.ppdelugo.com\/es\/mocion-de-urxencia-para-instar-ao-goberno-a-aboar-a-debeda-pendente-a-galicia\/","og_site_name":"Grupo Municipal Partido Popular de Lugo","article_published_time":"2020-01-30T09:25:02+00:00","article_modified_time":"2020-01-30T11:59:28+00:00","og_image":[{"width":1024,"height":768,"url":"https:\/\/www.ppdelugo.com\/wp-content\/uploads\/2020\/01\/Ram\u00f3n-IVA-1024x768.jpg","type":"image\/jpeg"}],"author":"ppdelugo","twitter_card":"summary_large_image","twitter_misc":{"Escrito por":"ppdelugo","Tiempo de lectura":"3 minutos"},"schema":{"@context":"https:\/\/schema.org","@graph":[{"@type":"Article","@id":"https:\/\/www.ppdelugo.com\/es\/mocion-de-urxencia-para-instar-ao-goberno-a-aboar-a-debeda-pendente-a-galicia\/#article","isPartOf":{"@id":"https:\/\/www.ppdelugo.com\/es\/mocion-de-urxencia-para-instar-ao-goberno-a-aboar-a-debeda-pendente-a-galicia\/"},"author":{"name":"ppdelugo","@id":"https:\/\/www.ppdelugo.com\/es\/#\/schema\/person\/4fa17dd371813e2c389a4417775cec48"},"headline":"El GMPP lidera el apoyo del Ayuntamiento a la Xunta para reclamar el dinero que Pedro S\u00e1nchez debe a todos los gallegos","datePublished":"2020-01-30T09:25:02+00:00","dateModified":"2020-01-30T11:59:28+00:00","mainEntityOfPage":{"@id":"https:\/\/www.ppdelugo.com\/es\/mocion-de-urxencia-para-instar-ao-goberno-a-aboar-a-debeda-pendente-a-galicia\/"},"wordCount":572,"commentCount":0,"image":{"@id":"https:\/\/www.ppdelugo.com\/es\/mocion-de-urxencia-para-instar-ao-goberno-a-aboar-a-debeda-pendente-a-galicia\/#primaryimage"},"thumbnailUrl":"https:\/\/www.ppdelugo.com\/wp-content\/uploads\/2020\/01\/Ram\u00f3n-IVA.jpg","articleSection":["Econom\u00eda","Proposiciones","transparencia"],"inLanguage":"es","potentialAction":[{"@type":"CommentAction","name":"Comment","target":["https:\/\/www.ppdelugo.com\/es\/mocion-de-urxencia-para-instar-ao-goberno-a-aboar-a-debeda-pendente-a-galicia\/#respond"]}]},{"@type":"WebPage","@id":"https:\/\/www.ppdelugo.com\/es\/mocion-de-urxencia-para-instar-ao-goberno-a-aboar-a-debeda-pendente-a-galicia\/","url":"https:\/\/www.ppdelugo.com\/es\/mocion-de-urxencia-para-instar-ao-goberno-a-aboar-a-debeda-pendente-a-galicia\/","name":"El GMPP lidera el apoyo del Ayuntamiento a la Xunta para reclamar el dinero que Pedro S\u00e1nchez debe a todos los gallegos - Grupo Municipal Partido Popular de Lugo","isPartOf":{"@id":"https:\/\/www.ppdelugo.com\/es\/#website"},"primaryImageOfPage":{"@id":"https:\/\/www.ppdelugo.com\/es\/mocion-de-urxencia-para-instar-ao-goberno-a-aboar-a-debeda-pendente-a-galicia\/#primaryimage"},"image":{"@id":"https:\/\/www.ppdelugo.com\/es\/mocion-de-urxencia-para-instar-ao-goberno-a-aboar-a-debeda-pendente-a-galicia\/#primaryimage"},"thumbnailUrl":"https:\/\/www.ppdelugo.com\/wp-content\/uploads\/2020\/01\/Ram\u00f3n-IVA.jpg","datePublished":"2020-01-30T09:25:02+00:00","dateModified":"2020-01-30T11:59:28+00:00","author":{"@id":"https:\/\/www.ppdelugo.com\/es\/#\/schema\/person\/4fa17dd371813e2c389a4417775cec48"},"breadcrumb":{"@id":"https:\/\/www.ppdelugo.com\/es\/mocion-de-urxencia-para-instar-ao-goberno-a-aboar-a-debeda-pendente-a-galicia\/#breadcrumb"},"inLanguage":"es","potentialAction":[{"@type":"ReadAction","target":["https:\/\/www.ppdelugo.com\/es\/mocion-de-urxencia-para-instar-ao-goberno-a-aboar-a-debeda-pendente-a-galicia\/"]}]},{"@type":"ImageObject","inLanguage":"es","@id":"https:\/\/www.ppdelugo.com\/es\/mocion-de-urxencia-para-instar-ao-goberno-a-aboar-a-debeda-pendente-a-galicia\/#primaryimage","url":"https:\/\/www.ppdelugo.com\/wp-content\/uploads\/2020\/01\/Ram\u00f3n-IVA.jpg","contentUrl":"https:\/\/www.ppdelugo.com\/wp-content\/uploads\/2020\/01\/Ram\u00f3n-IVA.jpg","width":4000,"height":3000},{"@type":"BreadcrumbList","@id":"https:\/\/www.ppdelugo.com\/es\/mocion-de-urxencia-para-instar-ao-goberno-a-aboar-a-debeda-pendente-a-galicia\/#breadcrumb","itemListElement":[{"@type":"ListItem","position":1,"name":"Portada","item":"https:\/\/www.ppdelugo.com\/es\/"},{"@type":"ListItem","position":2,"name":"El GMPP lidera el apoyo del Ayuntamiento a la Xunta para reclamar el dinero que Pedro S\u00e1nchez debe a todos los gallegos"}]},{"@type":"WebSite","@id":"https:\/\/www.ppdelugo.com\/es\/#website","url":"https:\/\/www.ppdelugo.com\/es\/","name":"Grupo Municipal Partido Popular de Lugo","description":"Web del Grupo Municipal del Partido Popular en el Ayuntamiento de Lugo, con informaci\u00f3n sobre Lugo y fomento de la participaci\u00f3n ciudadana","potentialAction":[{"@type":"SearchAction","target":{"@type":"EntryPoint","urlTemplate":"https:\/\/www.ppdelugo.com\/es\/?s={search_term_string}"},"query-input":{"@type":"PropertyValueSpecification","valueRequired":true,"valueName":"search_term_string"}}],"inLanguage":"es"},{"@type":"Person","@id":"https:\/\/www.ppdelugo.com\/es\/#\/schema\/person\/4fa17dd371813e2c389a4417775cec48","name":"ppdelugo","url":"https:\/\/www.ppdelugo.com\/es\/author\/admin-2\/"}]}},"_links":{"self":[{"href":"https:\/\/www.ppdelugo.com\/es\/wp-json\/wp\/v2\/posts\/11698","targetHints":{"allow":["GET"]}}],"collection":[{"href":"https:\/\/www.ppdelugo.com\/es\/wp-json\/wp\/v2\/posts"}],"about":[{"href":"https:\/\/www.ppdelugo.com\/es\/wp-json\/wp\/v2\/types\/post"}],"author":[{"embeddable":true,"href":"https:\/\/www.ppdelugo.com\/es\/wp-json\/wp\/v2\/users\/8"}],"replies":[{"embeddable":true,"href":"https:\/\/www.ppdelugo.com\/es\/wp-json\/wp\/v2\/comments?post=11698"}],"version-history":[{"count":0,"href":"https:\/\/www.ppdelugo.com\/es\/wp-json\/wp\/v2\/posts\/11698\/revisions"}],"wp:featuredmedia":[{"embeddable":true,"href":"https:\/\/www.ppdelugo.com\/es\/wp-json\/wp\/v2\/media\/11695"}],"wp:attachment":[{"href":"https:\/\/www.ppdelugo.com\/es\/wp-json\/wp\/v2\/media?parent=11698"}],"wp:term":[{"taxonomy":"category","embeddable":true,"href":"https:\/\/www.ppdelugo.com\/es\/wp-json\/wp\/v2\/categories?post=11698"},{"taxonomy":"post_tag","embeddable":true,"href":"https:\/\/www.ppdelugo.com\/es\/wp-json\/wp\/v2\/tags?post=11698"}],"curies":[{"name":"wp","href":"https:\/\/api.w.org\/{rel}","templated":true}]}}