{"id":11681,"date":"2020-01-30T09:22:56","date_gmt":"2020-01-30T09:22:56","guid":{"rendered":"http:\/\/www.ppdelugo.com\/proposicion-para-completar-o-paseo-interior-da-muralla\/"},"modified":"2020-01-30T10:12:56","modified_gmt":"2020-01-30T10:12:56","slug":"proposicion-para-completar-o-paseo-interior-da-muralla","status":"publish","type":"post","link":"https:\/\/www.ppdelugo.com\/es\/proposicion-para-completar-o-paseo-interior-da-muralla\/","title":{"rendered":"El  GMPP consigue la unanimidad para que el  bigoberno impulse la creaci\u00f3n del Paseo Interior de la Muralla"},"content":{"rendered":"<p>El Grupo Municipal del Partido Popular consigui\u00f3 hoy el compromiso del  bigoberno para que se impulse la creaci\u00f3n del Paseo Interior de la Muralla, algo para lo cual los populares esperan que tanto Lara M\u00e9ndez como Rub\u00e9n Arrojo se pongan a trabajar para que esta propuesta no quede guardada en un caj\u00f3n.<br \/>\n<!--more--><\/p>\n<p>O centro hist\u00f3rico da cidade precisa seguir avanzando na s\u00faa recuperaci\u00f3n e posta en valor para que poida ser declarado Patrimonio da Humanidade, nese sentido o impulso do paseo interior da muralla resulta capital, a\u00ednda que lamentablemente b\u00f3tase en falta un proxecto \u00fanico que permita levar a cabo actuaci\u00f3ns de forma programada, xa que na actualidade o denominador com\u00fan \u00e9 a improvisaci\u00f3n, a inconsistencia e a falta de compromiso pol\u00edtico, que se manifesta pola falta de partidas orzamentarias nos \u00faltimos anos que impiden que o paseo interior da muralla avance a un ritmo adecuado.<br \/>\n A falta de direcci\u00f3n e liderado pol\u00edtico dos gobernos presididos polo PSOE e nos que o BNG formou parte en diferentes etapas, provocou que nos \u00faltimos anos non se liberara espazos que permitan habilitar os tramos necesarios para completar o paseo interior da muralla.<br \/>\n\tPor todo iso, o Grupo Municipal Popular que subscribe considera de interese municipal que o Pleno da Corporaci\u00f3n Municipal acorde instar ao equipo de goberno a:<br \/>\n\tIniciar os tr\u00e1mites para impulsar un proxecto \u00fanico para a construci\u00f3n integral do paseo interior da muralla, establecendo un espazo temporal e partidas orzamentarias suficientes para a s\u00faa execuci\u00f3n, revisando o PEPRI e demais normativa municipal se fora necesario para tal fin.<\/p>\n","protected":false},"excerpt":{"rendered":"<p>El Grupo Municipal del Partido Popular consigui\u00f3 hoy el compromiso del bigoberno para que se impulse la creaci\u00f3n del Paseo Interior de la Muralla, algo para lo cual los populares&#8230;<\/p>\n","protected":false},"author":8,"featured_media":11679,"comment_status":"open","ping_status":"closed","sticky":false,"template":"","format":"standard","meta":{"footnotes":""},"categories":[50,42],"tags":[],"class_list":{"0":"post-11681","1":"post","2":"type-post","3":"status-publish","4":"format-standard","5":"has-post-thumbnail","7":"category-proposiciones","8":"category-urbanismo-es"},"yoast_head":"<!-- This site is optimized with the Yoast SEO plugin v27.4 - https:\/\/yoast.com\/product\/yoast-seo-wordpress\/ -->\n<title>El GMPP consigue la unanimidad para que el bigoberno impulse la creaci\u00f3n del Paseo Interior de la Muralla - Grupo Municipal Partido Popular de Lugo<\/title>\n<meta name=\"robots\" content=\"index, follow, max-snippet:-1, max-image-preview:large, max-video-preview:-1\" \/>\n<link rel=\"canonical\" href=\"https:\/\/www.ppdelugo.com\/es\/proposicion-para-completar-o-paseo-interior-da-muralla\/\" \/>\n<meta property=\"og:locale\" content=\"es_ES\" \/>\n<meta property=\"og:type\" content=\"article\" \/>\n<meta property=\"og:title\" content=\"El GMPP consigue la unanimidad para que el bigoberno impulse la creaci\u00f3n del Paseo Interior de la Muralla - Grupo Municipal Partido Popular de Lugo\" \/>\n<meta property=\"og:description\" content=\"El Grupo Municipal del Partido Popular consigui\u00f3 hoy el compromiso del bigoberno para que se impulse la creaci\u00f3n del Paseo Interior de la Muralla, algo para lo cual los populares...\" \/>\n<meta property=\"og:url\" content=\"https:\/\/www.ppdelugo.com\/es\/proposicion-para-completar-o-paseo-interior-da-muralla\/\" \/>\n<meta property=\"og:site_name\" content=\"Grupo Municipal Partido Popular de Lugo\" \/>\n<meta property=\"article:published_time\" content=\"2020-01-30T09:22:56+00:00\" \/>\n<meta property=\"article:modified_time\" content=\"2020-01-30T10:12:56+00:00\" \/>\n<meta property=\"og:image\" content=\"https:\/\/www.ppdelugo.com\/wp-content\/uploads\/2020\/01\/Ram\u00f3n-Paseo-Interior-Muralla-1024x768.jpg\" \/>\n\t<meta property=\"og:image:width\" content=\"1024\" \/>\n\t<meta property=\"og:image:height\" content=\"768\" \/>\n\t<meta property=\"og:image:type\" content=\"image\/jpeg\" \/>\n<meta name=\"author\" content=\"ppdelugo\" \/>\n<meta name=\"twitter:card\" content=\"summary_large_image\" \/>\n<meta name=\"twitter:label1\" content=\"Escrito por\" \/>\n\t<meta name=\"twitter:data1\" content=\"ppdelugo\" \/>\n\t<meta name=\"twitter:label2\" content=\"Tiempo de lectura\" \/>\n\t<meta name=\"twitter:data2\" content=\"1 minuto\" \/>\n<script type=\"application\/ld+json\" class=\"yoast-schema-graph\">{\"@context\":\"https:\\\/\\\/schema.org\",\"@graph\":[{\"@type\":\"Article\",\"@id\":\"https:\\\/\\\/www.ppdelugo.com\\\/es\\\/proposicion-para-completar-o-paseo-interior-da-muralla\\\/#article\",\"isPartOf\":{\"@id\":\"https:\\\/\\\/www.ppdelugo.com\\\/es\\\/proposicion-para-completar-o-paseo-interior-da-muralla\\\/\"},\"author\":{\"name\":\"ppdelugo\",\"@id\":\"https:\\\/\\\/www.ppdelugo.com\\\/es\\\/#\\\/schema\\\/person\\\/4fa17dd371813e2c389a4417775cec48\"},\"headline\":\"El GMPP consigue la unanimidad para que el bigoberno impulse la creaci\u00f3n del Paseo Interior de la Muralla\",\"datePublished\":\"2020-01-30T09:22:56+00:00\",\"dateModified\":\"2020-01-30T10:12:56+00:00\",\"mainEntityOfPage\":{\"@id\":\"https:\\\/\\\/www.ppdelugo.com\\\/es\\\/proposicion-para-completar-o-paseo-interior-da-muralla\\\/\"},\"wordCount\":296,\"commentCount\":0,\"image\":{\"@id\":\"https:\\\/\\\/www.ppdelugo.com\\\/es\\\/proposicion-para-completar-o-paseo-interior-da-muralla\\\/#primaryimage\"},\"thumbnailUrl\":\"https:\\\/\\\/www.ppdelugo.com\\\/wp-content\\\/uploads\\\/2020\\\/01\\\/Ram\u00f3n-Paseo-Interior-Muralla.jpg\",\"articleSection\":[\"Proposiciones\",\"Urbanismo\"],\"inLanguage\":\"es\",\"potentialAction\":[{\"@type\":\"CommentAction\",\"name\":\"Comment\",\"target\":[\"https:\\\/\\\/www.ppdelugo.com\\\/es\\\/proposicion-para-completar-o-paseo-interior-da-muralla\\\/#respond\"]}]},{\"@type\":\"WebPage\",\"@id\":\"https:\\\/\\\/www.ppdelugo.com\\\/es\\\/proposicion-para-completar-o-paseo-interior-da-muralla\\\/\",\"url\":\"https:\\\/\\\/www.ppdelugo.com\\\/es\\\/proposicion-para-completar-o-paseo-interior-da-muralla\\\/\",\"name\":\"El GMPP consigue la unanimidad para que el bigoberno impulse la creaci\u00f3n del Paseo Interior de la Muralla - Grupo Municipal Partido Popular de Lugo\",\"isPartOf\":{\"@id\":\"https:\\\/\\\/www.ppdelugo.com\\\/es\\\/#website\"},\"primaryImageOfPage\":{\"@id\":\"https:\\\/\\\/www.ppdelugo.com\\\/es\\\/proposicion-para-completar-o-paseo-interior-da-muralla\\\/#primaryimage\"},\"image\":{\"@id\":\"https:\\\/\\\/www.ppdelugo.com\\\/es\\\/proposicion-para-completar-o-paseo-interior-da-muralla\\\/#primaryimage\"},\"thumbnailUrl\":\"https:\\\/\\\/www.ppdelugo.com\\\/wp-content\\\/uploads\\\/2020\\\/01\\\/Ram\u00f3n-Paseo-Interior-Muralla.jpg\",\"datePublished\":\"2020-01-30T09:22:56+00:00\",\"dateModified\":\"2020-01-30T10:12:56+00:00\",\"author\":{\"@id\":\"https:\\\/\\\/www.ppdelugo.com\\\/es\\\/#\\\/schema\\\/person\\\/4fa17dd371813e2c389a4417775cec48\"},\"breadcrumb\":{\"@id\":\"https:\\\/\\\/www.ppdelugo.com\\\/es\\\/proposicion-para-completar-o-paseo-interior-da-muralla\\\/#breadcrumb\"},\"inLanguage\":\"es\",\"potentialAction\":[{\"@type\":\"ReadAction\",\"target\":[\"https:\\\/\\\/www.ppdelugo.com\\\/es\\\/proposicion-para-completar-o-paseo-interior-da-muralla\\\/\"]}]},{\"@type\":\"ImageObject\",\"inLanguage\":\"es\",\"@id\":\"https:\\\/\\\/www.ppdelugo.com\\\/es\\\/proposicion-para-completar-o-paseo-interior-da-muralla\\\/#primaryimage\",\"url\":\"https:\\\/\\\/www.ppdelugo.com\\\/wp-content\\\/uploads\\\/2020\\\/01\\\/Ram\u00f3n-Paseo-Interior-Muralla.jpg\",\"contentUrl\":\"https:\\\/\\\/www.ppdelugo.com\\\/wp-content\\\/uploads\\\/2020\\\/01\\\/Ram\u00f3n-Paseo-Interior-Muralla.jpg\",\"width\":4000,\"height\":3000},{\"@type\":\"BreadcrumbList\",\"@id\":\"https:\\\/\\\/www.ppdelugo.com\\\/es\\\/proposicion-para-completar-o-paseo-interior-da-muralla\\\/#breadcrumb\",\"itemListElement\":[{\"@type\":\"ListItem\",\"position\":1,\"name\":\"Portada\",\"item\":\"https:\\\/\\\/www.ppdelugo.com\\\/es\\\/\"},{\"@type\":\"ListItem\",\"position\":2,\"name\":\"El GMPP consigue la unanimidad para que el bigoberno impulse la creaci\u00f3n del Paseo Interior de la Muralla\"}]},{\"@type\":\"WebSite\",\"@id\":\"https:\\\/\\\/www.ppdelugo.com\\\/es\\\/#website\",\"url\":\"https:\\\/\\\/www.ppdelugo.com\\\/es\\\/\",\"name\":\"Grupo Municipal Partido Popular de Lugo\",\"description\":\"Web del Grupo Municipal del Partido Popular en el Ayuntamiento de Lugo, con informaci\u00f3n sobre Lugo y fomento de la participaci\u00f3n ciudadana\",\"potentialAction\":[{\"@type\":\"SearchAction\",\"target\":{\"@type\":\"EntryPoint\",\"urlTemplate\":\"https:\\\/\\\/www.ppdelugo.com\\\/es\\\/?s={search_term_string}\"},\"query-input\":{\"@type\":\"PropertyValueSpecification\",\"valueRequired\":true,\"valueName\":\"search_term_string\"}}],\"inLanguage\":\"es\"},{\"@type\":\"Person\",\"@id\":\"https:\\\/\\\/www.ppdelugo.com\\\/es\\\/#\\\/schema\\\/person\\\/4fa17dd371813e2c389a4417775cec48\",\"name\":\"ppdelugo\",\"url\":\"https:\\\/\\\/www.ppdelugo.com\\\/es\\\/author\\\/admin-2\\\/\"}]}<\/script>\n<!-- \/ Yoast SEO plugin. -->","yoast_head_json":{"title":"El GMPP consigue la unanimidad para que el bigoberno impulse la creaci\u00f3n del Paseo Interior de la Muralla - Grupo Municipal Partido Popular de Lugo","robots":{"index":"index","follow":"follow","max-snippet":"max-snippet:-1","max-image-preview":"max-image-preview:large","max-video-preview":"max-video-preview:-1"},"canonical":"https:\/\/www.ppdelugo.com\/es\/proposicion-para-completar-o-paseo-interior-da-muralla\/","og_locale":"es_ES","og_type":"article","og_title":"El GMPP consigue la unanimidad para que el bigoberno impulse la creaci\u00f3n del Paseo Interior de la Muralla - Grupo Municipal Partido Popular de Lugo","og_description":"El Grupo Municipal del Partido Popular consigui\u00f3 hoy el compromiso del bigoberno para que se impulse la creaci\u00f3n del Paseo Interior de la Muralla, algo para lo cual los populares...","og_url":"https:\/\/www.ppdelugo.com\/es\/proposicion-para-completar-o-paseo-interior-da-muralla\/","og_site_name":"Grupo Municipal Partido Popular de Lugo","article_published_time":"2020-01-30T09:22:56+00:00","article_modified_time":"2020-01-30T10:12:56+00:00","og_image":[{"width":1024,"height":768,"url":"https:\/\/www.ppdelugo.com\/wp-content\/uploads\/2020\/01\/Ram\u00f3n-Paseo-Interior-Muralla-1024x768.jpg","type":"image\/jpeg"}],"author":"ppdelugo","twitter_card":"summary_large_image","twitter_misc":{"Escrito por":"ppdelugo","Tiempo de lectura":"1 minuto"},"schema":{"@context":"https:\/\/schema.org","@graph":[{"@type":"Article","@id":"https:\/\/www.ppdelugo.com\/es\/proposicion-para-completar-o-paseo-interior-da-muralla\/#article","isPartOf":{"@id":"https:\/\/www.ppdelugo.com\/es\/proposicion-para-completar-o-paseo-interior-da-muralla\/"},"author":{"name":"ppdelugo","@id":"https:\/\/www.ppdelugo.com\/es\/#\/schema\/person\/4fa17dd371813e2c389a4417775cec48"},"headline":"El GMPP consigue la unanimidad para que el bigoberno impulse la creaci\u00f3n del Paseo Interior de la Muralla","datePublished":"2020-01-30T09:22:56+00:00","dateModified":"2020-01-30T10:12:56+00:00","mainEntityOfPage":{"@id":"https:\/\/www.ppdelugo.com\/es\/proposicion-para-completar-o-paseo-interior-da-muralla\/"},"wordCount":296,"commentCount":0,"image":{"@id":"https:\/\/www.ppdelugo.com\/es\/proposicion-para-completar-o-paseo-interior-da-muralla\/#primaryimage"},"thumbnailUrl":"https:\/\/www.ppdelugo.com\/wp-content\/uploads\/2020\/01\/Ram\u00f3n-Paseo-Interior-Muralla.jpg","articleSection":["Proposiciones","Urbanismo"],"inLanguage":"es","potentialAction":[{"@type":"CommentAction","name":"Comment","target":["https:\/\/www.ppdelugo.com\/es\/proposicion-para-completar-o-paseo-interior-da-muralla\/#respond"]}]},{"@type":"WebPage","@id":"https:\/\/www.ppdelugo.com\/es\/proposicion-para-completar-o-paseo-interior-da-muralla\/","url":"https:\/\/www.ppdelugo.com\/es\/proposicion-para-completar-o-paseo-interior-da-muralla\/","name":"El GMPP consigue la unanimidad para que el bigoberno impulse la creaci\u00f3n del Paseo Interior de la Muralla - Grupo Municipal Partido Popular de Lugo","isPartOf":{"@id":"https:\/\/www.ppdelugo.com\/es\/#website"},"primaryImageOfPage":{"@id":"https:\/\/www.ppdelugo.com\/es\/proposicion-para-completar-o-paseo-interior-da-muralla\/#primaryimage"},"image":{"@id":"https:\/\/www.ppdelugo.com\/es\/proposicion-para-completar-o-paseo-interior-da-muralla\/#primaryimage"},"thumbnailUrl":"https:\/\/www.ppdelugo.com\/wp-content\/uploads\/2020\/01\/Ram\u00f3n-Paseo-Interior-Muralla.jpg","datePublished":"2020-01-30T09:22:56+00:00","dateModified":"2020-01-30T10:12:56+00:00","author":{"@id":"https:\/\/www.ppdelugo.com\/es\/#\/schema\/person\/4fa17dd371813e2c389a4417775cec48"},"breadcrumb":{"@id":"https:\/\/www.ppdelugo.com\/es\/proposicion-para-completar-o-paseo-interior-da-muralla\/#breadcrumb"},"inLanguage":"es","potentialAction":[{"@type":"ReadAction","target":["https:\/\/www.ppdelugo.com\/es\/proposicion-para-completar-o-paseo-interior-da-muralla\/"]}]},{"@type":"ImageObject","inLanguage":"es","@id":"https:\/\/www.ppdelugo.com\/es\/proposicion-para-completar-o-paseo-interior-da-muralla\/#primaryimage","url":"https:\/\/www.ppdelugo.com\/wp-content\/uploads\/2020\/01\/Ram\u00f3n-Paseo-Interior-Muralla.jpg","contentUrl":"https:\/\/www.ppdelugo.com\/wp-content\/uploads\/2020\/01\/Ram\u00f3n-Paseo-Interior-Muralla.jpg","width":4000,"height":3000},{"@type":"BreadcrumbList","@id":"https:\/\/www.ppdelugo.com\/es\/proposicion-para-completar-o-paseo-interior-da-muralla\/#breadcrumb","itemListElement":[{"@type":"ListItem","position":1,"name":"Portada","item":"https:\/\/www.ppdelugo.com\/es\/"},{"@type":"ListItem","position":2,"name":"El GMPP consigue la unanimidad para que el bigoberno impulse la creaci\u00f3n del Paseo Interior de la Muralla"}]},{"@type":"WebSite","@id":"https:\/\/www.ppdelugo.com\/es\/#website","url":"https:\/\/www.ppdelugo.com\/es\/","name":"Grupo Municipal Partido Popular de Lugo","description":"Web del Grupo Municipal del Partido Popular en el Ayuntamiento de Lugo, con informaci\u00f3n sobre Lugo y fomento de la participaci\u00f3n ciudadana","potentialAction":[{"@type":"SearchAction","target":{"@type":"EntryPoint","urlTemplate":"https:\/\/www.ppdelugo.com\/es\/?s={search_term_string}"},"query-input":{"@type":"PropertyValueSpecification","valueRequired":true,"valueName":"search_term_string"}}],"inLanguage":"es"},{"@type":"Person","@id":"https:\/\/www.ppdelugo.com\/es\/#\/schema\/person\/4fa17dd371813e2c389a4417775cec48","name":"ppdelugo","url":"https:\/\/www.ppdelugo.com\/es\/author\/admin-2\/"}]}},"_links":{"self":[{"href":"https:\/\/www.ppdelugo.com\/es\/wp-json\/wp\/v2\/posts\/11681","targetHints":{"allow":["GET"]}}],"collection":[{"href":"https:\/\/www.ppdelugo.com\/es\/wp-json\/wp\/v2\/posts"}],"about":[{"href":"https:\/\/www.ppdelugo.com\/es\/wp-json\/wp\/v2\/types\/post"}],"author":[{"embeddable":true,"href":"https:\/\/www.ppdelugo.com\/es\/wp-json\/wp\/v2\/users\/8"}],"replies":[{"embeddable":true,"href":"https:\/\/www.ppdelugo.com\/es\/wp-json\/wp\/v2\/comments?post=11681"}],"version-history":[{"count":0,"href":"https:\/\/www.ppdelugo.com\/es\/wp-json\/wp\/v2\/posts\/11681\/revisions"}],"wp:featuredmedia":[{"embeddable":true,"href":"https:\/\/www.ppdelugo.com\/es\/wp-json\/wp\/v2\/media\/11679"}],"wp:attachment":[{"href":"https:\/\/www.ppdelugo.com\/es\/wp-json\/wp\/v2\/media?parent=11681"}],"wp:term":[{"taxonomy":"category","embeddable":true,"href":"https:\/\/www.ppdelugo.com\/es\/wp-json\/wp\/v2\/categories?post=11681"},{"taxonomy":"post_tag","embeddable":true,"href":"https:\/\/www.ppdelugo.com\/es\/wp-json\/wp\/v2\/tags?post=11681"}],"curies":[{"name":"wp","href":"https:\/\/api.w.org\/{rel}","templated":true}]}}