{"id":11607,"date":"2020-01-18T08:51:00","date_gmt":"2020-01-18T08:51:00","guid":{"rendered":"http:\/\/www.ppdelugo.com\/o-pp-denuncia-que-pola-falta-de-traballo-de-alvaro-santos-os-vecinos-de-marques-de-ombreiro-pasaran-toda-a-fin-de-semana-sen-auga-corrente\/"},"modified":"2020-01-20T08:56:29","modified_gmt":"2020-01-20T08:56:29","slug":"o-pp-denuncia-que-pola-falta-de-traballo-de-alvaro-santos-os-vecinos-de-marques-de-ombreiro-pasaran-toda-a-fin-de-semana-sen-auga-corrente","status":"publish","type":"post","link":"https:\/\/www.ppdelugo.com\/es\/o-pp-denuncia-que-pola-falta-de-traballo-de-alvaro-santos-os-vecinos-de-marques-de-ombreiro-pasaran-toda-a-fin-de-semana-sen-auga-corrente\/","title":{"rendered":"El PP denuncia que por la falta de trabajo de \u00c1lvaro Santos los vecinos de Marqu\u00e9s de Hombro pasar\u00e1n todo el fin de semana sin agua corriente"},"content":{"rendered":"<p>El portavoz del Grupo Municipal del PP Ram\u00f3n Carballo denuncia que mientras cientos de lucenses quedaron sin agua durante el fin de semana en el barrio de la Cheda debido a una rotura en la tuber\u00eda de suministro, \u00c1lvaro Santos, el concejal responsable diera \u00e1rea, de nuevo qued\u00f3 de brazos cruzados, situaci\u00f3n que se repiti\u00f3 hace pocas semanas en la calle Rei Don Garc\u00eda<\/p>\n<p><!--more--><\/p>\n<p>O voceiro do Grupo Municipal do Partido Popular no Concello de Lugo, Ram\u00f3n Carballo, criticou duramente a falta de traballo do concelleiro de medio ambiente, \u00c1lvaro Santos, despois de que por mor dunha nova rotura na tubaxe de auga municipal os veci\u00f1os de Marqu\u00e9s de Ombreiro pasar\u00e1n toda a fin de semana sen auga corrente.<\/p>\n<p>Ram\u00f3n Carballo lamentou a situaci\u00f3n que de novo te\u00f1en que vivir veci\u00f1os de Lugo xa que debido ao constante desmantelamento das diferentes brigadas municipais, como \u00e9 a de augas, son os lucenses os que te\u00f1en que sufrir as consecuencias. <\/p>\n<p>O voceiro popular foi moi cr\u00edtico coa actuaci\u00f3n de \u00c1lvaro Santos que de novo quedou sen facer nada ante unha nova rotura da tubaxe de auga municipal, como sucedeu hai poucas semanas na r\u00faa Rei Don Garc\u00eda. \u201cEn lugar de solucionar a situaci\u00f3n en poucas horas para minimizar as molestias aos veci\u00f1os, rep\u00edtese a situaci\u00f3n. \u00c9 incrible como o se\u00f1or \u00c1lvaro Santos se lava as mans en todos os asuntos da s\u00faa \u00e1rea, pero o peor \u00e9 que a s\u00faa superior, a alcaldesa, de novo non fai nada por corrixir a s\u00faa deficiente actuaci\u00f3n e po\u00f1er orde na s\u00faa conceller\u00eda\u201d, afirmou.<\/p>\n<p>Ram\u00f3n Carballo recorda que \u00e9 unha barbaridade que se sigan a dar situaci\u00f3ns as\u00ed no Concello de Lugo, sobre todo cando o goberno local conta con m\u00e1is de 40M\u20ac dispo\u00f1ibles en caixa, polo que non deber\u00eda ser un problema a contrataci\u00f3n dun servizo de urxencia para arranxar unha rotura nunha tubaxe. Ademais, recorda a necesidade de crear un plan de emerxencia municipal para arranxar avar\u00edas en fin de semana.<\/p>\n<p>Os veci\u00f1os denuncian o sentimento de abandono que te\u00f1en xa que a \u00fanica resposta que lles deron foi que ata o luns non se poder\u00eda tratar o arranxo da rotura e como soluci\u00f3n temporal o Concello habilitou un grifo na r\u00faa para que se poidan surtir de auga en garrafas o que cualificaron como un \u201cparche inservible\u201d.<\/p>\n<p>O voceiro popular sinalou que seguramente \u00c1lvaro Santos segue a buscar \u201co proxecto socialista para Galicia\u201d xa que despois de afirmar hai poucos d\u00edas que Gonzalo Caballero non o ti\u00f1a, \u201cquere seguir nesa loita interna no seu partido en lugar de traballar polo ben dos lucenses, que deber\u00eda ser o seu cometido principal como concelleiro\u201d.<\/p>\n","protected":false},"excerpt":{"rendered":"<p>El portavoz del Grupo Municipal del PP Ram\u00f3n Carballo denuncia que mientras cientos de lucenses quedaron sin agua durante el fin de semana en el barrio de la Cheda debido&#8230;<\/p>\n","protected":false},"author":8,"featured_media":11604,"comment_status":"open","ping_status":"closed","sticky":false,"template":"","format":"standard","meta":{"footnotes":""},"categories":[35,42],"tags":[],"class_list":{"0":"post-11607","1":"post","2":"type-post","3":"status-publish","4":"format-standard","5":"has-post-thumbnail","7":"category-personal","8":"category-urbanismo-es"},"yoast_head":"<!-- This site is optimized with the Yoast SEO plugin v27.4 - https:\/\/yoast.com\/product\/yoast-seo-wordpress\/ -->\n<title>El PP denuncia que por la falta de trabajo de \u00c1lvaro Santos los vecinos de Marqu\u00e9s de Hombro pasar\u00e1n todo el fin de semana sin agua corriente - Grupo Municipal Partido Popular de Lugo<\/title>\n<meta name=\"robots\" content=\"index, follow, max-snippet:-1, max-image-preview:large, max-video-preview:-1\" \/>\n<link rel=\"canonical\" href=\"https:\/\/www.ppdelugo.com\/es\/o-pp-denuncia-que-pola-falta-de-traballo-de-alvaro-santos-os-vecinos-de-marques-de-ombreiro-pasaran-toda-a-fin-de-semana-sen-auga-corrente\/\" \/>\n<meta property=\"og:locale\" content=\"es_ES\" \/>\n<meta property=\"og:type\" content=\"article\" \/>\n<meta property=\"og:title\" content=\"El PP denuncia que por la falta de trabajo de \u00c1lvaro Santos los vecinos de Marqu\u00e9s de Hombro pasar\u00e1n todo el fin de semana sin agua corriente - Grupo Municipal Partido Popular de Lugo\" \/>\n<meta property=\"og:description\" content=\"El portavoz del Grupo Municipal del PP Ram\u00f3n Carballo denuncia que mientras cientos de lucenses quedaron sin agua durante el fin de semana en el barrio de la Cheda debido...\" \/>\n<meta property=\"og:url\" content=\"https:\/\/www.ppdelugo.com\/es\/o-pp-denuncia-que-pola-falta-de-traballo-de-alvaro-santos-os-vecinos-de-marques-de-ombreiro-pasaran-toda-a-fin-de-semana-sen-auga-corrente\/\" \/>\n<meta property=\"og:site_name\" content=\"Grupo Municipal Partido Popular de Lugo\" \/>\n<meta property=\"article:published_time\" content=\"2020-01-18T08:51:00+00:00\" \/>\n<meta property=\"article:modified_time\" content=\"2020-01-20T08:56:29+00:00\" \/>\n<meta property=\"og:image\" content=\"https:\/\/www.ppdelugo.com\/wp-content\/uploads\/2020\/01\/Fuga-Marqu\u00e9s-Ombreiro-grifo-1024x768.jpg\" \/>\n\t<meta property=\"og:image:width\" content=\"1024\" \/>\n\t<meta property=\"og:image:height\" content=\"768\" \/>\n\t<meta property=\"og:image:type\" content=\"image\/jpeg\" \/>\n<meta name=\"author\" content=\"ppdelugo\" \/>\n<meta name=\"twitter:card\" content=\"summary_large_image\" \/>\n<meta name=\"twitter:label1\" content=\"Escrito por\" \/>\n\t<meta name=\"twitter:data1\" content=\"ppdelugo\" \/>\n\t<meta name=\"twitter:label2\" content=\"Tiempo de lectura\" \/>\n\t<meta name=\"twitter:data2\" content=\"2 minutos\" \/>\n<script type=\"application\/ld+json\" class=\"yoast-schema-graph\">{\"@context\":\"https:\\\/\\\/schema.org\",\"@graph\":[{\"@type\":\"Article\",\"@id\":\"https:\\\/\\\/www.ppdelugo.com\\\/es\\\/o-pp-denuncia-que-pola-falta-de-traballo-de-alvaro-santos-os-vecinos-de-marques-de-ombreiro-pasaran-toda-a-fin-de-semana-sen-auga-corrente\\\/#article\",\"isPartOf\":{\"@id\":\"https:\\\/\\\/www.ppdelugo.com\\\/es\\\/o-pp-denuncia-que-pola-falta-de-traballo-de-alvaro-santos-os-vecinos-de-marques-de-ombreiro-pasaran-toda-a-fin-de-semana-sen-auga-corrente\\\/\"},\"author\":{\"name\":\"ppdelugo\",\"@id\":\"https:\\\/\\\/www.ppdelugo.com\\\/es\\\/#\\\/schema\\\/person\\\/4fa17dd371813e2c389a4417775cec48\"},\"headline\":\"El PP denuncia que por la falta de trabajo de \u00c1lvaro Santos los vecinos de Marqu\u00e9s de Hombro pasar\u00e1n todo el fin de semana sin agua corriente\",\"datePublished\":\"2020-01-18T08:51:00+00:00\",\"dateModified\":\"2020-01-20T08:56:29+00:00\",\"mainEntityOfPage\":{\"@id\":\"https:\\\/\\\/www.ppdelugo.com\\\/es\\\/o-pp-denuncia-que-pola-falta-de-traballo-de-alvaro-santos-os-vecinos-de-marques-de-ombreiro-pasaran-toda-a-fin-de-semana-sen-auga-corrente\\\/\"},\"wordCount\":509,\"commentCount\":0,\"image\":{\"@id\":\"https:\\\/\\\/www.ppdelugo.com\\\/es\\\/o-pp-denuncia-que-pola-falta-de-traballo-de-alvaro-santos-os-vecinos-de-marques-de-ombreiro-pasaran-toda-a-fin-de-semana-sen-auga-corrente\\\/#primaryimage\"},\"thumbnailUrl\":\"https:\\\/\\\/www.ppdelugo.com\\\/wp-content\\\/uploads\\\/2020\\\/01\\\/Fuga-Marqu\u00e9s-Ombreiro-grifo.jpg\",\"articleSection\":[\"Personal\",\"Urbanismo\"],\"inLanguage\":\"es\",\"potentialAction\":[{\"@type\":\"CommentAction\",\"name\":\"Comment\",\"target\":[\"https:\\\/\\\/www.ppdelugo.com\\\/es\\\/o-pp-denuncia-que-pola-falta-de-traballo-de-alvaro-santos-os-vecinos-de-marques-de-ombreiro-pasaran-toda-a-fin-de-semana-sen-auga-corrente\\\/#respond\"]}]},{\"@type\":\"WebPage\",\"@id\":\"https:\\\/\\\/www.ppdelugo.com\\\/es\\\/o-pp-denuncia-que-pola-falta-de-traballo-de-alvaro-santos-os-vecinos-de-marques-de-ombreiro-pasaran-toda-a-fin-de-semana-sen-auga-corrente\\\/\",\"url\":\"https:\\\/\\\/www.ppdelugo.com\\\/es\\\/o-pp-denuncia-que-pola-falta-de-traballo-de-alvaro-santos-os-vecinos-de-marques-de-ombreiro-pasaran-toda-a-fin-de-semana-sen-auga-corrente\\\/\",\"name\":\"El PP denuncia que por la falta de trabajo de \u00c1lvaro Santos los vecinos de Marqu\u00e9s de Hombro pasar\u00e1n todo el fin de semana sin agua corriente - Grupo Municipal Partido Popular de Lugo\",\"isPartOf\":{\"@id\":\"https:\\\/\\\/www.ppdelugo.com\\\/es\\\/#website\"},\"primaryImageOfPage\":{\"@id\":\"https:\\\/\\\/www.ppdelugo.com\\\/es\\\/o-pp-denuncia-que-pola-falta-de-traballo-de-alvaro-santos-os-vecinos-de-marques-de-ombreiro-pasaran-toda-a-fin-de-semana-sen-auga-corrente\\\/#primaryimage\"},\"image\":{\"@id\":\"https:\\\/\\\/www.ppdelugo.com\\\/es\\\/o-pp-denuncia-que-pola-falta-de-traballo-de-alvaro-santos-os-vecinos-de-marques-de-ombreiro-pasaran-toda-a-fin-de-semana-sen-auga-corrente\\\/#primaryimage\"},\"thumbnailUrl\":\"https:\\\/\\\/www.ppdelugo.com\\\/wp-content\\\/uploads\\\/2020\\\/01\\\/Fuga-Marqu\u00e9s-Ombreiro-grifo.jpg\",\"datePublished\":\"2020-01-18T08:51:00+00:00\",\"dateModified\":\"2020-01-20T08:56:29+00:00\",\"author\":{\"@id\":\"https:\\\/\\\/www.ppdelugo.com\\\/es\\\/#\\\/schema\\\/person\\\/4fa17dd371813e2c389a4417775cec48\"},\"breadcrumb\":{\"@id\":\"https:\\\/\\\/www.ppdelugo.com\\\/es\\\/o-pp-denuncia-que-pola-falta-de-traballo-de-alvaro-santos-os-vecinos-de-marques-de-ombreiro-pasaran-toda-a-fin-de-semana-sen-auga-corrente\\\/#breadcrumb\"},\"inLanguage\":\"es\",\"potentialAction\":[{\"@type\":\"ReadAction\",\"target\":[\"https:\\\/\\\/www.ppdelugo.com\\\/es\\\/o-pp-denuncia-que-pola-falta-de-traballo-de-alvaro-santos-os-vecinos-de-marques-de-ombreiro-pasaran-toda-a-fin-de-semana-sen-auga-corrente\\\/\"]}]},{\"@type\":\"ImageObject\",\"inLanguage\":\"es\",\"@id\":\"https:\\\/\\\/www.ppdelugo.com\\\/es\\\/o-pp-denuncia-que-pola-falta-de-traballo-de-alvaro-santos-os-vecinos-de-marques-de-ombreiro-pasaran-toda-a-fin-de-semana-sen-auga-corrente\\\/#primaryimage\",\"url\":\"https:\\\/\\\/www.ppdelugo.com\\\/wp-content\\\/uploads\\\/2020\\\/01\\\/Fuga-Marqu\u00e9s-Ombreiro-grifo.jpg\",\"contentUrl\":\"https:\\\/\\\/www.ppdelugo.com\\\/wp-content\\\/uploads\\\/2020\\\/01\\\/Fuga-Marqu\u00e9s-Ombreiro-grifo.jpg\",\"width\":4032,\"height\":3024},{\"@type\":\"BreadcrumbList\",\"@id\":\"https:\\\/\\\/www.ppdelugo.com\\\/es\\\/o-pp-denuncia-que-pola-falta-de-traballo-de-alvaro-santos-os-vecinos-de-marques-de-ombreiro-pasaran-toda-a-fin-de-semana-sen-auga-corrente\\\/#breadcrumb\",\"itemListElement\":[{\"@type\":\"ListItem\",\"position\":1,\"name\":\"Portada\",\"item\":\"https:\\\/\\\/www.ppdelugo.com\\\/es\\\/\"},{\"@type\":\"ListItem\",\"position\":2,\"name\":\"El PP denuncia que por la falta de trabajo de \u00c1lvaro Santos los vecinos de Marqu\u00e9s de Hombro pasar\u00e1n todo el fin de semana sin agua corriente\"}]},{\"@type\":\"WebSite\",\"@id\":\"https:\\\/\\\/www.ppdelugo.com\\\/es\\\/#website\",\"url\":\"https:\\\/\\\/www.ppdelugo.com\\\/es\\\/\",\"name\":\"Grupo Municipal Partido Popular de Lugo\",\"description\":\"Web del Grupo Municipal del Partido Popular en el Ayuntamiento de Lugo, con informaci\u00f3n sobre Lugo y fomento de la participaci\u00f3n ciudadana\",\"potentialAction\":[{\"@type\":\"SearchAction\",\"target\":{\"@type\":\"EntryPoint\",\"urlTemplate\":\"https:\\\/\\\/www.ppdelugo.com\\\/es\\\/?s={search_term_string}\"},\"query-input\":{\"@type\":\"PropertyValueSpecification\",\"valueRequired\":true,\"valueName\":\"search_term_string\"}}],\"inLanguage\":\"es\"},{\"@type\":\"Person\",\"@id\":\"https:\\\/\\\/www.ppdelugo.com\\\/es\\\/#\\\/schema\\\/person\\\/4fa17dd371813e2c389a4417775cec48\",\"name\":\"ppdelugo\",\"url\":\"https:\\\/\\\/www.ppdelugo.com\\\/es\\\/author\\\/admin-2\\\/\"}]}<\/script>\n<!-- \/ Yoast SEO plugin. -->","yoast_head_json":{"title":"El PP denuncia que por la falta de trabajo de \u00c1lvaro Santos los vecinos de Marqu\u00e9s de Hombro pasar\u00e1n todo el fin de semana sin agua corriente - Grupo Municipal Partido Popular de Lugo","robots":{"index":"index","follow":"follow","max-snippet":"max-snippet:-1","max-image-preview":"max-image-preview:large","max-video-preview":"max-video-preview:-1"},"canonical":"https:\/\/www.ppdelugo.com\/es\/o-pp-denuncia-que-pola-falta-de-traballo-de-alvaro-santos-os-vecinos-de-marques-de-ombreiro-pasaran-toda-a-fin-de-semana-sen-auga-corrente\/","og_locale":"es_ES","og_type":"article","og_title":"El PP denuncia que por la falta de trabajo de \u00c1lvaro Santos los vecinos de Marqu\u00e9s de Hombro pasar\u00e1n todo el fin de semana sin agua corriente - Grupo Municipal Partido Popular de Lugo","og_description":"El portavoz del Grupo Municipal del PP Ram\u00f3n Carballo denuncia que mientras cientos de lucenses quedaron sin agua durante el fin de semana en el barrio de la Cheda debido...","og_url":"https:\/\/www.ppdelugo.com\/es\/o-pp-denuncia-que-pola-falta-de-traballo-de-alvaro-santos-os-vecinos-de-marques-de-ombreiro-pasaran-toda-a-fin-de-semana-sen-auga-corrente\/","og_site_name":"Grupo Municipal Partido Popular de Lugo","article_published_time":"2020-01-18T08:51:00+00:00","article_modified_time":"2020-01-20T08:56:29+00:00","og_image":[{"width":1024,"height":768,"url":"https:\/\/www.ppdelugo.com\/wp-content\/uploads\/2020\/01\/Fuga-Marqu\u00e9s-Ombreiro-grifo-1024x768.jpg","type":"image\/jpeg"}],"author":"ppdelugo","twitter_card":"summary_large_image","twitter_misc":{"Escrito por":"ppdelugo","Tiempo de lectura":"2 minutos"},"schema":{"@context":"https:\/\/schema.org","@graph":[{"@type":"Article","@id":"https:\/\/www.ppdelugo.com\/es\/o-pp-denuncia-que-pola-falta-de-traballo-de-alvaro-santos-os-vecinos-de-marques-de-ombreiro-pasaran-toda-a-fin-de-semana-sen-auga-corrente\/#article","isPartOf":{"@id":"https:\/\/www.ppdelugo.com\/es\/o-pp-denuncia-que-pola-falta-de-traballo-de-alvaro-santos-os-vecinos-de-marques-de-ombreiro-pasaran-toda-a-fin-de-semana-sen-auga-corrente\/"},"author":{"name":"ppdelugo","@id":"https:\/\/www.ppdelugo.com\/es\/#\/schema\/person\/4fa17dd371813e2c389a4417775cec48"},"headline":"El PP denuncia que por la falta de trabajo de \u00c1lvaro Santos los vecinos de Marqu\u00e9s de Hombro pasar\u00e1n todo el fin de semana sin agua corriente","datePublished":"2020-01-18T08:51:00+00:00","dateModified":"2020-01-20T08:56:29+00:00","mainEntityOfPage":{"@id":"https:\/\/www.ppdelugo.com\/es\/o-pp-denuncia-que-pola-falta-de-traballo-de-alvaro-santos-os-vecinos-de-marques-de-ombreiro-pasaran-toda-a-fin-de-semana-sen-auga-corrente\/"},"wordCount":509,"commentCount":0,"image":{"@id":"https:\/\/www.ppdelugo.com\/es\/o-pp-denuncia-que-pola-falta-de-traballo-de-alvaro-santos-os-vecinos-de-marques-de-ombreiro-pasaran-toda-a-fin-de-semana-sen-auga-corrente\/#primaryimage"},"thumbnailUrl":"https:\/\/www.ppdelugo.com\/wp-content\/uploads\/2020\/01\/Fuga-Marqu\u00e9s-Ombreiro-grifo.jpg","articleSection":["Personal","Urbanismo"],"inLanguage":"es","potentialAction":[{"@type":"CommentAction","name":"Comment","target":["https:\/\/www.ppdelugo.com\/es\/o-pp-denuncia-que-pola-falta-de-traballo-de-alvaro-santos-os-vecinos-de-marques-de-ombreiro-pasaran-toda-a-fin-de-semana-sen-auga-corrente\/#respond"]}]},{"@type":"WebPage","@id":"https:\/\/www.ppdelugo.com\/es\/o-pp-denuncia-que-pola-falta-de-traballo-de-alvaro-santos-os-vecinos-de-marques-de-ombreiro-pasaran-toda-a-fin-de-semana-sen-auga-corrente\/","url":"https:\/\/www.ppdelugo.com\/es\/o-pp-denuncia-que-pola-falta-de-traballo-de-alvaro-santos-os-vecinos-de-marques-de-ombreiro-pasaran-toda-a-fin-de-semana-sen-auga-corrente\/","name":"El PP denuncia que por la falta de trabajo de \u00c1lvaro Santos los vecinos de Marqu\u00e9s de Hombro pasar\u00e1n todo el fin de semana sin agua corriente - Grupo Municipal Partido Popular de Lugo","isPartOf":{"@id":"https:\/\/www.ppdelugo.com\/es\/#website"},"primaryImageOfPage":{"@id":"https:\/\/www.ppdelugo.com\/es\/o-pp-denuncia-que-pola-falta-de-traballo-de-alvaro-santos-os-vecinos-de-marques-de-ombreiro-pasaran-toda-a-fin-de-semana-sen-auga-corrente\/#primaryimage"},"image":{"@id":"https:\/\/www.ppdelugo.com\/es\/o-pp-denuncia-que-pola-falta-de-traballo-de-alvaro-santos-os-vecinos-de-marques-de-ombreiro-pasaran-toda-a-fin-de-semana-sen-auga-corrente\/#primaryimage"},"thumbnailUrl":"https:\/\/www.ppdelugo.com\/wp-content\/uploads\/2020\/01\/Fuga-Marqu\u00e9s-Ombreiro-grifo.jpg","datePublished":"2020-01-18T08:51:00+00:00","dateModified":"2020-01-20T08:56:29+00:00","author":{"@id":"https:\/\/www.ppdelugo.com\/es\/#\/schema\/person\/4fa17dd371813e2c389a4417775cec48"},"breadcrumb":{"@id":"https:\/\/www.ppdelugo.com\/es\/o-pp-denuncia-que-pola-falta-de-traballo-de-alvaro-santos-os-vecinos-de-marques-de-ombreiro-pasaran-toda-a-fin-de-semana-sen-auga-corrente\/#breadcrumb"},"inLanguage":"es","potentialAction":[{"@type":"ReadAction","target":["https:\/\/www.ppdelugo.com\/es\/o-pp-denuncia-que-pola-falta-de-traballo-de-alvaro-santos-os-vecinos-de-marques-de-ombreiro-pasaran-toda-a-fin-de-semana-sen-auga-corrente\/"]}]},{"@type":"ImageObject","inLanguage":"es","@id":"https:\/\/www.ppdelugo.com\/es\/o-pp-denuncia-que-pola-falta-de-traballo-de-alvaro-santos-os-vecinos-de-marques-de-ombreiro-pasaran-toda-a-fin-de-semana-sen-auga-corrente\/#primaryimage","url":"https:\/\/www.ppdelugo.com\/wp-content\/uploads\/2020\/01\/Fuga-Marqu\u00e9s-Ombreiro-grifo.jpg","contentUrl":"https:\/\/www.ppdelugo.com\/wp-content\/uploads\/2020\/01\/Fuga-Marqu\u00e9s-Ombreiro-grifo.jpg","width":4032,"height":3024},{"@type":"BreadcrumbList","@id":"https:\/\/www.ppdelugo.com\/es\/o-pp-denuncia-que-pola-falta-de-traballo-de-alvaro-santos-os-vecinos-de-marques-de-ombreiro-pasaran-toda-a-fin-de-semana-sen-auga-corrente\/#breadcrumb","itemListElement":[{"@type":"ListItem","position":1,"name":"Portada","item":"https:\/\/www.ppdelugo.com\/es\/"},{"@type":"ListItem","position":2,"name":"El PP denuncia que por la falta de trabajo de \u00c1lvaro Santos los vecinos de Marqu\u00e9s de Hombro pasar\u00e1n todo el fin de semana sin agua corriente"}]},{"@type":"WebSite","@id":"https:\/\/www.ppdelugo.com\/es\/#website","url":"https:\/\/www.ppdelugo.com\/es\/","name":"Grupo Municipal Partido Popular de Lugo","description":"Web del Grupo Municipal del Partido Popular en el Ayuntamiento de Lugo, con informaci\u00f3n sobre Lugo y fomento de la participaci\u00f3n ciudadana","potentialAction":[{"@type":"SearchAction","target":{"@type":"EntryPoint","urlTemplate":"https:\/\/www.ppdelugo.com\/es\/?s={search_term_string}"},"query-input":{"@type":"PropertyValueSpecification","valueRequired":true,"valueName":"search_term_string"}}],"inLanguage":"es"},{"@type":"Person","@id":"https:\/\/www.ppdelugo.com\/es\/#\/schema\/person\/4fa17dd371813e2c389a4417775cec48","name":"ppdelugo","url":"https:\/\/www.ppdelugo.com\/es\/author\/admin-2\/"}]}},"_links":{"self":[{"href":"https:\/\/www.ppdelugo.com\/es\/wp-json\/wp\/v2\/posts\/11607","targetHints":{"allow":["GET"]}}],"collection":[{"href":"https:\/\/www.ppdelugo.com\/es\/wp-json\/wp\/v2\/posts"}],"about":[{"href":"https:\/\/www.ppdelugo.com\/es\/wp-json\/wp\/v2\/types\/post"}],"author":[{"embeddable":true,"href":"https:\/\/www.ppdelugo.com\/es\/wp-json\/wp\/v2\/users\/8"}],"replies":[{"embeddable":true,"href":"https:\/\/www.ppdelugo.com\/es\/wp-json\/wp\/v2\/comments?post=11607"}],"version-history":[{"count":0,"href":"https:\/\/www.ppdelugo.com\/es\/wp-json\/wp\/v2\/posts\/11607\/revisions"}],"wp:featuredmedia":[{"embeddable":true,"href":"https:\/\/www.ppdelugo.com\/es\/wp-json\/wp\/v2\/media\/11604"}],"wp:attachment":[{"href":"https:\/\/www.ppdelugo.com\/es\/wp-json\/wp\/v2\/media?parent=11607"}],"wp:term":[{"taxonomy":"category","embeddable":true,"href":"https:\/\/www.ppdelugo.com\/es\/wp-json\/wp\/v2\/categories?post=11607"},{"taxonomy":"post_tag","embeddable":true,"href":"https:\/\/www.ppdelugo.com\/es\/wp-json\/wp\/v2\/tags?post=11607"}],"curies":[{"name":"wp","href":"https:\/\/api.w.org\/{rel}","templated":true}]}}