{"id":11589,"date":"2020-01-16T12:08:48","date_gmt":"2020-01-16T12:08:48","guid":{"rendered":"http:\/\/www.ppdelugo.com\/carballo-pide-completar-o-paseo-interior-da-muralla-tras-20-anos-perdidos\/"},"modified":"2020-01-17T12:12:07","modified_gmt":"2020-01-17T12:12:07","slug":"carballo-pide-completar-o-paseo-interior-da-muralla-tras-20-anos-perdidos","status":"publish","type":"post","link":"https:\/\/www.ppdelugo.com\/es\/carballo-pide-completar-o-paseo-interior-da-muralla-tras-20-anos-perdidos\/","title":{"rendered":"Carballo pide completar el Paseo Interior de la Muralla tras 20 a\u00f1os perdidos"},"content":{"rendered":"<p>El portavoz del Grupo Popular asegura que la declaraci\u00f3n del casco hist\u00f3rico como Patrimonio de la Humanidad debe ir de la mano de una apuesta #decido por potenciar el Paseo Interior de la Muralla que \u201ctal y como se puede comprobar, en un recorrido por el  adarve de la Muralla, est\u00e1 a medio hacer y presenta una imagen desastrosa\u201d<\/p>\n<p><!--more--><\/p>\n<p>O Partido Popular prop\u00f3n ao bigoberno un compromiso para completar o Paseo Interior da Muralla e consolidar o casco hist\u00f3rico coa idea de impulsar que o recinto amurallado de Lugo sexa declarado Patrimonio da Humanidade. <\/p>\n<p>Carballo lamentou que \u201ca pesar de ter fondos europeos os socialistas non priorizaron avanzar na execuci\u00f3n desta ronda\u201d que os lucenses levan agardando 20 anos\u201d e tam\u00e9n temen \u201cque socialistas e nacionalistas renuncien a este proxecto xa que non hai partidas nos orzamentos municipais para 2020 para executalo con fondos propios\u201d.<\/p>\n<p>Os populares recriminaron \u201cas mentiras dos gobernos socialistas que anunciaron abrir novos tramos para completar este Paseo Interior cando a realidade \u00e9 que levan 20 anos perdidos no que respecta a este proxecto vital para consolidar o casco hist\u00f3rico de Lugo\u201d. <\/p>\n<p>Os populares pedir\u00e1n no pleno que socialistas e nacionalistas traballen sobre \u201cun proxecto unificado que po\u00f1a en valor a Ronda Interior para mudar a imaxe actual\u201d. Carballo matizou como \u201cneste momento, tal e como se pode comprobar, nun percorrido polo adarve da Muralla, observamos que este Paseo Interior est\u00e1 a medio facer e presenta unha imaxe desastrosa. Atopamos cinco tramos de paseo  que se pensaron de forma illada xa que, nin tan sequera  houbo unanimidade para escoller o tipo de pavimento que nun tramo \u00e9 dun tipo e vinte metros adiante \u00e9 doutro\u201d. <\/p>\n<p>Para os populares \u201co Paseo Interior da Muralla \u00e9 unha prioridade e debe ir ligado a buscar a mellora da imaxe das traseiras dos edificios do interior da Muralla, colaborando e axudando na s\u00faa rehabilitaci\u00f3n para que lozan como fachadas principais\u201d. <\/p>\n<p>En resumo, a filosof\u00eda desta iniciativa \u00e9 \u201cofrecer unha visi\u00f3n global, coherente e harm\u00f3nica no noso casco hist\u00f3rico para evitar que o pol\u00edtico de turno elixa os dese\u00f1os dos espazos p\u00fablicos e, deste xeito conseguir unha imaxe de continuidade evitando os parches socialistas\u201d.<\/p>\n","protected":false},"excerpt":{"rendered":"<p>El portavoz del Grupo Popular asegura que la declaraci\u00f3n del casco hist\u00f3rico como Patrimonio de la Humanidad debe ir de la mano de una apuesta #decido por potenciar el Paseo&#8230;<\/p>\n","protected":false},"author":8,"featured_media":11587,"comment_status":"open","ping_status":"closed","sticky":false,"template":"","format":"standard","meta":{"footnotes":""},"categories":[42],"tags":[],"class_list":{"0":"post-11589","1":"post","2":"type-post","3":"status-publish","4":"format-standard","5":"has-post-thumbnail","7":"category-urbanismo-es"},"yoast_head":"<!-- This site is optimized with the Yoast SEO plugin v27.4 - https:\/\/yoast.com\/product\/yoast-seo-wordpress\/ -->\n<title>Carballo pide completar el Paseo Interior de la Muralla tras 20 a\u00f1os perdidos - Grupo Municipal Partido Popular de Lugo<\/title>\n<meta name=\"robots\" content=\"index, follow, max-snippet:-1, max-image-preview:large, max-video-preview:-1\" \/>\n<link rel=\"canonical\" href=\"https:\/\/www.ppdelugo.com\/es\/carballo-pide-completar-o-paseo-interior-da-muralla-tras-20-anos-perdidos\/\" \/>\n<meta property=\"og:locale\" content=\"es_ES\" \/>\n<meta property=\"og:type\" content=\"article\" \/>\n<meta property=\"og:title\" content=\"Carballo pide completar el Paseo Interior de la Muralla tras 20 a\u00f1os perdidos - Grupo Municipal Partido Popular de Lugo\" \/>\n<meta property=\"og:description\" content=\"El portavoz del Grupo Popular asegura que la declaraci\u00f3n del casco hist\u00f3rico como Patrimonio de la Humanidad debe ir de la mano de una apuesta #decido por potenciar el Paseo...\" \/>\n<meta property=\"og:url\" content=\"https:\/\/www.ppdelugo.com\/es\/carballo-pide-completar-o-paseo-interior-da-muralla-tras-20-anos-perdidos\/\" \/>\n<meta property=\"og:site_name\" content=\"Grupo Municipal Partido Popular de Lugo\" \/>\n<meta property=\"article:published_time\" content=\"2020-01-16T12:08:48+00:00\" \/>\n<meta property=\"article:modified_time\" content=\"2020-01-17T12:12:07+00:00\" \/>\n<meta property=\"og:image\" content=\"https:\/\/www.ppdelugo.com\/wp-content\/uploads\/2020\/01\/Zona-Rectorado.jpg\" \/>\n\t<meta property=\"og:image:width\" content=\"2248\" \/>\n\t<meta property=\"og:image:height\" content=\"4000\" \/>\n\t<meta property=\"og:image:type\" content=\"image\/jpeg\" \/>\n<meta name=\"author\" content=\"ppdelugo\" \/>\n<meta name=\"twitter:card\" content=\"summary_large_image\" \/>\n<meta name=\"twitter:label1\" content=\"Escrito por\" \/>\n\t<meta name=\"twitter:data1\" content=\"ppdelugo\" \/>\n\t<meta name=\"twitter:label2\" content=\"Tiempo de lectura\" \/>\n\t<meta name=\"twitter:data2\" content=\"2 minutos\" \/>\n<script type=\"application\/ld+json\" class=\"yoast-schema-graph\">{\"@context\":\"https:\\\/\\\/schema.org\",\"@graph\":[{\"@type\":\"Article\",\"@id\":\"https:\\\/\\\/www.ppdelugo.com\\\/es\\\/carballo-pide-completar-o-paseo-interior-da-muralla-tras-20-anos-perdidos\\\/#article\",\"isPartOf\":{\"@id\":\"https:\\\/\\\/www.ppdelugo.com\\\/es\\\/carballo-pide-completar-o-paseo-interior-da-muralla-tras-20-anos-perdidos\\\/\"},\"author\":{\"name\":\"ppdelugo\",\"@id\":\"https:\\\/\\\/www.ppdelugo.com\\\/es\\\/#\\\/schema\\\/person\\\/4fa17dd371813e2c389a4417775cec48\"},\"headline\":\"Carballo pide completar el Paseo Interior de la Muralla tras 20 a\u00f1os perdidos\",\"datePublished\":\"2020-01-16T12:08:48+00:00\",\"dateModified\":\"2020-01-17T12:12:07+00:00\",\"mainEntityOfPage\":{\"@id\":\"https:\\\/\\\/www.ppdelugo.com\\\/es\\\/carballo-pide-completar-o-paseo-interior-da-muralla-tras-20-anos-perdidos\\\/\"},\"wordCount\":386,\"commentCount\":0,\"image\":{\"@id\":\"https:\\\/\\\/www.ppdelugo.com\\\/es\\\/carballo-pide-completar-o-paseo-interior-da-muralla-tras-20-anos-perdidos\\\/#primaryimage\"},\"thumbnailUrl\":\"https:\\\/\\\/www.ppdelugo.com\\\/wp-content\\\/uploads\\\/2020\\\/01\\\/Zona-Rectorado.jpg\",\"articleSection\":[\"Urbanismo\"],\"inLanguage\":\"es\",\"potentialAction\":[{\"@type\":\"CommentAction\",\"name\":\"Comment\",\"target\":[\"https:\\\/\\\/www.ppdelugo.com\\\/es\\\/carballo-pide-completar-o-paseo-interior-da-muralla-tras-20-anos-perdidos\\\/#respond\"]}]},{\"@type\":\"WebPage\",\"@id\":\"https:\\\/\\\/www.ppdelugo.com\\\/es\\\/carballo-pide-completar-o-paseo-interior-da-muralla-tras-20-anos-perdidos\\\/\",\"url\":\"https:\\\/\\\/www.ppdelugo.com\\\/es\\\/carballo-pide-completar-o-paseo-interior-da-muralla-tras-20-anos-perdidos\\\/\",\"name\":\"Carballo pide completar el Paseo Interior de la Muralla tras 20 a\u00f1os perdidos - Grupo Municipal Partido Popular de Lugo\",\"isPartOf\":{\"@id\":\"https:\\\/\\\/www.ppdelugo.com\\\/es\\\/#website\"},\"primaryImageOfPage\":{\"@id\":\"https:\\\/\\\/www.ppdelugo.com\\\/es\\\/carballo-pide-completar-o-paseo-interior-da-muralla-tras-20-anos-perdidos\\\/#primaryimage\"},\"image\":{\"@id\":\"https:\\\/\\\/www.ppdelugo.com\\\/es\\\/carballo-pide-completar-o-paseo-interior-da-muralla-tras-20-anos-perdidos\\\/#primaryimage\"},\"thumbnailUrl\":\"https:\\\/\\\/www.ppdelugo.com\\\/wp-content\\\/uploads\\\/2020\\\/01\\\/Zona-Rectorado.jpg\",\"datePublished\":\"2020-01-16T12:08:48+00:00\",\"dateModified\":\"2020-01-17T12:12:07+00:00\",\"author\":{\"@id\":\"https:\\\/\\\/www.ppdelugo.com\\\/es\\\/#\\\/schema\\\/person\\\/4fa17dd371813e2c389a4417775cec48\"},\"breadcrumb\":{\"@id\":\"https:\\\/\\\/www.ppdelugo.com\\\/es\\\/carballo-pide-completar-o-paseo-interior-da-muralla-tras-20-anos-perdidos\\\/#breadcrumb\"},\"inLanguage\":\"es\",\"potentialAction\":[{\"@type\":\"ReadAction\",\"target\":[\"https:\\\/\\\/www.ppdelugo.com\\\/es\\\/carballo-pide-completar-o-paseo-interior-da-muralla-tras-20-anos-perdidos\\\/\"]}]},{\"@type\":\"ImageObject\",\"inLanguage\":\"es\",\"@id\":\"https:\\\/\\\/www.ppdelugo.com\\\/es\\\/carballo-pide-completar-o-paseo-interior-da-muralla-tras-20-anos-perdidos\\\/#primaryimage\",\"url\":\"https:\\\/\\\/www.ppdelugo.com\\\/wp-content\\\/uploads\\\/2020\\\/01\\\/Zona-Rectorado.jpg\",\"contentUrl\":\"https:\\\/\\\/www.ppdelugo.com\\\/wp-content\\\/uploads\\\/2020\\\/01\\\/Zona-Rectorado.jpg\",\"width\":2248,\"height\":4000},{\"@type\":\"BreadcrumbList\",\"@id\":\"https:\\\/\\\/www.ppdelugo.com\\\/es\\\/carballo-pide-completar-o-paseo-interior-da-muralla-tras-20-anos-perdidos\\\/#breadcrumb\",\"itemListElement\":[{\"@type\":\"ListItem\",\"position\":1,\"name\":\"Portada\",\"item\":\"https:\\\/\\\/www.ppdelugo.com\\\/es\\\/\"},{\"@type\":\"ListItem\",\"position\":2,\"name\":\"Carballo pide completar el Paseo Interior de la Muralla tras 20 a\u00f1os perdidos\"}]},{\"@type\":\"WebSite\",\"@id\":\"https:\\\/\\\/www.ppdelugo.com\\\/es\\\/#website\",\"url\":\"https:\\\/\\\/www.ppdelugo.com\\\/es\\\/\",\"name\":\"Grupo Municipal Partido Popular de Lugo\",\"description\":\"Web del Grupo Municipal del Partido Popular en el Ayuntamiento de Lugo, con informaci\u00f3n sobre Lugo y fomento de la participaci\u00f3n ciudadana\",\"potentialAction\":[{\"@type\":\"SearchAction\",\"target\":{\"@type\":\"EntryPoint\",\"urlTemplate\":\"https:\\\/\\\/www.ppdelugo.com\\\/es\\\/?s={search_term_string}\"},\"query-input\":{\"@type\":\"PropertyValueSpecification\",\"valueRequired\":true,\"valueName\":\"search_term_string\"}}],\"inLanguage\":\"es\"},{\"@type\":\"Person\",\"@id\":\"https:\\\/\\\/www.ppdelugo.com\\\/es\\\/#\\\/schema\\\/person\\\/4fa17dd371813e2c389a4417775cec48\",\"name\":\"ppdelugo\",\"url\":\"https:\\\/\\\/www.ppdelugo.com\\\/es\\\/author\\\/admin-2\\\/\"}]}<\/script>\n<!-- \/ Yoast SEO plugin. -->","yoast_head_json":{"title":"Carballo pide completar el Paseo Interior de la Muralla tras 20 a\u00f1os perdidos - Grupo Municipal Partido Popular de Lugo","robots":{"index":"index","follow":"follow","max-snippet":"max-snippet:-1","max-image-preview":"max-image-preview:large","max-video-preview":"max-video-preview:-1"},"canonical":"https:\/\/www.ppdelugo.com\/es\/carballo-pide-completar-o-paseo-interior-da-muralla-tras-20-anos-perdidos\/","og_locale":"es_ES","og_type":"article","og_title":"Carballo pide completar el Paseo Interior de la Muralla tras 20 a\u00f1os perdidos - Grupo Municipal Partido Popular de Lugo","og_description":"El portavoz del Grupo Popular asegura que la declaraci\u00f3n del casco hist\u00f3rico como Patrimonio de la Humanidad debe ir de la mano de una apuesta #decido por potenciar el Paseo...","og_url":"https:\/\/www.ppdelugo.com\/es\/carballo-pide-completar-o-paseo-interior-da-muralla-tras-20-anos-perdidos\/","og_site_name":"Grupo Municipal Partido Popular de Lugo","article_published_time":"2020-01-16T12:08:48+00:00","article_modified_time":"2020-01-17T12:12:07+00:00","og_image":[{"width":2248,"height":4000,"url":"https:\/\/www.ppdelugo.com\/wp-content\/uploads\/2020\/01\/Zona-Rectorado.jpg","type":"image\/jpeg"}],"author":"ppdelugo","twitter_card":"summary_large_image","twitter_misc":{"Escrito por":"ppdelugo","Tiempo de lectura":"2 minutos"},"schema":{"@context":"https:\/\/schema.org","@graph":[{"@type":"Article","@id":"https:\/\/www.ppdelugo.com\/es\/carballo-pide-completar-o-paseo-interior-da-muralla-tras-20-anos-perdidos\/#article","isPartOf":{"@id":"https:\/\/www.ppdelugo.com\/es\/carballo-pide-completar-o-paseo-interior-da-muralla-tras-20-anos-perdidos\/"},"author":{"name":"ppdelugo","@id":"https:\/\/www.ppdelugo.com\/es\/#\/schema\/person\/4fa17dd371813e2c389a4417775cec48"},"headline":"Carballo pide completar el Paseo Interior de la Muralla tras 20 a\u00f1os perdidos","datePublished":"2020-01-16T12:08:48+00:00","dateModified":"2020-01-17T12:12:07+00:00","mainEntityOfPage":{"@id":"https:\/\/www.ppdelugo.com\/es\/carballo-pide-completar-o-paseo-interior-da-muralla-tras-20-anos-perdidos\/"},"wordCount":386,"commentCount":0,"image":{"@id":"https:\/\/www.ppdelugo.com\/es\/carballo-pide-completar-o-paseo-interior-da-muralla-tras-20-anos-perdidos\/#primaryimage"},"thumbnailUrl":"https:\/\/www.ppdelugo.com\/wp-content\/uploads\/2020\/01\/Zona-Rectorado.jpg","articleSection":["Urbanismo"],"inLanguage":"es","potentialAction":[{"@type":"CommentAction","name":"Comment","target":["https:\/\/www.ppdelugo.com\/es\/carballo-pide-completar-o-paseo-interior-da-muralla-tras-20-anos-perdidos\/#respond"]}]},{"@type":"WebPage","@id":"https:\/\/www.ppdelugo.com\/es\/carballo-pide-completar-o-paseo-interior-da-muralla-tras-20-anos-perdidos\/","url":"https:\/\/www.ppdelugo.com\/es\/carballo-pide-completar-o-paseo-interior-da-muralla-tras-20-anos-perdidos\/","name":"Carballo pide completar el Paseo Interior de la Muralla tras 20 a\u00f1os perdidos - Grupo Municipal Partido Popular de Lugo","isPartOf":{"@id":"https:\/\/www.ppdelugo.com\/es\/#website"},"primaryImageOfPage":{"@id":"https:\/\/www.ppdelugo.com\/es\/carballo-pide-completar-o-paseo-interior-da-muralla-tras-20-anos-perdidos\/#primaryimage"},"image":{"@id":"https:\/\/www.ppdelugo.com\/es\/carballo-pide-completar-o-paseo-interior-da-muralla-tras-20-anos-perdidos\/#primaryimage"},"thumbnailUrl":"https:\/\/www.ppdelugo.com\/wp-content\/uploads\/2020\/01\/Zona-Rectorado.jpg","datePublished":"2020-01-16T12:08:48+00:00","dateModified":"2020-01-17T12:12:07+00:00","author":{"@id":"https:\/\/www.ppdelugo.com\/es\/#\/schema\/person\/4fa17dd371813e2c389a4417775cec48"},"breadcrumb":{"@id":"https:\/\/www.ppdelugo.com\/es\/carballo-pide-completar-o-paseo-interior-da-muralla-tras-20-anos-perdidos\/#breadcrumb"},"inLanguage":"es","potentialAction":[{"@type":"ReadAction","target":["https:\/\/www.ppdelugo.com\/es\/carballo-pide-completar-o-paseo-interior-da-muralla-tras-20-anos-perdidos\/"]}]},{"@type":"ImageObject","inLanguage":"es","@id":"https:\/\/www.ppdelugo.com\/es\/carballo-pide-completar-o-paseo-interior-da-muralla-tras-20-anos-perdidos\/#primaryimage","url":"https:\/\/www.ppdelugo.com\/wp-content\/uploads\/2020\/01\/Zona-Rectorado.jpg","contentUrl":"https:\/\/www.ppdelugo.com\/wp-content\/uploads\/2020\/01\/Zona-Rectorado.jpg","width":2248,"height":4000},{"@type":"BreadcrumbList","@id":"https:\/\/www.ppdelugo.com\/es\/carballo-pide-completar-o-paseo-interior-da-muralla-tras-20-anos-perdidos\/#breadcrumb","itemListElement":[{"@type":"ListItem","position":1,"name":"Portada","item":"https:\/\/www.ppdelugo.com\/es\/"},{"@type":"ListItem","position":2,"name":"Carballo pide completar el Paseo Interior de la Muralla tras 20 a\u00f1os perdidos"}]},{"@type":"WebSite","@id":"https:\/\/www.ppdelugo.com\/es\/#website","url":"https:\/\/www.ppdelugo.com\/es\/","name":"Grupo Municipal Partido Popular de Lugo","description":"Web del Grupo Municipal del Partido Popular en el Ayuntamiento de Lugo, con informaci\u00f3n sobre Lugo y fomento de la participaci\u00f3n ciudadana","potentialAction":[{"@type":"SearchAction","target":{"@type":"EntryPoint","urlTemplate":"https:\/\/www.ppdelugo.com\/es\/?s={search_term_string}"},"query-input":{"@type":"PropertyValueSpecification","valueRequired":true,"valueName":"search_term_string"}}],"inLanguage":"es"},{"@type":"Person","@id":"https:\/\/www.ppdelugo.com\/es\/#\/schema\/person\/4fa17dd371813e2c389a4417775cec48","name":"ppdelugo","url":"https:\/\/www.ppdelugo.com\/es\/author\/admin-2\/"}]}},"_links":{"self":[{"href":"https:\/\/www.ppdelugo.com\/es\/wp-json\/wp\/v2\/posts\/11589","targetHints":{"allow":["GET"]}}],"collection":[{"href":"https:\/\/www.ppdelugo.com\/es\/wp-json\/wp\/v2\/posts"}],"about":[{"href":"https:\/\/www.ppdelugo.com\/es\/wp-json\/wp\/v2\/types\/post"}],"author":[{"embeddable":true,"href":"https:\/\/www.ppdelugo.com\/es\/wp-json\/wp\/v2\/users\/8"}],"replies":[{"embeddable":true,"href":"https:\/\/www.ppdelugo.com\/es\/wp-json\/wp\/v2\/comments?post=11589"}],"version-history":[{"count":0,"href":"https:\/\/www.ppdelugo.com\/es\/wp-json\/wp\/v2\/posts\/11589\/revisions"}],"wp:featuredmedia":[{"embeddable":true,"href":"https:\/\/www.ppdelugo.com\/es\/wp-json\/wp\/v2\/media\/11587"}],"wp:attachment":[{"href":"https:\/\/www.ppdelugo.com\/es\/wp-json\/wp\/v2\/media?parent=11589"}],"wp:term":[{"taxonomy":"category","embeddable":true,"href":"https:\/\/www.ppdelugo.com\/es\/wp-json\/wp\/v2\/categories?post=11589"},{"taxonomy":"post_tag","embeddable":true,"href":"https:\/\/www.ppdelugo.com\/es\/wp-json\/wp\/v2\/tags?post=11589"}],"curies":[{"name":"wp","href":"https:\/\/api.w.org\/{rel}","templated":true}]}}