{"id":11490,"date":"2019-12-23T10:49:59","date_gmt":"2019-12-23T10:49:59","guid":{"rendered":"http:\/\/www.ppdelugo.com\/o-pp-solicita-ao-bigoberno-a-creacion-de-prazas-publicas-de-recarga-para-vehiculos-electricos\/"},"modified":"2020-01-07T10:56:32","modified_gmt":"2020-01-07T10:56:32","slug":"o-pp-solicita-ao-bigoberno-a-creacion-de-prazas-publicas-de-recarga-para-vehiculos-electricos","status":"publish","type":"post","link":"https:\/\/www.ppdelugo.com\/es\/o-pp-solicita-ao-bigoberno-a-creacion-de-prazas-publicas-de-recarga-para-vehiculos-electricos\/","title":{"rendered":"El PP solicita al  bigoberno la creaci\u00f3n de plazas p\u00fablicas de recargo para veh\u00edculos el\u00e9ctricos"},"content":{"rendered":"<p>El concejal del Grupo Municipal del PP Antonio Ameijide record\u00f3 que Lugo tuvo dos plazas que se suprimieron y, dado que hay un repunte en las ventas de este tipo de veh\u00edculos, se deber\u00edan ofertar zonas para estacionar  y recargar<\/p>\n<p><!--more--><\/p>\n<p>O concelleiro do Grupo Municipal do Partido Popular no Concello de Lugo, Antonio Ameijide, solicita ao bigoberno que realice un estudo para determinar cales son as mellores localizaci\u00f3ns para que a cidade dispo\u00f1a de zonas de aparcamento para a recarga de veh\u00edculos el\u00e9ctricos.<\/p>\n<p>Antonio Ameijide recorda que Lugo xa contaba con d\u00faas prazas para a recarga e estacionamento de veh\u00edculos el\u00e9ctricos (unha na r\u00faa Cidade de Viveiro e outra na r\u00faa Alcalde Anxo L\u00f3pez P\u00e9rez), pero o anterior goberno de Lara M\u00e9ndez decidiu suprimilas. Os populares explican que en 2019 disparouse a venda des veh\u00edculos el\u00e9ctricos polo que \u201cdiante do aumento no n\u00famero de veh\u00edculos el\u00e9ctricos ou h\u00edbridos que hai nas r\u00faas \u00e9 preciso dotar a Lugo deste tipo de prazas de estacionamento de novo\u201d, afirmou.<\/p>\n<p>O concelleiro popular considera que Lugo debe contar con este tipo de prazas de estacionamento e recarga \u201cse \u00e9 certo o que di o bigoberno de que queren que Lugo sexa unha cidade sostible\u201d. C\u00f3mpre recordar que este tipo de veh\u00edculos se caracterizan por ser respectuosos co medio ambiente porque reducen a dependencia enerx\u00e9tica e a contaminaci\u00f3n. Ademais ao non queimar os combustibles na cidade red\u00facese a emisi\u00f3n doutros gases nocivos como son os compostos de xofre e nitr\u00f3xeno, as\u00ed como os niveis de ru\u00eddo.<\/p>\n<p>Antonio Ameijide insta ao bigoberno a apostar decididamente por recuperar estas prazas \u201ce non quedarnos s\u00f3 a\u00ed, se non que hai que crear m\u00e1is das d\u00faas que hab\u00eda\u201d, xa que as cidades deben adoptar medidas para que os usuarios destes veh\u00edculos poidan recargar as bater\u00edas na v\u00eda p\u00fablica, polo que \u00e9 preciso que o Concello de Lugo habilite zonas de aparcamento e recarga para desa forma apostar por unha pol\u00edtica de mobilidade baseada no respecto ao medio ambiente.<\/p>\n<p>O concelleiro popular explica que incluso temos co\u00f1ecemento de que hai empresas que est\u00e1n a instalar estas prazas de estacionamento e recarga noutras cidades \u201ca custe cero\u201d polo que Lugo non deber\u00eda de deixar pasar esta oportunidade e sumarse a esta tendencia que axuda a coidar do medio ambiente.<\/p>\n","protected":false},"excerpt":{"rendered":"<p>El concejal del Grupo Municipal del PP Antonio Ameijide record\u00f3 que Lugo tuvo dos plazas que se suprimieron y, dado que hay un repunte en las ventas de este tipo&#8230;<\/p>\n","protected":false},"author":8,"featured_media":11488,"comment_status":"open","ping_status":"closed","sticky":false,"template":"","format":"standard","meta":{"footnotes":""},"categories":[32,38],"tags":[],"class_list":{"0":"post-11490","1":"post","2":"type-post","3":"status-publish","4":"format-standard","5":"has-post-thumbnail","7":"category-infraestructuras-es","8":"category-trafico-es"},"yoast_head":"<!-- This site is optimized with the Yoast SEO plugin v27.4 - https:\/\/yoast.com\/product\/yoast-seo-wordpress\/ -->\n<title>El PP solicita al bigoberno la creaci\u00f3n de plazas p\u00fablicas de recargo para veh\u00edculos el\u00e9ctricos - Grupo Municipal Partido Popular de Lugo<\/title>\n<meta name=\"robots\" content=\"index, follow, max-snippet:-1, max-image-preview:large, max-video-preview:-1\" \/>\n<link rel=\"canonical\" href=\"https:\/\/www.ppdelugo.com\/es\/o-pp-solicita-ao-bigoberno-a-creacion-de-prazas-publicas-de-recarga-para-vehiculos-electricos\/\" \/>\n<meta property=\"og:locale\" content=\"es_ES\" \/>\n<meta property=\"og:type\" content=\"article\" \/>\n<meta property=\"og:title\" content=\"El PP solicita al bigoberno la creaci\u00f3n de plazas p\u00fablicas de recargo para veh\u00edculos el\u00e9ctricos - Grupo Municipal Partido Popular de Lugo\" \/>\n<meta property=\"og:description\" content=\"El concejal del Grupo Municipal del PP Antonio Ameijide record\u00f3 que Lugo tuvo dos plazas que se suprimieron y, dado que hay un repunte en las ventas de este tipo...\" \/>\n<meta property=\"og:url\" content=\"https:\/\/www.ppdelugo.com\/es\/o-pp-solicita-ao-bigoberno-a-creacion-de-prazas-publicas-de-recarga-para-vehiculos-electricos\/\" \/>\n<meta property=\"og:site_name\" content=\"Grupo Municipal Partido Popular de Lugo\" \/>\n<meta property=\"article:published_time\" content=\"2019-12-23T10:49:59+00:00\" \/>\n<meta property=\"article:modified_time\" content=\"2020-01-07T10:56:32+00:00\" \/>\n<meta property=\"og:image\" content=\"https:\/\/www.ppdelugo.com\/wp-content\/uploads\/2020\/01\/images.jpg\" \/>\n\t<meta property=\"og:image:width\" content=\"275\" \/>\n\t<meta property=\"og:image:height\" content=\"183\" \/>\n\t<meta property=\"og:image:type\" content=\"image\/jpeg\" \/>\n<meta name=\"author\" content=\"ppdelugo\" \/>\n<meta name=\"twitter:card\" content=\"summary_large_image\" \/>\n<meta name=\"twitter:label1\" content=\"Escrito por\" \/>\n\t<meta name=\"twitter:data1\" content=\"ppdelugo\" \/>\n\t<meta name=\"twitter:label2\" content=\"Tiempo de lectura\" \/>\n\t<meta name=\"twitter:data2\" content=\"2 minutos\" \/>\n<script type=\"application\/ld+json\" class=\"yoast-schema-graph\">{\"@context\":\"https:\\\/\\\/schema.org\",\"@graph\":[{\"@type\":\"Article\",\"@id\":\"https:\\\/\\\/www.ppdelugo.com\\\/es\\\/o-pp-solicita-ao-bigoberno-a-creacion-de-prazas-publicas-de-recarga-para-vehiculos-electricos\\\/#article\",\"isPartOf\":{\"@id\":\"https:\\\/\\\/www.ppdelugo.com\\\/es\\\/o-pp-solicita-ao-bigoberno-a-creacion-de-prazas-publicas-de-recarga-para-vehiculos-electricos\\\/\"},\"author\":{\"name\":\"ppdelugo\",\"@id\":\"https:\\\/\\\/www.ppdelugo.com\\\/es\\\/#\\\/schema\\\/person\\\/4fa17dd371813e2c389a4417775cec48\"},\"headline\":\"El PP solicita al bigoberno la creaci\u00f3n de plazas p\u00fablicas de recargo para veh\u00edculos el\u00e9ctricos\",\"datePublished\":\"2019-12-23T10:49:59+00:00\",\"dateModified\":\"2020-01-07T10:56:32+00:00\",\"mainEntityOfPage\":{\"@id\":\"https:\\\/\\\/www.ppdelugo.com\\\/es\\\/o-pp-solicita-ao-bigoberno-a-creacion-de-prazas-publicas-de-recarga-para-vehiculos-electricos\\\/\"},\"wordCount\":433,\"commentCount\":0,\"image\":{\"@id\":\"https:\\\/\\\/www.ppdelugo.com\\\/es\\\/o-pp-solicita-ao-bigoberno-a-creacion-de-prazas-publicas-de-recarga-para-vehiculos-electricos\\\/#primaryimage\"},\"thumbnailUrl\":\"https:\\\/\\\/www.ppdelugo.com\\\/wp-content\\\/uploads\\\/2020\\\/01\\\/images.jpg\",\"articleSection\":[\"Infraestructuras\",\"Tr\u00e1fico\"],\"inLanguage\":\"es\",\"potentialAction\":[{\"@type\":\"CommentAction\",\"name\":\"Comment\",\"target\":[\"https:\\\/\\\/www.ppdelugo.com\\\/es\\\/o-pp-solicita-ao-bigoberno-a-creacion-de-prazas-publicas-de-recarga-para-vehiculos-electricos\\\/#respond\"]}]},{\"@type\":\"WebPage\",\"@id\":\"https:\\\/\\\/www.ppdelugo.com\\\/es\\\/o-pp-solicita-ao-bigoberno-a-creacion-de-prazas-publicas-de-recarga-para-vehiculos-electricos\\\/\",\"url\":\"https:\\\/\\\/www.ppdelugo.com\\\/es\\\/o-pp-solicita-ao-bigoberno-a-creacion-de-prazas-publicas-de-recarga-para-vehiculos-electricos\\\/\",\"name\":\"El PP solicita al bigoberno la creaci\u00f3n de plazas p\u00fablicas de recargo para veh\u00edculos el\u00e9ctricos - Grupo Municipal Partido Popular de Lugo\",\"isPartOf\":{\"@id\":\"https:\\\/\\\/www.ppdelugo.com\\\/es\\\/#website\"},\"primaryImageOfPage\":{\"@id\":\"https:\\\/\\\/www.ppdelugo.com\\\/es\\\/o-pp-solicita-ao-bigoberno-a-creacion-de-prazas-publicas-de-recarga-para-vehiculos-electricos\\\/#primaryimage\"},\"image\":{\"@id\":\"https:\\\/\\\/www.ppdelugo.com\\\/es\\\/o-pp-solicita-ao-bigoberno-a-creacion-de-prazas-publicas-de-recarga-para-vehiculos-electricos\\\/#primaryimage\"},\"thumbnailUrl\":\"https:\\\/\\\/www.ppdelugo.com\\\/wp-content\\\/uploads\\\/2020\\\/01\\\/images.jpg\",\"datePublished\":\"2019-12-23T10:49:59+00:00\",\"dateModified\":\"2020-01-07T10:56:32+00:00\",\"author\":{\"@id\":\"https:\\\/\\\/www.ppdelugo.com\\\/es\\\/#\\\/schema\\\/person\\\/4fa17dd371813e2c389a4417775cec48\"},\"breadcrumb\":{\"@id\":\"https:\\\/\\\/www.ppdelugo.com\\\/es\\\/o-pp-solicita-ao-bigoberno-a-creacion-de-prazas-publicas-de-recarga-para-vehiculos-electricos\\\/#breadcrumb\"},\"inLanguage\":\"es\",\"potentialAction\":[{\"@type\":\"ReadAction\",\"target\":[\"https:\\\/\\\/www.ppdelugo.com\\\/es\\\/o-pp-solicita-ao-bigoberno-a-creacion-de-prazas-publicas-de-recarga-para-vehiculos-electricos\\\/\"]}]},{\"@type\":\"ImageObject\",\"inLanguage\":\"es\",\"@id\":\"https:\\\/\\\/www.ppdelugo.com\\\/es\\\/o-pp-solicita-ao-bigoberno-a-creacion-de-prazas-publicas-de-recarga-para-vehiculos-electricos\\\/#primaryimage\",\"url\":\"https:\\\/\\\/www.ppdelugo.com\\\/wp-content\\\/uploads\\\/2020\\\/01\\\/images.jpg\",\"contentUrl\":\"https:\\\/\\\/www.ppdelugo.com\\\/wp-content\\\/uploads\\\/2020\\\/01\\\/images.jpg\",\"width\":275,\"height\":183},{\"@type\":\"BreadcrumbList\",\"@id\":\"https:\\\/\\\/www.ppdelugo.com\\\/es\\\/o-pp-solicita-ao-bigoberno-a-creacion-de-prazas-publicas-de-recarga-para-vehiculos-electricos\\\/#breadcrumb\",\"itemListElement\":[{\"@type\":\"ListItem\",\"position\":1,\"name\":\"Portada\",\"item\":\"https:\\\/\\\/www.ppdelugo.com\\\/es\\\/\"},{\"@type\":\"ListItem\",\"position\":2,\"name\":\"El PP solicita al bigoberno la creaci\u00f3n de plazas p\u00fablicas de recargo para veh\u00edculos el\u00e9ctricos\"}]},{\"@type\":\"WebSite\",\"@id\":\"https:\\\/\\\/www.ppdelugo.com\\\/es\\\/#website\",\"url\":\"https:\\\/\\\/www.ppdelugo.com\\\/es\\\/\",\"name\":\"Grupo Municipal Partido Popular de Lugo\",\"description\":\"Web del Grupo Municipal del Partido Popular en el Ayuntamiento de Lugo, con informaci\u00f3n sobre Lugo y fomento de la participaci\u00f3n ciudadana\",\"potentialAction\":[{\"@type\":\"SearchAction\",\"target\":{\"@type\":\"EntryPoint\",\"urlTemplate\":\"https:\\\/\\\/www.ppdelugo.com\\\/es\\\/?s={search_term_string}\"},\"query-input\":{\"@type\":\"PropertyValueSpecification\",\"valueRequired\":true,\"valueName\":\"search_term_string\"}}],\"inLanguage\":\"es\"},{\"@type\":\"Person\",\"@id\":\"https:\\\/\\\/www.ppdelugo.com\\\/es\\\/#\\\/schema\\\/person\\\/4fa17dd371813e2c389a4417775cec48\",\"name\":\"ppdelugo\",\"url\":\"https:\\\/\\\/www.ppdelugo.com\\\/es\\\/author\\\/admin-2\\\/\"}]}<\/script>\n<!-- \/ Yoast SEO plugin. -->","yoast_head_json":{"title":"El PP solicita al bigoberno la creaci\u00f3n de plazas p\u00fablicas de recargo para veh\u00edculos el\u00e9ctricos - Grupo Municipal Partido Popular de Lugo","robots":{"index":"index","follow":"follow","max-snippet":"max-snippet:-1","max-image-preview":"max-image-preview:large","max-video-preview":"max-video-preview:-1"},"canonical":"https:\/\/www.ppdelugo.com\/es\/o-pp-solicita-ao-bigoberno-a-creacion-de-prazas-publicas-de-recarga-para-vehiculos-electricos\/","og_locale":"es_ES","og_type":"article","og_title":"El PP solicita al bigoberno la creaci\u00f3n de plazas p\u00fablicas de recargo para veh\u00edculos el\u00e9ctricos - Grupo Municipal Partido Popular de Lugo","og_description":"El concejal del Grupo Municipal del PP Antonio Ameijide record\u00f3 que Lugo tuvo dos plazas que se suprimieron y, dado que hay un repunte en las ventas de este tipo...","og_url":"https:\/\/www.ppdelugo.com\/es\/o-pp-solicita-ao-bigoberno-a-creacion-de-prazas-publicas-de-recarga-para-vehiculos-electricos\/","og_site_name":"Grupo Municipal Partido Popular de Lugo","article_published_time":"2019-12-23T10:49:59+00:00","article_modified_time":"2020-01-07T10:56:32+00:00","og_image":[{"width":275,"height":183,"url":"https:\/\/www.ppdelugo.com\/wp-content\/uploads\/2020\/01\/images.jpg","type":"image\/jpeg"}],"author":"ppdelugo","twitter_card":"summary_large_image","twitter_misc":{"Escrito por":"ppdelugo","Tiempo de lectura":"2 minutos"},"schema":{"@context":"https:\/\/schema.org","@graph":[{"@type":"Article","@id":"https:\/\/www.ppdelugo.com\/es\/o-pp-solicita-ao-bigoberno-a-creacion-de-prazas-publicas-de-recarga-para-vehiculos-electricos\/#article","isPartOf":{"@id":"https:\/\/www.ppdelugo.com\/es\/o-pp-solicita-ao-bigoberno-a-creacion-de-prazas-publicas-de-recarga-para-vehiculos-electricos\/"},"author":{"name":"ppdelugo","@id":"https:\/\/www.ppdelugo.com\/es\/#\/schema\/person\/4fa17dd371813e2c389a4417775cec48"},"headline":"El PP solicita al bigoberno la creaci\u00f3n de plazas p\u00fablicas de recargo para veh\u00edculos el\u00e9ctricos","datePublished":"2019-12-23T10:49:59+00:00","dateModified":"2020-01-07T10:56:32+00:00","mainEntityOfPage":{"@id":"https:\/\/www.ppdelugo.com\/es\/o-pp-solicita-ao-bigoberno-a-creacion-de-prazas-publicas-de-recarga-para-vehiculos-electricos\/"},"wordCount":433,"commentCount":0,"image":{"@id":"https:\/\/www.ppdelugo.com\/es\/o-pp-solicita-ao-bigoberno-a-creacion-de-prazas-publicas-de-recarga-para-vehiculos-electricos\/#primaryimage"},"thumbnailUrl":"https:\/\/www.ppdelugo.com\/wp-content\/uploads\/2020\/01\/images.jpg","articleSection":["Infraestructuras","Tr\u00e1fico"],"inLanguage":"es","potentialAction":[{"@type":"CommentAction","name":"Comment","target":["https:\/\/www.ppdelugo.com\/es\/o-pp-solicita-ao-bigoberno-a-creacion-de-prazas-publicas-de-recarga-para-vehiculos-electricos\/#respond"]}]},{"@type":"WebPage","@id":"https:\/\/www.ppdelugo.com\/es\/o-pp-solicita-ao-bigoberno-a-creacion-de-prazas-publicas-de-recarga-para-vehiculos-electricos\/","url":"https:\/\/www.ppdelugo.com\/es\/o-pp-solicita-ao-bigoberno-a-creacion-de-prazas-publicas-de-recarga-para-vehiculos-electricos\/","name":"El PP solicita al bigoberno la creaci\u00f3n de plazas p\u00fablicas de recargo para veh\u00edculos el\u00e9ctricos - Grupo Municipal Partido Popular de Lugo","isPartOf":{"@id":"https:\/\/www.ppdelugo.com\/es\/#website"},"primaryImageOfPage":{"@id":"https:\/\/www.ppdelugo.com\/es\/o-pp-solicita-ao-bigoberno-a-creacion-de-prazas-publicas-de-recarga-para-vehiculos-electricos\/#primaryimage"},"image":{"@id":"https:\/\/www.ppdelugo.com\/es\/o-pp-solicita-ao-bigoberno-a-creacion-de-prazas-publicas-de-recarga-para-vehiculos-electricos\/#primaryimage"},"thumbnailUrl":"https:\/\/www.ppdelugo.com\/wp-content\/uploads\/2020\/01\/images.jpg","datePublished":"2019-12-23T10:49:59+00:00","dateModified":"2020-01-07T10:56:32+00:00","author":{"@id":"https:\/\/www.ppdelugo.com\/es\/#\/schema\/person\/4fa17dd371813e2c389a4417775cec48"},"breadcrumb":{"@id":"https:\/\/www.ppdelugo.com\/es\/o-pp-solicita-ao-bigoberno-a-creacion-de-prazas-publicas-de-recarga-para-vehiculos-electricos\/#breadcrumb"},"inLanguage":"es","potentialAction":[{"@type":"ReadAction","target":["https:\/\/www.ppdelugo.com\/es\/o-pp-solicita-ao-bigoberno-a-creacion-de-prazas-publicas-de-recarga-para-vehiculos-electricos\/"]}]},{"@type":"ImageObject","inLanguage":"es","@id":"https:\/\/www.ppdelugo.com\/es\/o-pp-solicita-ao-bigoberno-a-creacion-de-prazas-publicas-de-recarga-para-vehiculos-electricos\/#primaryimage","url":"https:\/\/www.ppdelugo.com\/wp-content\/uploads\/2020\/01\/images.jpg","contentUrl":"https:\/\/www.ppdelugo.com\/wp-content\/uploads\/2020\/01\/images.jpg","width":275,"height":183},{"@type":"BreadcrumbList","@id":"https:\/\/www.ppdelugo.com\/es\/o-pp-solicita-ao-bigoberno-a-creacion-de-prazas-publicas-de-recarga-para-vehiculos-electricos\/#breadcrumb","itemListElement":[{"@type":"ListItem","position":1,"name":"Portada","item":"https:\/\/www.ppdelugo.com\/es\/"},{"@type":"ListItem","position":2,"name":"El PP solicita al bigoberno la creaci\u00f3n de plazas p\u00fablicas de recargo para veh\u00edculos el\u00e9ctricos"}]},{"@type":"WebSite","@id":"https:\/\/www.ppdelugo.com\/es\/#website","url":"https:\/\/www.ppdelugo.com\/es\/","name":"Grupo Municipal Partido Popular de Lugo","description":"Web del Grupo Municipal del Partido Popular en el Ayuntamiento de Lugo, con informaci\u00f3n sobre Lugo y fomento de la participaci\u00f3n ciudadana","potentialAction":[{"@type":"SearchAction","target":{"@type":"EntryPoint","urlTemplate":"https:\/\/www.ppdelugo.com\/es\/?s={search_term_string}"},"query-input":{"@type":"PropertyValueSpecification","valueRequired":true,"valueName":"search_term_string"}}],"inLanguage":"es"},{"@type":"Person","@id":"https:\/\/www.ppdelugo.com\/es\/#\/schema\/person\/4fa17dd371813e2c389a4417775cec48","name":"ppdelugo","url":"https:\/\/www.ppdelugo.com\/es\/author\/admin-2\/"}]}},"_links":{"self":[{"href":"https:\/\/www.ppdelugo.com\/es\/wp-json\/wp\/v2\/posts\/11490","targetHints":{"allow":["GET"]}}],"collection":[{"href":"https:\/\/www.ppdelugo.com\/es\/wp-json\/wp\/v2\/posts"}],"about":[{"href":"https:\/\/www.ppdelugo.com\/es\/wp-json\/wp\/v2\/types\/post"}],"author":[{"embeddable":true,"href":"https:\/\/www.ppdelugo.com\/es\/wp-json\/wp\/v2\/users\/8"}],"replies":[{"embeddable":true,"href":"https:\/\/www.ppdelugo.com\/es\/wp-json\/wp\/v2\/comments?post=11490"}],"version-history":[{"count":0,"href":"https:\/\/www.ppdelugo.com\/es\/wp-json\/wp\/v2\/posts\/11490\/revisions"}],"wp:featuredmedia":[{"embeddable":true,"href":"https:\/\/www.ppdelugo.com\/es\/wp-json\/wp\/v2\/media\/11488"}],"wp:attachment":[{"href":"https:\/\/www.ppdelugo.com\/es\/wp-json\/wp\/v2\/media?parent=11490"}],"wp:term":[{"taxonomy":"category","embeddable":true,"href":"https:\/\/www.ppdelugo.com\/es\/wp-json\/wp\/v2\/categories?post=11490"},{"taxonomy":"post_tag","embeddable":true,"href":"https:\/\/www.ppdelugo.com\/es\/wp-json\/wp\/v2\/tags?post=11490"}],"curies":[{"name":"wp","href":"https:\/\/api.w.org\/{rel}","templated":true}]}}